{"id":2732,"date":"2016-02-27T13:37:13","date_gmt":"2016-02-27T11:37:13","guid":{"rendered":"http:\/\/andersadlercreutz.fi\/blog\/?p=2732"},"modified":"2016-02-29T13:39:12","modified_gmt":"2016-02-29T11:39:12","slug":"adlercreutz-onko-suomella-varaa-olla-helpottamatta-maahanmuuttajien-tyollistymista","status":"publish","type":"post","link":"https:\/\/andersadlercreutz.fi\/blog\/lehdistotiedote\/adlercreutz-onko-suomella-varaa-olla-helpottamatta-maahanmuuttajien-tyollistymista\/?lang=fi","title":{"rendered":"Adlercreutz: Onko Suomella varaa olla helpottamatta maahanmuuttajien ty\u00f6llistymist\u00e4?"},"content":{"rendered":"<p>Lehdist\u00f6tiedote<br \/>\nJulkaisuvapaa heti<strong>\u00a0<\/strong><\/p>\n<p>&nbsp;<\/p>\n<p>Vastauksessaan kansanedustaja Anders Adlercreutzin (RKP) kirjalliseen kysymykseen turvapaikanhakijoiden ty\u00f6llistymisest\u00e4 ty\u00f6- ja oikeusministeri Jari Lindstr\u00f6m vastaa, ett\u00e4 \u201duseilla tahoilla on esitetty turvapaikanhakijoiden ty\u00f6ntekomahdollisuuksien edist\u00e4mist\u00e4 lyhent\u00e4m\u00e4ll\u00e4 ty\u00f6nteko-oikeuteen liittyv\u00e4 odotusaikoja\u201d, mutta ett\u00e4 \u201dt\u00e4h\u00e4n pohdintaa liittyy kuitenkin olennaisesti se, ett\u00e4 turvapaikanhakijoita maahan houkuttelevia politiikkamuutoksia tulee v\u00e4ltt\u00e4\u00e4\u201d.<\/p>\n<p>&#8211; Tarkoittaako ministeri oikeasti sit\u00e4, ett\u00e4 Suomi ei halua helpottaa maahanmuuttajien ty\u00f6llistymist\u00e4, jottemme houkuttelisi t\u00e4nne ty\u00f6kykyisi\u00e4 ja -haluisia maahanmuuttajia? Ihmisi\u00e4, jotka osallistuisivat yhteiskunnan kehitt\u00e4miseen, kantaisivat kortensa kekoon, maksaisivat veroa, ja n\u00e4in helpottaisivat omalta osaltaan kest\u00e4vyysvajeen korjaamista, Adlercreutz kysyy.<\/p>\n<p>Vuonna 2015 Suomeen saapui reilut 32 000 turvapaikanhakijaa, joista suurin osa on ty\u00f6ik\u00e4isi\u00e4. Turvapaikanhakijat, joiden henkil\u00f6llisyys on vahvistettu, saavat lain mukaan aloittaa ty\u00f6nteon kolmen kuukauden j\u00e4lkeen. Ilman henkil\u00f6llisyystodistuksia tulleet joutuvat odottamaan kuusi kuukautta ennen kuin he saavat ty\u00f6luvan.<\/p>\n<p>&#8211; Ministeri Lindstr\u00f6m vaikuttaa olevan sit\u00e4 mielt\u00e4, ett\u00e4 on parempi sek\u00e4 turvapaikanhakijoille ett\u00e4 Suomelle, ett\u00e4 maahanmuuttajat joutuvat olemaan toimettomina puoli vuotta tai pidemp\u00e4\u00e4n sen sijaan, ett\u00e4 he osallistuisivat aktiivisesti ty\u00f6el\u00e4m\u00e4\u00e4n ja ansaitsisivat elantonsa. Onko t\u00e4m\u00e4 koko hallituksen linja? Onko mahdollisuus elantonsa ansaitsemiseen ja verojen maksamiseen sellainen vetovoimatekij\u00e4, jota ei saa yhdist\u00e4\u00e4 Suomeen? Sen sijaan, ett\u00e4 keskitymme luomaan Suomesta niin ep\u00e4mieluisan mielikuvan kuin mahdollista, on aika k\u00e4\u00e4ri\u00e4 hihat ja ryhty\u00e4 tekem\u00e4\u00e4n t\u00f6it\u00e4 haasteen ratkaisemiseksi. Koko eduskunnan agendalla pit\u00e4isi olla kysymys siit\u00e4, miten turvapaikanhakijat kotoutetaan nopeasti ja tehokkaasti, sanoo Adlercreutz.<\/p>\n<p>&nbsp;<\/p>\n<p>Lis\u00e4tietoja:<br \/>\nAnders Adlercreutz<br \/>\n044\u00a0981 0191<\/p>\n<p>&nbsp;<\/p>\n<p>&nbsp;<\/p>\n","protected":false},"excerpt":{"rendered":"<p>Lehdist\u00f6tiedote Julkaisuvapaa heti\u00a0 &nbsp; Vastauksessaan kansanedustaja Anders Adlercreutzin (RKP) kirjalliseen kysymykseen turvapaikanhakijoiden ty\u00f6llistymisest\u00e4 ty\u00f6- ja oikeusministeri Jari Lindstr\u00f6m vastaa, ett\u00e4 \u201duseilla tahoilla on esitetty turvapaikanhakijoiden ty\u00f6ntekomahdollisuuksien edist\u00e4mist\u00e4 lyhent\u00e4m\u00e4ll\u00e4 ty\u00f6nteko-oikeuteen liittyv\u00e4 odotusaikoja\u201d, mutta ett\u00e4 \u201dt\u00e4h\u00e4n pohdintaa liittyy kuitenkin olennaisesti se, ett\u00e4 turvapaikanhakijoita maahan houkuttelevia politiikkamuutoksia tulee v\u00e4ltt\u00e4\u00e4\u201d. &#8211; Tarkoittaako ministeri oikeasti sit\u00e4, ett\u00e4 Suomi ei halua [&hellip;]<\/p>\n","protected":false},"author":1,"featured_media":0,"comment_status":"open","ping_status":"open","sticky":false,"template":"","format":"standard","meta":{"jetpack_post_was_ever_published":false,"_jetpack_newsletter_access":"","jetpack_publicize_message":"","jetpack_is_tweetstorm":false,"jetpack_publicize_feature_enabled":true,"jetpack_social_post_already_shared":true,"jetpack_social_options":{"image_generator_settings":{"template":"highway","enabled":false}}},"categories":[71],"tags":[],"jetpack_publicize_connections":[],"yoast_head":"<!-- This site is optimized with the Yoast SEO plugin v20.12 - https:\/\/yoast.com\/wordpress\/plugins\/seo\/ -->\n<title>Adlercreutz: Onko Suomella varaa olla helpottamatta maahanmuuttajien ty\u00f6llistymist\u00e4? - Anders Adlercreutz<\/title>\n<meta name=\"robots\" content=\"index, follow, max-snippet:-1, max-image-preview:large, max-video-preview:-1\" \/>\n<link rel=\"canonical\" href=\"https:\/\/andersadlercreutz.fi\/blog\/lehdistotiedote\/adlercreutz-onko-suomella-varaa-olla-helpottamatta-maahanmuuttajien-tyollistymista\/\" \/>\n<meta property=\"og:locale\" content=\"sv_SE\" \/>\n<meta property=\"og:type\" content=\"article\" \/>\n<meta property=\"og:title\" content=\"Adlercreutz: Onko Suomella varaa olla helpottamatta maahanmuuttajien ty\u00f6llistymist\u00e4? - Anders Adlercreutz\" \/>\n<meta property=\"og:description\" content=\"Lehdist\u00f6tiedote Julkaisuvapaa heti\u00a0 &nbsp; Vastauksessaan kansanedustaja Anders Adlercreutzin (RKP) kirjalliseen kysymykseen turvapaikanhakijoiden ty\u00f6llistymisest\u00e4 ty\u00f6- ja oikeusministeri Jari Lindstr\u00f6m vastaa, ett\u00e4 \u201duseilla tahoilla on esitetty turvapaikanhakijoiden ty\u00f6ntekomahdollisuuksien edist\u00e4mist\u00e4 lyhent\u00e4m\u00e4ll\u00e4 ty\u00f6nteko-oikeuteen liittyv\u00e4 odotusaikoja\u201d, mutta ett\u00e4 \u201dt\u00e4h\u00e4n pohdintaa liittyy kuitenkin olennaisesti se, ett\u00e4 turvapaikanhakijoita maahan houkuttelevia politiikkamuutoksia tulee v\u00e4ltt\u00e4\u00e4\u201d. &#8211; Tarkoittaako ministeri oikeasti sit\u00e4, ett\u00e4 Suomi ei halua [&hellip;]\" \/>\n<meta property=\"og:url\" content=\"https:\/\/andersadlercreutz.fi\/blog\/lehdistotiedote\/adlercreutz-onko-suomella-varaa-olla-helpottamatta-maahanmuuttajien-tyollistymista\/?lang=fi\" \/>\n<meta property=\"og:site_name\" content=\"Anders Adlercreutz\" \/>\n<meta property=\"article:published_time\" content=\"2016-02-27T11:37:13+00:00\" \/>\n<meta property=\"article:modified_time\" content=\"2016-02-29T11:39:12+00:00\" \/>\n<meta name=\"author\" content=\"Anders\" \/>\n<meta name=\"twitter:card\" content=\"summary_large_image\" \/>\n<meta name=\"twitter:label1\" content=\"Skriven av\" \/>\n\t<meta name=\"twitter:data1\" content=\"Anders\" \/>\n\t<meta name=\"twitter:label2\" content=\"Ber\u00e4knad l\u00e4stid\" \/>\n\t<meta name=\"twitter:data2\" content=\"1 minut\" \/>\n<script type=\"application\/ld+json\" class=\"yoast-schema-graph\">{\"@context\":\"https:\/\/schema.org\",\"@graph\":[{\"@type\":\"WebPage\",\"@id\":\"https:\/\/andersadlercreutz.fi\/blog\/lehdistotiedote\/adlercreutz-onko-suomella-varaa-olla-helpottamatta-maahanmuuttajien-tyollistymista\/?lang=fi\",\"url\":\"https:\/\/andersadlercreutz.fi\/blog\/lehdistotiedote\/adlercreutz-onko-suomella-varaa-olla-helpottamatta-maahanmuuttajien-tyollistymista\/?lang=fi\",\"name\":\"Adlercreutz: Onko Suomella varaa olla helpottamatta maahanmuuttajien ty\u00f6llistymist\u00e4? - Anders Adlercreutz\",\"isPartOf\":{\"@id\":\"https:\/\/andersadlercreutz.fi\/blog\/#website\"},\"datePublished\":\"2016-02-27T11:37:13+00:00\",\"dateModified\":\"2016-02-29T11:39:12+00:00\",\"author\":{\"@id\":\"https:\/\/andersadlercreutz.fi\/blog\/#\/schema\/person\/47d4b72eded862b484f74bb4b3a2354f\"},\"breadcrumb\":{\"@id\":\"https:\/\/andersadlercreutz.fi\/blog\/lehdistotiedote\/adlercreutz-onko-suomella-varaa-olla-helpottamatta-maahanmuuttajien-tyollistymista\/?lang=fi#breadcrumb\"},\"inLanguage\":\"sv-SE\",\"potentialAction\":[{\"@type\":\"ReadAction\",\"target\":[\"https:\/\/andersadlercreutz.fi\/blog\/lehdistotiedote\/adlercreutz-onko-suomella-varaa-olla-helpottamatta-maahanmuuttajien-tyollistymista\/?lang=fi\"]}]},{\"@type\":\"BreadcrumbList\",\"@id\":\"https:\/\/andersadlercreutz.fi\/blog\/lehdistotiedote\/adlercreutz-onko-suomella-varaa-olla-helpottamatta-maahanmuuttajien-tyollistymista\/?lang=fi#breadcrumb\",\"itemListElement\":[{\"@type\":\"ListItem\",\"position\":1,\"name\":\"Home\",\"item\":\"https:\/\/andersadlercreutz.fi\/blog\/blogg\/?lang=sv\"},{\"@type\":\"ListItem\",\"position\":2,\"name\":\"Adlercreutz: Onko Suomella varaa olla helpottamatta maahanmuuttajien ty\u00f6llistymist\u00e4?\"}]},{\"@type\":\"WebSite\",\"@id\":\"https:\/\/andersadlercreutz.fi\/blog\/#website\",\"url\":\"https:\/\/andersadlercreutz.fi\/blog\/\",\"name\":\"Anders Adlercreutz\",\"description\":\"Du. Jag. Vi. Kest&auml;v&auml;sti optimisti\",\"potentialAction\":[{\"@type\":\"SearchAction\",\"target\":{\"@type\":\"EntryPoint\",\"urlTemplate\":\"https:\/\/andersadlercreutz.fi\/blog\/?s={search_term_string}\"},\"query-input\":\"required name=search_term_string\"}],\"inLanguage\":\"sv-SE\"},{\"@type\":\"Person\",\"@id\":\"https:\/\/andersadlercreutz.fi\/blog\/#\/schema\/person\/47d4b72eded862b484f74bb4b3a2354f\",\"name\":\"Anders\",\"image\":{\"@type\":\"ImageObject\",\"inLanguage\":\"sv-SE\",\"@id\":\"https:\/\/andersadlercreutz.fi\/blog\/#\/schema\/person\/image\/\",\"url\":\"https:\/\/secure.gravatar.com\/avatar\/a144c9bda7a581ff6fabba169027e620?s=96&d=mm&r=g\",\"contentUrl\":\"https:\/\/secure.gravatar.com\/avatar\/a144c9bda7a581ff6fabba169027e620?s=96&d=mm&r=g\",\"caption\":\"Anders\"},\"url\":\"https:\/\/andersadlercreutz.fi\/blog\/author\/admin\/\"}]}<\/script>\n<!-- \/ Yoast SEO plugin. -->","yoast_head_json":{"title":"Adlercreutz: Onko Suomella varaa olla helpottamatta maahanmuuttajien ty\u00f6llistymist\u00e4? - Anders Adlercreutz","robots":{"index":"index","follow":"follow","max-snippet":"max-snippet:-1","max-image-preview":"max-image-preview:large","max-video-preview":"max-video-preview:-1"},"canonical":"https:\/\/andersadlercreutz.fi\/blog\/lehdistotiedote\/adlercreutz-onko-suomella-varaa-olla-helpottamatta-maahanmuuttajien-tyollistymista\/","og_locale":"sv_SE","og_type":"article","og_title":"Adlercreutz: Onko Suomella varaa olla helpottamatta maahanmuuttajien ty\u00f6llistymist\u00e4? - Anders Adlercreutz","og_description":"Lehdist\u00f6tiedote Julkaisuvapaa heti\u00a0 &nbsp; Vastauksessaan kansanedustaja Anders Adlercreutzin (RKP) kirjalliseen kysymykseen turvapaikanhakijoiden ty\u00f6llistymisest\u00e4 ty\u00f6- ja oikeusministeri Jari Lindstr\u00f6m vastaa, ett\u00e4 \u201duseilla tahoilla on esitetty turvapaikanhakijoiden ty\u00f6ntekomahdollisuuksien edist\u00e4mist\u00e4 lyhent\u00e4m\u00e4ll\u00e4 ty\u00f6nteko-oikeuteen liittyv\u00e4 odotusaikoja\u201d, mutta ett\u00e4 \u201dt\u00e4h\u00e4n pohdintaa liittyy kuitenkin olennaisesti se, ett\u00e4 turvapaikanhakijoita maahan houkuttelevia politiikkamuutoksia tulee v\u00e4ltt\u00e4\u00e4\u201d. &#8211; Tarkoittaako ministeri oikeasti sit\u00e4, ett\u00e4 Suomi ei halua [&hellip;]","og_url":"https:\/\/andersadlercreutz.fi\/blog\/lehdistotiedote\/adlercreutz-onko-suomella-varaa-olla-helpottamatta-maahanmuuttajien-tyollistymista\/?lang=fi","og_site_name":"Anders Adlercreutz","article_published_time":"2016-02-27T11:37:13+00:00","article_modified_time":"2016-02-29T11:39:12+00:00","author":"Anders","twitter_card":"summary_large_image","twitter_misc":{"Skriven av":"Anders","Ber\u00e4knad l\u00e4stid":"1 minut"},"schema":{"@context":"https:\/\/schema.org","@graph":[{"@type":"WebPage","@id":"https:\/\/andersadlercreutz.fi\/blog\/lehdistotiedote\/adlercreutz-onko-suomella-varaa-olla-helpottamatta-maahanmuuttajien-tyollistymista\/?lang=fi","url":"https:\/\/andersadlercreutz.fi\/blog\/lehdistotiedote\/adlercreutz-onko-suomella-varaa-olla-helpottamatta-maahanmuuttajien-tyollistymista\/?lang=fi","name":"Adlercreutz: Onko Suomella varaa olla helpottamatta maahanmuuttajien ty\u00f6llistymist\u00e4? - Anders Adlercreutz","isPartOf":{"@id":"https:\/\/andersadlercreutz.fi\/blog\/#website"},"datePublished":"2016-02-27T11:37:13+00:00","dateModified":"2016-02-29T11:39:12+00:00","author":{"@id":"https:\/\/andersadlercreutz.fi\/blog\/#\/schema\/person\/47d4b72eded862b484f74bb4b3a2354f"},"breadcrumb":{"@id":"https:\/\/andersadlercreutz.fi\/blog\/lehdistotiedote\/adlercreutz-onko-suomella-varaa-olla-helpottamatta-maahanmuuttajien-tyollistymista\/?lang=fi#breadcrumb"},"inLanguage":"sv-SE","potentialAction":[{"@type":"ReadAction","target":["https:\/\/andersadlercreutz.fi\/blog\/lehdistotiedote\/adlercreutz-onko-suomella-varaa-olla-helpottamatta-maahanmuuttajien-tyollistymista\/?lang=fi"]}]},{"@type":"BreadcrumbList","@id":"https:\/\/andersadlercreutz.fi\/blog\/lehdistotiedote\/adlercreutz-onko-suomella-varaa-olla-helpottamatta-maahanmuuttajien-tyollistymista\/?lang=fi#breadcrumb","itemListElement":[{"@type":"ListItem","position":1,"name":"Home","item":"https:\/\/andersadlercreutz.fi\/blog\/blogg\/?lang=sv"},{"@type":"ListItem","position":2,"name":"Adlercreutz: Onko Suomella varaa olla helpottamatta maahanmuuttajien ty\u00f6llistymist\u00e4?"}]},{"@type":"WebSite","@id":"https:\/\/andersadlercreutz.fi\/blog\/#website","url":"https:\/\/andersadlercreutz.fi\/blog\/","name":"Anders Adlercreutz","description":"Du. Jag. Vi. Kest&auml;v&auml;sti optimisti","potentialAction":[{"@type":"SearchAction","target":{"@type":"EntryPoint","urlTemplate":"https:\/\/andersadlercreutz.fi\/blog\/?s={search_term_string}"},"query-input":"required name=search_term_string"}],"inLanguage":"sv-SE"},{"@type":"Person","@id":"https:\/\/andersadlercreutz.fi\/blog\/#\/schema\/person\/47d4b72eded862b484f74bb4b3a2354f","name":"Anders","image":{"@type":"ImageObject","inLanguage":"sv-SE","@id":"https:\/\/andersadlercreutz.fi\/blog\/#\/schema\/person\/image\/","url":"https:\/\/secure.gravatar.com\/avatar\/a144c9bda7a581ff6fabba169027e620?s=96&d=mm&r=g","contentUrl":"https:\/\/secure.gravatar.com\/avatar\/a144c9bda7a581ff6fabba169027e620?s=96&d=mm&r=g","caption":"Anders"},"url":"https:\/\/andersadlercreutz.fi\/blog\/author\/admin\/"}]}},"jetpack_featured_media_url":"","jetpack_shortlink":"https:\/\/wp.me\/p4T6Dh-I4","jetpack_sharing_enabled":true,"_links":{"self":[{"href":"https:\/\/andersadlercreutz.fi\/blog\/wp-json\/wp\/v2\/posts\/2732"}],"collection":[{"href":"https:\/\/andersadlercreutz.fi\/blog\/wp-json\/wp\/v2\/posts"}],"about":[{"href":"https:\/\/andersadlercreutz.fi\/blog\/wp-json\/wp\/v2\/types\/post"}],"author":[{"embeddable":true,"href":"https:\/\/andersadlercreutz.fi\/blog\/wp-json\/wp\/v2\/users\/1"}],"replies":[{"embeddable":true,"href":"https:\/\/andersadlercreutz.fi\/blog\/wp-json\/wp\/v2\/comments?post=2732"}],"version-history":[{"count":1,"href":"https:\/\/andersadlercreutz.fi\/blog\/wp-json\/wp\/v2\/posts\/2732\/revisions"}],"predecessor-version":[{"id":2733,"href":"https:\/\/andersadlercreutz.fi\/blog\/wp-json\/wp\/v2\/posts\/2732\/revisions\/2733"}],"wp:attachment":[{"href":"https:\/\/andersadlercreutz.fi\/blog\/wp-json\/wp\/v2\/media?parent=2732"}],"wp:term":[{"taxonomy":"category","embeddable":true,"href":"https:\/\/andersadlercreutz.fi\/blog\/wp-json\/wp\/v2\/categories?post=2732"},{"taxonomy":"post_tag","embeddable":true,"href":"https:\/\/andersadlercreutz.fi\/blog\/wp-json\/wp\/v2\/tags?post=2732"}],"curies":[{"name":"wp","href":"https:\/\/api.w.org\/{rel}","templated":true}]}}