{"id":2748,"date":"2016-03-11T13:27:30","date_gmt":"2016-03-11T11:27:30","guid":{"rendered":"http:\/\/andersadlercreutz.fi\/blog\/?p=2748"},"modified":"2016-03-16T13:30:24","modified_gmt":"2016-03-16T11:30:24","slug":"eduskunnan-globaaliryhma-kysyy-hallituksen-suhtautumista-lansi-saharan-miehitykseen","status":"publish","type":"post","link":"https:\/\/andersadlercreutz.fi\/blog\/lehdistotiedote\/eduskunnan-globaaliryhma-kysyy-hallituksen-suhtautumista-lansi-saharan-miehitykseen\/?lang=fi","title":{"rendered":"Eduskunnan globaaliryhm\u00e4 kysyy hallituksen suhtautumista L\u00e4nsi-Saharan miehitykseen"},"content":{"rendered":"<p>Eduskunnan Globaaliryhm\u00e4n puheenjohtaja Satu Hassi (vihr), varapuheenjohtaja Hanna Sarkkinen (vas) ja kansanedustajat Aila Paloniemi (kesk), Timo Harakka (sdp), Anders Adlercreutz (rkp), Veera Ruoho (ps) ovat j\u00e4tt\u00e4neet kirjallisen kysymyksen hallituksen suhtautumisesta L\u00e4nsi-Saharan miehitykseen.<\/p>\n<p>EU-tuomioistuin on joulukuussa 2015 mit\u00e4t\u00f6inyt EU:n ja Marokon v\u00e4lisen kauppasopimuksen, koska sopimus koskee my\u00f6s L\u00e4nsi-Saharan luonnonvaroja ja Marokko miehitt\u00e4\u00e4 L\u00e4nsi-Saharaa laittomasti. Kansanedustajat kysyv\u00e4t, vet\u00e4\u00e4k\u00f6 hallitus t\u00e4st\u00e4 johtop\u00e4\u00e4t\u00f6ksen, ettei Suomi EU-p\u00e4\u00e4t\u00f6ksenteossa voi tukea sellaisten sopimusten solmimista Marokon kanssa, jotka koskevat my\u00f6s L\u00e4nsi-Saharan aluetta ja luonnonvaroja. Kansanedustajat kysyv\u00e4t my\u00f6s hallituksen suhtautumista L\u00e4nsi-Saharan itsen\u00e4istymispyrkimyksiin ja kansan\u00e4\u00e4nestyksen j\u00e4rjest\u00e4miseen asiasta.<\/p>\n<p>L\u00e4nsi-Sahara on Saharan l\u00e4nsiosassa sijaitseva aavikkovaltio, jossa on vajaa puoli miljoonaa asukasta. L\u00e4nsi-Saharaa kutsutaan Afrikan viimeiseksi siirtomaaksi, sill\u00e4 Marokko miehitt\u00e4\u00e4 edelleen suurta osaa L\u00e4nsi-Saharasta ja yli 100\u00a0000 l\u00e4nsisaharalaista el\u00e4\u00e4 edelleen pakolaisleireill\u00e4 Algeriassa. Sek\u00e4 YK ett\u00e4 Haagin kansainv\u00e4linen tuomioistuin ovat tuominneet Marokon miehityksen L\u00e4nsi-Saharassa, mutta Marokko on yli 30 vuoden ajan kielt\u00e4ytynyt vet\u00e4m\u00e4st\u00e4 joukkojaan pois maasta.<\/p>\n<p>\u2013 Kiistassa on kyse rahasta ja luonnonvarojen hallinnasta. L\u00e4nsi-Saharalla on rikkaiden kalavesien lis\u00e4ksi rikkaat malmivarat. L\u00e4nsimaiden taloudellisia intressej\u00e4 alueella onkin ep\u00e4ilty kriisin pitkittymisen ja YK:n voimattomuuden syiksi, sanoo Globaaliryhm\u00e4n puheenjohtaja, kansanedustaja Satu Hassi (vihr.)<\/p>\n<p>\u2013 Kansainv\u00e4lisen yhteis\u00f6n ja Suomen tulisi edist\u00e4\u00e4 voimallisesti L\u00e4nsi-Saharan tilanteen rauhanomaista ratkaisua, ennen kuin tilanne p\u00e4\u00e4see yltym\u00e4\u00e4n uudeksi aseelliseksi konfliktiksi. L\u00e4nsi-Saharassa tulee j\u00e4rjest\u00e4\u00e4 vihdoin kauan odotettu kansan\u00e4\u00e4nestys alueen tulevasta asemasta ja konfliktin osapuolten tulee sitoutua sen tulokseen. YK:n peruskirjaan kirjattu kansojen itsem\u00e4\u00e4r\u00e4\u00e4misoikeus koskee my\u00f6s L\u00e4nsi-Saharan sahrawi-kansaa, sanoo Globaaliryhm\u00e4n varapuheenjohtaja, kansanedustaja Hanna Sarkkinen (vas).<\/p>\n<p>&nbsp;<\/p>\n<p><strong>Lis\u00e4tietoja:<\/strong><\/p>\n<p>Satu Hassi, 09 432 3034<br \/>\nHanna Sarkkinen, 050 512 2606<\/p>\n","protected":false},"excerpt":{"rendered":"<p>Eduskunnan Globaaliryhm\u00e4n puheenjohtaja Satu Hassi (vihr), varapuheenjohtaja Hanna Sarkkinen (vas) ja kansanedustajat Aila Paloniemi (kesk), Timo Harakka (sdp), Anders Adlercreutz (rkp), Veera Ruoho (ps) ovat j\u00e4tt\u00e4neet kirjallisen kysymyksen hallituksen suhtautumisesta L\u00e4nsi-Saharan miehitykseen. EU-tuomioistuin on joulukuussa 2015 mit\u00e4t\u00f6inyt EU:n ja Marokon v\u00e4lisen kauppasopimuksen, koska sopimus koskee my\u00f6s L\u00e4nsi-Saharan luonnonvaroja ja Marokko miehitt\u00e4\u00e4 L\u00e4nsi-Saharaa laittomasti. Kansanedustajat kysyv\u00e4t, [&hellip;]<\/p>\n","protected":false},"author":1,"featured_media":0,"comment_status":"open","ping_status":"open","sticky":false,"template":"","format":"standard","meta":{"jetpack_post_was_ever_published":false,"_jetpack_newsletter_access":"","jetpack_publicize_message":"","jetpack_is_tweetstorm":false,"jetpack_publicize_feature_enabled":true,"jetpack_social_post_already_shared":true,"jetpack_social_options":{"image_generator_settings":{"template":"highway","enabled":false}}},"categories":[71],"tags":[],"jetpack_publicize_connections":[],"yoast_head":"<!-- This site is optimized with the Yoast SEO plugin v20.12 - https:\/\/yoast.com\/wordpress\/plugins\/seo\/ -->\n<title>Eduskunnan globaaliryhm\u00e4 kysyy hallituksen suhtautumista L\u00e4nsi-Saharan miehitykseen - Anders Adlercreutz<\/title>\n<meta name=\"robots\" content=\"index, follow, max-snippet:-1, max-image-preview:large, max-video-preview:-1\" \/>\n<link rel=\"canonical\" href=\"https:\/\/andersadlercreutz.fi\/blog\/lehdistotiedote\/eduskunnan-globaaliryhma-kysyy-hallituksen-suhtautumista-lansi-saharan-miehitykseen\/\" \/>\n<meta property=\"og:locale\" content=\"sv_SE\" \/>\n<meta property=\"og:type\" content=\"article\" \/>\n<meta property=\"og:title\" content=\"Eduskunnan globaaliryhm\u00e4 kysyy hallituksen suhtautumista L\u00e4nsi-Saharan miehitykseen - Anders Adlercreutz\" \/>\n<meta property=\"og:description\" content=\"Eduskunnan Globaaliryhm\u00e4n puheenjohtaja Satu Hassi (vihr), varapuheenjohtaja Hanna Sarkkinen (vas) ja kansanedustajat Aila Paloniemi (kesk), Timo Harakka (sdp), Anders Adlercreutz (rkp), Veera Ruoho (ps) ovat j\u00e4tt\u00e4neet kirjallisen kysymyksen hallituksen suhtautumisesta L\u00e4nsi-Saharan miehitykseen. EU-tuomioistuin on joulukuussa 2015 mit\u00e4t\u00f6inyt EU:n ja Marokon v\u00e4lisen kauppasopimuksen, koska sopimus koskee my\u00f6s L\u00e4nsi-Saharan luonnonvaroja ja Marokko miehitt\u00e4\u00e4 L\u00e4nsi-Saharaa laittomasti. Kansanedustajat kysyv\u00e4t, [&hellip;]\" \/>\n<meta property=\"og:url\" content=\"https:\/\/andersadlercreutz.fi\/blog\/lehdistotiedote\/eduskunnan-globaaliryhma-kysyy-hallituksen-suhtautumista-lansi-saharan-miehitykseen\/?lang=fi\" \/>\n<meta property=\"og:site_name\" content=\"Anders Adlercreutz\" \/>\n<meta property=\"article:published_time\" content=\"2016-03-11T11:27:30+00:00\" \/>\n<meta property=\"article:modified_time\" content=\"2016-03-16T11:30:24+00:00\" \/>\n<meta name=\"author\" content=\"Anders\" \/>\n<meta name=\"twitter:card\" content=\"summary_large_image\" \/>\n<meta name=\"twitter:label1\" content=\"Skriven av\" \/>\n\t<meta name=\"twitter:data1\" content=\"Anders\" \/>\n\t<meta name=\"twitter:label2\" content=\"Ber\u00e4knad l\u00e4stid\" \/>\n\t<meta name=\"twitter:data2\" content=\"1 minut\" \/>\n<script type=\"application\/ld+json\" class=\"yoast-schema-graph\">{\"@context\":\"https:\/\/schema.org\",\"@graph\":[{\"@type\":\"WebPage\",\"@id\":\"https:\/\/andersadlercreutz.fi\/blog\/lehdistotiedote\/eduskunnan-globaaliryhma-kysyy-hallituksen-suhtautumista-lansi-saharan-miehitykseen\/?lang=fi\",\"url\":\"https:\/\/andersadlercreutz.fi\/blog\/lehdistotiedote\/eduskunnan-globaaliryhma-kysyy-hallituksen-suhtautumista-lansi-saharan-miehitykseen\/?lang=fi\",\"name\":\"Eduskunnan globaaliryhm\u00e4 kysyy hallituksen suhtautumista L\u00e4nsi-Saharan miehitykseen - Anders Adlercreutz\",\"isPartOf\":{\"@id\":\"https:\/\/andersadlercreutz.fi\/blog\/#website\"},\"datePublished\":\"2016-03-11T11:27:30+00:00\",\"dateModified\":\"2016-03-16T11:30:24+00:00\",\"author\":{\"@id\":\"https:\/\/andersadlercreutz.fi\/blog\/#\/schema\/person\/47d4b72eded862b484f74bb4b3a2354f\"},\"breadcrumb\":{\"@id\":\"https:\/\/andersadlercreutz.fi\/blog\/lehdistotiedote\/eduskunnan-globaaliryhma-kysyy-hallituksen-suhtautumista-lansi-saharan-miehitykseen\/?lang=fi#breadcrumb\"},\"inLanguage\":\"sv-SE\",\"potentialAction\":[{\"@type\":\"ReadAction\",\"target\":[\"https:\/\/andersadlercreutz.fi\/blog\/lehdistotiedote\/eduskunnan-globaaliryhma-kysyy-hallituksen-suhtautumista-lansi-saharan-miehitykseen\/?lang=fi\"]}]},{\"@type\":\"BreadcrumbList\",\"@id\":\"https:\/\/andersadlercreutz.fi\/blog\/lehdistotiedote\/eduskunnan-globaaliryhma-kysyy-hallituksen-suhtautumista-lansi-saharan-miehitykseen\/?lang=fi#breadcrumb\",\"itemListElement\":[{\"@type\":\"ListItem\",\"position\":1,\"name\":\"Home\",\"item\":\"https:\/\/andersadlercreutz.fi\/blog\/blogg\/?lang=sv\"},{\"@type\":\"ListItem\",\"position\":2,\"name\":\"Eduskunnan globaaliryhm\u00e4 kysyy hallituksen suhtautumista L\u00e4nsi-Saharan miehitykseen\"}]},{\"@type\":\"WebSite\",\"@id\":\"https:\/\/andersadlercreutz.fi\/blog\/#website\",\"url\":\"https:\/\/andersadlercreutz.fi\/blog\/\",\"name\":\"Anders Adlercreutz\",\"description\":\"Du. Jag. Vi. Kest&auml;v&auml;sti optimisti\",\"potentialAction\":[{\"@type\":\"SearchAction\",\"target\":{\"@type\":\"EntryPoint\",\"urlTemplate\":\"https:\/\/andersadlercreutz.fi\/blog\/?s={search_term_string}\"},\"query-input\":\"required name=search_term_string\"}],\"inLanguage\":\"sv-SE\"},{\"@type\":\"Person\",\"@id\":\"https:\/\/andersadlercreutz.fi\/blog\/#\/schema\/person\/47d4b72eded862b484f74bb4b3a2354f\",\"name\":\"Anders\",\"image\":{\"@type\":\"ImageObject\",\"inLanguage\":\"sv-SE\",\"@id\":\"https:\/\/andersadlercreutz.fi\/blog\/#\/schema\/person\/image\/\",\"url\":\"https:\/\/secure.gravatar.com\/avatar\/a144c9bda7a581ff6fabba169027e620?s=96&d=mm&r=g\",\"contentUrl\":\"https:\/\/secure.gravatar.com\/avatar\/a144c9bda7a581ff6fabba169027e620?s=96&d=mm&r=g\",\"caption\":\"Anders\"},\"url\":\"https:\/\/andersadlercreutz.fi\/blog\/author\/admin\/\"}]}<\/script>\n<!-- \/ Yoast SEO plugin. -->","yoast_head_json":{"title":"Eduskunnan globaaliryhm\u00e4 kysyy hallituksen suhtautumista L\u00e4nsi-Saharan miehitykseen - Anders Adlercreutz","robots":{"index":"index","follow":"follow","max-snippet":"max-snippet:-1","max-image-preview":"max-image-preview:large","max-video-preview":"max-video-preview:-1"},"canonical":"https:\/\/andersadlercreutz.fi\/blog\/lehdistotiedote\/eduskunnan-globaaliryhma-kysyy-hallituksen-suhtautumista-lansi-saharan-miehitykseen\/","og_locale":"sv_SE","og_type":"article","og_title":"Eduskunnan globaaliryhm\u00e4 kysyy hallituksen suhtautumista L\u00e4nsi-Saharan miehitykseen - Anders Adlercreutz","og_description":"Eduskunnan Globaaliryhm\u00e4n puheenjohtaja Satu Hassi (vihr), varapuheenjohtaja Hanna Sarkkinen (vas) ja kansanedustajat Aila Paloniemi (kesk), Timo Harakka (sdp), Anders Adlercreutz (rkp), Veera Ruoho (ps) ovat j\u00e4tt\u00e4neet kirjallisen kysymyksen hallituksen suhtautumisesta L\u00e4nsi-Saharan miehitykseen. EU-tuomioistuin on joulukuussa 2015 mit\u00e4t\u00f6inyt EU:n ja Marokon v\u00e4lisen kauppasopimuksen, koska sopimus koskee my\u00f6s L\u00e4nsi-Saharan luonnonvaroja ja Marokko miehitt\u00e4\u00e4 L\u00e4nsi-Saharaa laittomasti. Kansanedustajat kysyv\u00e4t, [&hellip;]","og_url":"https:\/\/andersadlercreutz.fi\/blog\/lehdistotiedote\/eduskunnan-globaaliryhma-kysyy-hallituksen-suhtautumista-lansi-saharan-miehitykseen\/?lang=fi","og_site_name":"Anders Adlercreutz","article_published_time":"2016-03-11T11:27:30+00:00","article_modified_time":"2016-03-16T11:30:24+00:00","author":"Anders","twitter_card":"summary_large_image","twitter_misc":{"Skriven av":"Anders","Ber\u00e4knad l\u00e4stid":"1 minut"},"schema":{"@context":"https:\/\/schema.org","@graph":[{"@type":"WebPage","@id":"https:\/\/andersadlercreutz.fi\/blog\/lehdistotiedote\/eduskunnan-globaaliryhma-kysyy-hallituksen-suhtautumista-lansi-saharan-miehitykseen\/?lang=fi","url":"https:\/\/andersadlercreutz.fi\/blog\/lehdistotiedote\/eduskunnan-globaaliryhma-kysyy-hallituksen-suhtautumista-lansi-saharan-miehitykseen\/?lang=fi","name":"Eduskunnan globaaliryhm\u00e4 kysyy hallituksen suhtautumista L\u00e4nsi-Saharan miehitykseen - Anders Adlercreutz","isPartOf":{"@id":"https:\/\/andersadlercreutz.fi\/blog\/#website"},"datePublished":"2016-03-11T11:27:30+00:00","dateModified":"2016-03-16T11:30:24+00:00","author":{"@id":"https:\/\/andersadlercreutz.fi\/blog\/#\/schema\/person\/47d4b72eded862b484f74bb4b3a2354f"},"breadcrumb":{"@id":"https:\/\/andersadlercreutz.fi\/blog\/lehdistotiedote\/eduskunnan-globaaliryhma-kysyy-hallituksen-suhtautumista-lansi-saharan-miehitykseen\/?lang=fi#breadcrumb"},"inLanguage":"sv-SE","potentialAction":[{"@type":"ReadAction","target":["https:\/\/andersadlercreutz.fi\/blog\/lehdistotiedote\/eduskunnan-globaaliryhma-kysyy-hallituksen-suhtautumista-lansi-saharan-miehitykseen\/?lang=fi"]}]},{"@type":"BreadcrumbList","@id":"https:\/\/andersadlercreutz.fi\/blog\/lehdistotiedote\/eduskunnan-globaaliryhma-kysyy-hallituksen-suhtautumista-lansi-saharan-miehitykseen\/?lang=fi#breadcrumb","itemListElement":[{"@type":"ListItem","position":1,"name":"Home","item":"https:\/\/andersadlercreutz.fi\/blog\/blogg\/?lang=sv"},{"@type":"ListItem","position":2,"name":"Eduskunnan globaaliryhm\u00e4 kysyy hallituksen suhtautumista L\u00e4nsi-Saharan miehitykseen"}]},{"@type":"WebSite","@id":"https:\/\/andersadlercreutz.fi\/blog\/#website","url":"https:\/\/andersadlercreutz.fi\/blog\/","name":"Anders Adlercreutz","description":"Du. Jag. Vi. Kest&auml;v&auml;sti optimisti","potentialAction":[{"@type":"SearchAction","target":{"@type":"EntryPoint","urlTemplate":"https:\/\/andersadlercreutz.fi\/blog\/?s={search_term_string}"},"query-input":"required name=search_term_string"}],"inLanguage":"sv-SE"},{"@type":"Person","@id":"https:\/\/andersadlercreutz.fi\/blog\/#\/schema\/person\/47d4b72eded862b484f74bb4b3a2354f","name":"Anders","image":{"@type":"ImageObject","inLanguage":"sv-SE","@id":"https:\/\/andersadlercreutz.fi\/blog\/#\/schema\/person\/image\/","url":"https:\/\/secure.gravatar.com\/avatar\/a144c9bda7a581ff6fabba169027e620?s=96&d=mm&r=g","contentUrl":"https:\/\/secure.gravatar.com\/avatar\/a144c9bda7a581ff6fabba169027e620?s=96&d=mm&r=g","caption":"Anders"},"url":"https:\/\/andersadlercreutz.fi\/blog\/author\/admin\/"}]}},"jetpack_featured_media_url":"","jetpack_shortlink":"https:\/\/wp.me\/p4T6Dh-Ik","jetpack_sharing_enabled":true,"_links":{"self":[{"href":"https:\/\/andersadlercreutz.fi\/blog\/wp-json\/wp\/v2\/posts\/2748"}],"collection":[{"href":"https:\/\/andersadlercreutz.fi\/blog\/wp-json\/wp\/v2\/posts"}],"about":[{"href":"https:\/\/andersadlercreutz.fi\/blog\/wp-json\/wp\/v2\/types\/post"}],"author":[{"embeddable":true,"href":"https:\/\/andersadlercreutz.fi\/blog\/wp-json\/wp\/v2\/users\/1"}],"replies":[{"embeddable":true,"href":"https:\/\/andersadlercreutz.fi\/blog\/wp-json\/wp\/v2\/comments?post=2748"}],"version-history":[{"count":1,"href":"https:\/\/andersadlercreutz.fi\/blog\/wp-json\/wp\/v2\/posts\/2748\/revisions"}],"predecessor-version":[{"id":2749,"href":"https:\/\/andersadlercreutz.fi\/blog\/wp-json\/wp\/v2\/posts\/2748\/revisions\/2749"}],"wp:attachment":[{"href":"https:\/\/andersadlercreutz.fi\/blog\/wp-json\/wp\/v2\/media?parent=2748"}],"wp:term":[{"taxonomy":"category","embeddable":true,"href":"https:\/\/andersadlercreutz.fi\/blog\/wp-json\/wp\/v2\/categories?post=2748"},{"taxonomy":"post_tag","embeddable":true,"href":"https:\/\/andersadlercreutz.fi\/blog\/wp-json\/wp\/v2\/tags?post=2748"}],"curies":[{"name":"wp","href":"https:\/\/api.w.org\/{rel}","templated":true}]}}