{"id":2794,"date":"2016-04-07T10:28:50","date_gmt":"2016-04-07T07:28:50","guid":{"rendered":"http:\/\/andersadlercreutz.fi\/blog\/?p=2794"},"modified":"2016-04-07T10:28:50","modified_gmt":"2016-04-07T07:28:50","slug":"inlagg-i-interpellationsdebatten-6-4-2016","status":"publish","type":"post","link":"https:\/\/andersadlercreutz.fi\/blog\/undervisning\/inlagg-i-interpellationsdebatten-6-4-2016\/","title":{"rendered":"Inl\u00e4gg i interpellationsdebatten 6.4.2016"},"content":{"rendered":"<p>V\u00e4rderade talman, Arvoisa puhemies,<\/p>\n<p>Har regeringen en vision? Har regeringen en bild av den framtid vi marscherar emot? Onko hallituksella visio?<\/p>\n<p>Vastaus t\u00e4h\u00e4n on meille kaikille selv\u00e4. Ei ole visiota, ei ole strategiaa, ei ole priorisointeja. On ainoastaan h\u00f6yl\u00e4, joka biotaloutta lukuunottamatta n\u00e4ivett\u00e4\u00e4 kaikki Oy Suomi AB:n menestyksen rakenteet. \u00a0Ei ole kyky\u00e4 maalata kuvaa tulevaisuuden Suomesta, Suomesta joka olisi menestyv\u00e4, houkutteleva ja edell\u00e4k\u00e4vij\u00e4.<\/p>\n<p>Johtaminen ei ole pelk\u00e4st\u00e4\u00e4n fiskaalinen toimenpide, se ei ole pelk\u00e4st\u00e4\u00e4n numeroiden py\u00f6ritt\u00e4mist\u00e4. Johtamiseen kuuluu se, ett\u00e4 tiet\u00e4\u00e4 mihin on\u00a0menossa, ett\u00e4 tunnistaa matkan varrella olevat askelmerkit.<\/p>\n<p>Hallituksen tien p\u00e4\u00e4ss\u00e4 oleva maali on tiedossa\u00a0&#8211; \u00a0sen OECD kertoi meille raportissaan hiljattain. Jos n\u00e4m\u00e4 toimet toteutuvat, ellei koulutustason luisua saada pys\u00e4ytetty\u00e4, ellei hallitus luovu tietoisista pyrkimyksist\u00e4\u00e4n heikent\u00e4\u00e4 koulutustasoamme &#8211; silloin annamme puolen prosentin vuosittaisen BKT-kasvun luisua l\u00e4pi sormiemme. Siihen meill\u00e4 ei ole varaa.<\/p>\n<p>Joka ikisess\u00e4 laitoksessa, joka ikisessa yrityksess\u00e4 ymp\u00e4ri Suomea on tehostamisen varaa. Jokainen meist\u00e4kin voi tehd\u00e4 ty\u00f6ns\u00e4 tehokkaamminn ja nopeammin. Mutta tehostamisen tie ei ole t\u00e4m\u00e4.<\/p>\n<p>Mik\u00e4 on yliopistojemme tehokkuus? Siirtelev\u00e4tk\u00f6 professorit siell\u00e4 papereita kahvinjuonnin lomassa turhan panttina? Eiv\u00e4t, mutta n\u00e4iden leikkausten, n\u00e4iden toimien suunta vie siihen. Sanotaan, ett\u00e4 \u201dtulisi karsia turhaa hallintoa\u201d. N\u00e4iden leikkausten my\u00f6t\u00e4 karsitaan toki paljosta, muun muassa kaikista niist\u00e4 tukitoimista jotka tekev\u00e4t opiskelusta tehokkaampaa, ja nopeampaa, niist\u00e4 palveluista jotka antavat opettajille tilaa opettaa. Mutta se ei vie tehokkuuteen, vaan tehottomuuteen. Ydinteht\u00e4v\u00e4 j\u00e4\u00e4 pimentoon.<\/p>\n<p>Arvoisa puhemies,<\/p>\n<p>Mik\u00e4 on sitten nykytilanne, onko yliopistoissa tyhj\u00e4\u00e4, laiskaa kapasiteettia?<\/p>\n<p>Tutkimusten mukaan suomalaiset yliopistot ovat maailman huippuluokkaa kustannustehokkuudessa. Opintosuorituksen hinta on Suomessa alhainen.<\/p>\n<p>Mutta t\u00e4m\u00e4 ei riit\u00e4.<\/p>\n<p>Hallitus on nyt valinnut juustoh\u00f6yl\u00e4yksen linjan. Sen sijaan ett\u00e4 se pureutuisi rakenteisiin se leikkaa tasaisesti kaikilta &#8211; paitsi tietenkin siit\u00e4 ainoasta huippuyksik\u00f6st\u00e4mme, Helsingin yliopistosta, \u00a0siit\u00e4 hallitus leikkaa viel\u00e4 muutama kymmenen miljoonaa lis\u00e4\u00e4, vuositasolla. T\u00e4m\u00e4 ei ole rohkeutta. T\u00e4m\u00e4 on vastuun pakoilua, ja tasaista kurjistamista. Rohkeaa olisi tarttua rakenteisiin. Sit\u00e4 voisi jopa kutsua kehitt\u00e4miseksi. Ei t\u00e4t\u00e4.<\/p>\n<p>Olemme varmaan t\u00e4ss\u00e4 vaiheessa\u00a0p\u00e4\u00e4sseet\u00a0yhteisymm\u00e4rrykseen siit\u00e4, ett\u00e4 valittu tie on v\u00e4\u00e4r\u00e4. Olemmehan.<\/p>\n<p>Arvoisa puhemies,<\/p>\n<p>Leikkaukset eiv\u00e4t kuitenkaan lopu t\u00e4h\u00e4n. Kovaan k\u00e4sittelyyn joutuu my\u00f6s innovaatiotehdas Suomi. Sama tehdas, joka suoltaa ulos patentteja tahtiin, josta useimmat muut maat voivat ainoastaan uneksia. Mutta miten kauan?<\/p>\n<p>On virheit\u00e4 toki tehty aikaisemminkin. Jostain syyst\u00e4 TEKESin tutkimusrahoitus\u00a0on ollut suosittu temmellyskentt\u00e4. Tutkimus vaatii kuitenkin pitk\u00e4j\u00e4nteisyytt\u00e4 ja keskittymist\u00e4. Nykyinen poukkoilu johtaa\u00a0tehottomuteen ja hankkeiden keskeytt\u00e4miseen. Tutkimukseen ja kehitysty\u00f6h\u00f6n, kuten\u00a0koulutukseen yleens\u00e4, ei sovi kvartaalitalouden tahti. Se ett\u00e4 rahanhakumekanismeja joudutaan luomaan budjettivuosittain uudelleen, se ett\u00e4 projektit ovat aina ja ikuisesti vaakalaudalla vie energiaa oikealta ty\u00f6lt\u00e4.<\/p>\n<p>Mit\u00e4 sitten on tapahtumassa? Haluan nostaa esille muutaman yksityiskohdan.<\/p>\n<p>Ensin nostetaan SHOKit pystyyn, sitten ne ajetaan alas. Samalla jo tehdyt investoinnint valuvat hiekkaan.<\/p>\n<p>Pelk\u00e4st\u00e4\u00e4n VTT:hen kohdistetut leikkaukset ovat itse asiassa nimellisiin leikkauksiin n\u00e4hden moninkertaiset. VTT k\u00e4ytt\u00e4\u00e4 omaa rahoitustaan osarahoituksen muihin projektiin, tyyppillisesti noin 1\/4 verran, mik\u00e4 tarkoittaa ett\u00e4 20 miljoonan leikkaus VTT:lt\u00e4 itse asiassa on moninkertainen.<\/p>\n<p>Arvoisa puhemies,<\/p>\n<p>Mihin h\u00e4ipyi usko siihen, ett\u00e4 koulutus on suurin kilpailukykyetumme? Minne h\u00e4visiv\u00e4t lupaukset, minne h\u00e4visi selk\u00e4ranka?<\/p>\n<p>V\u00e4rderade talman &#8211; Finland \u00e4r f\u00f6rtj\u00e4nt av en vision &#8211; Suomi ansaitsee vision.<\/p>\n","protected":false},"excerpt":{"rendered":"<p>V\u00e4rderade talman, Arvoisa puhemies, Har regeringen en vision? Har regeringen en bild av den framtid vi marscherar emot? Onko hallituksella visio? Vastaus t\u00e4h\u00e4n on meille kaikille selv\u00e4. Ei ole visiota, ei ole strategiaa, ei ole priorisointeja. On ainoastaan h\u00f6yl\u00e4, joka biotaloutta lukuunottamatta n\u00e4ivett\u00e4\u00e4 kaikki Oy Suomi AB:n menestyksen rakenteet. \u00a0Ei ole kyky\u00e4 maalata kuvaa tulevaisuuden [&hellip;]<\/p>\n","protected":false},"author":1,"featured_media":2577,"comment_status":"open","ping_status":"open","sticky":false,"template":"","format":"standard","meta":{"jetpack_post_was_ever_published":false,"_jetpack_newsletter_access":"","jetpack_publicize_message":"","jetpack_is_tweetstorm":false,"jetpack_publicize_feature_enabled":true,"jetpack_social_post_already_shared":true,"jetpack_social_options":{"image_generator_settings":{"template":"highway","enabled":false}}},"categories":[46,62,64,41],"tags":[],"jetpack_publicize_connections":[],"yoast_head":"<!-- This site is optimized with the Yoast SEO plugin v20.12 - https:\/\/yoast.com\/wordpress\/plugins\/seo\/ -->\n<title>Inl\u00e4gg i interpellationsdebatten 6.4.2016 - Anders Adlercreutz<\/title>\n<meta name=\"robots\" content=\"index, follow, max-snippet:-1, max-image-preview:large, max-video-preview:-1\" \/>\n<link rel=\"canonical\" href=\"https:\/\/andersadlercreutz.fi\/blog\/undervisning\/inlagg-i-interpellationsdebatten-6-4-2016\/\" \/>\n<meta property=\"og:locale\" content=\"sv_SE\" \/>\n<meta property=\"og:type\" content=\"article\" \/>\n<meta property=\"og:title\" content=\"Inl\u00e4gg i interpellationsdebatten 6.4.2016 - Anders Adlercreutz\" \/>\n<meta property=\"og:description\" content=\"V\u00e4rderade talman, Arvoisa puhemies, Har regeringen en vision? Har regeringen en bild av den framtid vi marscherar emot? Onko hallituksella visio? Vastaus t\u00e4h\u00e4n on meille kaikille selv\u00e4. Ei ole visiota, ei ole strategiaa, ei ole priorisointeja. On ainoastaan h\u00f6yl\u00e4, joka biotaloutta lukuunottamatta n\u00e4ivett\u00e4\u00e4 kaikki Oy Suomi AB:n menestyksen rakenteet. \u00a0Ei ole kyky\u00e4 maalata kuvaa tulevaisuuden [&hellip;]\" \/>\n<meta property=\"og:url\" content=\"https:\/\/andersadlercreutz.fi\/blog\/undervisning\/inlagg-i-interpellationsdebatten-6-4-2016\/\" \/>\n<meta property=\"og:site_name\" content=\"Anders Adlercreutz\" \/>\n<meta property=\"article:published_time\" content=\"2016-04-07T07:28:50+00:00\" \/>\n<meta property=\"og:image\" content=\"https:\/\/i0.wp.com\/andersadlercreutz.fi\/blog\/wp-content\/uploads\/2015\/12\/ty\u00f6llisyyspuhe.jpg?fit=2039%2C1147&ssl=1\" \/>\n\t<meta property=\"og:image:width\" content=\"2039\" \/>\n\t<meta property=\"og:image:height\" content=\"1147\" \/>\n\t<meta property=\"og:image:type\" content=\"image\/jpeg\" \/>\n<meta name=\"author\" content=\"Anders\" \/>\n<meta name=\"twitter:card\" content=\"summary_large_image\" \/>\n<meta name=\"twitter:label1\" content=\"Skriven av\" \/>\n\t<meta name=\"twitter:data1\" content=\"Anders\" \/>\n\t<meta name=\"twitter:label2\" content=\"Ber\u00e4knad l\u00e4stid\" \/>\n\t<meta name=\"twitter:data2\" content=\"3 minuter\" \/>\n<script type=\"application\/ld+json\" class=\"yoast-schema-graph\">{\"@context\":\"https:\/\/schema.org\",\"@graph\":[{\"@type\":\"WebPage\",\"@id\":\"https:\/\/andersadlercreutz.fi\/blog\/undervisning\/inlagg-i-interpellationsdebatten-6-4-2016\/\",\"url\":\"https:\/\/andersadlercreutz.fi\/blog\/undervisning\/inlagg-i-interpellationsdebatten-6-4-2016\/\",\"name\":\"Inl\u00e4gg i interpellationsdebatten 6.4.2016 - Anders Adlercreutz\",\"isPartOf\":{\"@id\":\"https:\/\/andersadlercreutz.fi\/blog\/#website\"},\"datePublished\":\"2016-04-07T07:28:50+00:00\",\"dateModified\":\"2016-04-07T07:28:50+00:00\",\"author\":{\"@id\":\"https:\/\/andersadlercreutz.fi\/blog\/#\/schema\/person\/47d4b72eded862b484f74bb4b3a2354f\"},\"breadcrumb\":{\"@id\":\"https:\/\/andersadlercreutz.fi\/blog\/undervisning\/inlagg-i-interpellationsdebatten-6-4-2016\/#breadcrumb\"},\"inLanguage\":\"sv-SE\",\"potentialAction\":[{\"@type\":\"ReadAction\",\"target\":[\"https:\/\/andersadlercreutz.fi\/blog\/undervisning\/inlagg-i-interpellationsdebatten-6-4-2016\/\"]}]},{\"@type\":\"BreadcrumbList\",\"@id\":\"https:\/\/andersadlercreutz.fi\/blog\/undervisning\/inlagg-i-interpellationsdebatten-6-4-2016\/#breadcrumb\",\"itemListElement\":[{\"@type\":\"ListItem\",\"position\":1,\"name\":\"Home\",\"item\":\"https:\/\/andersadlercreutz.fi\/blog\/blogg\/?lang=sv\"},{\"@type\":\"ListItem\",\"position\":2,\"name\":\"Inl\u00e4gg i interpellationsdebatten 6.4.2016\"}]},{\"@type\":\"WebSite\",\"@id\":\"https:\/\/andersadlercreutz.fi\/blog\/#website\",\"url\":\"https:\/\/andersadlercreutz.fi\/blog\/\",\"name\":\"Anders Adlercreutz\",\"description\":\"Du. Jag. Vi. Kest&auml;v&auml;sti optimisti\",\"potentialAction\":[{\"@type\":\"SearchAction\",\"target\":{\"@type\":\"EntryPoint\",\"urlTemplate\":\"https:\/\/andersadlercreutz.fi\/blog\/?s={search_term_string}\"},\"query-input\":\"required name=search_term_string\"}],\"inLanguage\":\"sv-SE\"},{\"@type\":\"Person\",\"@id\":\"https:\/\/andersadlercreutz.fi\/blog\/#\/schema\/person\/47d4b72eded862b484f74bb4b3a2354f\",\"name\":\"Anders\",\"image\":{\"@type\":\"ImageObject\",\"inLanguage\":\"sv-SE\",\"@id\":\"https:\/\/andersadlercreutz.fi\/blog\/#\/schema\/person\/image\/\",\"url\":\"https:\/\/secure.gravatar.com\/avatar\/a144c9bda7a581ff6fabba169027e620?s=96&d=mm&r=g\",\"contentUrl\":\"https:\/\/secure.gravatar.com\/avatar\/a144c9bda7a581ff6fabba169027e620?s=96&d=mm&r=g\",\"caption\":\"Anders\"},\"url\":\"https:\/\/andersadlercreutz.fi\/blog\/author\/admin\/\"}]}<\/script>\n<!-- \/ Yoast SEO plugin. -->","yoast_head_json":{"title":"Inl\u00e4gg i interpellationsdebatten 6.4.2016 - Anders Adlercreutz","robots":{"index":"index","follow":"follow","max-snippet":"max-snippet:-1","max-image-preview":"max-image-preview:large","max-video-preview":"max-video-preview:-1"},"canonical":"https:\/\/andersadlercreutz.fi\/blog\/undervisning\/inlagg-i-interpellationsdebatten-6-4-2016\/","og_locale":"sv_SE","og_type":"article","og_title":"Inl\u00e4gg i interpellationsdebatten 6.4.2016 - Anders Adlercreutz","og_description":"V\u00e4rderade talman, Arvoisa puhemies, Har regeringen en vision? Har regeringen en bild av den framtid vi marscherar emot? Onko hallituksella visio? Vastaus t\u00e4h\u00e4n on meille kaikille selv\u00e4. Ei ole visiota, ei ole strategiaa, ei ole priorisointeja. On ainoastaan h\u00f6yl\u00e4, joka biotaloutta lukuunottamatta n\u00e4ivett\u00e4\u00e4 kaikki Oy Suomi AB:n menestyksen rakenteet. \u00a0Ei ole kyky\u00e4 maalata kuvaa tulevaisuuden [&hellip;]","og_url":"https:\/\/andersadlercreutz.fi\/blog\/undervisning\/inlagg-i-interpellationsdebatten-6-4-2016\/","og_site_name":"Anders Adlercreutz","article_published_time":"2016-04-07T07:28:50+00:00","og_image":[{"width":2039,"height":1147,"url":"https:\/\/i0.wp.com\/andersadlercreutz.fi\/blog\/wp-content\/uploads\/2015\/12\/ty\u00f6llisyyspuhe.jpg?fit=2039%2C1147&ssl=1","type":"image\/jpeg"}],"author":"Anders","twitter_card":"summary_large_image","twitter_misc":{"Skriven av":"Anders","Ber\u00e4knad l\u00e4stid":"3 minuter"},"schema":{"@context":"https:\/\/schema.org","@graph":[{"@type":"WebPage","@id":"https:\/\/andersadlercreutz.fi\/blog\/undervisning\/inlagg-i-interpellationsdebatten-6-4-2016\/","url":"https:\/\/andersadlercreutz.fi\/blog\/undervisning\/inlagg-i-interpellationsdebatten-6-4-2016\/","name":"Inl\u00e4gg i interpellationsdebatten 6.4.2016 - Anders Adlercreutz","isPartOf":{"@id":"https:\/\/andersadlercreutz.fi\/blog\/#website"},"datePublished":"2016-04-07T07:28:50+00:00","dateModified":"2016-04-07T07:28:50+00:00","author":{"@id":"https:\/\/andersadlercreutz.fi\/blog\/#\/schema\/person\/47d4b72eded862b484f74bb4b3a2354f"},"breadcrumb":{"@id":"https:\/\/andersadlercreutz.fi\/blog\/undervisning\/inlagg-i-interpellationsdebatten-6-4-2016\/#breadcrumb"},"inLanguage":"sv-SE","potentialAction":[{"@type":"ReadAction","target":["https:\/\/andersadlercreutz.fi\/blog\/undervisning\/inlagg-i-interpellationsdebatten-6-4-2016\/"]}]},{"@type":"BreadcrumbList","@id":"https:\/\/andersadlercreutz.fi\/blog\/undervisning\/inlagg-i-interpellationsdebatten-6-4-2016\/#breadcrumb","itemListElement":[{"@type":"ListItem","position":1,"name":"Home","item":"https:\/\/andersadlercreutz.fi\/blog\/blogg\/?lang=sv"},{"@type":"ListItem","position":2,"name":"Inl\u00e4gg i interpellationsdebatten 6.4.2016"}]},{"@type":"WebSite","@id":"https:\/\/andersadlercreutz.fi\/blog\/#website","url":"https:\/\/andersadlercreutz.fi\/blog\/","name":"Anders Adlercreutz","description":"Du. Jag. Vi. Kest&auml;v&auml;sti optimisti","potentialAction":[{"@type":"SearchAction","target":{"@type":"EntryPoint","urlTemplate":"https:\/\/andersadlercreutz.fi\/blog\/?s={search_term_string}"},"query-input":"required name=search_term_string"}],"inLanguage":"sv-SE"},{"@type":"Person","@id":"https:\/\/andersadlercreutz.fi\/blog\/#\/schema\/person\/47d4b72eded862b484f74bb4b3a2354f","name":"Anders","image":{"@type":"ImageObject","inLanguage":"sv-SE","@id":"https:\/\/andersadlercreutz.fi\/blog\/#\/schema\/person\/image\/","url":"https:\/\/secure.gravatar.com\/avatar\/a144c9bda7a581ff6fabba169027e620?s=96&d=mm&r=g","contentUrl":"https:\/\/secure.gravatar.com\/avatar\/a144c9bda7a581ff6fabba169027e620?s=96&d=mm&r=g","caption":"Anders"},"url":"https:\/\/andersadlercreutz.fi\/blog\/author\/admin\/"}]}},"jetpack_featured_media_url":"https:\/\/i0.wp.com\/andersadlercreutz.fi\/blog\/wp-content\/uploads\/2015\/12\/ty\u00f6llisyyspuhe.jpg?fit=2039%2C1147&ssl=1","jetpack_shortlink":"https:\/\/wp.me\/p4T6Dh-J4","jetpack_sharing_enabled":true,"_links":{"self":[{"href":"https:\/\/andersadlercreutz.fi\/blog\/wp-json\/wp\/v2\/posts\/2794"}],"collection":[{"href":"https:\/\/andersadlercreutz.fi\/blog\/wp-json\/wp\/v2\/posts"}],"about":[{"href":"https:\/\/andersadlercreutz.fi\/blog\/wp-json\/wp\/v2\/types\/post"}],"author":[{"embeddable":true,"href":"https:\/\/andersadlercreutz.fi\/blog\/wp-json\/wp\/v2\/users\/1"}],"replies":[{"embeddable":true,"href":"https:\/\/andersadlercreutz.fi\/blog\/wp-json\/wp\/v2\/comments?post=2794"}],"version-history":[{"count":1,"href":"https:\/\/andersadlercreutz.fi\/blog\/wp-json\/wp\/v2\/posts\/2794\/revisions"}],"predecessor-version":[{"id":2795,"href":"https:\/\/andersadlercreutz.fi\/blog\/wp-json\/wp\/v2\/posts\/2794\/revisions\/2795"}],"wp:featuredmedia":[{"embeddable":true,"href":"https:\/\/andersadlercreutz.fi\/blog\/wp-json\/wp\/v2\/media\/2577"}],"wp:attachment":[{"href":"https:\/\/andersadlercreutz.fi\/blog\/wp-json\/wp\/v2\/media?parent=2794"}],"wp:term":[{"taxonomy":"category","embeddable":true,"href":"https:\/\/andersadlercreutz.fi\/blog\/wp-json\/wp\/v2\/categories?post=2794"},{"taxonomy":"post_tag","embeddable":true,"href":"https:\/\/andersadlercreutz.fi\/blog\/wp-json\/wp\/v2\/tags?post=2794"}],"curies":[{"name":"wp","href":"https:\/\/api.w.org\/{rel}","templated":true}]}}