{"id":2804,"date":"2016-04-27T13:46:14","date_gmt":"2016-04-27T10:46:14","guid":{"rendered":"http:\/\/andersadlercreutz.fi\/blog\/?p=2804"},"modified":"2016-05-02T13:49:27","modified_gmt":"2016-05-02T10:49:27","slug":"sipilan-hallituksen-tulee-kantaa-vastuunsa-lansi-uudenmaan-joukkoliikenteesta","status":"publish","type":"post","link":"https:\/\/andersadlercreutz.fi\/blog\/joukkoliikenne\/sipilan-hallituksen-tulee-kantaa-vastuunsa-lansi-uudenmaan-joukkoliikenteesta\/?lang=fi","title":{"rendered":"Sipil\u00e4n hallituksen tulee kantaa vastuunsa L\u00e4nsi-Uudenmaan joukkoliikenteest\u00e4"},"content":{"rendered":"<p>Lehdist\u00f6tiedote 27.4.2016<br \/>\nJulkaisuvapaa heti<\/p>\n<p>Kuukausi Y-junan lakkauttamisen ja IC-junien muutoksien j\u00e4lkeen voimme todeta, ett\u00e4 uusimaalaisien j\u00e4rkytys lakkauttamisista oli t\u00e4ysin aiheellinen. \u201dEp\u00e4ilykset k\u00e4viv\u00e4t toteen. Ihmiset muuttavat muualle ja irtisanoutuvat ty\u00f6paikoistaan. Koululaiset joutuvat odottamaan tuntikausia niin ennen kuin j\u00e4lkeen koulup\u00e4iv\u00e4n, ja joutuvat joissakin tapauksissa jopa y\u00f6pym\u00e4\u00e4n koulupaikkakunnalla. Monen lapsiperheen arjesta on tullut kest\u00e4m\u00e4t\u00f6n\u201d, sanoo kansanedustaja Anders Adlercreutz (RKP).<\/p>\n<p>&#8211; P\u00e4\u00e4ministeri Sipil\u00e4n mukaan hajauttamisesta on Suomelle kilpailuetua, mutta samalla hallitus on t\u00e4ysin ep\u00e4strategisen, puhtaasti fiskaalisen toimenpiteen avulla suoraan my\u00f6t\u00e4vaikuttanut L\u00e4nsi-Uudenmaan kurjistumiseen. Tilannetta on mahdoton hyv\u00e4ksy\u00e4. Se on ristiriidassa hallituksen tavoitteiden kanssa, ja asettaa mahdottomaan tilanteeseen etenkin heid\u00e4t, joilla ei ole mahdollisuuksia k\u00e4ytt\u00e4\u00e4 autoa. Y-junan tapauksessa oli kyse reilun miljoonan euron s\u00e4\u00e4st\u00f6ist\u00e4. T\u00e4m\u00e4 s\u00e4\u00e4st\u00f6toimi ei mill\u00e4\u00e4n lailla oikeuta niit\u00e4 ongelmia, joita ihmiset nyt kohtaavat arkip\u00e4iv\u00e4ss\u00e4\u00e4n &#8211; eik\u00e4 alueen k\u00e4rsimi\u00e4 taloudellisia tappioita, sanoo Adlercreutz.<\/p>\n<p>Meid\u00e4n pit\u00e4\u00e4 laajentaa ty\u00f6matka-alueita, ei pienent\u00e4\u00e4 niit\u00e4. Sek\u00e4 HSL ett\u00e4 VR ovat my\u00f6nt\u00e4neet, ett\u00e4 tilanne on ongelmallinen. Hallituksen tulee ymm\u00e4rt\u00e4\u00e4, ett\u00e4 kokonaisen alueen j\u00e4tt\u00e4minen oman onnensa nojaan ilman toimivaa joukkoliikennett\u00e4 ei ole kest\u00e4v\u00e4\u00e4. Sipil\u00e4n hallituksen ja ministeri Bernerin tulee tehd\u00e4 uudelleenarviointi ja ryhty\u00e4 toimenpiteisiin L\u00e4nsi-Uudenmaan joukkoliikenteen turvaamiseksi, sanoo Adlercreutz.<\/p>\n<p>&nbsp;<\/p>\n<p>Lis\u00e4tietoja:<br \/>\nAnders Adlercreutz<br \/>\npuh. 044\u00a0981 0191<\/p>\n","protected":false},"excerpt":{"rendered":"<p>Lehdist\u00f6tiedote 27.4.2016 Julkaisuvapaa heti Kuukausi Y-junan lakkauttamisen ja IC-junien muutoksien j\u00e4lkeen voimme todeta, ett\u00e4 uusimaalaisien j\u00e4rkytys lakkauttamisista oli t\u00e4ysin aiheellinen. \u201dEp\u00e4ilykset k\u00e4viv\u00e4t toteen. Ihmiset muuttavat muualle ja irtisanoutuvat ty\u00f6paikoistaan. Koululaiset joutuvat odottamaan tuntikausia niin ennen kuin j\u00e4lkeen koulup\u00e4iv\u00e4n, ja joutuvat joissakin tapauksissa jopa y\u00f6pym\u00e4\u00e4n koulupaikkakunnalla. Monen lapsiperheen arjesta on tullut kest\u00e4m\u00e4t\u00f6n\u201d, sanoo kansanedustaja Anders Adlercreutz [&hellip;]<\/p>\n","protected":false},"author":1,"featured_media":0,"comment_status":"open","ping_status":"open","sticky":false,"template":"","format":"standard","meta":{"jetpack_post_was_ever_published":false,"_jetpack_newsletter_access":"","jetpack_publicize_message":"","jetpack_is_tweetstorm":false,"jetpack_publicize_feature_enabled":true,"jetpack_social_post_already_shared":true,"jetpack_social_options":{"image_generator_settings":{"template":"highway","enabled":false}}},"categories":[10,71,12],"tags":[],"jetpack_publicize_connections":[],"yoast_head":"<!-- This site is optimized with the Yoast SEO plugin v20.12 - https:\/\/yoast.com\/wordpress\/plugins\/seo\/ -->\n<title>Sipil\u00e4n hallituksen tulee kantaa vastuunsa L\u00e4nsi-Uudenmaan joukkoliikenteest\u00e4 - Anders Adlercreutz<\/title>\n<meta name=\"robots\" content=\"index, follow, max-snippet:-1, max-image-preview:large, max-video-preview:-1\" \/>\n<link rel=\"canonical\" href=\"https:\/\/andersadlercreutz.fi\/blog\/joukkoliikenne\/sipilan-hallituksen-tulee-kantaa-vastuunsa-lansi-uudenmaan-joukkoliikenteesta\/\" \/>\n<meta property=\"og:locale\" content=\"sv_SE\" \/>\n<meta property=\"og:type\" content=\"article\" \/>\n<meta property=\"og:title\" content=\"Sipil\u00e4n hallituksen tulee kantaa vastuunsa L\u00e4nsi-Uudenmaan joukkoliikenteest\u00e4 - Anders Adlercreutz\" \/>\n<meta property=\"og:description\" content=\"Lehdist\u00f6tiedote 27.4.2016 Julkaisuvapaa heti Kuukausi Y-junan lakkauttamisen ja IC-junien muutoksien j\u00e4lkeen voimme todeta, ett\u00e4 uusimaalaisien j\u00e4rkytys lakkauttamisista oli t\u00e4ysin aiheellinen. \u201dEp\u00e4ilykset k\u00e4viv\u00e4t toteen. Ihmiset muuttavat muualle ja irtisanoutuvat ty\u00f6paikoistaan. Koululaiset joutuvat odottamaan tuntikausia niin ennen kuin j\u00e4lkeen koulup\u00e4iv\u00e4n, ja joutuvat joissakin tapauksissa jopa y\u00f6pym\u00e4\u00e4n koulupaikkakunnalla. Monen lapsiperheen arjesta on tullut kest\u00e4m\u00e4t\u00f6n\u201d, sanoo kansanedustaja Anders Adlercreutz [&hellip;]\" \/>\n<meta property=\"og:url\" content=\"https:\/\/andersadlercreutz.fi\/blog\/joukkoliikenne\/sipilan-hallituksen-tulee-kantaa-vastuunsa-lansi-uudenmaan-joukkoliikenteesta\/?lang=fi\" \/>\n<meta property=\"og:site_name\" content=\"Anders Adlercreutz\" \/>\n<meta property=\"article:published_time\" content=\"2016-04-27T10:46:14+00:00\" \/>\n<meta property=\"article:modified_time\" content=\"2016-05-02T10:49:27+00:00\" \/>\n<meta name=\"author\" content=\"Anders\" \/>\n<meta name=\"twitter:card\" content=\"summary_large_image\" \/>\n<meta name=\"twitter:label1\" content=\"Skriven av\" \/>\n\t<meta name=\"twitter:data1\" content=\"Anders\" \/>\n\t<meta name=\"twitter:label2\" content=\"Ber\u00e4knad l\u00e4stid\" \/>\n\t<meta name=\"twitter:data2\" content=\"1 minut\" \/>\n<script type=\"application\/ld+json\" class=\"yoast-schema-graph\">{\"@context\":\"https:\/\/schema.org\",\"@graph\":[{\"@type\":\"WebPage\",\"@id\":\"https:\/\/andersadlercreutz.fi\/blog\/joukkoliikenne\/sipilan-hallituksen-tulee-kantaa-vastuunsa-lansi-uudenmaan-joukkoliikenteesta\/?lang=fi\",\"url\":\"https:\/\/andersadlercreutz.fi\/blog\/joukkoliikenne\/sipilan-hallituksen-tulee-kantaa-vastuunsa-lansi-uudenmaan-joukkoliikenteesta\/?lang=fi\",\"name\":\"Sipil\u00e4n hallituksen tulee kantaa vastuunsa L\u00e4nsi-Uudenmaan joukkoliikenteest\u00e4 - Anders Adlercreutz\",\"isPartOf\":{\"@id\":\"https:\/\/andersadlercreutz.fi\/blog\/#website\"},\"datePublished\":\"2016-04-27T10:46:14+00:00\",\"dateModified\":\"2016-05-02T10:49:27+00:00\",\"author\":{\"@id\":\"https:\/\/andersadlercreutz.fi\/blog\/#\/schema\/person\/47d4b72eded862b484f74bb4b3a2354f\"},\"breadcrumb\":{\"@id\":\"https:\/\/andersadlercreutz.fi\/blog\/joukkoliikenne\/sipilan-hallituksen-tulee-kantaa-vastuunsa-lansi-uudenmaan-joukkoliikenteesta\/?lang=fi#breadcrumb\"},\"inLanguage\":\"sv-SE\",\"potentialAction\":[{\"@type\":\"ReadAction\",\"target\":[\"https:\/\/andersadlercreutz.fi\/blog\/joukkoliikenne\/sipilan-hallituksen-tulee-kantaa-vastuunsa-lansi-uudenmaan-joukkoliikenteesta\/?lang=fi\"]}]},{\"@type\":\"BreadcrumbList\",\"@id\":\"https:\/\/andersadlercreutz.fi\/blog\/joukkoliikenne\/sipilan-hallituksen-tulee-kantaa-vastuunsa-lansi-uudenmaan-joukkoliikenteesta\/?lang=fi#breadcrumb\",\"itemListElement\":[{\"@type\":\"ListItem\",\"position\":1,\"name\":\"Home\",\"item\":\"https:\/\/andersadlercreutz.fi\/blog\/blogg\/?lang=sv\"},{\"@type\":\"ListItem\",\"position\":2,\"name\":\"Sipil\u00e4n hallituksen tulee kantaa vastuunsa L\u00e4nsi-Uudenmaan joukkoliikenteest\u00e4\"}]},{\"@type\":\"WebSite\",\"@id\":\"https:\/\/andersadlercreutz.fi\/blog\/#website\",\"url\":\"https:\/\/andersadlercreutz.fi\/blog\/\",\"name\":\"Anders Adlercreutz\",\"description\":\"Du. Jag. Vi. Kest&auml;v&auml;sti optimisti\",\"potentialAction\":[{\"@type\":\"SearchAction\",\"target\":{\"@type\":\"EntryPoint\",\"urlTemplate\":\"https:\/\/andersadlercreutz.fi\/blog\/?s={search_term_string}\"},\"query-input\":\"required name=search_term_string\"}],\"inLanguage\":\"sv-SE\"},{\"@type\":\"Person\",\"@id\":\"https:\/\/andersadlercreutz.fi\/blog\/#\/schema\/person\/47d4b72eded862b484f74bb4b3a2354f\",\"name\":\"Anders\",\"image\":{\"@type\":\"ImageObject\",\"inLanguage\":\"sv-SE\",\"@id\":\"https:\/\/andersadlercreutz.fi\/blog\/#\/schema\/person\/image\/\",\"url\":\"https:\/\/secure.gravatar.com\/avatar\/a144c9bda7a581ff6fabba169027e620?s=96&d=mm&r=g\",\"contentUrl\":\"https:\/\/secure.gravatar.com\/avatar\/a144c9bda7a581ff6fabba169027e620?s=96&d=mm&r=g\",\"caption\":\"Anders\"},\"url\":\"https:\/\/andersadlercreutz.fi\/blog\/author\/admin\/\"}]}<\/script>\n<!-- \/ Yoast SEO plugin. -->","yoast_head_json":{"title":"Sipil\u00e4n hallituksen tulee kantaa vastuunsa L\u00e4nsi-Uudenmaan joukkoliikenteest\u00e4 - Anders Adlercreutz","robots":{"index":"index","follow":"follow","max-snippet":"max-snippet:-1","max-image-preview":"max-image-preview:large","max-video-preview":"max-video-preview:-1"},"canonical":"https:\/\/andersadlercreutz.fi\/blog\/joukkoliikenne\/sipilan-hallituksen-tulee-kantaa-vastuunsa-lansi-uudenmaan-joukkoliikenteesta\/","og_locale":"sv_SE","og_type":"article","og_title":"Sipil\u00e4n hallituksen tulee kantaa vastuunsa L\u00e4nsi-Uudenmaan joukkoliikenteest\u00e4 - Anders Adlercreutz","og_description":"Lehdist\u00f6tiedote 27.4.2016 Julkaisuvapaa heti Kuukausi Y-junan lakkauttamisen ja IC-junien muutoksien j\u00e4lkeen voimme todeta, ett\u00e4 uusimaalaisien j\u00e4rkytys lakkauttamisista oli t\u00e4ysin aiheellinen. \u201dEp\u00e4ilykset k\u00e4viv\u00e4t toteen. Ihmiset muuttavat muualle ja irtisanoutuvat ty\u00f6paikoistaan. Koululaiset joutuvat odottamaan tuntikausia niin ennen kuin j\u00e4lkeen koulup\u00e4iv\u00e4n, ja joutuvat joissakin tapauksissa jopa y\u00f6pym\u00e4\u00e4n koulupaikkakunnalla. Monen lapsiperheen arjesta on tullut kest\u00e4m\u00e4t\u00f6n\u201d, sanoo kansanedustaja Anders Adlercreutz [&hellip;]","og_url":"https:\/\/andersadlercreutz.fi\/blog\/joukkoliikenne\/sipilan-hallituksen-tulee-kantaa-vastuunsa-lansi-uudenmaan-joukkoliikenteesta\/?lang=fi","og_site_name":"Anders Adlercreutz","article_published_time":"2016-04-27T10:46:14+00:00","article_modified_time":"2016-05-02T10:49:27+00:00","author":"Anders","twitter_card":"summary_large_image","twitter_misc":{"Skriven av":"Anders","Ber\u00e4knad l\u00e4stid":"1 minut"},"schema":{"@context":"https:\/\/schema.org","@graph":[{"@type":"WebPage","@id":"https:\/\/andersadlercreutz.fi\/blog\/joukkoliikenne\/sipilan-hallituksen-tulee-kantaa-vastuunsa-lansi-uudenmaan-joukkoliikenteesta\/?lang=fi","url":"https:\/\/andersadlercreutz.fi\/blog\/joukkoliikenne\/sipilan-hallituksen-tulee-kantaa-vastuunsa-lansi-uudenmaan-joukkoliikenteesta\/?lang=fi","name":"Sipil\u00e4n hallituksen tulee kantaa vastuunsa L\u00e4nsi-Uudenmaan joukkoliikenteest\u00e4 - Anders Adlercreutz","isPartOf":{"@id":"https:\/\/andersadlercreutz.fi\/blog\/#website"},"datePublished":"2016-04-27T10:46:14+00:00","dateModified":"2016-05-02T10:49:27+00:00","author":{"@id":"https:\/\/andersadlercreutz.fi\/blog\/#\/schema\/person\/47d4b72eded862b484f74bb4b3a2354f"},"breadcrumb":{"@id":"https:\/\/andersadlercreutz.fi\/blog\/joukkoliikenne\/sipilan-hallituksen-tulee-kantaa-vastuunsa-lansi-uudenmaan-joukkoliikenteesta\/?lang=fi#breadcrumb"},"inLanguage":"sv-SE","potentialAction":[{"@type":"ReadAction","target":["https:\/\/andersadlercreutz.fi\/blog\/joukkoliikenne\/sipilan-hallituksen-tulee-kantaa-vastuunsa-lansi-uudenmaan-joukkoliikenteesta\/?lang=fi"]}]},{"@type":"BreadcrumbList","@id":"https:\/\/andersadlercreutz.fi\/blog\/joukkoliikenne\/sipilan-hallituksen-tulee-kantaa-vastuunsa-lansi-uudenmaan-joukkoliikenteesta\/?lang=fi#breadcrumb","itemListElement":[{"@type":"ListItem","position":1,"name":"Home","item":"https:\/\/andersadlercreutz.fi\/blog\/blogg\/?lang=sv"},{"@type":"ListItem","position":2,"name":"Sipil\u00e4n hallituksen tulee kantaa vastuunsa L\u00e4nsi-Uudenmaan joukkoliikenteest\u00e4"}]},{"@type":"WebSite","@id":"https:\/\/andersadlercreutz.fi\/blog\/#website","url":"https:\/\/andersadlercreutz.fi\/blog\/","name":"Anders Adlercreutz","description":"Du. Jag. Vi. Kest&auml;v&auml;sti optimisti","potentialAction":[{"@type":"SearchAction","target":{"@type":"EntryPoint","urlTemplate":"https:\/\/andersadlercreutz.fi\/blog\/?s={search_term_string}"},"query-input":"required name=search_term_string"}],"inLanguage":"sv-SE"},{"@type":"Person","@id":"https:\/\/andersadlercreutz.fi\/blog\/#\/schema\/person\/47d4b72eded862b484f74bb4b3a2354f","name":"Anders","image":{"@type":"ImageObject","inLanguage":"sv-SE","@id":"https:\/\/andersadlercreutz.fi\/blog\/#\/schema\/person\/image\/","url":"https:\/\/secure.gravatar.com\/avatar\/a144c9bda7a581ff6fabba169027e620?s=96&d=mm&r=g","contentUrl":"https:\/\/secure.gravatar.com\/avatar\/a144c9bda7a581ff6fabba169027e620?s=96&d=mm&r=g","caption":"Anders"},"url":"https:\/\/andersadlercreutz.fi\/blog\/author\/admin\/"}]}},"jetpack_featured_media_url":"","jetpack_shortlink":"https:\/\/wp.me\/p4T6Dh-Je","jetpack_sharing_enabled":true,"_links":{"self":[{"href":"https:\/\/andersadlercreutz.fi\/blog\/wp-json\/wp\/v2\/posts\/2804"}],"collection":[{"href":"https:\/\/andersadlercreutz.fi\/blog\/wp-json\/wp\/v2\/posts"}],"about":[{"href":"https:\/\/andersadlercreutz.fi\/blog\/wp-json\/wp\/v2\/types\/post"}],"author":[{"embeddable":true,"href":"https:\/\/andersadlercreutz.fi\/blog\/wp-json\/wp\/v2\/users\/1"}],"replies":[{"embeddable":true,"href":"https:\/\/andersadlercreutz.fi\/blog\/wp-json\/wp\/v2\/comments?post=2804"}],"version-history":[{"count":1,"href":"https:\/\/andersadlercreutz.fi\/blog\/wp-json\/wp\/v2\/posts\/2804\/revisions"}],"predecessor-version":[{"id":2805,"href":"https:\/\/andersadlercreutz.fi\/blog\/wp-json\/wp\/v2\/posts\/2804\/revisions\/2805"}],"wp:attachment":[{"href":"https:\/\/andersadlercreutz.fi\/blog\/wp-json\/wp\/v2\/media?parent=2804"}],"wp:term":[{"taxonomy":"category","embeddable":true,"href":"https:\/\/andersadlercreutz.fi\/blog\/wp-json\/wp\/v2\/categories?post=2804"},{"taxonomy":"post_tag","embeddable":true,"href":"https:\/\/andersadlercreutz.fi\/blog\/wp-json\/wp\/v2\/tags?post=2804"}],"curies":[{"name":"wp","href":"https:\/\/api.w.org\/{rel}","templated":true}]}}