{"id":3122,"date":"2016-12-19T15:41:57","date_gmt":"2016-12-19T13:41:57","guid":{"rendered":"http:\/\/andersadlercreutz.fi\/blog\/?p=3122"},"modified":"2016-12-19T15:41:57","modified_gmt":"2016-12-19T13:41:57","slug":"adlercreutz-ja-hakapaa-kirkkonummen-tulisi-hakea-jasenyytta-hinku-projektiin","status":"publish","type":"post","link":"https:\/\/andersadlercreutz.fi\/blog\/kirkkonummi\/adlercreutz-ja-hakapaa-kirkkonummen-tulisi-hakea-jasenyytta-hinku-projektiin\/?lang=fi","title":{"rendered":"Adlercreutz ja Hakap\u00e4\u00e4: Kirkkonummen tulisi hakea j\u00e4senyytt\u00e4 HINKU-projektiin"},"content":{"rendered":"<p><span style=\"color: #000000; font-family: Calibri;\">Lehdist\u00f6tiedote 19.12.2016<br \/>\nJulkaisuvapaa heti<\/span><\/p>\n<p><b><span style=\"color: #000000; font-family: Calibri;\"><br \/>\n<\/span><\/b><span style=\"color: #000000; font-family: Calibri;\">Suomi on Pariisin sopimuksen kautta sitoutunut v\u00e4hent\u00e4m\u00e4\u00e4n kasvihuonep\u00e4\u00e4st\u00f6j\u00e4\u00e4n huomattavasti. Kunnat ovat t\u00e4ss\u00e4 ratkaisevassa asemassa. Kirkkonummen kunnanvaltuuston kokouksessa t\u00e4n\u00e4\u00e4n valtuutetut Anders Adlercreutz (r) ja Minna Hakap\u00e4\u00e4 (vihr.) j\u00e4tt\u00e4v\u00e4t valtuustoaloitteen joka ehdottaa, ett\u00e4 Kirkkonummi liittyisi hiilineutraalien kuntien HINKU-hankkeeseen.<\/p>\n<p>\u201dKaikki p\u00e4\u00e4t\u00f6ksenteko ja toimenpiteet\u00a0l\u00e4htev\u00e4t paikalliselta tasolta\u201d, toteaa Minna Hakap\u00e4\u00e4. Elleiv\u00e4t suomalaiset kunnat pyri kohti Pariisin sopimuksen tavoitteita, ne j\u00e4\u00e4v\u00e4t t\u00e4yttym\u00e4tt\u00e4. HINKU-hanke antaa kunnille ne ty\u00f6kalut ja sen neuvonnan jota he tarvitsevat\u201d.<\/p>\n<p>Monet l\u00e4nsiuusmaalaiset kunnat ovat jo hankkeessa mukana. Adlercreutz ja Hakap\u00e4\u00e4 n\u00e4kev\u00e4t asian my\u00f6s kilpailun\u00e4k\u00f6kulmasta.<\/p>\n<p>\u201dKunnat kilpailevat tulevaisuudessa yh\u00e4 kovemmin palveluista, yrityksist\u00e4 ja asukkaista. HINKU-kuntana Kirkkonummi parantaisi omaa asemaansa t\u00e4ss\u00e4 kilpailussa\u201d, Adlercreutz sanoo. \u201dIlmastotietoinen kunta on vetovoimainen ja uudistuva kunta\u201d, h\u00e4n jatkaa.<\/p>\n<p>Hiilijalanj\u00e4ljen v\u00e4hent\u00e4minen tapahtuu monen toimenpiteen kautta.<\/p>\n<p>\u201dKyse on maank\u00e4yt\u00f6st\u00e4, energiatehokkuudesta ja liikenteest\u00e4. Mutta my\u00f6s esimerkiksi siit\u00e4, miten rakennamme ja yll\u00e4pid\u00e4mme kiinteist\u00f6j\u00e4mme. Terve ja kest\u00e4v\u00e4 koulu on aina j\u00e4rkev\u00e4mpi ja hiilijalanj\u00e4ljelt\u00e4\u00e4n kest\u00e4v\u00e4mpi koulu on\u00a0selv\u00e4sti parempi\u00a0kuin sairas sellainen\u201d, Adlercreutz ja Hakap\u00e4\u00e4 toteavat lopuksi, viitaten viime p\u00e4ivien uutisointeihin Gesterbyn koulukeskuksen tilasta.<\/p>\n<p>Adlercreutz ja Hakap\u00e4\u00e4 toivovat, ett\u00e4 aloite saa mahdollisimman paljon tukea allekirjoitusten muodossa Kirkkonummen kunnanvaltuustossa.\u00a0<\/span><\/p>\n","protected":false},"excerpt":{"rendered":"<p>Lehdist\u00f6tiedote 19.12.2016 Julkaisuvapaa heti Suomi on Pariisin sopimuksen kautta sitoutunut v\u00e4hent\u00e4m\u00e4\u00e4n kasvihuonep\u00e4\u00e4st\u00f6j\u00e4\u00e4n huomattavasti. Kunnat ovat t\u00e4ss\u00e4 ratkaisevassa asemassa. Kirkkonummen kunnanvaltuuston kokouksessa t\u00e4n\u00e4\u00e4n valtuutetut Anders Adlercreutz (r) ja Minna Hakap\u00e4\u00e4 (vihr.) j\u00e4tt\u00e4v\u00e4t valtuustoaloitteen joka ehdottaa, ett\u00e4 Kirkkonummi liittyisi hiilineutraalien kuntien HINKU-hankkeeseen. \u201dKaikki p\u00e4\u00e4t\u00f6ksenteko ja toimenpiteet\u00a0l\u00e4htev\u00e4t paikalliselta tasolta\u201d, toteaa Minna Hakap\u00e4\u00e4. Elleiv\u00e4t suomalaiset kunnat pyri kohti Pariisin [&hellip;]<\/p>\n","protected":false},"author":1,"featured_media":0,"comment_status":"open","ping_status":"open","sticky":false,"template":"","format":"standard","meta":{"jetpack_post_was_ever_published":false,"_jetpack_newsletter_access":"","jetpack_publicize_message":"","jetpack_is_tweetstorm":false,"jetpack_publicize_feature_enabled":true,"jetpack_social_post_already_shared":true,"jetpack_social_options":{"image_generator_settings":{"template":"highway","enabled":false}}},"categories":[11,3,71,8],"tags":[],"jetpack_publicize_connections":[],"yoast_head":"<!-- This site is optimized with the Yoast SEO plugin v20.12 - https:\/\/yoast.com\/wordpress\/plugins\/seo\/ -->\n<title>Adlercreutz ja Hakap\u00e4\u00e4: Kirkkonummen tulisi hakea j\u00e4senyytt\u00e4 HINKU-projektiin - Anders Adlercreutz<\/title>\n<meta name=\"robots\" content=\"index, follow, max-snippet:-1, max-image-preview:large, max-video-preview:-1\" \/>\n<link rel=\"canonical\" href=\"https:\/\/andersadlercreutz.fi\/blog\/kirkkonummi\/adlercreutz-ja-hakapaa-kirkkonummen-tulisi-hakea-jasenyytta-hinku-projektiin\/\" \/>\n<meta property=\"og:locale\" content=\"sv_SE\" \/>\n<meta property=\"og:type\" content=\"article\" \/>\n<meta property=\"og:title\" content=\"Adlercreutz ja Hakap\u00e4\u00e4: Kirkkonummen tulisi hakea j\u00e4senyytt\u00e4 HINKU-projektiin - Anders Adlercreutz\" \/>\n<meta property=\"og:description\" content=\"Lehdist\u00f6tiedote 19.12.2016 Julkaisuvapaa heti Suomi on Pariisin sopimuksen kautta sitoutunut v\u00e4hent\u00e4m\u00e4\u00e4n kasvihuonep\u00e4\u00e4st\u00f6j\u00e4\u00e4n huomattavasti. Kunnat ovat t\u00e4ss\u00e4 ratkaisevassa asemassa. Kirkkonummen kunnanvaltuuston kokouksessa t\u00e4n\u00e4\u00e4n valtuutetut Anders Adlercreutz (r) ja Minna Hakap\u00e4\u00e4 (vihr.) j\u00e4tt\u00e4v\u00e4t valtuustoaloitteen joka ehdottaa, ett\u00e4 Kirkkonummi liittyisi hiilineutraalien kuntien HINKU-hankkeeseen. \u201dKaikki p\u00e4\u00e4t\u00f6ksenteko ja toimenpiteet\u00a0l\u00e4htev\u00e4t paikalliselta tasolta\u201d, toteaa Minna Hakap\u00e4\u00e4. Elleiv\u00e4t suomalaiset kunnat pyri kohti Pariisin [&hellip;]\" \/>\n<meta property=\"og:url\" content=\"https:\/\/andersadlercreutz.fi\/blog\/kirkkonummi\/adlercreutz-ja-hakapaa-kirkkonummen-tulisi-hakea-jasenyytta-hinku-projektiin\/?lang=fi\" \/>\n<meta property=\"og:site_name\" content=\"Anders Adlercreutz\" \/>\n<meta property=\"article:published_time\" content=\"2016-12-19T13:41:57+00:00\" \/>\n<meta name=\"author\" content=\"Anders\" \/>\n<meta name=\"twitter:card\" content=\"summary_large_image\" \/>\n<meta name=\"twitter:label1\" content=\"Skriven av\" \/>\n\t<meta name=\"twitter:data1\" content=\"Anders\" \/>\n\t<meta name=\"twitter:label2\" content=\"Ber\u00e4knad l\u00e4stid\" \/>\n\t<meta name=\"twitter:data2\" content=\"1 minut\" \/>\n<script type=\"application\/ld+json\" class=\"yoast-schema-graph\">{\"@context\":\"https:\/\/schema.org\",\"@graph\":[{\"@type\":\"WebPage\",\"@id\":\"https:\/\/andersadlercreutz.fi\/blog\/kirkkonummi\/adlercreutz-ja-hakapaa-kirkkonummen-tulisi-hakea-jasenyytta-hinku-projektiin\/?lang=fi\",\"url\":\"https:\/\/andersadlercreutz.fi\/blog\/kirkkonummi\/adlercreutz-ja-hakapaa-kirkkonummen-tulisi-hakea-jasenyytta-hinku-projektiin\/?lang=fi\",\"name\":\"Adlercreutz ja Hakap\u00e4\u00e4: Kirkkonummen tulisi hakea j\u00e4senyytt\u00e4 HINKU-projektiin - Anders Adlercreutz\",\"isPartOf\":{\"@id\":\"https:\/\/andersadlercreutz.fi\/blog\/#website\"},\"datePublished\":\"2016-12-19T13:41:57+00:00\",\"dateModified\":\"2016-12-19T13:41:57+00:00\",\"author\":{\"@id\":\"https:\/\/andersadlercreutz.fi\/blog\/#\/schema\/person\/47d4b72eded862b484f74bb4b3a2354f\"},\"breadcrumb\":{\"@id\":\"https:\/\/andersadlercreutz.fi\/blog\/kirkkonummi\/adlercreutz-ja-hakapaa-kirkkonummen-tulisi-hakea-jasenyytta-hinku-projektiin\/?lang=fi#breadcrumb\"},\"inLanguage\":\"sv-SE\",\"potentialAction\":[{\"@type\":\"ReadAction\",\"target\":[\"https:\/\/andersadlercreutz.fi\/blog\/kirkkonummi\/adlercreutz-ja-hakapaa-kirkkonummen-tulisi-hakea-jasenyytta-hinku-projektiin\/?lang=fi\"]}]},{\"@type\":\"BreadcrumbList\",\"@id\":\"https:\/\/andersadlercreutz.fi\/blog\/kirkkonummi\/adlercreutz-ja-hakapaa-kirkkonummen-tulisi-hakea-jasenyytta-hinku-projektiin\/?lang=fi#breadcrumb\",\"itemListElement\":[{\"@type\":\"ListItem\",\"position\":1,\"name\":\"Home\",\"item\":\"https:\/\/andersadlercreutz.fi\/blog\/blogg\/?lang=sv\"},{\"@type\":\"ListItem\",\"position\":2,\"name\":\"Adlercreutz ja Hakap\u00e4\u00e4: Kirkkonummen tulisi hakea j\u00e4senyytt\u00e4 HINKU-projektiin\"}]},{\"@type\":\"WebSite\",\"@id\":\"https:\/\/andersadlercreutz.fi\/blog\/#website\",\"url\":\"https:\/\/andersadlercreutz.fi\/blog\/\",\"name\":\"Anders Adlercreutz\",\"description\":\"Du. Jag. Vi. Kest&auml;v&auml;sti optimisti\",\"potentialAction\":[{\"@type\":\"SearchAction\",\"target\":{\"@type\":\"EntryPoint\",\"urlTemplate\":\"https:\/\/andersadlercreutz.fi\/blog\/?s={search_term_string}\"},\"query-input\":\"required name=search_term_string\"}],\"inLanguage\":\"sv-SE\"},{\"@type\":\"Person\",\"@id\":\"https:\/\/andersadlercreutz.fi\/blog\/#\/schema\/person\/47d4b72eded862b484f74bb4b3a2354f\",\"name\":\"Anders\",\"image\":{\"@type\":\"ImageObject\",\"inLanguage\":\"sv-SE\",\"@id\":\"https:\/\/andersadlercreutz.fi\/blog\/#\/schema\/person\/image\/\",\"url\":\"https:\/\/secure.gravatar.com\/avatar\/a144c9bda7a581ff6fabba169027e620?s=96&d=mm&r=g\",\"contentUrl\":\"https:\/\/secure.gravatar.com\/avatar\/a144c9bda7a581ff6fabba169027e620?s=96&d=mm&r=g\",\"caption\":\"Anders\"},\"url\":\"https:\/\/andersadlercreutz.fi\/blog\/author\/admin\/\"}]}<\/script>\n<!-- \/ Yoast SEO plugin. -->","yoast_head_json":{"title":"Adlercreutz ja Hakap\u00e4\u00e4: Kirkkonummen tulisi hakea j\u00e4senyytt\u00e4 HINKU-projektiin - Anders Adlercreutz","robots":{"index":"index","follow":"follow","max-snippet":"max-snippet:-1","max-image-preview":"max-image-preview:large","max-video-preview":"max-video-preview:-1"},"canonical":"https:\/\/andersadlercreutz.fi\/blog\/kirkkonummi\/adlercreutz-ja-hakapaa-kirkkonummen-tulisi-hakea-jasenyytta-hinku-projektiin\/","og_locale":"sv_SE","og_type":"article","og_title":"Adlercreutz ja Hakap\u00e4\u00e4: Kirkkonummen tulisi hakea j\u00e4senyytt\u00e4 HINKU-projektiin - Anders Adlercreutz","og_description":"Lehdist\u00f6tiedote 19.12.2016 Julkaisuvapaa heti Suomi on Pariisin sopimuksen kautta sitoutunut v\u00e4hent\u00e4m\u00e4\u00e4n kasvihuonep\u00e4\u00e4st\u00f6j\u00e4\u00e4n huomattavasti. Kunnat ovat t\u00e4ss\u00e4 ratkaisevassa asemassa. Kirkkonummen kunnanvaltuuston kokouksessa t\u00e4n\u00e4\u00e4n valtuutetut Anders Adlercreutz (r) ja Minna Hakap\u00e4\u00e4 (vihr.) j\u00e4tt\u00e4v\u00e4t valtuustoaloitteen joka ehdottaa, ett\u00e4 Kirkkonummi liittyisi hiilineutraalien kuntien HINKU-hankkeeseen. \u201dKaikki p\u00e4\u00e4t\u00f6ksenteko ja toimenpiteet\u00a0l\u00e4htev\u00e4t paikalliselta tasolta\u201d, toteaa Minna Hakap\u00e4\u00e4. Elleiv\u00e4t suomalaiset kunnat pyri kohti Pariisin [&hellip;]","og_url":"https:\/\/andersadlercreutz.fi\/blog\/kirkkonummi\/adlercreutz-ja-hakapaa-kirkkonummen-tulisi-hakea-jasenyytta-hinku-projektiin\/?lang=fi","og_site_name":"Anders Adlercreutz","article_published_time":"2016-12-19T13:41:57+00:00","author":"Anders","twitter_card":"summary_large_image","twitter_misc":{"Skriven av":"Anders","Ber\u00e4knad l\u00e4stid":"1 minut"},"schema":{"@context":"https:\/\/schema.org","@graph":[{"@type":"WebPage","@id":"https:\/\/andersadlercreutz.fi\/blog\/kirkkonummi\/adlercreutz-ja-hakapaa-kirkkonummen-tulisi-hakea-jasenyytta-hinku-projektiin\/?lang=fi","url":"https:\/\/andersadlercreutz.fi\/blog\/kirkkonummi\/adlercreutz-ja-hakapaa-kirkkonummen-tulisi-hakea-jasenyytta-hinku-projektiin\/?lang=fi","name":"Adlercreutz ja Hakap\u00e4\u00e4: Kirkkonummen tulisi hakea j\u00e4senyytt\u00e4 HINKU-projektiin - Anders Adlercreutz","isPartOf":{"@id":"https:\/\/andersadlercreutz.fi\/blog\/#website"},"datePublished":"2016-12-19T13:41:57+00:00","dateModified":"2016-12-19T13:41:57+00:00","author":{"@id":"https:\/\/andersadlercreutz.fi\/blog\/#\/schema\/person\/47d4b72eded862b484f74bb4b3a2354f"},"breadcrumb":{"@id":"https:\/\/andersadlercreutz.fi\/blog\/kirkkonummi\/adlercreutz-ja-hakapaa-kirkkonummen-tulisi-hakea-jasenyytta-hinku-projektiin\/?lang=fi#breadcrumb"},"inLanguage":"sv-SE","potentialAction":[{"@type":"ReadAction","target":["https:\/\/andersadlercreutz.fi\/blog\/kirkkonummi\/adlercreutz-ja-hakapaa-kirkkonummen-tulisi-hakea-jasenyytta-hinku-projektiin\/?lang=fi"]}]},{"@type":"BreadcrumbList","@id":"https:\/\/andersadlercreutz.fi\/blog\/kirkkonummi\/adlercreutz-ja-hakapaa-kirkkonummen-tulisi-hakea-jasenyytta-hinku-projektiin\/?lang=fi#breadcrumb","itemListElement":[{"@type":"ListItem","position":1,"name":"Home","item":"https:\/\/andersadlercreutz.fi\/blog\/blogg\/?lang=sv"},{"@type":"ListItem","position":2,"name":"Adlercreutz ja Hakap\u00e4\u00e4: Kirkkonummen tulisi hakea j\u00e4senyytt\u00e4 HINKU-projektiin"}]},{"@type":"WebSite","@id":"https:\/\/andersadlercreutz.fi\/blog\/#website","url":"https:\/\/andersadlercreutz.fi\/blog\/","name":"Anders Adlercreutz","description":"Du. Jag. Vi. Kest&auml;v&auml;sti optimisti","potentialAction":[{"@type":"SearchAction","target":{"@type":"EntryPoint","urlTemplate":"https:\/\/andersadlercreutz.fi\/blog\/?s={search_term_string}"},"query-input":"required name=search_term_string"}],"inLanguage":"sv-SE"},{"@type":"Person","@id":"https:\/\/andersadlercreutz.fi\/blog\/#\/schema\/person\/47d4b72eded862b484f74bb4b3a2354f","name":"Anders","image":{"@type":"ImageObject","inLanguage":"sv-SE","@id":"https:\/\/andersadlercreutz.fi\/blog\/#\/schema\/person\/image\/","url":"https:\/\/secure.gravatar.com\/avatar\/a144c9bda7a581ff6fabba169027e620?s=96&d=mm&r=g","contentUrl":"https:\/\/secure.gravatar.com\/avatar\/a144c9bda7a581ff6fabba169027e620?s=96&d=mm&r=g","caption":"Anders"},"url":"https:\/\/andersadlercreutz.fi\/blog\/author\/admin\/"}]}},"jetpack_featured_media_url":"","jetpack_shortlink":"https:\/\/wp.me\/p4T6Dh-Om","jetpack_sharing_enabled":true,"_links":{"self":[{"href":"https:\/\/andersadlercreutz.fi\/blog\/wp-json\/wp\/v2\/posts\/3122"}],"collection":[{"href":"https:\/\/andersadlercreutz.fi\/blog\/wp-json\/wp\/v2\/posts"}],"about":[{"href":"https:\/\/andersadlercreutz.fi\/blog\/wp-json\/wp\/v2\/types\/post"}],"author":[{"embeddable":true,"href":"https:\/\/andersadlercreutz.fi\/blog\/wp-json\/wp\/v2\/users\/1"}],"replies":[{"embeddable":true,"href":"https:\/\/andersadlercreutz.fi\/blog\/wp-json\/wp\/v2\/comments?post=3122"}],"version-history":[{"count":2,"href":"https:\/\/andersadlercreutz.fi\/blog\/wp-json\/wp\/v2\/posts\/3122\/revisions"}],"predecessor-version":[{"id":3125,"href":"https:\/\/andersadlercreutz.fi\/blog\/wp-json\/wp\/v2\/posts\/3122\/revisions\/3125"}],"wp:attachment":[{"href":"https:\/\/andersadlercreutz.fi\/blog\/wp-json\/wp\/v2\/media?parent=3122"}],"wp:term":[{"taxonomy":"category","embeddable":true,"href":"https:\/\/andersadlercreutz.fi\/blog\/wp-json\/wp\/v2\/categories?post=3122"},{"taxonomy":"post_tag","embeddable":true,"href":"https:\/\/andersadlercreutz.fi\/blog\/wp-json\/wp\/v2\/tags?post=3122"}],"curies":[{"name":"wp","href":"https:\/\/api.w.org\/{rel}","templated":true}]}}