{"id":3281,"date":"2017-02-15T15:19:02","date_gmt":"2017-02-15T13:19:02","guid":{"rendered":"http:\/\/andersadlercreutz.fi\/blog\/?p=3281"},"modified":"2017-02-16T14:30:38","modified_gmt":"2017-02-16T12:30:38","slug":"ryhmapuheenvuoro-eduskunnan-keskustelussa-agenda-2030-ohjelmasta-ja-kestavasta-kehityksesta-15-2-2017","status":"publish","type":"post","link":"https:\/\/andersadlercreutz.fi\/blog\/kestava-kehitys\/ryhmapuheenvuoro-eduskunnan-keskustelussa-agenda-2030-ohjelmasta-ja-kestavasta-kehityksesta-15-2-2017\/?lang=fi","title":{"rendered":"Ryhm\u00e4puheenvuoro eduskunnan keskustelussa Agenda 2030-ohjelmasta ja kest\u00e4v\u00e4st\u00e4 kehityksest\u00e4 15.2.2017"},"content":{"rendered":"<p>Arvoisa puhemies,<\/p>\n<p>On hyv\u00e4, ett\u00e4 hallitus teki selonteon ja ett\u00e4 p\u00e4\u00e4semme t\u00e4\u00e4ll\u00e4 keskustelemaan siit\u00e4. T\u00e4st\u00e4 on annettava hallitukselle kiitos.<\/p>\n<p>Selonteosta k\u00e4y kauttaaltaan ilmi halu tarttua ongelmaan. Se sis\u00e4lt\u00e4\u00e4 analyysin ja se kattaa laajan kent\u00e4n. Kest\u00e4v\u00e4 kehitys ei koske vain ymp\u00e4rist\u00f6\u00e4, ilmastoa, taloutta tai sosiaalikysymyksi\u00e4. Agenda2030:ss\u00e4 on kyse my\u00f6s kaikkien oikeudesta veteen, ty\u00f6h\u00f6n ja terveyteen sek\u00e4 erityisest\u00e4 huomion kiinnitt\u00e4misest\u00e4 naisten ja tytt\u00f6jen oikeuksiin.<\/p>\n<blockquote><p>Kest\u00e4vyys on se kaikkein merkitt\u00e4vin kysymys.<\/p><\/blockquote>\n<p>Arvoisa puhemies,<\/p>\n<p>Samanaikaisesti ei kuitenkaan p\u00e4\u00e4st\u00e4 siit\u00e4, ett\u00e4 t\u00e4ss\u00e4 tapauksessa ero sanojen ja todellisuuden v\u00e4lill\u00e4 on suuri. Jos kest\u00e4v\u00e4\u00e4 kehityst\u00e4 tarkastellaan kokonaisvaltaisena tavoitteena eli tavoitteena, joka menee kaiken muun edelle, sen ohjausvaikutuksen tulee koskea kaikkia p\u00e4\u00e4t\u00f6ksi\u00e4. Ilman poikkeuksia. Nyt asia ei ole n\u00e4in.<\/p>\n<p>Monella tavalla saa sen k\u00e4sityksen, ett\u00e4 hallitusohjelma ohjaa selontekoa eik\u00e4 p\u00e4invastoin.<\/p>\n<p>Kest\u00e4v\u00e4n kehityksen ei pid\u00e4k\u00e4\u00e4n olla mauste, jota sirottelemme v\u00e4h\u00e4n kaikkialle. Ei, sen pit\u00e4\u00e4 olla itse pata, jossa keitt\u00e4minen tapahtuu \u2013 se pit\u00e4\u00e4 siis asettaa l\u00e4ht\u00f6kohdaksi. Sen vuoksi t\u00e4m\u00e4n selonteon pit\u00e4isi ulottua yli hallituskausien.<\/p>\n<p>Kiireesti ratkaisua vaativa suuri kysymys on ilmastonmuutos. Miten me siihen reagoimme? M\u00e4\u00e4r\u00e4\u00e4k\u00f6 se politiikkaamme suunnan?<\/p>\n<p>On selv\u00e4 ett\u00e4 panostamme bioenergiaan, mutta mittakaavan pit\u00e4\u00e4 olla j\u00e4rkev\u00e4. Se ei voi olla ratkaisu koko energiahuoltoomme. On syyt\u00e4 uskoa, ett\u00e4 hallituksen visio on liian optimistinen. My\u00f6s valtioneuvoston oma tuore selvitys toteaa, ett\u00e4 jos mets\u00e4nhakkuut kasvavat noin 80 miljoonaan kuutiometriin vuodessa, niin hiilinielu puolittuu vuosina 2021-2030. T\u00e4m\u00e4 voidaan n\u00e4hd\u00e4 varoituksena ja siksi meid\u00e4n on turvattava tasapainoinen, kest\u00e4v\u00e4 kehitys.<\/p>\n<p>Samanaikaisesti kun kansainv\u00e4lisell\u00e4 tasolla puhumme fossiilisten polttoaineiden tukien purkamisesta, kanavoimme p\u00e4\u00e4st\u00f6kaupasta saatavat tulot saastel\u00e4hteisiin. On itsest\u00e4\u00e4n selv\u00e4\u00e4, ett\u00e4 p\u00e4\u00e4st\u00f6kaupasta saatavat tulot tulisi k\u00e4ytt\u00e4\u00e4 ilmastonmuutosta hillitsevien toimenpiteiden rahoittamiseen.<\/p>\n<p>Arvoisa puhemies,<\/p>\n<p>Kest\u00e4v\u00e4ss\u00e4 kehityksess\u00e4 on kyse globaalista vastuusta. \u201dLeave no one behind\u201d on kantava periaate Agenda 2030-ohjelmassa. Kehitysapu on t\u00e4rke\u00e4 osa kokonaisuutta.<\/p>\n<p>Aiheetta ei hallitus ole saanut risuja kehitysyhteisty\u00f6politiikastaan. Samanaikaisesti kun puhumme yhteisty\u00f6st\u00e4 ja globaalista vastuusta leikkasimme viime vuonna 70 prosenttia YK:lle osoitettavista avustuksista.<\/p>\n<p>Emme panosta k\u00f6yhimpiin \u2013 emme edes siin\u00e4 m\u00e4\u00e4rin kuin t\u00e4ss\u00e4 selonteossa toivotaan.<\/p>\n<p>T\u00e4ss\u00e4 toivomme suunnanmuutosta, ja selke\u00e4\u00e4 suunnitelmaa siit\u00e4, kuinka p\u00e4\u00e4semme viralliseen tavoitteeseemme, joka on 0,7 prosenttia BKT:st\u00e4.<\/p>\n<p>Kest\u00e4v\u00e4 kehitys on my\u00f6s asioiden tarkastelemista oikeasta n\u00e4k\u00f6kulmasta, syiden ja seurausten ymm\u00e4rt\u00e4mist\u00e4. Kest\u00e4v\u00e4 kehitys on vastuullista suhtautumista muuttoliikkeeseen.<\/p>\n<p>Arvoisa puhemies,<\/p>\n<p>Olin joitakin viikkoja sitten Jordaniassa, maassa, jossa on 1,5 miljoonaa Syyrian pakolaista. Se on paljon enemm\u00e4n kuin Eurooppaan vuonna toissa vuonna saapuneiden pakolaisten m\u00e4\u00e4r\u00e4. Jordanialaiset kuitenkin selvi\u00e4v\u00e4t t\u00e4st\u00e4 \u2013 helppoa se ei ole, mutta he selvi\u00e4v\u00e4t.<\/p>\n<p>Samanaikaisesti meill\u00e4 syntyy kansallinen kriisi 35\u00a0000 turvapaikanhakijasta, joista ehk\u00e4 vain 15\u00a0000 j\u00e4\u00e4 Suomeen. Me suomalaiset voisimme sen sijaan lukea t\u00e4t\u00e4 selontekoa \u2013 ja panostaa kotoutumiseen t\u00e4\u00e4ll\u00e4 kotimaassamme. Ja samalla voisimme toimia kest\u00e4v\u00e4n kehityksen mekanismien puolesta Euroopassa, todellisten mekanismien puolesta vastuun jakamiseksi, demokratiakehityksen ja rauhan puolesta toimimiseksi sotaan joutuneissa maissa. Sill\u00e4 siell\u00e4 t\u00e4nne tulleet haluavat ensisijaisesti asua.<\/p>\n<p>Arvoisa puhemies,<\/p>\n<p>Suomi on vastuunsa tunteva kansainv\u00e4linen toimija. Olemme parempia kuin useimmat muut. Meid\u00e4n tulee olla johdonmukaisia ja m\u00e4\u00e4r\u00e4tietoisia, ja ottaa Agenda 2030 l\u00e4ht\u00f6kohdaksi niin kansallisille kuin kansainv\u00e4lisille toimillemme. Meid\u00e4n tulee my\u00f6s puhua vahvemmalla \u00e4\u00e4nell\u00e4 Euroopassa ja osoittaa, ett\u00e4 me uskomme tosissamme kansainv\u00e4liseen yhteisty\u00f6h\u00f6n. Siihen, ett\u00e4 yhdess\u00e4 me olemme vahvempia.<\/p>\n<p>&nbsp;<\/p>\n<p>&nbsp;<\/p>\n","protected":false},"excerpt":{"rendered":"<p>Arvoisa puhemies, On hyv\u00e4, ett\u00e4 hallitus teki selonteon ja ett\u00e4 p\u00e4\u00e4semme t\u00e4\u00e4ll\u00e4 keskustelemaan siit\u00e4. T\u00e4st\u00e4 on annettava hallitukselle kiitos. Selonteosta k\u00e4y kauttaaltaan ilmi halu tarttua ongelmaan. Se sis\u00e4lt\u00e4\u00e4 analyysin ja se kattaa laajan kent\u00e4n. Kest\u00e4v\u00e4 kehitys ei koske vain ymp\u00e4rist\u00f6\u00e4, ilmastoa, taloutta tai sosiaalikysymyksi\u00e4. Agenda2030:ss\u00e4 on kyse my\u00f6s kaikkien oikeudesta veteen, ty\u00f6h\u00f6n ja terveyteen sek\u00e4 [&hellip;]<\/p>\n","protected":false},"author":1,"featured_media":3286,"comment_status":"open","ping_status":"open","sticky":false,"template":"","format":"standard","meta":{"jetpack_post_was_ever_published":false,"_jetpack_newsletter_access":"","jetpack_publicize_message":"","jetpack_is_tweetstorm":false,"jetpack_publicize_feature_enabled":true,"jetpack_social_post_already_shared":true,"jetpack_social_options":{"image_generator_settings":{"template":"highway","enabled":false}}},"categories":[18,60,11],"tags":[],"jetpack_publicize_connections":[],"yoast_head":"<!-- This site is optimized with the Yoast SEO plugin v20.12 - https:\/\/yoast.com\/wordpress\/plugins\/seo\/ -->\n<title>Ryhm\u00e4puheenvuoro eduskunnan keskustelussa Agenda 2030-ohjelmasta ja kest\u00e4v\u00e4st\u00e4 kehityksest\u00e4 15.2.2017 - Anders Adlercreutz<\/title>\n<meta name=\"robots\" content=\"index, follow, max-snippet:-1, max-image-preview:large, max-video-preview:-1\" \/>\n<link rel=\"canonical\" href=\"https:\/\/andersadlercreutz.fi\/blog\/kestava-kehitys\/ryhmapuheenvuoro-eduskunnan-keskustelussa-agenda-2030-ohjelmasta-ja-kestavasta-kehityksesta-15-2-2017\/\" \/>\n<meta property=\"og:locale\" content=\"sv_SE\" \/>\n<meta property=\"og:type\" content=\"article\" \/>\n<meta property=\"og:title\" content=\"Ryhm\u00e4puheenvuoro eduskunnan keskustelussa Agenda 2030-ohjelmasta ja kest\u00e4v\u00e4st\u00e4 kehityksest\u00e4 15.2.2017 - Anders Adlercreutz\" \/>\n<meta property=\"og:description\" content=\"Arvoisa puhemies, On hyv\u00e4, ett\u00e4 hallitus teki selonteon ja ett\u00e4 p\u00e4\u00e4semme t\u00e4\u00e4ll\u00e4 keskustelemaan siit\u00e4. T\u00e4st\u00e4 on annettava hallitukselle kiitos. Selonteosta k\u00e4y kauttaaltaan ilmi halu tarttua ongelmaan. Se sis\u00e4lt\u00e4\u00e4 analyysin ja se kattaa laajan kent\u00e4n. Kest\u00e4v\u00e4 kehitys ei koske vain ymp\u00e4rist\u00f6\u00e4, ilmastoa, taloutta tai sosiaalikysymyksi\u00e4. Agenda2030:ss\u00e4 on kyse my\u00f6s kaikkien oikeudesta veteen, ty\u00f6h\u00f6n ja terveyteen sek\u00e4 [&hellip;]\" \/>\n<meta property=\"og:url\" content=\"https:\/\/andersadlercreutz.fi\/blog\/kestava-kehitys\/ryhmapuheenvuoro-eduskunnan-keskustelussa-agenda-2030-ohjelmasta-ja-kestavasta-kehityksesta-15-2-2017\/?lang=fi\" \/>\n<meta property=\"og:site_name\" content=\"Anders Adlercreutz\" \/>\n<meta property=\"article:published_time\" content=\"2017-02-15T13:19:02+00:00\" \/>\n<meta property=\"article:modified_time\" content=\"2017-02-16T12:30:38+00:00\" \/>\n<meta property=\"og:image\" content=\"https:\/\/i0.wp.com\/andersadlercreutz.fi\/blog\/wp-content\/uploads\/2017\/02\/Agenda_3_150217.jpg?fit=653%2C364&ssl=1\" \/>\n\t<meta property=\"og:image:width\" content=\"653\" \/>\n\t<meta property=\"og:image:height\" content=\"364\" \/>\n\t<meta property=\"og:image:type\" content=\"image\/jpeg\" \/>\n<meta name=\"author\" content=\"Anders\" \/>\n<meta name=\"twitter:card\" content=\"summary_large_image\" \/>\n<meta name=\"twitter:label1\" content=\"Skriven av\" \/>\n\t<meta name=\"twitter:data1\" content=\"Anders\" \/>\n\t<meta name=\"twitter:label2\" content=\"Ber\u00e4knad l\u00e4stid\" \/>\n\t<meta name=\"twitter:data2\" content=\"3 minuter\" \/>\n<script type=\"application\/ld+json\" class=\"yoast-schema-graph\">{\"@context\":\"https:\/\/schema.org\",\"@graph\":[{\"@type\":\"WebPage\",\"@id\":\"https:\/\/andersadlercreutz.fi\/blog\/kestava-kehitys\/ryhmapuheenvuoro-eduskunnan-keskustelussa-agenda-2030-ohjelmasta-ja-kestavasta-kehityksesta-15-2-2017\/?lang=fi\",\"url\":\"https:\/\/andersadlercreutz.fi\/blog\/kestava-kehitys\/ryhmapuheenvuoro-eduskunnan-keskustelussa-agenda-2030-ohjelmasta-ja-kestavasta-kehityksesta-15-2-2017\/?lang=fi\",\"name\":\"Ryhm\u00e4puheenvuoro eduskunnan keskustelussa Agenda 2030-ohjelmasta ja kest\u00e4v\u00e4st\u00e4 kehityksest\u00e4 15.2.2017 - Anders Adlercreutz\",\"isPartOf\":{\"@id\":\"https:\/\/andersadlercreutz.fi\/blog\/#website\"},\"datePublished\":\"2017-02-15T13:19:02+00:00\",\"dateModified\":\"2017-02-16T12:30:38+00:00\",\"author\":{\"@id\":\"https:\/\/andersadlercreutz.fi\/blog\/#\/schema\/person\/47d4b72eded862b484f74bb4b3a2354f\"},\"breadcrumb\":{\"@id\":\"https:\/\/andersadlercreutz.fi\/blog\/kestava-kehitys\/ryhmapuheenvuoro-eduskunnan-keskustelussa-agenda-2030-ohjelmasta-ja-kestavasta-kehityksesta-15-2-2017\/?lang=fi#breadcrumb\"},\"inLanguage\":\"sv-SE\",\"potentialAction\":[{\"@type\":\"ReadAction\",\"target\":[\"https:\/\/andersadlercreutz.fi\/blog\/kestava-kehitys\/ryhmapuheenvuoro-eduskunnan-keskustelussa-agenda-2030-ohjelmasta-ja-kestavasta-kehityksesta-15-2-2017\/?lang=fi\"]}]},{\"@type\":\"BreadcrumbList\",\"@id\":\"https:\/\/andersadlercreutz.fi\/blog\/kestava-kehitys\/ryhmapuheenvuoro-eduskunnan-keskustelussa-agenda-2030-ohjelmasta-ja-kestavasta-kehityksesta-15-2-2017\/?lang=fi#breadcrumb\",\"itemListElement\":[{\"@type\":\"ListItem\",\"position\":1,\"name\":\"Home\",\"item\":\"https:\/\/andersadlercreutz.fi\/blog\/blogg\/?lang=sv\"},{\"@type\":\"ListItem\",\"position\":2,\"name\":\"Ryhm\u00e4puheenvuoro eduskunnan keskustelussa Agenda 2030-ohjelmasta ja kest\u00e4v\u00e4st\u00e4 kehityksest\u00e4 15.2.2017\"}]},{\"@type\":\"WebSite\",\"@id\":\"https:\/\/andersadlercreutz.fi\/blog\/#website\",\"url\":\"https:\/\/andersadlercreutz.fi\/blog\/\",\"name\":\"Anders Adlercreutz\",\"description\":\"Du. Jag. Vi. Kest&auml;v&auml;sti optimisti\",\"potentialAction\":[{\"@type\":\"SearchAction\",\"target\":{\"@type\":\"EntryPoint\",\"urlTemplate\":\"https:\/\/andersadlercreutz.fi\/blog\/?s={search_term_string}\"},\"query-input\":\"required name=search_term_string\"}],\"inLanguage\":\"sv-SE\"},{\"@type\":\"Person\",\"@id\":\"https:\/\/andersadlercreutz.fi\/blog\/#\/schema\/person\/47d4b72eded862b484f74bb4b3a2354f\",\"name\":\"Anders\",\"image\":{\"@type\":\"ImageObject\",\"inLanguage\":\"sv-SE\",\"@id\":\"https:\/\/andersadlercreutz.fi\/blog\/#\/schema\/person\/image\/\",\"url\":\"https:\/\/secure.gravatar.com\/avatar\/a144c9bda7a581ff6fabba169027e620?s=96&d=mm&r=g\",\"contentUrl\":\"https:\/\/secure.gravatar.com\/avatar\/a144c9bda7a581ff6fabba169027e620?s=96&d=mm&r=g\",\"caption\":\"Anders\"},\"url\":\"https:\/\/andersadlercreutz.fi\/blog\/author\/admin\/\"}]}<\/script>\n<!-- \/ Yoast SEO plugin. -->","yoast_head_json":{"title":"Ryhm\u00e4puheenvuoro eduskunnan keskustelussa Agenda 2030-ohjelmasta ja kest\u00e4v\u00e4st\u00e4 kehityksest\u00e4 15.2.2017 - Anders Adlercreutz","robots":{"index":"index","follow":"follow","max-snippet":"max-snippet:-1","max-image-preview":"max-image-preview:large","max-video-preview":"max-video-preview:-1"},"canonical":"https:\/\/andersadlercreutz.fi\/blog\/kestava-kehitys\/ryhmapuheenvuoro-eduskunnan-keskustelussa-agenda-2030-ohjelmasta-ja-kestavasta-kehityksesta-15-2-2017\/","og_locale":"sv_SE","og_type":"article","og_title":"Ryhm\u00e4puheenvuoro eduskunnan keskustelussa Agenda 2030-ohjelmasta ja kest\u00e4v\u00e4st\u00e4 kehityksest\u00e4 15.2.2017 - Anders Adlercreutz","og_description":"Arvoisa puhemies, On hyv\u00e4, ett\u00e4 hallitus teki selonteon ja ett\u00e4 p\u00e4\u00e4semme t\u00e4\u00e4ll\u00e4 keskustelemaan siit\u00e4. T\u00e4st\u00e4 on annettava hallitukselle kiitos. Selonteosta k\u00e4y kauttaaltaan ilmi halu tarttua ongelmaan. Se sis\u00e4lt\u00e4\u00e4 analyysin ja se kattaa laajan kent\u00e4n. Kest\u00e4v\u00e4 kehitys ei koske vain ymp\u00e4rist\u00f6\u00e4, ilmastoa, taloutta tai sosiaalikysymyksi\u00e4. Agenda2030:ss\u00e4 on kyse my\u00f6s kaikkien oikeudesta veteen, ty\u00f6h\u00f6n ja terveyteen sek\u00e4 [&hellip;]","og_url":"https:\/\/andersadlercreutz.fi\/blog\/kestava-kehitys\/ryhmapuheenvuoro-eduskunnan-keskustelussa-agenda-2030-ohjelmasta-ja-kestavasta-kehityksesta-15-2-2017\/?lang=fi","og_site_name":"Anders Adlercreutz","article_published_time":"2017-02-15T13:19:02+00:00","article_modified_time":"2017-02-16T12:30:38+00:00","og_image":[{"width":653,"height":364,"url":"https:\/\/i0.wp.com\/andersadlercreutz.fi\/blog\/wp-content\/uploads\/2017\/02\/Agenda_3_150217.jpg?fit=653%2C364&ssl=1","type":"image\/jpeg"}],"author":"Anders","twitter_card":"summary_large_image","twitter_misc":{"Skriven av":"Anders","Ber\u00e4knad l\u00e4stid":"3 minuter"},"schema":{"@context":"https:\/\/schema.org","@graph":[{"@type":"WebPage","@id":"https:\/\/andersadlercreutz.fi\/blog\/kestava-kehitys\/ryhmapuheenvuoro-eduskunnan-keskustelussa-agenda-2030-ohjelmasta-ja-kestavasta-kehityksesta-15-2-2017\/?lang=fi","url":"https:\/\/andersadlercreutz.fi\/blog\/kestava-kehitys\/ryhmapuheenvuoro-eduskunnan-keskustelussa-agenda-2030-ohjelmasta-ja-kestavasta-kehityksesta-15-2-2017\/?lang=fi","name":"Ryhm\u00e4puheenvuoro eduskunnan keskustelussa Agenda 2030-ohjelmasta ja kest\u00e4v\u00e4st\u00e4 kehityksest\u00e4 15.2.2017 - Anders Adlercreutz","isPartOf":{"@id":"https:\/\/andersadlercreutz.fi\/blog\/#website"},"datePublished":"2017-02-15T13:19:02+00:00","dateModified":"2017-02-16T12:30:38+00:00","author":{"@id":"https:\/\/andersadlercreutz.fi\/blog\/#\/schema\/person\/47d4b72eded862b484f74bb4b3a2354f"},"breadcrumb":{"@id":"https:\/\/andersadlercreutz.fi\/blog\/kestava-kehitys\/ryhmapuheenvuoro-eduskunnan-keskustelussa-agenda-2030-ohjelmasta-ja-kestavasta-kehityksesta-15-2-2017\/?lang=fi#breadcrumb"},"inLanguage":"sv-SE","potentialAction":[{"@type":"ReadAction","target":["https:\/\/andersadlercreutz.fi\/blog\/kestava-kehitys\/ryhmapuheenvuoro-eduskunnan-keskustelussa-agenda-2030-ohjelmasta-ja-kestavasta-kehityksesta-15-2-2017\/?lang=fi"]}]},{"@type":"BreadcrumbList","@id":"https:\/\/andersadlercreutz.fi\/blog\/kestava-kehitys\/ryhmapuheenvuoro-eduskunnan-keskustelussa-agenda-2030-ohjelmasta-ja-kestavasta-kehityksesta-15-2-2017\/?lang=fi#breadcrumb","itemListElement":[{"@type":"ListItem","position":1,"name":"Home","item":"https:\/\/andersadlercreutz.fi\/blog\/blogg\/?lang=sv"},{"@type":"ListItem","position":2,"name":"Ryhm\u00e4puheenvuoro eduskunnan keskustelussa Agenda 2030-ohjelmasta ja kest\u00e4v\u00e4st\u00e4 kehityksest\u00e4 15.2.2017"}]},{"@type":"WebSite","@id":"https:\/\/andersadlercreutz.fi\/blog\/#website","url":"https:\/\/andersadlercreutz.fi\/blog\/","name":"Anders Adlercreutz","description":"Du. Jag. Vi. Kest&auml;v&auml;sti optimisti","potentialAction":[{"@type":"SearchAction","target":{"@type":"EntryPoint","urlTemplate":"https:\/\/andersadlercreutz.fi\/blog\/?s={search_term_string}"},"query-input":"required name=search_term_string"}],"inLanguage":"sv-SE"},{"@type":"Person","@id":"https:\/\/andersadlercreutz.fi\/blog\/#\/schema\/person\/47d4b72eded862b484f74bb4b3a2354f","name":"Anders","image":{"@type":"ImageObject","inLanguage":"sv-SE","@id":"https:\/\/andersadlercreutz.fi\/blog\/#\/schema\/person\/image\/","url":"https:\/\/secure.gravatar.com\/avatar\/a144c9bda7a581ff6fabba169027e620?s=96&d=mm&r=g","contentUrl":"https:\/\/secure.gravatar.com\/avatar\/a144c9bda7a581ff6fabba169027e620?s=96&d=mm&r=g","caption":"Anders"},"url":"https:\/\/andersadlercreutz.fi\/blog\/author\/admin\/"}]}},"jetpack_featured_media_url":"https:\/\/i0.wp.com\/andersadlercreutz.fi\/blog\/wp-content\/uploads\/2017\/02\/Agenda_3_150217.jpg?fit=653%2C364&ssl=1","jetpack_shortlink":"https:\/\/wp.me\/p4T6Dh-QV","jetpack_sharing_enabled":true,"_links":{"self":[{"href":"https:\/\/andersadlercreutz.fi\/blog\/wp-json\/wp\/v2\/posts\/3281"}],"collection":[{"href":"https:\/\/andersadlercreutz.fi\/blog\/wp-json\/wp\/v2\/posts"}],"about":[{"href":"https:\/\/andersadlercreutz.fi\/blog\/wp-json\/wp\/v2\/types\/post"}],"author":[{"embeddable":true,"href":"https:\/\/andersadlercreutz.fi\/blog\/wp-json\/wp\/v2\/users\/1"}],"replies":[{"embeddable":true,"href":"https:\/\/andersadlercreutz.fi\/blog\/wp-json\/wp\/v2\/comments?post=3281"}],"version-history":[{"count":6,"href":"https:\/\/andersadlercreutz.fi\/blog\/wp-json\/wp\/v2\/posts\/3281\/revisions"}],"predecessor-version":[{"id":3294,"href":"https:\/\/andersadlercreutz.fi\/blog\/wp-json\/wp\/v2\/posts\/3281\/revisions\/3294"}],"wp:featuredmedia":[{"embeddable":true,"href":"https:\/\/andersadlercreutz.fi\/blog\/wp-json\/wp\/v2\/media\/3286"}],"wp:attachment":[{"href":"https:\/\/andersadlercreutz.fi\/blog\/wp-json\/wp\/v2\/media?parent=3281"}],"wp:term":[{"taxonomy":"category","embeddable":true,"href":"https:\/\/andersadlercreutz.fi\/blog\/wp-json\/wp\/v2\/categories?post=3281"},{"taxonomy":"post_tag","embeddable":true,"href":"https:\/\/andersadlercreutz.fi\/blog\/wp-json\/wp\/v2\/tags?post=3281"}],"curies":[{"name":"wp","href":"https:\/\/api.w.org\/{rel}","templated":true}]}}