{"id":3302,"date":"2017-03-01T10:52:19","date_gmt":"2017-03-01T08:52:19","guid":{"rendered":"http:\/\/andersadlercreutz.fi\/blog\/?p=3302"},"modified":"2017-03-01T10:52:19","modified_gmt":"2017-03-01T08:52:19","slug":"valinnanvapautta-pitaa-kokeilla-maakunnissa","status":"publish","type":"post","link":"https:\/\/andersadlercreutz.fi\/blog\/eduskunta\/valinnanvapautta-pitaa-kokeilla-maakunnissa\/?lang=fi","title":{"rendered":"Valinnanvapautta pit\u00e4\u00e4 kokeilla maakunnissa"},"content":{"rendered":"<p><span style=\"color: #000000; font-family: Calibri;\">Lehdist\u00f6tiedote 1.3.2017<br \/>\nJulkaisuvapaa heti<br \/>\n<\/span><\/p>\n<p><span style=\"color: #000000; font-family: Calibri;\">\u00a0<\/span><\/p>\n<p><span style=\"color: #000000; font-family: Calibri;\">Sote-uudistukseen liitetty valinnanvapaus on viime p\u00e4ivien aikana saanut runsaasti kritiikki\u00e4. RKP:n kansanedustaja Anders Adlercreutz katsoo, ett\u00e4 valinnanvapautta tulisi kokeilla nykyist\u00e4 laajemmassa mittakaavassa. T\u00e4ll\u00e4 hetkell\u00e4 viidell\u00e4 paikkakunnalla on k\u00e4ynniss\u00e4 valinnanvapauskokeilu, jossa erilaisia valinnanvapauden toteutustapoja testataan k\u00e4yt\u00e4nn\u00f6ss\u00e4.<\/span><\/p>\n<p><span style=\"color: #000000; font-family: Calibri;\">&#8211; Paikalliset kokeilut ovat hyvi\u00e4 mutta niiden avulla ei saada tietoa siit\u00e4, miten valinnanvapaus toimii kokonaisissa maakunnissa. Hallituksen linja on t\u00e4ll\u00e4 hetkell\u00e4, ett\u00e4 1.1.2019 Suomeen tulisi yksi iso valinnanvapauskokeilu. Riski on suuri, ett\u00e4 systeemi ei toimikaan toivotulla tavalla, sanoo Adlercreutz.<\/span><\/p>\n<p><span style=\"color: #000000; font-family: Calibri;\">Mik\u00e4li sote-uudistus etenee, perustetaan Suomeen maakuntia, joiden vastuulla valinnanvapaus k\u00e4yt\u00e4nn\u00f6ss\u00e4 on. Maakunnat eroavat kooltaan merkitt\u00e4v\u00e4sti toisistaan. Esimerkiksi Uusimaa on noin 22 kertaa suurempi kuin Kainuun tai Keski-Pohjanmaan maakunnat.<\/span><\/p>\n<p><span style=\"color: #000000; font-family: Calibri;\">&#8211; Valinnanvapaus tulisi ensiksi ottaa kokeiluun muutamassa maakunnassa. <\/span><span style=\"color: #000000; font-family: Calibri;\">Jos j\u00e4rjestelm\u00e4 on toimiva, voidaan se askeleittain ulottaa koko maahan.\u00a0<\/span><span style=\"color: #000000; font-family: Calibri;\">Vasta sitten, kun valinnanvapautta kokeillaan kokonaisessa maakunnassa eik\u00e4 vain yksitt\u00e4isiss\u00e4 terveyskeskuksissa, voidaan todella tiet\u00e4\u00e4 miten se toimii.<\/span><\/p>\n","protected":false},"excerpt":{"rendered":"<p>Lehdist\u00f6tiedote 1.3.2017 Julkaisuvapaa heti \u00a0 Sote-uudistukseen liitetty valinnanvapaus on viime p\u00e4ivien aikana saanut runsaasti kritiikki\u00e4. RKP:n kansanedustaja Anders Adlercreutz katsoo, ett\u00e4 valinnanvapautta tulisi kokeilla nykyist\u00e4 laajemmassa mittakaavassa. T\u00e4ll\u00e4 hetkell\u00e4 viidell\u00e4 paikkakunnalla on k\u00e4ynniss\u00e4 valinnanvapauskokeilu, jossa erilaisia valinnanvapauden toteutustapoja testataan k\u00e4yt\u00e4nn\u00f6ss\u00e4. &#8211; Paikalliset kokeilut ovat hyvi\u00e4 mutta niiden avulla ei saada tietoa siit\u00e4, miten valinnanvapaus toimii [&hellip;]<\/p>\n","protected":false},"author":1,"featured_media":0,"comment_status":"open","ping_status":"open","sticky":false,"template":"","format":"standard","meta":{"jetpack_post_was_ever_published":false,"_jetpack_newsletter_access":"","jetpack_publicize_message":"","jetpack_is_tweetstorm":false,"jetpack_publicize_feature_enabled":true,"jetpack_social_post_already_shared":true,"jetpack_social_options":{"image_generator_settings":{"template":"highway","enabled":false}}},"categories":[60,71],"tags":[],"jetpack_publicize_connections":[],"yoast_head":"<!-- This site is optimized with the Yoast SEO plugin v20.12 - https:\/\/yoast.com\/wordpress\/plugins\/seo\/ -->\n<title>Valinnanvapautta pit\u00e4\u00e4 kokeilla maakunnissa - Anders Adlercreutz<\/title>\n<meta name=\"robots\" content=\"index, follow, max-snippet:-1, max-image-preview:large, max-video-preview:-1\" \/>\n<link rel=\"canonical\" href=\"https:\/\/andersadlercreutz.fi\/blog\/eduskunta\/valinnanvapautta-pitaa-kokeilla-maakunnissa\/\" \/>\n<meta property=\"og:locale\" content=\"sv_SE\" \/>\n<meta property=\"og:type\" content=\"article\" \/>\n<meta property=\"og:title\" content=\"Valinnanvapautta pit\u00e4\u00e4 kokeilla maakunnissa - Anders Adlercreutz\" \/>\n<meta property=\"og:description\" content=\"Lehdist\u00f6tiedote 1.3.2017 Julkaisuvapaa heti \u00a0 Sote-uudistukseen liitetty valinnanvapaus on viime p\u00e4ivien aikana saanut runsaasti kritiikki\u00e4. RKP:n kansanedustaja Anders Adlercreutz katsoo, ett\u00e4 valinnanvapautta tulisi kokeilla nykyist\u00e4 laajemmassa mittakaavassa. T\u00e4ll\u00e4 hetkell\u00e4 viidell\u00e4 paikkakunnalla on k\u00e4ynniss\u00e4 valinnanvapauskokeilu, jossa erilaisia valinnanvapauden toteutustapoja testataan k\u00e4yt\u00e4nn\u00f6ss\u00e4. &#8211; Paikalliset kokeilut ovat hyvi\u00e4 mutta niiden avulla ei saada tietoa siit\u00e4, miten valinnanvapaus toimii [&hellip;]\" \/>\n<meta property=\"og:url\" content=\"https:\/\/andersadlercreutz.fi\/blog\/eduskunta\/valinnanvapautta-pitaa-kokeilla-maakunnissa\/?lang=fi\" \/>\n<meta property=\"og:site_name\" content=\"Anders Adlercreutz\" \/>\n<meta property=\"article:published_time\" content=\"2017-03-01T08:52:19+00:00\" \/>\n<meta name=\"author\" content=\"Anders\" \/>\n<meta name=\"twitter:card\" content=\"summary_large_image\" \/>\n<meta name=\"twitter:label1\" content=\"Skriven av\" \/>\n\t<meta name=\"twitter:data1\" content=\"Anders\" \/>\n\t<meta name=\"twitter:label2\" content=\"Ber\u00e4knad l\u00e4stid\" \/>\n\t<meta name=\"twitter:data2\" content=\"1 minut\" \/>\n<script type=\"application\/ld+json\" class=\"yoast-schema-graph\">{\"@context\":\"https:\/\/schema.org\",\"@graph\":[{\"@type\":\"WebPage\",\"@id\":\"https:\/\/andersadlercreutz.fi\/blog\/eduskunta\/valinnanvapautta-pitaa-kokeilla-maakunnissa\/?lang=fi\",\"url\":\"https:\/\/andersadlercreutz.fi\/blog\/eduskunta\/valinnanvapautta-pitaa-kokeilla-maakunnissa\/?lang=fi\",\"name\":\"Valinnanvapautta pit\u00e4\u00e4 kokeilla maakunnissa - Anders Adlercreutz\",\"isPartOf\":{\"@id\":\"https:\/\/andersadlercreutz.fi\/blog\/#website\"},\"datePublished\":\"2017-03-01T08:52:19+00:00\",\"dateModified\":\"2017-03-01T08:52:19+00:00\",\"author\":{\"@id\":\"https:\/\/andersadlercreutz.fi\/blog\/#\/schema\/person\/47d4b72eded862b484f74bb4b3a2354f\"},\"breadcrumb\":{\"@id\":\"https:\/\/andersadlercreutz.fi\/blog\/eduskunta\/valinnanvapautta-pitaa-kokeilla-maakunnissa\/?lang=fi#breadcrumb\"},\"inLanguage\":\"sv-SE\",\"potentialAction\":[{\"@type\":\"ReadAction\",\"target\":[\"https:\/\/andersadlercreutz.fi\/blog\/eduskunta\/valinnanvapautta-pitaa-kokeilla-maakunnissa\/?lang=fi\"]}]},{\"@type\":\"BreadcrumbList\",\"@id\":\"https:\/\/andersadlercreutz.fi\/blog\/eduskunta\/valinnanvapautta-pitaa-kokeilla-maakunnissa\/?lang=fi#breadcrumb\",\"itemListElement\":[{\"@type\":\"ListItem\",\"position\":1,\"name\":\"Home\",\"item\":\"https:\/\/andersadlercreutz.fi\/blog\/blogg\/?lang=sv\"},{\"@type\":\"ListItem\",\"position\":2,\"name\":\"Valinnanvapautta pit\u00e4\u00e4 kokeilla maakunnissa\"}]},{\"@type\":\"WebSite\",\"@id\":\"https:\/\/andersadlercreutz.fi\/blog\/#website\",\"url\":\"https:\/\/andersadlercreutz.fi\/blog\/\",\"name\":\"Anders Adlercreutz\",\"description\":\"Du. Jag. Vi. Kest&auml;v&auml;sti optimisti\",\"potentialAction\":[{\"@type\":\"SearchAction\",\"target\":{\"@type\":\"EntryPoint\",\"urlTemplate\":\"https:\/\/andersadlercreutz.fi\/blog\/?s={search_term_string}\"},\"query-input\":\"required name=search_term_string\"}],\"inLanguage\":\"sv-SE\"},{\"@type\":\"Person\",\"@id\":\"https:\/\/andersadlercreutz.fi\/blog\/#\/schema\/person\/47d4b72eded862b484f74bb4b3a2354f\",\"name\":\"Anders\",\"image\":{\"@type\":\"ImageObject\",\"inLanguage\":\"sv-SE\",\"@id\":\"https:\/\/andersadlercreutz.fi\/blog\/#\/schema\/person\/image\/\",\"url\":\"https:\/\/secure.gravatar.com\/avatar\/a144c9bda7a581ff6fabba169027e620?s=96&d=mm&r=g\",\"contentUrl\":\"https:\/\/secure.gravatar.com\/avatar\/a144c9bda7a581ff6fabba169027e620?s=96&d=mm&r=g\",\"caption\":\"Anders\"},\"url\":\"https:\/\/andersadlercreutz.fi\/blog\/author\/admin\/\"}]}<\/script>\n<!-- \/ Yoast SEO plugin. -->","yoast_head_json":{"title":"Valinnanvapautta pit\u00e4\u00e4 kokeilla maakunnissa - Anders Adlercreutz","robots":{"index":"index","follow":"follow","max-snippet":"max-snippet:-1","max-image-preview":"max-image-preview:large","max-video-preview":"max-video-preview:-1"},"canonical":"https:\/\/andersadlercreutz.fi\/blog\/eduskunta\/valinnanvapautta-pitaa-kokeilla-maakunnissa\/","og_locale":"sv_SE","og_type":"article","og_title":"Valinnanvapautta pit\u00e4\u00e4 kokeilla maakunnissa - Anders Adlercreutz","og_description":"Lehdist\u00f6tiedote 1.3.2017 Julkaisuvapaa heti \u00a0 Sote-uudistukseen liitetty valinnanvapaus on viime p\u00e4ivien aikana saanut runsaasti kritiikki\u00e4. RKP:n kansanedustaja Anders Adlercreutz katsoo, ett\u00e4 valinnanvapautta tulisi kokeilla nykyist\u00e4 laajemmassa mittakaavassa. T\u00e4ll\u00e4 hetkell\u00e4 viidell\u00e4 paikkakunnalla on k\u00e4ynniss\u00e4 valinnanvapauskokeilu, jossa erilaisia valinnanvapauden toteutustapoja testataan k\u00e4yt\u00e4nn\u00f6ss\u00e4. &#8211; Paikalliset kokeilut ovat hyvi\u00e4 mutta niiden avulla ei saada tietoa siit\u00e4, miten valinnanvapaus toimii [&hellip;]","og_url":"https:\/\/andersadlercreutz.fi\/blog\/eduskunta\/valinnanvapautta-pitaa-kokeilla-maakunnissa\/?lang=fi","og_site_name":"Anders Adlercreutz","article_published_time":"2017-03-01T08:52:19+00:00","author":"Anders","twitter_card":"summary_large_image","twitter_misc":{"Skriven av":"Anders","Ber\u00e4knad l\u00e4stid":"1 minut"},"schema":{"@context":"https:\/\/schema.org","@graph":[{"@type":"WebPage","@id":"https:\/\/andersadlercreutz.fi\/blog\/eduskunta\/valinnanvapautta-pitaa-kokeilla-maakunnissa\/?lang=fi","url":"https:\/\/andersadlercreutz.fi\/blog\/eduskunta\/valinnanvapautta-pitaa-kokeilla-maakunnissa\/?lang=fi","name":"Valinnanvapautta pit\u00e4\u00e4 kokeilla maakunnissa - Anders Adlercreutz","isPartOf":{"@id":"https:\/\/andersadlercreutz.fi\/blog\/#website"},"datePublished":"2017-03-01T08:52:19+00:00","dateModified":"2017-03-01T08:52:19+00:00","author":{"@id":"https:\/\/andersadlercreutz.fi\/blog\/#\/schema\/person\/47d4b72eded862b484f74bb4b3a2354f"},"breadcrumb":{"@id":"https:\/\/andersadlercreutz.fi\/blog\/eduskunta\/valinnanvapautta-pitaa-kokeilla-maakunnissa\/?lang=fi#breadcrumb"},"inLanguage":"sv-SE","potentialAction":[{"@type":"ReadAction","target":["https:\/\/andersadlercreutz.fi\/blog\/eduskunta\/valinnanvapautta-pitaa-kokeilla-maakunnissa\/?lang=fi"]}]},{"@type":"BreadcrumbList","@id":"https:\/\/andersadlercreutz.fi\/blog\/eduskunta\/valinnanvapautta-pitaa-kokeilla-maakunnissa\/?lang=fi#breadcrumb","itemListElement":[{"@type":"ListItem","position":1,"name":"Home","item":"https:\/\/andersadlercreutz.fi\/blog\/blogg\/?lang=sv"},{"@type":"ListItem","position":2,"name":"Valinnanvapautta pit\u00e4\u00e4 kokeilla maakunnissa"}]},{"@type":"WebSite","@id":"https:\/\/andersadlercreutz.fi\/blog\/#website","url":"https:\/\/andersadlercreutz.fi\/blog\/","name":"Anders Adlercreutz","description":"Du. Jag. Vi. Kest&auml;v&auml;sti optimisti","potentialAction":[{"@type":"SearchAction","target":{"@type":"EntryPoint","urlTemplate":"https:\/\/andersadlercreutz.fi\/blog\/?s={search_term_string}"},"query-input":"required name=search_term_string"}],"inLanguage":"sv-SE"},{"@type":"Person","@id":"https:\/\/andersadlercreutz.fi\/blog\/#\/schema\/person\/47d4b72eded862b484f74bb4b3a2354f","name":"Anders","image":{"@type":"ImageObject","inLanguage":"sv-SE","@id":"https:\/\/andersadlercreutz.fi\/blog\/#\/schema\/person\/image\/","url":"https:\/\/secure.gravatar.com\/avatar\/a144c9bda7a581ff6fabba169027e620?s=96&d=mm&r=g","contentUrl":"https:\/\/secure.gravatar.com\/avatar\/a144c9bda7a581ff6fabba169027e620?s=96&d=mm&r=g","caption":"Anders"},"url":"https:\/\/andersadlercreutz.fi\/blog\/author\/admin\/"}]}},"jetpack_featured_media_url":"","jetpack_shortlink":"https:\/\/wp.me\/p4T6Dh-Rg","jetpack_sharing_enabled":true,"_links":{"self":[{"href":"https:\/\/andersadlercreutz.fi\/blog\/wp-json\/wp\/v2\/posts\/3302"}],"collection":[{"href":"https:\/\/andersadlercreutz.fi\/blog\/wp-json\/wp\/v2\/posts"}],"about":[{"href":"https:\/\/andersadlercreutz.fi\/blog\/wp-json\/wp\/v2\/types\/post"}],"author":[{"embeddable":true,"href":"https:\/\/andersadlercreutz.fi\/blog\/wp-json\/wp\/v2\/users\/1"}],"replies":[{"embeddable":true,"href":"https:\/\/andersadlercreutz.fi\/blog\/wp-json\/wp\/v2\/comments?post=3302"}],"version-history":[{"count":1,"href":"https:\/\/andersadlercreutz.fi\/blog\/wp-json\/wp\/v2\/posts\/3302\/revisions"}],"predecessor-version":[{"id":3303,"href":"https:\/\/andersadlercreutz.fi\/blog\/wp-json\/wp\/v2\/posts\/3302\/revisions\/3303"}],"wp:attachment":[{"href":"https:\/\/andersadlercreutz.fi\/blog\/wp-json\/wp\/v2\/media?parent=3302"}],"wp:term":[{"taxonomy":"category","embeddable":true,"href":"https:\/\/andersadlercreutz.fi\/blog\/wp-json\/wp\/v2\/categories?post=3302"},{"taxonomy":"post_tag","embeddable":true,"href":"https:\/\/andersadlercreutz.fi\/blog\/wp-json\/wp\/v2\/tags?post=3302"}],"curies":[{"name":"wp","href":"https:\/\/api.w.org\/{rel}","templated":true}]}}