{"id":3344,"date":"2017-03-16T11:28:43","date_gmt":"2017-03-16T09:28:43","guid":{"rendered":"http:\/\/andersadlercreutz.fi\/blog\/?p=3344"},"modified":"2017-03-16T11:28:43","modified_gmt":"2017-03-16T09:28:43","slug":"anforande-i-interpellationsdebatten-om-nedskarningarna-inom-yrkesutbildningen-och-om-de-okande-utbildningsklyftorna-15-3-2017","status":"publish","type":"post","link":"https:\/\/andersadlercreutz.fi\/blog\/undervisning\/anforande-i-interpellationsdebatten-om-nedskarningarna-inom-yrkesutbildningen-och-om-de-okande-utbildningsklyftorna-15-3-2017\/","title":{"rendered":"Anf\u00f6rande i interpellationsdebatten om nedsk\u00e4rningarna inom yrkesutbildningen och om de \u00f6kande utbildningsklyftorna 15.3.2017"},"content":{"rendered":"<p>V\u00e4rderade talman,<\/p>\n<p>Inf\u00f6r varje reform, inf\u00f6r varje f\u00f6r\u00e4ndring, \u00e4r det bra att se var man ligger. Vilket som \u00e4r utg\u00e5ngsl\u00e4get. Och sedan dra sina slutsatser.<\/p>\n<p>Och vi vet var vi \u00e4r. I en nordisk j\u00e4mf\u00f6relse har Finland det h\u00f6gsta antalet s\u00e5 kallade NEET-ungdomar \u2013 <em>neither in employment nor in education or training<\/em>. \u00c5r 2015 var det h\u00e4r antalet 15,7 procent. Det \u00e4r n\u00e4stan dubbelt s\u00e5 m\u00e5nga som i de \u00f6vriga nordiska l\u00e4nderna.<\/p>\n<p>Arvoisa puhemies,<\/p>\n<p>T\u00e4m\u00e4nkin uudistuksen kohdalla olisi ollut syyt\u00e4 pohtia: miss\u00e4 me olemme t\u00e4n\u00e4\u00e4n? Ja vet\u00e4\u00e4 siit\u00e4 tarvittavat johtop\u00e4\u00e4t\u00f6kset.\u00a0Kysy\u00e4 siin\u00e4 kohtaa \u2013 onko nyt oikea hetki leikata 190 miljoonaa toiseen asteen koulutuksesta.<\/p>\n<p>Miss\u00e4 me siis olemme? Suomessa on Pohjoismaiden korkein osuus niin sanottuja NEET-nuoria, nuoria jotka ovat koulutusj\u00e4rjestelm\u00e4n tai ty\u00f6markkinoiden ulkopuolella. Muissa pohjoismaissa\u00a0osuus on alle 10\u00a0prosenttia \u2013 meill\u00e4 se oli vuonna 2015 l\u00e4hes 16 prosenttia.<\/p>\n<p>T\u00e4m\u00e4 leikkaus \u2013 joka tulee vaikuttamaan koulutuksen laatuun, koulutuksen saavutettavuuteen, koulutuspaikkojen m\u00e4\u00e4r\u00e4\u00e4n, koulutusohjelmien monipuolisuuteen \u2013 t\u00e4m\u00e4 leikkaus iskee juuri t\u00e4h\u00e4n ryhm\u00e4\u00e4n, tekee koulutukseen p\u00e4\u00e4syn vaikeammaksi. Ja ellei koulutukseen p\u00e4\u00e4se, jos siit\u00e4 tehd\u00e4\u00e4n entist\u00e4 vaikeampaa ja hankalampaa, niin silloin ty\u00f6llistymisen todenn\u00e4k\u00f6isyys putoaa entisest\u00e4\u00e4n.<\/p>\n<p>Mit\u00e4 me sanomme n\u00e4ille nuorille, jonka usko Suomeen vuoden 2016 Nuorisobarometrin mukaan on romahtanut?<\/p>\n<p>THL ei valitettavasti tarjoa mit\u00e4\u00e4n lohtua t\u00e4ss\u00e4 asiassa, n\u00e4in THL lausuu:<\/p>\n<p>\u201dKoulutuksen ulkopuolelle j\u00e4\u00e4minen on useiden tutkimusten mukaan syrj\u00e4ytymisen riskitekij\u00e4. Heikko menestyminen peruskoulussa johtaa helposti toisen asteen koulutuksesta karsiutumiseen ja t\u00e4m\u00e4 puolestaan ep\u00e4varmaan ty\u00f6markkina-asemaan. Ty\u00f6tt\u00f6myys, pitkittynyt ty\u00f6tt\u00f6myys ja toimeentulo-ongelmat ovat selv\u00e4sti yleisempi\u00e4 vain perusasteen koulutuksen suorittaneilla verrattuna koulutetumpiin nuoriin aikuisiin. Pelk\u00e4n peruskoulun suorittaneilla on lis\u00e4ksi useissa tutkimuksissa havaittu terveyteen ja etenkin psyykkiseen terveyteen liittyvi\u00e4 ongelmia sek\u00e4 muita el\u00e4m\u00e4nhallinnan ongelmia.\u201d<\/p>\n<p>T\u00e4t\u00e4 saattaa siis olla tarjolla.<\/p>\n<p>T\u00e4h\u00e4n leikkaukseen liittyy paitsi ilmiselv\u00e4 syrj\u00e4ytymisen kiihdytt\u00e4misen riski, my\u00f6s vakava ep\u00e4tasa-arvo-ongelma.<\/p>\n<p>V\u00e4rderade talman &#8211; det h\u00e4r \u00e4r ocks\u00e5 en j\u00e4mlikhetsfr\u00e5ga.<\/p>\n<p>Tillg\u00e4ngligheten till utbildning p\u00e5 andra stadiet \u00e4r inte j\u00e4mlik idag. Tillg\u00e4ngligheten till utbildning p\u00e5 svenska \u00e4r redan nu s\u00e4mre, och kan inte p\u00e5 n\u00e5got s\u00e4tt anses vara j\u00e4mst\u00e4lld med de utbildningsm\u00f6jligheter som finns p\u00e5 majoritetsspr\u00e5ket.<\/p>\n<p>Den h\u00e4r reformen kommer att \u00f6ka p\u00e5 denna oj\u00e4mlikhet.<\/p>\n<p>Ta till exempel Axxell, som sk\u00f6ter en stor del av utbildningen p\u00e5 andra stadiet. De har redan skurit ner antalet anst\u00e4llda med 25 procent. Enheten i Karis, till exempel, har ytterligare drabbats extra h\u00e5rt i och med regeringens \u00e5tg\u00e4rder som lett till f\u00f6rs\u00e4mring av kollektivtrafiken i v\u00e4stra Nyland. Och nu blir situationen \u00e4nnu s\u00e4mre.<\/p>\n<p>B\u00e4sta regering &#8211; v\u00e4rna om j\u00e4mlikheten, det att alla finl\u00e4ndare skall ha likv\u00e4rdiga m\u00f6jligheter till utbildning p\u00e5 lika villkor. \u00d6verallt i landet, p\u00e5 b\u00e5da nationalspr\u00e5ken.<\/p>\n<p>Itse uudistuksessa on hyv\u00e4\u00e4kin. On hyv\u00e4, ett\u00e4 hakuaika on jatkuva. On hyv\u00e4, ett\u00e4 tutkintorakennetta uudistetaan. On hyv\u00e4, ett\u00e4 rajat ammattiopintojen ja aikuisopintojen v\u00e4lill\u00e4 murretaan. On my\u00f6s hyv\u00e4, ett\u00e4 ty\u00f6el\u00e4m\u00e4ss\u00e4 oppimista edistet\u00e4\u00e4n \u2013 Keski-Euroopasta voisimme oppia oppisopimusk\u00e4yt\u00e4nn\u00f6n osalta paljon.<\/p>\n<p>Arvoisa puhemies,<\/p>\n<p>N\u00e4m\u00e4 hyv\u00e4t asiat olisivat olleet mahdollisia my\u00f6s ilman resurssien rajuja leikkauksia. Leikkauksia, jotka entisest\u00e4\u00e4n uhkaavat kiihdytt\u00e4\u00e4 syrj\u00e4ytymiskierrett\u00e4. Yhdymme edustaja Niinist\u00f6n esitt\u00e4m\u00e4\u00e4n ep\u00e4luottamuslauseeseen.<\/p>\n","protected":false},"excerpt":{"rendered":"<p>V\u00e4rderade talman, Inf\u00f6r varje reform, inf\u00f6r varje f\u00f6r\u00e4ndring, \u00e4r det bra att se var man ligger. Vilket som \u00e4r utg\u00e5ngsl\u00e4get. Och sedan dra sina slutsatser. Och vi vet var vi \u00e4r. I en nordisk j\u00e4mf\u00f6relse har Finland det h\u00f6gsta antalet s\u00e5 kallade NEET-ungdomar \u2013 neither in employment nor in education or training. \u00c5r 2015 var [&hellip;]<\/p>\n","protected":false},"author":1,"featured_media":3086,"comment_status":"open","ping_status":"open","sticky":false,"template":"","format":"standard","meta":{"jetpack_post_was_ever_published":false,"_jetpack_newsletter_access":"","jetpack_publicize_message":"","jetpack_is_tweetstorm":false,"jetpack_publicize_feature_enabled":true,"jetpack_social_post_already_shared":true,"jetpack_social_options":{"image_generator_settings":{"template":"highway","enabled":false}}},"categories":[46,62,64,63,41],"tags":[],"jetpack_publicize_connections":[],"yoast_head":"<!-- This site is optimized with the Yoast SEO plugin v20.12 - https:\/\/yoast.com\/wordpress\/plugins\/seo\/ -->\n<title>Anf\u00f6rande i interpellationsdebatten om nedsk\u00e4rningarna inom yrkesutbildningen och om de \u00f6kande utbildningsklyftorna 15.3.2017 - Anders Adlercreutz<\/title>\n<meta name=\"robots\" content=\"index, follow, max-snippet:-1, max-image-preview:large, max-video-preview:-1\" \/>\n<link rel=\"canonical\" href=\"https:\/\/andersadlercreutz.fi\/blog\/undervisning\/anforande-i-interpellationsdebatten-om-nedskarningarna-inom-yrkesutbildningen-och-om-de-okande-utbildningsklyftorna-15-3-2017\/\" \/>\n<meta property=\"og:locale\" content=\"sv_SE\" \/>\n<meta property=\"og:type\" content=\"article\" \/>\n<meta property=\"og:title\" content=\"Anf\u00f6rande i interpellationsdebatten om nedsk\u00e4rningarna inom yrkesutbildningen och om de \u00f6kande utbildningsklyftorna 15.3.2017 - Anders Adlercreutz\" \/>\n<meta property=\"og:description\" content=\"V\u00e4rderade talman, Inf\u00f6r varje reform, inf\u00f6r varje f\u00f6r\u00e4ndring, \u00e4r det bra att se var man ligger. Vilket som \u00e4r utg\u00e5ngsl\u00e4get. Och sedan dra sina slutsatser. Och vi vet var vi \u00e4r. I en nordisk j\u00e4mf\u00f6relse har Finland det h\u00f6gsta antalet s\u00e5 kallade NEET-ungdomar \u2013 neither in employment nor in education or training. \u00c5r 2015 var [&hellip;]\" \/>\n<meta property=\"og:url\" content=\"https:\/\/andersadlercreutz.fi\/blog\/undervisning\/anforande-i-interpellationsdebatten-om-nedskarningarna-inom-yrkesutbildningen-och-om-de-okande-utbildningsklyftorna-15-3-2017\/\" \/>\n<meta property=\"og:site_name\" content=\"Anders Adlercreutz\" \/>\n<meta property=\"article:published_time\" content=\"2017-03-16T09:28:43+00:00\" \/>\n<meta property=\"og:image\" content=\"https:\/\/i0.wp.com\/andersadlercreutz.fi\/blog\/wp-content\/uploads\/2016\/12\/Energia-ja-ilmastrostrategian-l\u00e4hetekeskustelu_301116.jpg?fit=660%2C369&ssl=1\" \/>\n\t<meta property=\"og:image:width\" content=\"660\" \/>\n\t<meta property=\"og:image:height\" content=\"369\" \/>\n\t<meta property=\"og:image:type\" content=\"image\/jpeg\" \/>\n<meta name=\"author\" content=\"Anders\" \/>\n<meta name=\"twitter:card\" content=\"summary_large_image\" \/>\n<meta name=\"twitter:label1\" content=\"Skriven av\" \/>\n\t<meta name=\"twitter:data1\" content=\"Anders\" \/>\n\t<meta name=\"twitter:label2\" content=\"Ber\u00e4knad l\u00e4stid\" \/>\n\t<meta name=\"twitter:data2\" content=\"3 minuter\" \/>\n<script type=\"application\/ld+json\" class=\"yoast-schema-graph\">{\"@context\":\"https:\/\/schema.org\",\"@graph\":[{\"@type\":\"WebPage\",\"@id\":\"https:\/\/andersadlercreutz.fi\/blog\/undervisning\/anforande-i-interpellationsdebatten-om-nedskarningarna-inom-yrkesutbildningen-och-om-de-okande-utbildningsklyftorna-15-3-2017\/\",\"url\":\"https:\/\/andersadlercreutz.fi\/blog\/undervisning\/anforande-i-interpellationsdebatten-om-nedskarningarna-inom-yrkesutbildningen-och-om-de-okande-utbildningsklyftorna-15-3-2017\/\",\"name\":\"Anf\u00f6rande i interpellationsdebatten om nedsk\u00e4rningarna inom yrkesutbildningen och om de \u00f6kande utbildningsklyftorna 15.3.2017 - Anders Adlercreutz\",\"isPartOf\":{\"@id\":\"https:\/\/andersadlercreutz.fi\/blog\/#website\"},\"datePublished\":\"2017-03-16T09:28:43+00:00\",\"dateModified\":\"2017-03-16T09:28:43+00:00\",\"author\":{\"@id\":\"https:\/\/andersadlercreutz.fi\/blog\/#\/schema\/person\/47d4b72eded862b484f74bb4b3a2354f\"},\"breadcrumb\":{\"@id\":\"https:\/\/andersadlercreutz.fi\/blog\/undervisning\/anforande-i-interpellationsdebatten-om-nedskarningarna-inom-yrkesutbildningen-och-om-de-okande-utbildningsklyftorna-15-3-2017\/#breadcrumb\"},\"inLanguage\":\"sv-SE\",\"potentialAction\":[{\"@type\":\"ReadAction\",\"target\":[\"https:\/\/andersadlercreutz.fi\/blog\/undervisning\/anforande-i-interpellationsdebatten-om-nedskarningarna-inom-yrkesutbildningen-och-om-de-okande-utbildningsklyftorna-15-3-2017\/\"]}]},{\"@type\":\"BreadcrumbList\",\"@id\":\"https:\/\/andersadlercreutz.fi\/blog\/undervisning\/anforande-i-interpellationsdebatten-om-nedskarningarna-inom-yrkesutbildningen-och-om-de-okande-utbildningsklyftorna-15-3-2017\/#breadcrumb\",\"itemListElement\":[{\"@type\":\"ListItem\",\"position\":1,\"name\":\"Home\",\"item\":\"https:\/\/andersadlercreutz.fi\/blog\/blogg\/?lang=sv\"},{\"@type\":\"ListItem\",\"position\":2,\"name\":\"Anf\u00f6rande i interpellationsdebatten om nedsk\u00e4rningarna inom yrkesutbildningen och om de \u00f6kande utbildningsklyftorna 15.3.2017\"}]},{\"@type\":\"WebSite\",\"@id\":\"https:\/\/andersadlercreutz.fi\/blog\/#website\",\"url\":\"https:\/\/andersadlercreutz.fi\/blog\/\",\"name\":\"Anders Adlercreutz\",\"description\":\"Du. Jag. Vi. Kest&auml;v&auml;sti optimisti\",\"potentialAction\":[{\"@type\":\"SearchAction\",\"target\":{\"@type\":\"EntryPoint\",\"urlTemplate\":\"https:\/\/andersadlercreutz.fi\/blog\/?s={search_term_string}\"},\"query-input\":\"required name=search_term_string\"}],\"inLanguage\":\"sv-SE\"},{\"@type\":\"Person\",\"@id\":\"https:\/\/andersadlercreutz.fi\/blog\/#\/schema\/person\/47d4b72eded862b484f74bb4b3a2354f\",\"name\":\"Anders\",\"image\":{\"@type\":\"ImageObject\",\"inLanguage\":\"sv-SE\",\"@id\":\"https:\/\/andersadlercreutz.fi\/blog\/#\/schema\/person\/image\/\",\"url\":\"https:\/\/secure.gravatar.com\/avatar\/a144c9bda7a581ff6fabba169027e620?s=96&d=mm&r=g\",\"contentUrl\":\"https:\/\/secure.gravatar.com\/avatar\/a144c9bda7a581ff6fabba169027e620?s=96&d=mm&r=g\",\"caption\":\"Anders\"},\"url\":\"https:\/\/andersadlercreutz.fi\/blog\/author\/admin\/\"}]}<\/script>\n<!-- \/ Yoast SEO plugin. -->","yoast_head_json":{"title":"Anf\u00f6rande i interpellationsdebatten om nedsk\u00e4rningarna inom yrkesutbildningen och om de \u00f6kande utbildningsklyftorna 15.3.2017 - Anders Adlercreutz","robots":{"index":"index","follow":"follow","max-snippet":"max-snippet:-1","max-image-preview":"max-image-preview:large","max-video-preview":"max-video-preview:-1"},"canonical":"https:\/\/andersadlercreutz.fi\/blog\/undervisning\/anforande-i-interpellationsdebatten-om-nedskarningarna-inom-yrkesutbildningen-och-om-de-okande-utbildningsklyftorna-15-3-2017\/","og_locale":"sv_SE","og_type":"article","og_title":"Anf\u00f6rande i interpellationsdebatten om nedsk\u00e4rningarna inom yrkesutbildningen och om de \u00f6kande utbildningsklyftorna 15.3.2017 - Anders Adlercreutz","og_description":"V\u00e4rderade talman, Inf\u00f6r varje reform, inf\u00f6r varje f\u00f6r\u00e4ndring, \u00e4r det bra att se var man ligger. Vilket som \u00e4r utg\u00e5ngsl\u00e4get. Och sedan dra sina slutsatser. Och vi vet var vi \u00e4r. I en nordisk j\u00e4mf\u00f6relse har Finland det h\u00f6gsta antalet s\u00e5 kallade NEET-ungdomar \u2013 neither in employment nor in education or training. \u00c5r 2015 var [&hellip;]","og_url":"https:\/\/andersadlercreutz.fi\/blog\/undervisning\/anforande-i-interpellationsdebatten-om-nedskarningarna-inom-yrkesutbildningen-och-om-de-okande-utbildningsklyftorna-15-3-2017\/","og_site_name":"Anders Adlercreutz","article_published_time":"2017-03-16T09:28:43+00:00","og_image":[{"width":660,"height":369,"url":"https:\/\/i0.wp.com\/andersadlercreutz.fi\/blog\/wp-content\/uploads\/2016\/12\/Energia-ja-ilmastrostrategian-l\u00e4hetekeskustelu_301116.jpg?fit=660%2C369&ssl=1","type":"image\/jpeg"}],"author":"Anders","twitter_card":"summary_large_image","twitter_misc":{"Skriven av":"Anders","Ber\u00e4knad l\u00e4stid":"3 minuter"},"schema":{"@context":"https:\/\/schema.org","@graph":[{"@type":"WebPage","@id":"https:\/\/andersadlercreutz.fi\/blog\/undervisning\/anforande-i-interpellationsdebatten-om-nedskarningarna-inom-yrkesutbildningen-och-om-de-okande-utbildningsklyftorna-15-3-2017\/","url":"https:\/\/andersadlercreutz.fi\/blog\/undervisning\/anforande-i-interpellationsdebatten-om-nedskarningarna-inom-yrkesutbildningen-och-om-de-okande-utbildningsklyftorna-15-3-2017\/","name":"Anf\u00f6rande i interpellationsdebatten om nedsk\u00e4rningarna inom yrkesutbildningen och om de \u00f6kande utbildningsklyftorna 15.3.2017 - Anders Adlercreutz","isPartOf":{"@id":"https:\/\/andersadlercreutz.fi\/blog\/#website"},"datePublished":"2017-03-16T09:28:43+00:00","dateModified":"2017-03-16T09:28:43+00:00","author":{"@id":"https:\/\/andersadlercreutz.fi\/blog\/#\/schema\/person\/47d4b72eded862b484f74bb4b3a2354f"},"breadcrumb":{"@id":"https:\/\/andersadlercreutz.fi\/blog\/undervisning\/anforande-i-interpellationsdebatten-om-nedskarningarna-inom-yrkesutbildningen-och-om-de-okande-utbildningsklyftorna-15-3-2017\/#breadcrumb"},"inLanguage":"sv-SE","potentialAction":[{"@type":"ReadAction","target":["https:\/\/andersadlercreutz.fi\/blog\/undervisning\/anforande-i-interpellationsdebatten-om-nedskarningarna-inom-yrkesutbildningen-och-om-de-okande-utbildningsklyftorna-15-3-2017\/"]}]},{"@type":"BreadcrumbList","@id":"https:\/\/andersadlercreutz.fi\/blog\/undervisning\/anforande-i-interpellationsdebatten-om-nedskarningarna-inom-yrkesutbildningen-och-om-de-okande-utbildningsklyftorna-15-3-2017\/#breadcrumb","itemListElement":[{"@type":"ListItem","position":1,"name":"Home","item":"https:\/\/andersadlercreutz.fi\/blog\/blogg\/?lang=sv"},{"@type":"ListItem","position":2,"name":"Anf\u00f6rande i interpellationsdebatten om nedsk\u00e4rningarna inom yrkesutbildningen och om de \u00f6kande utbildningsklyftorna 15.3.2017"}]},{"@type":"WebSite","@id":"https:\/\/andersadlercreutz.fi\/blog\/#website","url":"https:\/\/andersadlercreutz.fi\/blog\/","name":"Anders Adlercreutz","description":"Du. Jag. Vi. Kest&auml;v&auml;sti optimisti","potentialAction":[{"@type":"SearchAction","target":{"@type":"EntryPoint","urlTemplate":"https:\/\/andersadlercreutz.fi\/blog\/?s={search_term_string}"},"query-input":"required name=search_term_string"}],"inLanguage":"sv-SE"},{"@type":"Person","@id":"https:\/\/andersadlercreutz.fi\/blog\/#\/schema\/person\/47d4b72eded862b484f74bb4b3a2354f","name":"Anders","image":{"@type":"ImageObject","inLanguage":"sv-SE","@id":"https:\/\/andersadlercreutz.fi\/blog\/#\/schema\/person\/image\/","url":"https:\/\/secure.gravatar.com\/avatar\/a144c9bda7a581ff6fabba169027e620?s=96&d=mm&r=g","contentUrl":"https:\/\/secure.gravatar.com\/avatar\/a144c9bda7a581ff6fabba169027e620?s=96&d=mm&r=g","caption":"Anders"},"url":"https:\/\/andersadlercreutz.fi\/blog\/author\/admin\/"}]}},"jetpack_featured_media_url":"https:\/\/i0.wp.com\/andersadlercreutz.fi\/blog\/wp-content\/uploads\/2016\/12\/Energia-ja-ilmastrostrategian-l\u00e4hetekeskustelu_301116.jpg?fit=660%2C369&ssl=1","jetpack_shortlink":"https:\/\/wp.me\/p4T6Dh-RW","jetpack_sharing_enabled":true,"_links":{"self":[{"href":"https:\/\/andersadlercreutz.fi\/blog\/wp-json\/wp\/v2\/posts\/3344"}],"collection":[{"href":"https:\/\/andersadlercreutz.fi\/blog\/wp-json\/wp\/v2\/posts"}],"about":[{"href":"https:\/\/andersadlercreutz.fi\/blog\/wp-json\/wp\/v2\/types\/post"}],"author":[{"embeddable":true,"href":"https:\/\/andersadlercreutz.fi\/blog\/wp-json\/wp\/v2\/users\/1"}],"replies":[{"embeddable":true,"href":"https:\/\/andersadlercreutz.fi\/blog\/wp-json\/wp\/v2\/comments?post=3344"}],"version-history":[{"count":1,"href":"https:\/\/andersadlercreutz.fi\/blog\/wp-json\/wp\/v2\/posts\/3344\/revisions"}],"predecessor-version":[{"id":3345,"href":"https:\/\/andersadlercreutz.fi\/blog\/wp-json\/wp\/v2\/posts\/3344\/revisions\/3345"}],"wp:featuredmedia":[{"embeddable":true,"href":"https:\/\/andersadlercreutz.fi\/blog\/wp-json\/wp\/v2\/media\/3086"}],"wp:attachment":[{"href":"https:\/\/andersadlercreutz.fi\/blog\/wp-json\/wp\/v2\/media?parent=3344"}],"wp:term":[{"taxonomy":"category","embeddable":true,"href":"https:\/\/andersadlercreutz.fi\/blog\/wp-json\/wp\/v2\/categories?post=3344"},{"taxonomy":"post_tag","embeddable":true,"href":"https:\/\/andersadlercreutz.fi\/blog\/wp-json\/wp\/v2\/tags?post=3344"}],"curies":[{"name":"wp","href":"https:\/\/api.w.org\/{rel}","templated":true}]}}