{"id":3440,"date":"2017-05-09T09:59:14","date_gmt":"2017-05-09T06:59:14","guid":{"rendered":"http:\/\/andersadlercreutz.fi\/blog\/?p=3440"},"modified":"2017-05-09T09:59:14","modified_gmt":"2017-05-09T06:59:14","slug":"eduskunnassa-perustettiin-kansanedustajien-sisailmaryhma","status":"publish","type":"post","link":"https:\/\/andersadlercreutz.fi\/blog\/eduskunta\/eduskunnassa-perustettiin-kansanedustajien-sisailmaryhma\/?lang=fi","title":{"rendered":"Eduskunnassa perustettiin kansanedustajien sis\u00e4ilmaryhm\u00e4"},"content":{"rendered":"<p>Tiedote 4.5.2017<br \/>\nJulkaisuvapaa heti<\/p>\n<p>&nbsp;<\/p>\n<p>Eduskunnassa perustettiin 3.5.2017 kansanedustajien sis\u00e4ilmaryhm\u00e4. Taustalla on huoli siit\u00e4, ett\u00e4, ett\u00e4 kymmenettuhannet, kenties sadattuhannet suomalaiset saavat sairausoireita sis\u00e4ilmasta kodeissa, kouluissa ja ty\u00f6paikoilla. Kansanedustajien sis\u00e4ilmaryhm\u00e4 aikoo pureutua ongelman molempiin puoliin: rakennuksiin ja ihmisiin.<\/p>\n<p>Ryhm\u00e4 haluaa vauhdittaa toimia, joilla varmistetaan, ett\u00e4 Suomessa rakennettavat talot ovat &#8221;terveit\u00e4&#8221; eli niiss\u00e4 ei ole kosteusvaurioita eik\u00e4 muutakaan, mik\u00e4 on omiaan vaarantamaan terveyden. Ryhm\u00e4 haluaa edist\u00e4\u00e4 tiedon levitt\u00e4mist\u00e4 kuntiin siit\u00e4, miten rakennuksia korjataan, huolletaan ja yll\u00e4pidet\u00e4\u00e4n tavalla, joka edist\u00e4\u00e4 terveellist\u00e4 sis\u00e4ilmaa. Lis\u00e4ksi ryhm\u00e4 haluaa perehty\u00e4 syihin, jotka aiheuttavat sairausoireita joissakin rakennuksissa asuvissa, opiskelevissa ja ty\u00f6skenteleviss\u00e4 ihmisiss\u00e4, sek\u00e4 parantaa sairastuneiden asemaa.<\/p>\n<p>Sis\u00e4ilmaryhm\u00e4n puheenjohtajaksi valittiin Satu Hassi (VIHR), varapuheenjohtajaksi Eeva-Johanna Eloranta (SD) ja johtokunnan muiksi j\u00e4seniksi Anders Adlercreutz (RKP), Susanna Huovinen (SD), Veera Ruoho (PS), Saara-Sofia Siren (KOK) ja Antero Vartia (VIHR). Johtokuntaa pyrit\u00e4\u00e4n viel\u00e4 t\u00e4ydent\u00e4m\u00e4\u00e4n siten, ett\u00e4 kaikki eduskuntaryhm\u00e4t ovat edustettuina.<\/p>\n","protected":false},"excerpt":{"rendered":"<p>Tiedote 4.5.2017 Julkaisuvapaa heti &nbsp; Eduskunnassa perustettiin 3.5.2017 kansanedustajien sis\u00e4ilmaryhm\u00e4. Taustalla on huoli siit\u00e4, ett\u00e4, ett\u00e4 kymmenettuhannet, kenties sadattuhannet suomalaiset saavat sairausoireita sis\u00e4ilmasta kodeissa, kouluissa ja ty\u00f6paikoilla. Kansanedustajien sis\u00e4ilmaryhm\u00e4 aikoo pureutua ongelman molempiin puoliin: rakennuksiin ja ihmisiin. Ryhm\u00e4 haluaa vauhdittaa toimia, joilla varmistetaan, ett\u00e4 Suomessa rakennettavat talot ovat &#8221;terveit\u00e4&#8221; eli niiss\u00e4 ei ole kosteusvaurioita eik\u00e4 [&hellip;]<\/p>\n","protected":false},"author":1,"featured_media":0,"comment_status":"open","ping_status":"open","sticky":false,"template":"","format":"standard","meta":{"jetpack_post_was_ever_published":false,"_jetpack_newsletter_access":"","jetpack_publicize_message":"","jetpack_is_tweetstorm":false,"jetpack_publicize_feature_enabled":true,"jetpack_social_post_already_shared":true,"jetpack_social_options":{"image_generator_settings":{"template":"highway","enabled":false}}},"categories":[60,71],"tags":[],"jetpack_publicize_connections":[],"yoast_head":"<!-- This site is optimized with the Yoast SEO plugin v20.12 - https:\/\/yoast.com\/wordpress\/plugins\/seo\/ -->\n<title>Eduskunnassa perustettiin kansanedustajien sis\u00e4ilmaryhm\u00e4 - Anders Adlercreutz<\/title>\n<meta name=\"robots\" content=\"index, follow, max-snippet:-1, max-image-preview:large, max-video-preview:-1\" \/>\n<link rel=\"canonical\" href=\"https:\/\/andersadlercreutz.fi\/blog\/eduskunta\/eduskunnassa-perustettiin-kansanedustajien-sisailmaryhma\/\" \/>\n<meta property=\"og:locale\" content=\"sv_SE\" \/>\n<meta property=\"og:type\" content=\"article\" \/>\n<meta property=\"og:title\" content=\"Eduskunnassa perustettiin kansanedustajien sis\u00e4ilmaryhm\u00e4 - Anders Adlercreutz\" \/>\n<meta property=\"og:description\" content=\"Tiedote 4.5.2017 Julkaisuvapaa heti &nbsp; Eduskunnassa perustettiin 3.5.2017 kansanedustajien sis\u00e4ilmaryhm\u00e4. Taustalla on huoli siit\u00e4, ett\u00e4, ett\u00e4 kymmenettuhannet, kenties sadattuhannet suomalaiset saavat sairausoireita sis\u00e4ilmasta kodeissa, kouluissa ja ty\u00f6paikoilla. Kansanedustajien sis\u00e4ilmaryhm\u00e4 aikoo pureutua ongelman molempiin puoliin: rakennuksiin ja ihmisiin. Ryhm\u00e4 haluaa vauhdittaa toimia, joilla varmistetaan, ett\u00e4 Suomessa rakennettavat talot ovat &#8221;terveit\u00e4&#8221; eli niiss\u00e4 ei ole kosteusvaurioita eik\u00e4 [&hellip;]\" \/>\n<meta property=\"og:url\" content=\"https:\/\/andersadlercreutz.fi\/blog\/eduskunta\/eduskunnassa-perustettiin-kansanedustajien-sisailmaryhma\/?lang=fi\" \/>\n<meta property=\"og:site_name\" content=\"Anders Adlercreutz\" \/>\n<meta property=\"article:published_time\" content=\"2017-05-09T06:59:14+00:00\" \/>\n<meta name=\"author\" content=\"Anders\" \/>\n<meta name=\"twitter:card\" content=\"summary_large_image\" \/>\n<meta name=\"twitter:label1\" content=\"Skriven av\" \/>\n\t<meta name=\"twitter:data1\" content=\"Anders\" \/>\n\t<meta name=\"twitter:label2\" content=\"Ber\u00e4knad l\u00e4stid\" \/>\n\t<meta name=\"twitter:data2\" content=\"1 minut\" \/>\n<script type=\"application\/ld+json\" class=\"yoast-schema-graph\">{\"@context\":\"https:\/\/schema.org\",\"@graph\":[{\"@type\":\"WebPage\",\"@id\":\"https:\/\/andersadlercreutz.fi\/blog\/eduskunta\/eduskunnassa-perustettiin-kansanedustajien-sisailmaryhma\/?lang=fi\",\"url\":\"https:\/\/andersadlercreutz.fi\/blog\/eduskunta\/eduskunnassa-perustettiin-kansanedustajien-sisailmaryhma\/?lang=fi\",\"name\":\"Eduskunnassa perustettiin kansanedustajien sis\u00e4ilmaryhm\u00e4 - Anders Adlercreutz\",\"isPartOf\":{\"@id\":\"https:\/\/andersadlercreutz.fi\/blog\/#website\"},\"datePublished\":\"2017-05-09T06:59:14+00:00\",\"dateModified\":\"2017-05-09T06:59:14+00:00\",\"author\":{\"@id\":\"https:\/\/andersadlercreutz.fi\/blog\/#\/schema\/person\/47d4b72eded862b484f74bb4b3a2354f\"},\"breadcrumb\":{\"@id\":\"https:\/\/andersadlercreutz.fi\/blog\/eduskunta\/eduskunnassa-perustettiin-kansanedustajien-sisailmaryhma\/?lang=fi#breadcrumb\"},\"inLanguage\":\"sv-SE\",\"potentialAction\":[{\"@type\":\"ReadAction\",\"target\":[\"https:\/\/andersadlercreutz.fi\/blog\/eduskunta\/eduskunnassa-perustettiin-kansanedustajien-sisailmaryhma\/?lang=fi\"]}]},{\"@type\":\"BreadcrumbList\",\"@id\":\"https:\/\/andersadlercreutz.fi\/blog\/eduskunta\/eduskunnassa-perustettiin-kansanedustajien-sisailmaryhma\/?lang=fi#breadcrumb\",\"itemListElement\":[{\"@type\":\"ListItem\",\"position\":1,\"name\":\"Home\",\"item\":\"https:\/\/andersadlercreutz.fi\/blog\/blogg\/?lang=sv\"},{\"@type\":\"ListItem\",\"position\":2,\"name\":\"Eduskunnassa perustettiin kansanedustajien sis\u00e4ilmaryhm\u00e4\"}]},{\"@type\":\"WebSite\",\"@id\":\"https:\/\/andersadlercreutz.fi\/blog\/#website\",\"url\":\"https:\/\/andersadlercreutz.fi\/blog\/\",\"name\":\"Anders Adlercreutz\",\"description\":\"Du. Jag. Vi. Kest&auml;v&auml;sti optimisti\",\"potentialAction\":[{\"@type\":\"SearchAction\",\"target\":{\"@type\":\"EntryPoint\",\"urlTemplate\":\"https:\/\/andersadlercreutz.fi\/blog\/?s={search_term_string}\"},\"query-input\":\"required name=search_term_string\"}],\"inLanguage\":\"sv-SE\"},{\"@type\":\"Person\",\"@id\":\"https:\/\/andersadlercreutz.fi\/blog\/#\/schema\/person\/47d4b72eded862b484f74bb4b3a2354f\",\"name\":\"Anders\",\"image\":{\"@type\":\"ImageObject\",\"inLanguage\":\"sv-SE\",\"@id\":\"https:\/\/andersadlercreutz.fi\/blog\/#\/schema\/person\/image\/\",\"url\":\"https:\/\/secure.gravatar.com\/avatar\/a144c9bda7a581ff6fabba169027e620?s=96&d=mm&r=g\",\"contentUrl\":\"https:\/\/secure.gravatar.com\/avatar\/a144c9bda7a581ff6fabba169027e620?s=96&d=mm&r=g\",\"caption\":\"Anders\"},\"url\":\"https:\/\/andersadlercreutz.fi\/blog\/author\/admin\/\"}]}<\/script>\n<!-- \/ Yoast SEO plugin. -->","yoast_head_json":{"title":"Eduskunnassa perustettiin kansanedustajien sis\u00e4ilmaryhm\u00e4 - Anders Adlercreutz","robots":{"index":"index","follow":"follow","max-snippet":"max-snippet:-1","max-image-preview":"max-image-preview:large","max-video-preview":"max-video-preview:-1"},"canonical":"https:\/\/andersadlercreutz.fi\/blog\/eduskunta\/eduskunnassa-perustettiin-kansanedustajien-sisailmaryhma\/","og_locale":"sv_SE","og_type":"article","og_title":"Eduskunnassa perustettiin kansanedustajien sis\u00e4ilmaryhm\u00e4 - Anders Adlercreutz","og_description":"Tiedote 4.5.2017 Julkaisuvapaa heti &nbsp; Eduskunnassa perustettiin 3.5.2017 kansanedustajien sis\u00e4ilmaryhm\u00e4. Taustalla on huoli siit\u00e4, ett\u00e4, ett\u00e4 kymmenettuhannet, kenties sadattuhannet suomalaiset saavat sairausoireita sis\u00e4ilmasta kodeissa, kouluissa ja ty\u00f6paikoilla. Kansanedustajien sis\u00e4ilmaryhm\u00e4 aikoo pureutua ongelman molempiin puoliin: rakennuksiin ja ihmisiin. Ryhm\u00e4 haluaa vauhdittaa toimia, joilla varmistetaan, ett\u00e4 Suomessa rakennettavat talot ovat &#8221;terveit\u00e4&#8221; eli niiss\u00e4 ei ole kosteusvaurioita eik\u00e4 [&hellip;]","og_url":"https:\/\/andersadlercreutz.fi\/blog\/eduskunta\/eduskunnassa-perustettiin-kansanedustajien-sisailmaryhma\/?lang=fi","og_site_name":"Anders Adlercreutz","article_published_time":"2017-05-09T06:59:14+00:00","author":"Anders","twitter_card":"summary_large_image","twitter_misc":{"Skriven av":"Anders","Ber\u00e4knad l\u00e4stid":"1 minut"},"schema":{"@context":"https:\/\/schema.org","@graph":[{"@type":"WebPage","@id":"https:\/\/andersadlercreutz.fi\/blog\/eduskunta\/eduskunnassa-perustettiin-kansanedustajien-sisailmaryhma\/?lang=fi","url":"https:\/\/andersadlercreutz.fi\/blog\/eduskunta\/eduskunnassa-perustettiin-kansanedustajien-sisailmaryhma\/?lang=fi","name":"Eduskunnassa perustettiin kansanedustajien sis\u00e4ilmaryhm\u00e4 - Anders Adlercreutz","isPartOf":{"@id":"https:\/\/andersadlercreutz.fi\/blog\/#website"},"datePublished":"2017-05-09T06:59:14+00:00","dateModified":"2017-05-09T06:59:14+00:00","author":{"@id":"https:\/\/andersadlercreutz.fi\/blog\/#\/schema\/person\/47d4b72eded862b484f74bb4b3a2354f"},"breadcrumb":{"@id":"https:\/\/andersadlercreutz.fi\/blog\/eduskunta\/eduskunnassa-perustettiin-kansanedustajien-sisailmaryhma\/?lang=fi#breadcrumb"},"inLanguage":"sv-SE","potentialAction":[{"@type":"ReadAction","target":["https:\/\/andersadlercreutz.fi\/blog\/eduskunta\/eduskunnassa-perustettiin-kansanedustajien-sisailmaryhma\/?lang=fi"]}]},{"@type":"BreadcrumbList","@id":"https:\/\/andersadlercreutz.fi\/blog\/eduskunta\/eduskunnassa-perustettiin-kansanedustajien-sisailmaryhma\/?lang=fi#breadcrumb","itemListElement":[{"@type":"ListItem","position":1,"name":"Home","item":"https:\/\/andersadlercreutz.fi\/blog\/blogg\/?lang=sv"},{"@type":"ListItem","position":2,"name":"Eduskunnassa perustettiin kansanedustajien sis\u00e4ilmaryhm\u00e4"}]},{"@type":"WebSite","@id":"https:\/\/andersadlercreutz.fi\/blog\/#website","url":"https:\/\/andersadlercreutz.fi\/blog\/","name":"Anders Adlercreutz","description":"Du. Jag. Vi. Kest&auml;v&auml;sti optimisti","potentialAction":[{"@type":"SearchAction","target":{"@type":"EntryPoint","urlTemplate":"https:\/\/andersadlercreutz.fi\/blog\/?s={search_term_string}"},"query-input":"required name=search_term_string"}],"inLanguage":"sv-SE"},{"@type":"Person","@id":"https:\/\/andersadlercreutz.fi\/blog\/#\/schema\/person\/47d4b72eded862b484f74bb4b3a2354f","name":"Anders","image":{"@type":"ImageObject","inLanguage":"sv-SE","@id":"https:\/\/andersadlercreutz.fi\/blog\/#\/schema\/person\/image\/","url":"https:\/\/secure.gravatar.com\/avatar\/a144c9bda7a581ff6fabba169027e620?s=96&d=mm&r=g","contentUrl":"https:\/\/secure.gravatar.com\/avatar\/a144c9bda7a581ff6fabba169027e620?s=96&d=mm&r=g","caption":"Anders"},"url":"https:\/\/andersadlercreutz.fi\/blog\/author\/admin\/"}]}},"jetpack_featured_media_url":"","jetpack_shortlink":"https:\/\/wp.me\/p4T6Dh-Tu","jetpack_sharing_enabled":true,"_links":{"self":[{"href":"https:\/\/andersadlercreutz.fi\/blog\/wp-json\/wp\/v2\/posts\/3440"}],"collection":[{"href":"https:\/\/andersadlercreutz.fi\/blog\/wp-json\/wp\/v2\/posts"}],"about":[{"href":"https:\/\/andersadlercreutz.fi\/blog\/wp-json\/wp\/v2\/types\/post"}],"author":[{"embeddable":true,"href":"https:\/\/andersadlercreutz.fi\/blog\/wp-json\/wp\/v2\/users\/1"}],"replies":[{"embeddable":true,"href":"https:\/\/andersadlercreutz.fi\/blog\/wp-json\/wp\/v2\/comments?post=3440"}],"version-history":[{"count":1,"href":"https:\/\/andersadlercreutz.fi\/blog\/wp-json\/wp\/v2\/posts\/3440\/revisions"}],"predecessor-version":[{"id":3441,"href":"https:\/\/andersadlercreutz.fi\/blog\/wp-json\/wp\/v2\/posts\/3440\/revisions\/3441"}],"wp:attachment":[{"href":"https:\/\/andersadlercreutz.fi\/blog\/wp-json\/wp\/v2\/media?parent=3440"}],"wp:term":[{"taxonomy":"category","embeddable":true,"href":"https:\/\/andersadlercreutz.fi\/blog\/wp-json\/wp\/v2\/categories?post=3440"},{"taxonomy":"post_tag","embeddable":true,"href":"https:\/\/andersadlercreutz.fi\/blog\/wp-json\/wp\/v2\/tags?post=3440"}],"curies":[{"name":"wp","href":"https:\/\/api.w.org\/{rel}","templated":true}]}}