{"id":3533,"date":"2017-06-15T14:31:38","date_gmt":"2017-06-15T11:31:38","guid":{"rendered":"http:\/\/andersadlercreutz.fi\/blog\/uncategorized\/tal-i-den-allmanpolitiska-debatten-pa-sfps-partidag-10-6-2017\/"},"modified":"2017-06-15T15:08:59","modified_gmt":"2017-06-15T12:08:59","slug":"puhe-poliittisessa-keskustelussa-rkpn-puoluekokous-2017","status":"publish","type":"post","link":"https:\/\/andersadlercreutz.fi\/blog\/uncategorized\/puhe-poliittisessa-keskustelussa-rkpn-puoluekokous-2017\/?lang=fi","title":{"rendered":"Puhe poliittisessa keskustelussa, RKP:n puoluekokous 2017"},"content":{"rendered":"<p>Hemma hos oss bor Santiago, en colombiansk utbyteselev. Han har bott i Finland i 10 m\u00e5nader, l\u00e4rt sig svenska, och till och med avlagt studentexamensproven i l\u00e5ng matematik och fysik, p\u00e5 svenska. Han \u00e4r matematiskt enormt beg\u00e5vad, och har representerat sitt hemland i flera t\u00e4vlingar. Santiago vill nu studera i Finland, stanna h\u00e4r, eftersom han tror p\u00e5 den nordiska modellen, p\u00e5 att den kan ge honom de grunder som beh\u00f6vs f\u00f6r en framg\u00e5ngsrik forskarkarri\u00e4r.<\/p>\n<p>Helsingfors universitet tar g\u00e4rna emot honom, men f\u00f6r tillf\u00e4llet ser det ut som om Migrationsverket s\u00e4ger nej. Han f\u00e5r antagligen inte ett visum f\u00f6r studier eftersom han av praktiska sk\u00e4l \u00e4r tvungen att inleda dem p\u00e5 universitetets \u00f6ppna sida. D\u00e5 v\u00e4ljer han i s\u00e5 fall Lunds Universitet som verkar ta emot honom med \u00f6ppna armar.<\/p>\n<p>Samtidigt som vi med r\u00e4tta \u00e4r oroliga f\u00f6r hj\u00e4rnflykt bygger vi hinder f\u00f6r utl\u00e4nningar att komma hit med sin kunskap, f\u00f6r att berika v\u00e5rt land. Det har vi inte r\u00e5d med.<\/p>\n<p>Vad \u00e4r det som g\u00f6r att vi inte inser att konkurrenskraft inte \u00e4r ett nollsummespel? Samma fenomen, samma problem syns p\u00e5 v\u00e5r arbetsmarknad. Samtidigt som forskning visar att en anst\u00e4llning av en i utlandet f\u00f6dd leder till \u00f6kad export forts\u00e4tter vi med behovspr\u00f6vning\u00a0 av utl\u00e4ndsk arbetskraft.<\/p>\n<p>Det h\u00e4r \u00e4r n\u00e5nting som\u00a0Sverige avskaffade f\u00f6r ett decennium sedan. Idag sl\u00e5r Sverige Finland 125-19\u00a0d\u00e5 man j\u00e4mf\u00f6r antalet huvudkontor som internationella f\u00f6retag har grundat i b\u00e4gge huvudst\u00e4derna.<\/p>\n<p>Vi kommer inte ifr\u00e5n att v\u00e4rlden \u00e4r global. Framg\u00e5ngsrika f\u00f6retag m\u00e5ste verka p\u00e5 ett internationellt plan.<\/p>\n<p>Och om ett land erbjuder en milj\u00f6 d\u00e4r man flexibelt kan anst\u00e4lla en s\u00e5 bra arbetstagare som m\u00f6jligt \u2013 \u00e4r hen sedan f\u00f6dd i landet eller utanf\u00f6r det &#8211; och ett annat land inte g\u00f6r detta, \u00e4r det klart vilket alternativ ett f\u00f6retag v\u00e4ljer. Det har vi inte r\u00e5d med.<\/p>\n<p>Och det vill jag inte se h\u00e4nda.<\/p>\n<p>Trots det \u00e4r behovspr\u00f6vningen av arbetskraft fortfarande verklighet i Finland. Detta baserar sig inte p\u00e5 en analys av vad som skulle g\u00f6ra Finland s\u00e5 konkurrenskraftigt som m\u00f6jligt, utan p\u00e5 sn\u00e4vt intressegruppst\u00e4nkande och en deloptimering p\u00e5 bekostnad av helheten.<\/p>\n<p>S\u00e5 h\u00e4r har vi inte r\u00e5d att t\u00e4nka. Vi vinner p\u00e5 att vara flexibla, vi vinner p\u00e5 att ta emot utl\u00e4ndskt kunnande, vare sig det \u00e4r fr\u00e5ga om Santiago eller till exempel en japansk ingenj\u00f6r som ett finskt uppstartsf\u00f6retag vill anst\u00e4lla. D\u00e4rf\u00f6r har vi i SFP \u2013\u00a0v\u00e5rt nordiska folkparti \u2013 f\u00f6reslagit att behovspr\u00f6vningen slopas, och vi hoppas att regeringen lyssnar.<\/p>\n","protected":false},"excerpt":{"rendered":"<p>Hemma hos oss bor Santiago, en colombiansk utbyteselev. Han har bott i Finland i 10 m\u00e5nader, l\u00e4rt sig svenska, och till och med avlagt studentexamensproven i l\u00e5ng matematik och fysik, p\u00e5 svenska. Han \u00e4r matematiskt enormt beg\u00e5vad, och har representerat sitt hemland i flera t\u00e4vlingar. Santiago vill nu studera i Finland, stanna h\u00e4r, eftersom han [&hellip;]<\/p>\n","protected":false},"author":1,"featured_media":3523,"comment_status":"open","ping_status":"open","sticky":false,"template":"","format":"standard","meta":{"jetpack_post_was_ever_published":false,"_jetpack_newsletter_access":"","jetpack_publicize_message":"","jetpack_is_tweetstorm":false,"jetpack_publicize_feature_enabled":true,"jetpack_social_post_already_shared":true,"jetpack_social_options":{"image_generator_settings":{"template":"highway","enabled":false}}},"categories":[18,60,61,1],"tags":[],"jetpack_publicize_connections":[],"yoast_head":"<!-- This site is optimized with the Yoast SEO plugin v20.12 - https:\/\/yoast.com\/wordpress\/plugins\/seo\/ -->\n<title>Puhe poliittisessa keskustelussa, RKP:n puoluekokous 2017 - Anders Adlercreutz<\/title>\n<meta name=\"robots\" content=\"index, follow, max-snippet:-1, max-image-preview:large, max-video-preview:-1\" \/>\n<link rel=\"canonical\" href=\"https:\/\/andersadlercreutz.fi\/blog\/uncategorized\/puhe-poliittisessa-keskustelussa-rkpn-puoluekokous-2017\/\" \/>\n<meta property=\"og:locale\" content=\"sv_SE\" \/>\n<meta property=\"og:type\" content=\"article\" \/>\n<meta property=\"og:title\" content=\"Puhe poliittisessa keskustelussa, RKP:n puoluekokous 2017 - Anders Adlercreutz\" \/>\n<meta property=\"og:description\" content=\"Hemma hos oss bor Santiago, en colombiansk utbyteselev. Han har bott i Finland i 10 m\u00e5nader, l\u00e4rt sig svenska, och till och med avlagt studentexamensproven i l\u00e5ng matematik och fysik, p\u00e5 svenska. Han \u00e4r matematiskt enormt beg\u00e5vad, och har representerat sitt hemland i flera t\u00e4vlingar. Santiago vill nu studera i Finland, stanna h\u00e4r, eftersom han [&hellip;]\" \/>\n<meta property=\"og:url\" content=\"https:\/\/andersadlercreutz.fi\/blog\/uncategorized\/puhe-poliittisessa-keskustelussa-rkpn-puoluekokous-2017\/?lang=fi\" \/>\n<meta property=\"og:site_name\" content=\"Anders Adlercreutz\" \/>\n<meta property=\"article:published_time\" content=\"2017-06-15T11:31:38+00:00\" \/>\n<meta property=\"article:modified_time\" content=\"2017-06-15T12:08:59+00:00\" \/>\n<meta property=\"og:image\" content=\"https:\/\/i0.wp.com\/andersadlercreutz.fi\/blog\/wp-content\/uploads\/2017\/06\/Partidagen_Anders1.png?fit=1665%2C852&ssl=1\" \/>\n\t<meta property=\"og:image:width\" content=\"1665\" \/>\n\t<meta property=\"og:image:height\" content=\"852\" \/>\n\t<meta property=\"og:image:type\" content=\"image\/png\" \/>\n<meta name=\"author\" content=\"Anders\" \/>\n<meta name=\"twitter:card\" content=\"summary_large_image\" \/>\n<meta name=\"twitter:label1\" content=\"Skriven av\" \/>\n\t<meta name=\"twitter:data1\" content=\"Anders\" \/>\n\t<meta name=\"twitter:label2\" content=\"Ber\u00e4knad l\u00e4stid\" \/>\n\t<meta name=\"twitter:data2\" content=\"2 minuter\" \/>\n<script type=\"application\/ld+json\" class=\"yoast-schema-graph\">{\"@context\":\"https:\/\/schema.org\",\"@graph\":[{\"@type\":\"WebPage\",\"@id\":\"https:\/\/andersadlercreutz.fi\/blog\/uncategorized\/puhe-poliittisessa-keskustelussa-rkpn-puoluekokous-2017\/?lang=fi\",\"url\":\"https:\/\/andersadlercreutz.fi\/blog\/uncategorized\/puhe-poliittisessa-keskustelussa-rkpn-puoluekokous-2017\/?lang=fi\",\"name\":\"Puhe poliittisessa keskustelussa, RKP:n puoluekokous 2017 - Anders Adlercreutz\",\"isPartOf\":{\"@id\":\"https:\/\/andersadlercreutz.fi\/blog\/#website\"},\"datePublished\":\"2017-06-15T11:31:38+00:00\",\"dateModified\":\"2017-06-15T12:08:59+00:00\",\"author\":{\"@id\":\"https:\/\/andersadlercreutz.fi\/blog\/#\/schema\/person\/47d4b72eded862b484f74bb4b3a2354f\"},\"breadcrumb\":{\"@id\":\"https:\/\/andersadlercreutz.fi\/blog\/uncategorized\/puhe-poliittisessa-keskustelussa-rkpn-puoluekokous-2017\/?lang=fi#breadcrumb\"},\"inLanguage\":\"sv-SE\",\"potentialAction\":[{\"@type\":\"ReadAction\",\"target\":[\"https:\/\/andersadlercreutz.fi\/blog\/uncategorized\/puhe-poliittisessa-keskustelussa-rkpn-puoluekokous-2017\/?lang=fi\"]}]},{\"@type\":\"BreadcrumbList\",\"@id\":\"https:\/\/andersadlercreutz.fi\/blog\/uncategorized\/puhe-poliittisessa-keskustelussa-rkpn-puoluekokous-2017\/?lang=fi#breadcrumb\",\"itemListElement\":[{\"@type\":\"ListItem\",\"position\":1,\"name\":\"Home\",\"item\":\"https:\/\/andersadlercreutz.fi\/blog\/blogg\/?lang=sv\"},{\"@type\":\"ListItem\",\"position\":2,\"name\":\"Puhe poliittisessa keskustelussa, RKP:n puoluekokous 2017\"}]},{\"@type\":\"WebSite\",\"@id\":\"https:\/\/andersadlercreutz.fi\/blog\/#website\",\"url\":\"https:\/\/andersadlercreutz.fi\/blog\/\",\"name\":\"Anders Adlercreutz\",\"description\":\"Du. Jag. Vi. Kest&auml;v&auml;sti optimisti\",\"potentialAction\":[{\"@type\":\"SearchAction\",\"target\":{\"@type\":\"EntryPoint\",\"urlTemplate\":\"https:\/\/andersadlercreutz.fi\/blog\/?s={search_term_string}\"},\"query-input\":\"required name=search_term_string\"}],\"inLanguage\":\"sv-SE\"},{\"@type\":\"Person\",\"@id\":\"https:\/\/andersadlercreutz.fi\/blog\/#\/schema\/person\/47d4b72eded862b484f74bb4b3a2354f\",\"name\":\"Anders\",\"image\":{\"@type\":\"ImageObject\",\"inLanguage\":\"sv-SE\",\"@id\":\"https:\/\/andersadlercreutz.fi\/blog\/#\/schema\/person\/image\/\",\"url\":\"https:\/\/secure.gravatar.com\/avatar\/a144c9bda7a581ff6fabba169027e620?s=96&d=mm&r=g\",\"contentUrl\":\"https:\/\/secure.gravatar.com\/avatar\/a144c9bda7a581ff6fabba169027e620?s=96&d=mm&r=g\",\"caption\":\"Anders\"},\"url\":\"https:\/\/andersadlercreutz.fi\/blog\/author\/admin\/\"}]}<\/script>\n<!-- \/ Yoast SEO plugin. -->","yoast_head_json":{"title":"Puhe poliittisessa keskustelussa, RKP:n puoluekokous 2017 - Anders Adlercreutz","robots":{"index":"index","follow":"follow","max-snippet":"max-snippet:-1","max-image-preview":"max-image-preview:large","max-video-preview":"max-video-preview:-1"},"canonical":"https:\/\/andersadlercreutz.fi\/blog\/uncategorized\/puhe-poliittisessa-keskustelussa-rkpn-puoluekokous-2017\/","og_locale":"sv_SE","og_type":"article","og_title":"Puhe poliittisessa keskustelussa, RKP:n puoluekokous 2017 - Anders Adlercreutz","og_description":"Hemma hos oss bor Santiago, en colombiansk utbyteselev. Han har bott i Finland i 10 m\u00e5nader, l\u00e4rt sig svenska, och till och med avlagt studentexamensproven i l\u00e5ng matematik och fysik, p\u00e5 svenska. Han \u00e4r matematiskt enormt beg\u00e5vad, och har representerat sitt hemland i flera t\u00e4vlingar. Santiago vill nu studera i Finland, stanna h\u00e4r, eftersom han [&hellip;]","og_url":"https:\/\/andersadlercreutz.fi\/blog\/uncategorized\/puhe-poliittisessa-keskustelussa-rkpn-puoluekokous-2017\/?lang=fi","og_site_name":"Anders Adlercreutz","article_published_time":"2017-06-15T11:31:38+00:00","article_modified_time":"2017-06-15T12:08:59+00:00","og_image":[{"width":1665,"height":852,"url":"https:\/\/i0.wp.com\/andersadlercreutz.fi\/blog\/wp-content\/uploads\/2017\/06\/Partidagen_Anders1.png?fit=1665%2C852&ssl=1","type":"image\/png"}],"author":"Anders","twitter_card":"summary_large_image","twitter_misc":{"Skriven av":"Anders","Ber\u00e4knad l\u00e4stid":"2 minuter"},"schema":{"@context":"https:\/\/schema.org","@graph":[{"@type":"WebPage","@id":"https:\/\/andersadlercreutz.fi\/blog\/uncategorized\/puhe-poliittisessa-keskustelussa-rkpn-puoluekokous-2017\/?lang=fi","url":"https:\/\/andersadlercreutz.fi\/blog\/uncategorized\/puhe-poliittisessa-keskustelussa-rkpn-puoluekokous-2017\/?lang=fi","name":"Puhe poliittisessa keskustelussa, RKP:n puoluekokous 2017 - Anders Adlercreutz","isPartOf":{"@id":"https:\/\/andersadlercreutz.fi\/blog\/#website"},"datePublished":"2017-06-15T11:31:38+00:00","dateModified":"2017-06-15T12:08:59+00:00","author":{"@id":"https:\/\/andersadlercreutz.fi\/blog\/#\/schema\/person\/47d4b72eded862b484f74bb4b3a2354f"},"breadcrumb":{"@id":"https:\/\/andersadlercreutz.fi\/blog\/uncategorized\/puhe-poliittisessa-keskustelussa-rkpn-puoluekokous-2017\/?lang=fi#breadcrumb"},"inLanguage":"sv-SE","potentialAction":[{"@type":"ReadAction","target":["https:\/\/andersadlercreutz.fi\/blog\/uncategorized\/puhe-poliittisessa-keskustelussa-rkpn-puoluekokous-2017\/?lang=fi"]}]},{"@type":"BreadcrumbList","@id":"https:\/\/andersadlercreutz.fi\/blog\/uncategorized\/puhe-poliittisessa-keskustelussa-rkpn-puoluekokous-2017\/?lang=fi#breadcrumb","itemListElement":[{"@type":"ListItem","position":1,"name":"Home","item":"https:\/\/andersadlercreutz.fi\/blog\/blogg\/?lang=sv"},{"@type":"ListItem","position":2,"name":"Puhe poliittisessa keskustelussa, RKP:n puoluekokous 2017"}]},{"@type":"WebSite","@id":"https:\/\/andersadlercreutz.fi\/blog\/#website","url":"https:\/\/andersadlercreutz.fi\/blog\/","name":"Anders Adlercreutz","description":"Du. Jag. Vi. Kest&auml;v&auml;sti optimisti","potentialAction":[{"@type":"SearchAction","target":{"@type":"EntryPoint","urlTemplate":"https:\/\/andersadlercreutz.fi\/blog\/?s={search_term_string}"},"query-input":"required name=search_term_string"}],"inLanguage":"sv-SE"},{"@type":"Person","@id":"https:\/\/andersadlercreutz.fi\/blog\/#\/schema\/person\/47d4b72eded862b484f74bb4b3a2354f","name":"Anders","image":{"@type":"ImageObject","inLanguage":"sv-SE","@id":"https:\/\/andersadlercreutz.fi\/blog\/#\/schema\/person\/image\/","url":"https:\/\/secure.gravatar.com\/avatar\/a144c9bda7a581ff6fabba169027e620?s=96&d=mm&r=g","contentUrl":"https:\/\/secure.gravatar.com\/avatar\/a144c9bda7a581ff6fabba169027e620?s=96&d=mm&r=g","caption":"Anders"},"url":"https:\/\/andersadlercreutz.fi\/blog\/author\/admin\/"}]}},"jetpack_featured_media_url":"https:\/\/i0.wp.com\/andersadlercreutz.fi\/blog\/wp-content\/uploads\/2017\/06\/Partidagen_Anders1.png?fit=1665%2C852&ssl=1","jetpack_shortlink":"https:\/\/wp.me\/p4T6Dh-UZ","jetpack_sharing_enabled":true,"_links":{"self":[{"href":"https:\/\/andersadlercreutz.fi\/blog\/wp-json\/wp\/v2\/posts\/3533"}],"collection":[{"href":"https:\/\/andersadlercreutz.fi\/blog\/wp-json\/wp\/v2\/posts"}],"about":[{"href":"https:\/\/andersadlercreutz.fi\/blog\/wp-json\/wp\/v2\/types\/post"}],"author":[{"embeddable":true,"href":"https:\/\/andersadlercreutz.fi\/blog\/wp-json\/wp\/v2\/users\/1"}],"replies":[{"embeddable":true,"href":"https:\/\/andersadlercreutz.fi\/blog\/wp-json\/wp\/v2\/comments?post=3533"}],"version-history":[{"count":2,"href":"https:\/\/andersadlercreutz.fi\/blog\/wp-json\/wp\/v2\/posts\/3533\/revisions"}],"predecessor-version":[{"id":3539,"href":"https:\/\/andersadlercreutz.fi\/blog\/wp-json\/wp\/v2\/posts\/3533\/revisions\/3539"}],"wp:featuredmedia":[{"embeddable":true,"href":"https:\/\/andersadlercreutz.fi\/blog\/wp-json\/wp\/v2\/media\/3523"}],"wp:attachment":[{"href":"https:\/\/andersadlercreutz.fi\/blog\/wp-json\/wp\/v2\/media?parent=3533"}],"wp:term":[{"taxonomy":"category","embeddable":true,"href":"https:\/\/andersadlercreutz.fi\/blog\/wp-json\/wp\/v2\/categories?post=3533"},{"taxonomy":"post_tag","embeddable":true,"href":"https:\/\/andersadlercreutz.fi\/blog\/wp-json\/wp\/v2\/tags?post=3533"}],"curies":[{"name":"wp","href":"https:\/\/api.w.org\/{rel}","templated":true}]}}