{"id":3654,"date":"2017-09-29T14:06:37","date_gmt":"2017-09-29T11:06:37","guid":{"rendered":"http:\/\/andersadlercreutz.fi\/blog\/?p=3654"},"modified":"2017-10-05T15:25:28","modified_gmt":"2017-10-05T12:25:28","slug":"lansiuusmaalaiset-kansanedustajat-ajavat-yhteistyolla-hanko-hyvinkaa-radan-sahkoistysta","status":"publish","type":"post","link":"https:\/\/andersadlercreutz.fi\/blog\/eduskunta\/lansiuusmaalaiset-kansanedustajat-ajavat-yhteistyolla-hanko-hyvinkaa-radan-sahkoistysta\/?lang=fi","title":{"rendered":"L\u00e4nsiuusmaalaiset kansanedustajat ajavat yhteisty\u00f6ll\u00e4 Hanko-Hyvink\u00e4\u00e4-radan s\u00e4hk\u00f6istyst\u00e4"},"content":{"rendered":"<p><span style=\"color: #000000; font-family: Calibri;\">Lehdist\u00f6tiedote 29.9.2017<br \/>\nJulkaisuvapaa heti<\/span><\/p>\n<p><span style=\"color: #000000; font-family: Calibri;\">\u00a0<\/span><\/p>\n<p><span style=\"color: #000000; font-family: Calibri;\">Kansanedustajat Anders Adlercreutz (RKP), Thomas Blomqvist (RKP), Maarit Feldt-Ranta (SDP) ja Joona R\u00e4s\u00e4nen (SDP) ovat j\u00e4tt\u00e4neet yhteisen talousarvioaloitteen Hanko-Hyvink\u00e4\u00e4-radan s\u00e4hk\u00f6ist\u00e4miseksi. Kansanedustajat korostavat s\u00e4hk\u00f6istyshankkeen t\u00e4rkeytt\u00e4 koko L\u00e4nsi-Uudellemaalle ja per\u00e4\u00e4nkuuluttavat sen nopeaa toteuttamista.<\/span><\/p>\n<p><span style=\"color: #000000; font-family: Calibri;\">&#8211;<\/span><span style=\"font: 7.0pt 'Times New Roman';\"><span style=\"color: #000000;\">\u00a0\u00a0\u00a0\u00a0\u00a0\u00a0\u00a0\u00a0\u00a0 <\/span><\/span><span style=\"color: #000000; font-family: Calibri;\">Hanko-Hyvink\u00e4\u00e4-rata on Etel\u00e4-Suomen ainoa merkitt\u00e4v\u00e4 tavaraliikenteen rata, jota ei ole s\u00e4hk\u00f6istetty. Radan s\u00e4hk\u00f6istys turvaisi L\u00e4nsi-Uudenmaan teollisuuden ja satamien sujuvat ja taloudelliset kuljetusmahdollisuudet my\u00f6s tulevaisuudessa. Rataosuuden s\u00e4hk\u00f6ist\u00e4minen olisi my\u00f6s t\u00e4rke\u00e4\u00e4 p\u00e4\u00e4st\u00f6tavoitteidemme kannalta, sill\u00e4 se edist\u00e4isi ymp\u00e4rist\u00f6yst\u00e4v\u00e4llisi\u00e4 rautatiekuljetuksia maantiekuljetuksien sijaan, Adlercreutz<\/span> <span style=\"color: #000000; font-family: Calibri;\">sanoo.<\/span><\/p>\n<p><span style=\"color: #000000; font-family: Calibri;\">&#8211;<\/span><span style=\"font: 7.0pt 'Times New Roman';\"><span style=\"color: #000000;\">\u00a0\u00a0\u00a0\u00a0\u00a0\u00a0\u00a0\u00a0\u00a0 <\/span><\/span><span style=\"color: #000000; font-family: Calibri;\">Hangon sataman l\u00e4pi kulki viime vuonna enn\u00e4tykselliset 4,7 miljoonaa tonnia tavaraa ja viimeksi toukokuussa 2017 satama teki uuden tavaraliikenteen enn\u00e4tyksen. Sataman kilpailuvaltteihin voidaan lukea sen nopea yhteys Keski-Eurooppaan ja tavaran nopea k\u00e4sittely, jotka korostuvat tulevaisuudessa entisest\u00e4\u00e4n tehostuvassa teollisuudessa ja logistiikkaketjuissa. Radan s\u00e4hk\u00f6ist\u00e4misell\u00e4 olisi kansantaloudellista hy\u00f6yt\u00e4 ja s\u00e4hk\u00f6istysprojekti edist\u00e4isi koko l\u00e4hialueen elinkeinoel\u00e4m\u00e4\u00e4, R\u00e4s\u00e4nen sanoo.<\/span><\/p>\n<p><span style=\"color: #000000; font-family: Calibri;\">&#8211;<\/span><span style=\"font: 7.0pt 'Times New Roman';\"><span style=\"color: #000000;\">\u00a0\u00a0\u00a0\u00a0\u00a0\u00a0\u00a0\u00a0\u00a0 <\/span><\/span><span style=\"color: #000000; font-family: Calibri;\">Henkil\u00f6liikenteess\u00e4 s\u00e4hk\u00f6istys voisi mahdollistaa suorien, vaihdottomien Helsinki\u2014Karjaa\u2014Hanko-taajamajunayhteyksien kehitt\u00e4misen. Suorat junayhteydet ovat matkustajien kannalta houkuttelevia, ja niiden toteuttamismahdollisuuksia tulee edist\u00e4\u00e4 pitk\u00e4j\u00e4nteisesti. Rataosuuden kehitt\u00e4minen voisi tuoda ymp\u00e4r\u00f6iville kunnille uusia investointeja ja kuntalaisia, Feldt-Ranta sanoo.<\/span><\/p>\n<p><span style=\"color: #000000; font-family: Calibri;\">&#8211;<\/span><span style=\"font: 7.0pt 'Times New Roman';\"><span style=\"color: #000000;\">\u00a0\u00a0\u00a0\u00a0\u00a0\u00a0\u00a0\u00a0\u00a0 <\/span><\/span><span style=\"color: #000000; font-family: Calibri;\">Rataosuuden s\u00e4hk\u00f6istys otettiin esille jo vuonna 2012, mutta konkreettiset toimet ja tarvittava rahoitus on j\u00e4\u00e4nyt uupumaan. Edellinen s\u00e4hk\u00f6istyssuunnitelma on jo ehtinyt vanhentua, mutta Liikennevirasto on juuri aloittanut suunnitelman p\u00e4ivitysty\u00f6t. Sen valmistuttua t\u00e4m\u00e4n vuoden loppuun menness\u00e4 olisikin \u00e4\u00e4rimm\u00e4isen t\u00e4rke\u00e4\u00e4, ett\u00e4 suunnitelmat johtavat konkreettisiin toimenpiteisiin ja s\u00e4hk\u00f6istysprojekti saataisiin pikimmiten k\u00e4yntiin, Blomqvist sanoo.<\/span><\/p>\n","protected":false},"excerpt":{"rendered":"<p>Lehdist\u00f6tiedote 29.9.2017 Julkaisuvapaa heti \u00a0 Kansanedustajat Anders Adlercreutz (RKP), Thomas Blomqvist (RKP), Maarit Feldt-Ranta (SDP) ja Joona R\u00e4s\u00e4nen (SDP) ovat j\u00e4tt\u00e4neet yhteisen talousarvioaloitteen Hanko-Hyvink\u00e4\u00e4-radan s\u00e4hk\u00f6ist\u00e4miseksi. Kansanedustajat korostavat s\u00e4hk\u00f6istyshankkeen t\u00e4rkeytt\u00e4 koko L\u00e4nsi-Uudellemaalle ja per\u00e4\u00e4nkuuluttavat sen nopeaa toteuttamista. &#8211;\u00a0\u00a0\u00a0\u00a0\u00a0\u00a0\u00a0\u00a0\u00a0 Hanko-Hyvink\u00e4\u00e4-rata on Etel\u00e4-Suomen ainoa merkitt\u00e4v\u00e4 tavaraliikenteen rata, jota ei ole s\u00e4hk\u00f6istetty. Radan s\u00e4hk\u00f6istys turvaisi L\u00e4nsi-Uudenmaan teollisuuden ja satamien [&hellip;]<\/p>\n","protected":false},"author":1,"featured_media":2550,"comment_status":"open","ping_status":"open","sticky":false,"template":"","format":"standard","meta":{"jetpack_post_was_ever_published":false,"_jetpack_newsletter_access":"","jetpack_publicize_message":"","jetpack_is_tweetstorm":false,"jetpack_publicize_feature_enabled":true,"jetpack_social_post_already_shared":true,"jetpack_social_options":{"image_generator_settings":{"template":"highway","enabled":false}}},"categories":[60,71],"tags":[],"jetpack_publicize_connections":[],"yoast_head":"<!-- This site is optimized with the Yoast SEO plugin v20.12 - https:\/\/yoast.com\/wordpress\/plugins\/seo\/ -->\n<title>L\u00e4nsiuusmaalaiset kansanedustajat ajavat yhteisty\u00f6ll\u00e4 Hanko-Hyvink\u00e4\u00e4-radan s\u00e4hk\u00f6istyst\u00e4 - Anders Adlercreutz<\/title>\n<meta name=\"robots\" content=\"index, follow, max-snippet:-1, max-image-preview:large, max-video-preview:-1\" \/>\n<link rel=\"canonical\" href=\"https:\/\/andersadlercreutz.fi\/blog\/eduskunta\/lansiuusmaalaiset-kansanedustajat-ajavat-yhteistyolla-hanko-hyvinkaa-radan-sahkoistysta\/\" \/>\n<meta property=\"og:locale\" content=\"sv_SE\" \/>\n<meta property=\"og:type\" content=\"article\" \/>\n<meta property=\"og:title\" content=\"L\u00e4nsiuusmaalaiset kansanedustajat ajavat yhteisty\u00f6ll\u00e4 Hanko-Hyvink\u00e4\u00e4-radan s\u00e4hk\u00f6istyst\u00e4 - Anders Adlercreutz\" \/>\n<meta property=\"og:description\" content=\"Lehdist\u00f6tiedote 29.9.2017 Julkaisuvapaa heti \u00a0 Kansanedustajat Anders Adlercreutz (RKP), Thomas Blomqvist (RKP), Maarit Feldt-Ranta (SDP) ja Joona R\u00e4s\u00e4nen (SDP) ovat j\u00e4tt\u00e4neet yhteisen talousarvioaloitteen Hanko-Hyvink\u00e4\u00e4-radan s\u00e4hk\u00f6ist\u00e4miseksi. Kansanedustajat korostavat s\u00e4hk\u00f6istyshankkeen t\u00e4rkeytt\u00e4 koko L\u00e4nsi-Uudellemaalle ja per\u00e4\u00e4nkuuluttavat sen nopeaa toteuttamista. &#8211;\u00a0\u00a0\u00a0\u00a0\u00a0\u00a0\u00a0\u00a0\u00a0 Hanko-Hyvink\u00e4\u00e4-rata on Etel\u00e4-Suomen ainoa merkitt\u00e4v\u00e4 tavaraliikenteen rata, jota ei ole s\u00e4hk\u00f6istetty. Radan s\u00e4hk\u00f6istys turvaisi L\u00e4nsi-Uudenmaan teollisuuden ja satamien [&hellip;]\" \/>\n<meta property=\"og:url\" content=\"https:\/\/andersadlercreutz.fi\/blog\/eduskunta\/lansiuusmaalaiset-kansanedustajat-ajavat-yhteistyolla-hanko-hyvinkaa-radan-sahkoistysta\/?lang=fi\" \/>\n<meta property=\"og:site_name\" content=\"Anders Adlercreutz\" \/>\n<meta property=\"article:published_time\" content=\"2017-09-29T11:06:37+00:00\" \/>\n<meta property=\"article:modified_time\" content=\"2017-10-05T12:25:28+00:00\" \/>\n<meta property=\"og:image\" content=\"https:\/\/i0.wp.com\/andersadlercreutz.fi\/blog\/wp-content\/uploads\/2015\/11\/Anders_Adlercreutz_02_credit_Anna_Heikinheimo_crup.jpg?fit=1200%2C702&ssl=1\" \/>\n\t<meta property=\"og:image:width\" content=\"1200\" \/>\n\t<meta property=\"og:image:height\" content=\"702\" \/>\n\t<meta property=\"og:image:type\" content=\"image\/jpeg\" \/>\n<meta name=\"author\" content=\"Anders\" \/>\n<meta name=\"twitter:card\" content=\"summary_large_image\" \/>\n<meta name=\"twitter:label1\" content=\"Skriven av\" \/>\n\t<meta name=\"twitter:data1\" content=\"Anders\" \/>\n\t<meta name=\"twitter:label2\" content=\"Ber\u00e4knad l\u00e4stid\" \/>\n\t<meta name=\"twitter:data2\" content=\"1 minut\" \/>\n<script type=\"application\/ld+json\" class=\"yoast-schema-graph\">{\"@context\":\"https:\/\/schema.org\",\"@graph\":[{\"@type\":\"WebPage\",\"@id\":\"https:\/\/andersadlercreutz.fi\/blog\/eduskunta\/lansiuusmaalaiset-kansanedustajat-ajavat-yhteistyolla-hanko-hyvinkaa-radan-sahkoistysta\/?lang=fi\",\"url\":\"https:\/\/andersadlercreutz.fi\/blog\/eduskunta\/lansiuusmaalaiset-kansanedustajat-ajavat-yhteistyolla-hanko-hyvinkaa-radan-sahkoistysta\/?lang=fi\",\"name\":\"L\u00e4nsiuusmaalaiset kansanedustajat ajavat yhteisty\u00f6ll\u00e4 Hanko-Hyvink\u00e4\u00e4-radan s\u00e4hk\u00f6istyst\u00e4 - Anders Adlercreutz\",\"isPartOf\":{\"@id\":\"https:\/\/andersadlercreutz.fi\/blog\/#website\"},\"datePublished\":\"2017-09-29T11:06:37+00:00\",\"dateModified\":\"2017-10-05T12:25:28+00:00\",\"author\":{\"@id\":\"https:\/\/andersadlercreutz.fi\/blog\/#\/schema\/person\/47d4b72eded862b484f74bb4b3a2354f\"},\"breadcrumb\":{\"@id\":\"https:\/\/andersadlercreutz.fi\/blog\/eduskunta\/lansiuusmaalaiset-kansanedustajat-ajavat-yhteistyolla-hanko-hyvinkaa-radan-sahkoistysta\/?lang=fi#breadcrumb\"},\"inLanguage\":\"sv-SE\",\"potentialAction\":[{\"@type\":\"ReadAction\",\"target\":[\"https:\/\/andersadlercreutz.fi\/blog\/eduskunta\/lansiuusmaalaiset-kansanedustajat-ajavat-yhteistyolla-hanko-hyvinkaa-radan-sahkoistysta\/?lang=fi\"]}]},{\"@type\":\"BreadcrumbList\",\"@id\":\"https:\/\/andersadlercreutz.fi\/blog\/eduskunta\/lansiuusmaalaiset-kansanedustajat-ajavat-yhteistyolla-hanko-hyvinkaa-radan-sahkoistysta\/?lang=fi#breadcrumb\",\"itemListElement\":[{\"@type\":\"ListItem\",\"position\":1,\"name\":\"Home\",\"item\":\"https:\/\/andersadlercreutz.fi\/blog\/blogg\/?lang=sv\"},{\"@type\":\"ListItem\",\"position\":2,\"name\":\"L\u00e4nsiuusmaalaiset kansanedustajat ajavat yhteisty\u00f6ll\u00e4 Hanko-Hyvink\u00e4\u00e4-radan s\u00e4hk\u00f6istyst\u00e4\"}]},{\"@type\":\"WebSite\",\"@id\":\"https:\/\/andersadlercreutz.fi\/blog\/#website\",\"url\":\"https:\/\/andersadlercreutz.fi\/blog\/\",\"name\":\"Anders Adlercreutz\",\"description\":\"Du. Jag. Vi. Kest&auml;v&auml;sti optimisti\",\"potentialAction\":[{\"@type\":\"SearchAction\",\"target\":{\"@type\":\"EntryPoint\",\"urlTemplate\":\"https:\/\/andersadlercreutz.fi\/blog\/?s={search_term_string}\"},\"query-input\":\"required name=search_term_string\"}],\"inLanguage\":\"sv-SE\"},{\"@type\":\"Person\",\"@id\":\"https:\/\/andersadlercreutz.fi\/blog\/#\/schema\/person\/47d4b72eded862b484f74bb4b3a2354f\",\"name\":\"Anders\",\"image\":{\"@type\":\"ImageObject\",\"inLanguage\":\"sv-SE\",\"@id\":\"https:\/\/andersadlercreutz.fi\/blog\/#\/schema\/person\/image\/\",\"url\":\"https:\/\/secure.gravatar.com\/avatar\/a144c9bda7a581ff6fabba169027e620?s=96&d=mm&r=g\",\"contentUrl\":\"https:\/\/secure.gravatar.com\/avatar\/a144c9bda7a581ff6fabba169027e620?s=96&d=mm&r=g\",\"caption\":\"Anders\"},\"url\":\"https:\/\/andersadlercreutz.fi\/blog\/author\/admin\/\"}]}<\/script>\n<!-- \/ Yoast SEO plugin. -->","yoast_head_json":{"title":"L\u00e4nsiuusmaalaiset kansanedustajat ajavat yhteisty\u00f6ll\u00e4 Hanko-Hyvink\u00e4\u00e4-radan s\u00e4hk\u00f6istyst\u00e4 - Anders Adlercreutz","robots":{"index":"index","follow":"follow","max-snippet":"max-snippet:-1","max-image-preview":"max-image-preview:large","max-video-preview":"max-video-preview:-1"},"canonical":"https:\/\/andersadlercreutz.fi\/blog\/eduskunta\/lansiuusmaalaiset-kansanedustajat-ajavat-yhteistyolla-hanko-hyvinkaa-radan-sahkoistysta\/","og_locale":"sv_SE","og_type":"article","og_title":"L\u00e4nsiuusmaalaiset kansanedustajat ajavat yhteisty\u00f6ll\u00e4 Hanko-Hyvink\u00e4\u00e4-radan s\u00e4hk\u00f6istyst\u00e4 - Anders Adlercreutz","og_description":"Lehdist\u00f6tiedote 29.9.2017 Julkaisuvapaa heti \u00a0 Kansanedustajat Anders Adlercreutz (RKP), Thomas Blomqvist (RKP), Maarit Feldt-Ranta (SDP) ja Joona R\u00e4s\u00e4nen (SDP) ovat j\u00e4tt\u00e4neet yhteisen talousarvioaloitteen Hanko-Hyvink\u00e4\u00e4-radan s\u00e4hk\u00f6ist\u00e4miseksi. Kansanedustajat korostavat s\u00e4hk\u00f6istyshankkeen t\u00e4rkeytt\u00e4 koko L\u00e4nsi-Uudellemaalle ja per\u00e4\u00e4nkuuluttavat sen nopeaa toteuttamista. &#8211;\u00a0\u00a0\u00a0\u00a0\u00a0\u00a0\u00a0\u00a0\u00a0 Hanko-Hyvink\u00e4\u00e4-rata on Etel\u00e4-Suomen ainoa merkitt\u00e4v\u00e4 tavaraliikenteen rata, jota ei ole s\u00e4hk\u00f6istetty. Radan s\u00e4hk\u00f6istys turvaisi L\u00e4nsi-Uudenmaan teollisuuden ja satamien [&hellip;]","og_url":"https:\/\/andersadlercreutz.fi\/blog\/eduskunta\/lansiuusmaalaiset-kansanedustajat-ajavat-yhteistyolla-hanko-hyvinkaa-radan-sahkoistysta\/?lang=fi","og_site_name":"Anders Adlercreutz","article_published_time":"2017-09-29T11:06:37+00:00","article_modified_time":"2017-10-05T12:25:28+00:00","og_image":[{"width":1200,"height":702,"url":"https:\/\/i0.wp.com\/andersadlercreutz.fi\/blog\/wp-content\/uploads\/2015\/11\/Anders_Adlercreutz_02_credit_Anna_Heikinheimo_crup.jpg?fit=1200%2C702&ssl=1","type":"image\/jpeg"}],"author":"Anders","twitter_card":"summary_large_image","twitter_misc":{"Skriven av":"Anders","Ber\u00e4knad l\u00e4stid":"1 minut"},"schema":{"@context":"https:\/\/schema.org","@graph":[{"@type":"WebPage","@id":"https:\/\/andersadlercreutz.fi\/blog\/eduskunta\/lansiuusmaalaiset-kansanedustajat-ajavat-yhteistyolla-hanko-hyvinkaa-radan-sahkoistysta\/?lang=fi","url":"https:\/\/andersadlercreutz.fi\/blog\/eduskunta\/lansiuusmaalaiset-kansanedustajat-ajavat-yhteistyolla-hanko-hyvinkaa-radan-sahkoistysta\/?lang=fi","name":"L\u00e4nsiuusmaalaiset kansanedustajat ajavat yhteisty\u00f6ll\u00e4 Hanko-Hyvink\u00e4\u00e4-radan s\u00e4hk\u00f6istyst\u00e4 - Anders Adlercreutz","isPartOf":{"@id":"https:\/\/andersadlercreutz.fi\/blog\/#website"},"datePublished":"2017-09-29T11:06:37+00:00","dateModified":"2017-10-05T12:25:28+00:00","author":{"@id":"https:\/\/andersadlercreutz.fi\/blog\/#\/schema\/person\/47d4b72eded862b484f74bb4b3a2354f"},"breadcrumb":{"@id":"https:\/\/andersadlercreutz.fi\/blog\/eduskunta\/lansiuusmaalaiset-kansanedustajat-ajavat-yhteistyolla-hanko-hyvinkaa-radan-sahkoistysta\/?lang=fi#breadcrumb"},"inLanguage":"sv-SE","potentialAction":[{"@type":"ReadAction","target":["https:\/\/andersadlercreutz.fi\/blog\/eduskunta\/lansiuusmaalaiset-kansanedustajat-ajavat-yhteistyolla-hanko-hyvinkaa-radan-sahkoistysta\/?lang=fi"]}]},{"@type":"BreadcrumbList","@id":"https:\/\/andersadlercreutz.fi\/blog\/eduskunta\/lansiuusmaalaiset-kansanedustajat-ajavat-yhteistyolla-hanko-hyvinkaa-radan-sahkoistysta\/?lang=fi#breadcrumb","itemListElement":[{"@type":"ListItem","position":1,"name":"Home","item":"https:\/\/andersadlercreutz.fi\/blog\/blogg\/?lang=sv"},{"@type":"ListItem","position":2,"name":"L\u00e4nsiuusmaalaiset kansanedustajat ajavat yhteisty\u00f6ll\u00e4 Hanko-Hyvink\u00e4\u00e4-radan s\u00e4hk\u00f6istyst\u00e4"}]},{"@type":"WebSite","@id":"https:\/\/andersadlercreutz.fi\/blog\/#website","url":"https:\/\/andersadlercreutz.fi\/blog\/","name":"Anders Adlercreutz","description":"Du. Jag. Vi. Kest&auml;v&auml;sti optimisti","potentialAction":[{"@type":"SearchAction","target":{"@type":"EntryPoint","urlTemplate":"https:\/\/andersadlercreutz.fi\/blog\/?s={search_term_string}"},"query-input":"required name=search_term_string"}],"inLanguage":"sv-SE"},{"@type":"Person","@id":"https:\/\/andersadlercreutz.fi\/blog\/#\/schema\/person\/47d4b72eded862b484f74bb4b3a2354f","name":"Anders","image":{"@type":"ImageObject","inLanguage":"sv-SE","@id":"https:\/\/andersadlercreutz.fi\/blog\/#\/schema\/person\/image\/","url":"https:\/\/secure.gravatar.com\/avatar\/a144c9bda7a581ff6fabba169027e620?s=96&d=mm&r=g","contentUrl":"https:\/\/secure.gravatar.com\/avatar\/a144c9bda7a581ff6fabba169027e620?s=96&d=mm&r=g","caption":"Anders"},"url":"https:\/\/andersadlercreutz.fi\/blog\/author\/admin\/"}]}},"jetpack_featured_media_url":"https:\/\/i0.wp.com\/andersadlercreutz.fi\/blog\/wp-content\/uploads\/2015\/11\/Anders_Adlercreutz_02_credit_Anna_Heikinheimo_crup.jpg?fit=1200%2C702&ssl=1","jetpack_shortlink":"https:\/\/wp.me\/p4T6Dh-WW","jetpack_sharing_enabled":true,"_links":{"self":[{"href":"https:\/\/andersadlercreutz.fi\/blog\/wp-json\/wp\/v2\/posts\/3654"}],"collection":[{"href":"https:\/\/andersadlercreutz.fi\/blog\/wp-json\/wp\/v2\/posts"}],"about":[{"href":"https:\/\/andersadlercreutz.fi\/blog\/wp-json\/wp\/v2\/types\/post"}],"author":[{"embeddable":true,"href":"https:\/\/andersadlercreutz.fi\/blog\/wp-json\/wp\/v2\/users\/1"}],"replies":[{"embeddable":true,"href":"https:\/\/andersadlercreutz.fi\/blog\/wp-json\/wp\/v2\/comments?post=3654"}],"version-history":[{"count":2,"href":"https:\/\/andersadlercreutz.fi\/blog\/wp-json\/wp\/v2\/posts\/3654\/revisions"}],"predecessor-version":[{"id":3666,"href":"https:\/\/andersadlercreutz.fi\/blog\/wp-json\/wp\/v2\/posts\/3654\/revisions\/3666"}],"wp:featuredmedia":[{"embeddable":true,"href":"https:\/\/andersadlercreutz.fi\/blog\/wp-json\/wp\/v2\/media\/2550"}],"wp:attachment":[{"href":"https:\/\/andersadlercreutz.fi\/blog\/wp-json\/wp\/v2\/media?parent=3654"}],"wp:term":[{"taxonomy":"category","embeddable":true,"href":"https:\/\/andersadlercreutz.fi\/blog\/wp-json\/wp\/v2\/categories?post=3654"},{"taxonomy":"post_tag","embeddable":true,"href":"https:\/\/andersadlercreutz.fi\/blog\/wp-json\/wp\/v2\/tags?post=3654"}],"curies":[{"name":"wp","href":"https:\/\/api.w.org\/{rel}","templated":true}]}}