{"id":3678,"date":"2017-10-17T14:59:20","date_gmt":"2017-10-17T11:59:20","guid":{"rendered":"http:\/\/andersadlercreutz.fi\/blog\/?p=3678"},"modified":"2017-10-17T14:59:20","modified_gmt":"2017-10-17T11:59:20","slug":"adlercreutz-kiinteistoverokorotuksen-peruuttamisesta-hyva-etta-hallitus-taas-kuuntelee-viisaampiaan","status":"publish","type":"post","link":"https:\/\/andersadlercreutz.fi\/blog\/lehdistotiedote\/adlercreutz-kiinteistoverokorotuksen-peruuttamisesta-hyva-etta-hallitus-taas-kuuntelee-viisaampiaan\/?lang=fi","title":{"rendered":"Adlercreutz kiinteist\u00f6verokorotuksen peruuttamisesta: Hyv\u00e4, ett\u00e4 hallitus taas kuuntelee viisaampiaan"},"content":{"rendered":"<p>Lehdist\u00f6tiedote 17.10.2017<br \/>\nJulkaisuvapaa heti<\/p>\n<p>&nbsp;<\/p>\n<p>Helsingin Sanomat uutisoi tiistaina, ett\u00e4 hallitus peruu kaavailemansa kiinteist\u00f6veron korotuksen. Korotuksesta luopumista perustellaan lehden mukaan sill\u00e4, ett\u00e4 ensi vuodelle asetetut tavoitteet kiinteist\u00f6veron tuotoksi on jo saavutettu. RKP:n kansanedustaja Anders Adlercreutz pit\u00e4\u00e4 peruutusta tervetulleena.<\/p>\n<p>&#8211; Hallitus lupasi, ettei verotuksen pit\u00e4nyt kiristy\u00e4, mutta kiinteist\u00f6veroprosentin kanssa olisi ilmeisesti voinut pelata. Korotus olisi tarkoittanut kunnille yhteens\u00e4 48 miljoonan euron lis\u00e4tuloa &#8211; mutta ei kaikille. Ne kunnat, joilla menee hyvin, ovat halunneet pit\u00e4\u00e4 kiinteist\u00f6veron alarajalla &#8211; ja niille t\u00e4m\u00e4 kyseenalainen lis\u00e4tulo olisi kohdistunut, Adlercreutz sanoo.<\/p>\n<p>Kaavailtua korotusta hallitus puolestaan perusteli halulla kompensoida kunnille syntyvi\u00e4 kuluja siit\u00e4, ett\u00e4 p\u00e4iv\u00e4hoitomaksuja p\u00e4\u00e4tettiin alentaa &#8211; sen j\u00e4lkeen kun ne aikaisemmin oli haluttu korottaa.<\/p>\n<p>&#8211; Hallitus haluaa kompensoida kaikille kunnille syntyv\u00e4n tulomenetyksen pakottamalla joitakin kuntia nostamaan verotustaan. T\u00e4m\u00e4 on \u00e4\u00e4rimm\u00e4isen harkitsematonta veropolitiikka jo senkin takia, ett\u00e4 kiinteist\u00f6vero on luonteeltaan tasavero.<\/p>\n<p>&#8211; P\u00e4iv\u00e4hoitomaksujen madaltaminen on hyv\u00e4 asia, mutta se pit\u00e4isi korvata kunnille valtio-osuuksien kautta. Mik\u00e4li hallitus katsoo, ett\u00e4 sill\u00e4 on t\u00e4h\u00e4n madallukseen varaa, niin sopii kysy\u00e4 miksi se viel\u00e4 pit\u00e4\u00e4 kiinni p\u00e4\u00e4t\u00f6ksest\u00e4\u00e4n poistaa subjektiivinen p\u00e4iv\u00e4hoito-oikeus, p\u00e4\u00e4t\u00f6s joka Kuntaliiton Kuntakyselyn mukaan vuonna 2018 toisi ainoastaan 10 miljoonan euron s\u00e4\u00e4st\u00f6t koko maassa.<\/p>\n","protected":false},"excerpt":{"rendered":"<p>Lehdist\u00f6tiedote 17.10.2017 Julkaisuvapaa heti &nbsp; Helsingin Sanomat uutisoi tiistaina, ett\u00e4 hallitus peruu kaavailemansa kiinteist\u00f6veron korotuksen. Korotuksesta luopumista perustellaan lehden mukaan sill\u00e4, ett\u00e4 ensi vuodelle asetetut tavoitteet kiinteist\u00f6veron tuotoksi on jo saavutettu. RKP:n kansanedustaja Anders Adlercreutz pit\u00e4\u00e4 peruutusta tervetulleena. &#8211; Hallitus lupasi, ettei verotuksen pit\u00e4nyt kiristy\u00e4, mutta kiinteist\u00f6veroprosentin kanssa olisi ilmeisesti voinut pelata. Korotus olisi tarkoittanut [&hellip;]<\/p>\n","protected":false},"author":1,"featured_media":0,"comment_status":"open","ping_status":"open","sticky":false,"template":"","format":"standard","meta":{"jetpack_post_was_ever_published":false,"_jetpack_newsletter_access":"","jetpack_publicize_message":"","jetpack_is_tweetstorm":false,"jetpack_publicize_feature_enabled":true,"jetpack_social_post_already_shared":true,"jetpack_social_options":{"image_generator_settings":{"template":"highway","enabled":false}}},"categories":[71],"tags":[],"jetpack_publicize_connections":[],"yoast_head":"<!-- This site is optimized with the Yoast SEO plugin v20.12 - https:\/\/yoast.com\/wordpress\/plugins\/seo\/ -->\n<title>Adlercreutz kiinteist\u00f6verokorotuksen peruuttamisesta: Hyv\u00e4, ett\u00e4 hallitus taas kuuntelee viisaampiaan - Anders Adlercreutz<\/title>\n<meta name=\"robots\" content=\"index, follow, max-snippet:-1, max-image-preview:large, max-video-preview:-1\" \/>\n<link rel=\"canonical\" href=\"https:\/\/andersadlercreutz.fi\/blog\/lehdistotiedote\/adlercreutz-kiinteistoverokorotuksen-peruuttamisesta-hyva-etta-hallitus-taas-kuuntelee-viisaampiaan\/\" \/>\n<meta property=\"og:locale\" content=\"sv_SE\" \/>\n<meta property=\"og:type\" content=\"article\" \/>\n<meta property=\"og:title\" content=\"Adlercreutz kiinteist\u00f6verokorotuksen peruuttamisesta: Hyv\u00e4, ett\u00e4 hallitus taas kuuntelee viisaampiaan - Anders Adlercreutz\" \/>\n<meta property=\"og:description\" content=\"Lehdist\u00f6tiedote 17.10.2017 Julkaisuvapaa heti &nbsp; Helsingin Sanomat uutisoi tiistaina, ett\u00e4 hallitus peruu kaavailemansa kiinteist\u00f6veron korotuksen. Korotuksesta luopumista perustellaan lehden mukaan sill\u00e4, ett\u00e4 ensi vuodelle asetetut tavoitteet kiinteist\u00f6veron tuotoksi on jo saavutettu. RKP:n kansanedustaja Anders Adlercreutz pit\u00e4\u00e4 peruutusta tervetulleena. &#8211; Hallitus lupasi, ettei verotuksen pit\u00e4nyt kiristy\u00e4, mutta kiinteist\u00f6veroprosentin kanssa olisi ilmeisesti voinut pelata. Korotus olisi tarkoittanut [&hellip;]\" \/>\n<meta property=\"og:url\" content=\"https:\/\/andersadlercreutz.fi\/blog\/lehdistotiedote\/adlercreutz-kiinteistoverokorotuksen-peruuttamisesta-hyva-etta-hallitus-taas-kuuntelee-viisaampiaan\/?lang=fi\" \/>\n<meta property=\"og:site_name\" content=\"Anders Adlercreutz\" \/>\n<meta property=\"article:published_time\" content=\"2017-10-17T11:59:20+00:00\" \/>\n<meta name=\"author\" content=\"Anders\" \/>\n<meta name=\"twitter:card\" content=\"summary_large_image\" \/>\n<meta name=\"twitter:label1\" content=\"Skriven av\" \/>\n\t<meta name=\"twitter:data1\" content=\"Anders\" \/>\n\t<meta name=\"twitter:label2\" content=\"Ber\u00e4knad l\u00e4stid\" \/>\n\t<meta name=\"twitter:data2\" content=\"1 minut\" \/>\n<script type=\"application\/ld+json\" class=\"yoast-schema-graph\">{\"@context\":\"https:\/\/schema.org\",\"@graph\":[{\"@type\":\"WebPage\",\"@id\":\"https:\/\/andersadlercreutz.fi\/blog\/lehdistotiedote\/adlercreutz-kiinteistoverokorotuksen-peruuttamisesta-hyva-etta-hallitus-taas-kuuntelee-viisaampiaan\/?lang=fi\",\"url\":\"https:\/\/andersadlercreutz.fi\/blog\/lehdistotiedote\/adlercreutz-kiinteistoverokorotuksen-peruuttamisesta-hyva-etta-hallitus-taas-kuuntelee-viisaampiaan\/?lang=fi\",\"name\":\"Adlercreutz kiinteist\u00f6verokorotuksen peruuttamisesta: Hyv\u00e4, ett\u00e4 hallitus taas kuuntelee viisaampiaan - Anders Adlercreutz\",\"isPartOf\":{\"@id\":\"https:\/\/andersadlercreutz.fi\/blog\/#website\"},\"datePublished\":\"2017-10-17T11:59:20+00:00\",\"dateModified\":\"2017-10-17T11:59:20+00:00\",\"author\":{\"@id\":\"https:\/\/andersadlercreutz.fi\/blog\/#\/schema\/person\/47d4b72eded862b484f74bb4b3a2354f\"},\"breadcrumb\":{\"@id\":\"https:\/\/andersadlercreutz.fi\/blog\/lehdistotiedote\/adlercreutz-kiinteistoverokorotuksen-peruuttamisesta-hyva-etta-hallitus-taas-kuuntelee-viisaampiaan\/?lang=fi#breadcrumb\"},\"inLanguage\":\"sv-SE\",\"potentialAction\":[{\"@type\":\"ReadAction\",\"target\":[\"https:\/\/andersadlercreutz.fi\/blog\/lehdistotiedote\/adlercreutz-kiinteistoverokorotuksen-peruuttamisesta-hyva-etta-hallitus-taas-kuuntelee-viisaampiaan\/?lang=fi\"]}]},{\"@type\":\"BreadcrumbList\",\"@id\":\"https:\/\/andersadlercreutz.fi\/blog\/lehdistotiedote\/adlercreutz-kiinteistoverokorotuksen-peruuttamisesta-hyva-etta-hallitus-taas-kuuntelee-viisaampiaan\/?lang=fi#breadcrumb\",\"itemListElement\":[{\"@type\":\"ListItem\",\"position\":1,\"name\":\"Home\",\"item\":\"https:\/\/andersadlercreutz.fi\/blog\/blogg\/?lang=sv\"},{\"@type\":\"ListItem\",\"position\":2,\"name\":\"Adlercreutz kiinteist\u00f6verokorotuksen peruuttamisesta: Hyv\u00e4, ett\u00e4 hallitus taas kuuntelee viisaampiaan\"}]},{\"@type\":\"WebSite\",\"@id\":\"https:\/\/andersadlercreutz.fi\/blog\/#website\",\"url\":\"https:\/\/andersadlercreutz.fi\/blog\/\",\"name\":\"Anders Adlercreutz\",\"description\":\"Du. Jag. Vi. Kest&auml;v&auml;sti optimisti\",\"potentialAction\":[{\"@type\":\"SearchAction\",\"target\":{\"@type\":\"EntryPoint\",\"urlTemplate\":\"https:\/\/andersadlercreutz.fi\/blog\/?s={search_term_string}\"},\"query-input\":\"required name=search_term_string\"}],\"inLanguage\":\"sv-SE\"},{\"@type\":\"Person\",\"@id\":\"https:\/\/andersadlercreutz.fi\/blog\/#\/schema\/person\/47d4b72eded862b484f74bb4b3a2354f\",\"name\":\"Anders\",\"image\":{\"@type\":\"ImageObject\",\"inLanguage\":\"sv-SE\",\"@id\":\"https:\/\/andersadlercreutz.fi\/blog\/#\/schema\/person\/image\/\",\"url\":\"https:\/\/secure.gravatar.com\/avatar\/a144c9bda7a581ff6fabba169027e620?s=96&d=mm&r=g\",\"contentUrl\":\"https:\/\/secure.gravatar.com\/avatar\/a144c9bda7a581ff6fabba169027e620?s=96&d=mm&r=g\",\"caption\":\"Anders\"},\"url\":\"https:\/\/andersadlercreutz.fi\/blog\/author\/admin\/\"}]}<\/script>\n<!-- \/ Yoast SEO plugin. -->","yoast_head_json":{"title":"Adlercreutz kiinteist\u00f6verokorotuksen peruuttamisesta: Hyv\u00e4, ett\u00e4 hallitus taas kuuntelee viisaampiaan - Anders Adlercreutz","robots":{"index":"index","follow":"follow","max-snippet":"max-snippet:-1","max-image-preview":"max-image-preview:large","max-video-preview":"max-video-preview:-1"},"canonical":"https:\/\/andersadlercreutz.fi\/blog\/lehdistotiedote\/adlercreutz-kiinteistoverokorotuksen-peruuttamisesta-hyva-etta-hallitus-taas-kuuntelee-viisaampiaan\/","og_locale":"sv_SE","og_type":"article","og_title":"Adlercreutz kiinteist\u00f6verokorotuksen peruuttamisesta: Hyv\u00e4, ett\u00e4 hallitus taas kuuntelee viisaampiaan - Anders Adlercreutz","og_description":"Lehdist\u00f6tiedote 17.10.2017 Julkaisuvapaa heti &nbsp; Helsingin Sanomat uutisoi tiistaina, ett\u00e4 hallitus peruu kaavailemansa kiinteist\u00f6veron korotuksen. Korotuksesta luopumista perustellaan lehden mukaan sill\u00e4, ett\u00e4 ensi vuodelle asetetut tavoitteet kiinteist\u00f6veron tuotoksi on jo saavutettu. RKP:n kansanedustaja Anders Adlercreutz pit\u00e4\u00e4 peruutusta tervetulleena. &#8211; Hallitus lupasi, ettei verotuksen pit\u00e4nyt kiristy\u00e4, mutta kiinteist\u00f6veroprosentin kanssa olisi ilmeisesti voinut pelata. Korotus olisi tarkoittanut [&hellip;]","og_url":"https:\/\/andersadlercreutz.fi\/blog\/lehdistotiedote\/adlercreutz-kiinteistoverokorotuksen-peruuttamisesta-hyva-etta-hallitus-taas-kuuntelee-viisaampiaan\/?lang=fi","og_site_name":"Anders Adlercreutz","article_published_time":"2017-10-17T11:59:20+00:00","author":"Anders","twitter_card":"summary_large_image","twitter_misc":{"Skriven av":"Anders","Ber\u00e4knad l\u00e4stid":"1 minut"},"schema":{"@context":"https:\/\/schema.org","@graph":[{"@type":"WebPage","@id":"https:\/\/andersadlercreutz.fi\/blog\/lehdistotiedote\/adlercreutz-kiinteistoverokorotuksen-peruuttamisesta-hyva-etta-hallitus-taas-kuuntelee-viisaampiaan\/?lang=fi","url":"https:\/\/andersadlercreutz.fi\/blog\/lehdistotiedote\/adlercreutz-kiinteistoverokorotuksen-peruuttamisesta-hyva-etta-hallitus-taas-kuuntelee-viisaampiaan\/?lang=fi","name":"Adlercreutz kiinteist\u00f6verokorotuksen peruuttamisesta: Hyv\u00e4, ett\u00e4 hallitus taas kuuntelee viisaampiaan - Anders Adlercreutz","isPartOf":{"@id":"https:\/\/andersadlercreutz.fi\/blog\/#website"},"datePublished":"2017-10-17T11:59:20+00:00","dateModified":"2017-10-17T11:59:20+00:00","author":{"@id":"https:\/\/andersadlercreutz.fi\/blog\/#\/schema\/person\/47d4b72eded862b484f74bb4b3a2354f"},"breadcrumb":{"@id":"https:\/\/andersadlercreutz.fi\/blog\/lehdistotiedote\/adlercreutz-kiinteistoverokorotuksen-peruuttamisesta-hyva-etta-hallitus-taas-kuuntelee-viisaampiaan\/?lang=fi#breadcrumb"},"inLanguage":"sv-SE","potentialAction":[{"@type":"ReadAction","target":["https:\/\/andersadlercreutz.fi\/blog\/lehdistotiedote\/adlercreutz-kiinteistoverokorotuksen-peruuttamisesta-hyva-etta-hallitus-taas-kuuntelee-viisaampiaan\/?lang=fi"]}]},{"@type":"BreadcrumbList","@id":"https:\/\/andersadlercreutz.fi\/blog\/lehdistotiedote\/adlercreutz-kiinteistoverokorotuksen-peruuttamisesta-hyva-etta-hallitus-taas-kuuntelee-viisaampiaan\/?lang=fi#breadcrumb","itemListElement":[{"@type":"ListItem","position":1,"name":"Home","item":"https:\/\/andersadlercreutz.fi\/blog\/blogg\/?lang=sv"},{"@type":"ListItem","position":2,"name":"Adlercreutz kiinteist\u00f6verokorotuksen peruuttamisesta: Hyv\u00e4, ett\u00e4 hallitus taas kuuntelee viisaampiaan"}]},{"@type":"WebSite","@id":"https:\/\/andersadlercreutz.fi\/blog\/#website","url":"https:\/\/andersadlercreutz.fi\/blog\/","name":"Anders Adlercreutz","description":"Du. Jag. Vi. Kest&auml;v&auml;sti optimisti","potentialAction":[{"@type":"SearchAction","target":{"@type":"EntryPoint","urlTemplate":"https:\/\/andersadlercreutz.fi\/blog\/?s={search_term_string}"},"query-input":"required name=search_term_string"}],"inLanguage":"sv-SE"},{"@type":"Person","@id":"https:\/\/andersadlercreutz.fi\/blog\/#\/schema\/person\/47d4b72eded862b484f74bb4b3a2354f","name":"Anders","image":{"@type":"ImageObject","inLanguage":"sv-SE","@id":"https:\/\/andersadlercreutz.fi\/blog\/#\/schema\/person\/image\/","url":"https:\/\/secure.gravatar.com\/avatar\/a144c9bda7a581ff6fabba169027e620?s=96&d=mm&r=g","contentUrl":"https:\/\/secure.gravatar.com\/avatar\/a144c9bda7a581ff6fabba169027e620?s=96&d=mm&r=g","caption":"Anders"},"url":"https:\/\/andersadlercreutz.fi\/blog\/author\/admin\/"}]}},"jetpack_featured_media_url":"","jetpack_shortlink":"https:\/\/wp.me\/p4T6Dh-Xk","jetpack_sharing_enabled":true,"_links":{"self":[{"href":"https:\/\/andersadlercreutz.fi\/blog\/wp-json\/wp\/v2\/posts\/3678"}],"collection":[{"href":"https:\/\/andersadlercreutz.fi\/blog\/wp-json\/wp\/v2\/posts"}],"about":[{"href":"https:\/\/andersadlercreutz.fi\/blog\/wp-json\/wp\/v2\/types\/post"}],"author":[{"embeddable":true,"href":"https:\/\/andersadlercreutz.fi\/blog\/wp-json\/wp\/v2\/users\/1"}],"replies":[{"embeddable":true,"href":"https:\/\/andersadlercreutz.fi\/blog\/wp-json\/wp\/v2\/comments?post=3678"}],"version-history":[{"count":1,"href":"https:\/\/andersadlercreutz.fi\/blog\/wp-json\/wp\/v2\/posts\/3678\/revisions"}],"predecessor-version":[{"id":3679,"href":"https:\/\/andersadlercreutz.fi\/blog\/wp-json\/wp\/v2\/posts\/3678\/revisions\/3679"}],"wp:attachment":[{"href":"https:\/\/andersadlercreutz.fi\/blog\/wp-json\/wp\/v2\/media?parent=3678"}],"wp:term":[{"taxonomy":"category","embeddable":true,"href":"https:\/\/andersadlercreutz.fi\/blog\/wp-json\/wp\/v2\/categories?post=3678"},{"taxonomy":"post_tag","embeddable":true,"href":"https:\/\/andersadlercreutz.fi\/blog\/wp-json\/wp\/v2\/tags?post=3678"}],"curies":[{"name":"wp","href":"https:\/\/api.w.org\/{rel}","templated":true}]}}