{"id":3728,"date":"2017-11-21T11:23:13","date_gmt":"2017-11-21T09:23:13","guid":{"rendered":"http:\/\/andersadlercreutz.fi\/blog\/?p=3728"},"modified":"2017-11-21T11:23:13","modified_gmt":"2017-11-21T09:23:13","slug":"kirkkonummen-rkp-tyytyvainen-subjektiivinen-oikeus-varhaiskasvatukseen-palautetaan-ja-kouluhankkeet-etenevat","status":"publish","type":"post","link":"https:\/\/andersadlercreutz.fi\/blog\/lehdistotiedote\/kirkkonummen-rkp-tyytyvainen-subjektiivinen-oikeus-varhaiskasvatukseen-palautetaan-ja-kouluhankkeet-etenevat\/?lang=fi","title":{"rendered":"Kirkkonummen RKP tyytyv\u00e4inen: Subjektiivinen oikeus varhaiskasvatukseen palautetaan ja kouluhankkeet etenev\u00e4t"},"content":{"rendered":"<p>Kirkkonummen kunnanhallitus hyv\u00e4ksyi vuoden 2018 talousarvion maanantaina. Kunnanvaltuusto k\u00e4sittelee talousarvion kahden viikon kuluttua. Kirkkonummen RKP on tyytyv\u00e4inen tulokseen.<\/p>\n<p>&#8211; Talousarvioneuvottelut sujuivat hyvin ja kaikki puolueet voivat olla tyytyv\u00e4isi\u00e4 tulokseen. Itse iloitsen erityisesti panostuksista koulutukseen, toteaa Tony Bj\u00f6rk, RKP:n valtuustoryhm\u00e4n puheenjohtaja.<\/p>\n<p>Kirkkonummen kunnallisveroprosenttiin ei tule muutoksia.<\/p>\n<p>&#8211; SOTE-uudistusta silm\u00e4ll\u00e4pit\u00e4en on t\u00e4rke\u00e4 noudattaa menokuria. Siit\u00e4 huolimatta voimme panostaa sek\u00e4 lastensuojeluun ett\u00e4 ik\u00e4ihmisiin. My\u00f6s kansalaisopiston kurssitarjonta tulee laajentumaan ensi vuonna, Ulf Kjerin sanoo, kunnanhallituksen varapuheenjohtaja.<\/p>\n<p>Kaksi vuotta sitten Kirkkonummi p\u00e4\u00e4tti rajata subjektiivista oikeutta varhaiskasvatukseen. Nyt t\u00e4m\u00e4 rajaus tullaan poistamaan.<\/p>\n<p>&#8211; T\u00e4m\u00e4 oli meille erityisen t\u00e4rke\u00e4 asia, me vastustimme rajausta alusta pit\u00e4en. Me tied\u00e4mme, ett\u00e4 rajaus aiheuttaa eriarvoisuutta. Se ei my\u00f6sk\u00e4\u00e4n kunnan selvitysten perusteella ole tuonut s\u00e4\u00e4st\u00f6j\u00e4, joten on selv\u00e4, ett\u00e4 rajausta on arvioitava uudelleen. Oli hieno huomata, ett\u00e4 kaikki puolueet olivat kanssamme t\u00e4st\u00e4 asiasta samaa mielt\u00e4, toteaa Anders Adlercreutz, kansanedustaja ja kunnanvaltuuston puheenjohtaja.<\/p>\n<p>Investointipaineet ovat Kirkkonummella isot. Ensi vuoden budjetissa varataan rahaa mm. Winellska skolanin ja Gesterbyn koulun hankkeille.<\/p>\n<p>&#8211; Meid\u00e4n koulumme on saatava kuntoon. Toivomme ett\u00e4 tilap\u00e4isiss\u00e4 tiloissa vietett\u00e4v\u00e4 aika j\u00e4isi Gesterbyn koulukeskuksen oppilaille mahdollisimman lyhyeksi. T\u00e4m\u00e4 talousarvio tekee sen mahdolliseksi, toteaa Anna Aintila, kunnanhallituksen j\u00e4sen.<\/p>\n<p>&nbsp;<\/p>\n","protected":false},"excerpt":{"rendered":"<p>Kirkkonummen kunnanhallitus hyv\u00e4ksyi vuoden 2018 talousarvion maanantaina. Kunnanvaltuusto k\u00e4sittelee talousarvion kahden viikon kuluttua. Kirkkonummen RKP on tyytyv\u00e4inen tulokseen. &#8211; Talousarvioneuvottelut sujuivat hyvin ja kaikki puolueet voivat olla tyytyv\u00e4isi\u00e4 tulokseen. Itse iloitsen erityisesti panostuksista koulutukseen, toteaa Tony Bj\u00f6rk, RKP:n valtuustoryhm\u00e4n puheenjohtaja. Kirkkonummen kunnallisveroprosenttiin ei tule muutoksia. &#8211; SOTE-uudistusta silm\u00e4ll\u00e4pit\u00e4en on t\u00e4rke\u00e4 noudattaa menokuria. Siit\u00e4 huolimatta voimme [&hellip;]<\/p>\n","protected":false},"author":1,"featured_media":2239,"comment_status":"open","ping_status":"open","sticky":false,"template":"","format":"standard","meta":{"jetpack_post_was_ever_published":false,"_jetpack_newsletter_access":"","jetpack_publicize_message":"","jetpack_is_tweetstorm":false,"jetpack_publicize_feature_enabled":true,"jetpack_social_post_already_shared":true,"jetpack_social_options":{"image_generator_settings":{"template":"highway","enabled":false}}},"categories":[71],"tags":[],"jetpack_publicize_connections":[],"yoast_head":"<!-- This site is optimized with the Yoast SEO plugin v20.12 - https:\/\/yoast.com\/wordpress\/plugins\/seo\/ -->\n<title>Kirkkonummen RKP tyytyv\u00e4inen: Subjektiivinen oikeus varhaiskasvatukseen palautetaan ja kouluhankkeet etenev\u00e4t - Anders Adlercreutz<\/title>\n<meta name=\"robots\" content=\"index, follow, max-snippet:-1, max-image-preview:large, max-video-preview:-1\" \/>\n<link rel=\"canonical\" href=\"https:\/\/andersadlercreutz.fi\/blog\/lehdistotiedote\/kirkkonummen-rkp-tyytyvainen-subjektiivinen-oikeus-varhaiskasvatukseen-palautetaan-ja-kouluhankkeet-etenevat\/\" \/>\n<meta property=\"og:locale\" content=\"sv_SE\" \/>\n<meta property=\"og:type\" content=\"article\" \/>\n<meta property=\"og:title\" content=\"Kirkkonummen RKP tyytyv\u00e4inen: Subjektiivinen oikeus varhaiskasvatukseen palautetaan ja kouluhankkeet etenev\u00e4t - Anders Adlercreutz\" \/>\n<meta property=\"og:description\" content=\"Kirkkonummen kunnanhallitus hyv\u00e4ksyi vuoden 2018 talousarvion maanantaina. Kunnanvaltuusto k\u00e4sittelee talousarvion kahden viikon kuluttua. Kirkkonummen RKP on tyytyv\u00e4inen tulokseen. &#8211; Talousarvioneuvottelut sujuivat hyvin ja kaikki puolueet voivat olla tyytyv\u00e4isi\u00e4 tulokseen. Itse iloitsen erityisesti panostuksista koulutukseen, toteaa Tony Bj\u00f6rk, RKP:n valtuustoryhm\u00e4n puheenjohtaja. Kirkkonummen kunnallisveroprosenttiin ei tule muutoksia. &#8211; SOTE-uudistusta silm\u00e4ll\u00e4pit\u00e4en on t\u00e4rke\u00e4 noudattaa menokuria. Siit\u00e4 huolimatta voimme [&hellip;]\" \/>\n<meta property=\"og:url\" content=\"https:\/\/andersadlercreutz.fi\/blog\/lehdistotiedote\/kirkkonummen-rkp-tyytyvainen-subjektiivinen-oikeus-varhaiskasvatukseen-palautetaan-ja-kouluhankkeet-etenevat\/?lang=fi\" \/>\n<meta property=\"og:site_name\" content=\"Anders Adlercreutz\" \/>\n<meta property=\"article:published_time\" content=\"2017-11-21T09:23:13+00:00\" \/>\n<meta property=\"og:image\" content=\"https:\/\/andersadlercreutz.fi\/blog\/wp-content\/uploads\/2014\/10\/sein\u00e4-1030x687.jpg\" \/>\n\t<meta property=\"og:image:width\" content=\"1030\" \/>\n\t<meta property=\"og:image:height\" content=\"687\" \/>\n\t<meta property=\"og:image:type\" content=\"image\/jpeg\" \/>\n<meta name=\"author\" content=\"Anders\" \/>\n<meta name=\"twitter:card\" content=\"summary_large_image\" \/>\n<meta name=\"twitter:label1\" content=\"Skriven av\" \/>\n\t<meta name=\"twitter:data1\" content=\"Anders\" \/>\n\t<meta name=\"twitter:label2\" content=\"Ber\u00e4knad l\u00e4stid\" \/>\n\t<meta name=\"twitter:data2\" content=\"1 minut\" \/>\n<script type=\"application\/ld+json\" class=\"yoast-schema-graph\">{\"@context\":\"https:\/\/schema.org\",\"@graph\":[{\"@type\":\"WebPage\",\"@id\":\"https:\/\/andersadlercreutz.fi\/blog\/lehdistotiedote\/kirkkonummen-rkp-tyytyvainen-subjektiivinen-oikeus-varhaiskasvatukseen-palautetaan-ja-kouluhankkeet-etenevat\/?lang=fi\",\"url\":\"https:\/\/andersadlercreutz.fi\/blog\/lehdistotiedote\/kirkkonummen-rkp-tyytyvainen-subjektiivinen-oikeus-varhaiskasvatukseen-palautetaan-ja-kouluhankkeet-etenevat\/?lang=fi\",\"name\":\"Kirkkonummen RKP tyytyv\u00e4inen: Subjektiivinen oikeus varhaiskasvatukseen palautetaan ja kouluhankkeet etenev\u00e4t - Anders Adlercreutz\",\"isPartOf\":{\"@id\":\"https:\/\/andersadlercreutz.fi\/blog\/#website\"},\"datePublished\":\"2017-11-21T09:23:13+00:00\",\"dateModified\":\"2017-11-21T09:23:13+00:00\",\"author\":{\"@id\":\"https:\/\/andersadlercreutz.fi\/blog\/#\/schema\/person\/47d4b72eded862b484f74bb4b3a2354f\"},\"breadcrumb\":{\"@id\":\"https:\/\/andersadlercreutz.fi\/blog\/lehdistotiedote\/kirkkonummen-rkp-tyytyvainen-subjektiivinen-oikeus-varhaiskasvatukseen-palautetaan-ja-kouluhankkeet-etenevat\/?lang=fi#breadcrumb\"},\"inLanguage\":\"sv-SE\",\"potentialAction\":[{\"@type\":\"ReadAction\",\"target\":[\"https:\/\/andersadlercreutz.fi\/blog\/lehdistotiedote\/kirkkonummen-rkp-tyytyvainen-subjektiivinen-oikeus-varhaiskasvatukseen-palautetaan-ja-kouluhankkeet-etenevat\/?lang=fi\"]}]},{\"@type\":\"BreadcrumbList\",\"@id\":\"https:\/\/andersadlercreutz.fi\/blog\/lehdistotiedote\/kirkkonummen-rkp-tyytyvainen-subjektiivinen-oikeus-varhaiskasvatukseen-palautetaan-ja-kouluhankkeet-etenevat\/?lang=fi#breadcrumb\",\"itemListElement\":[{\"@type\":\"ListItem\",\"position\":1,\"name\":\"Home\",\"item\":\"https:\/\/andersadlercreutz.fi\/blog\/blogg\/?lang=sv\"},{\"@type\":\"ListItem\",\"position\":2,\"name\":\"Kirkkonummen RKP tyytyv\u00e4inen: Subjektiivinen oikeus varhaiskasvatukseen palautetaan ja kouluhankkeet etenev\u00e4t\"}]},{\"@type\":\"WebSite\",\"@id\":\"https:\/\/andersadlercreutz.fi\/blog\/#website\",\"url\":\"https:\/\/andersadlercreutz.fi\/blog\/\",\"name\":\"Anders Adlercreutz\",\"description\":\"Du. Jag. Vi. Kest&auml;v&auml;sti optimisti\",\"potentialAction\":[{\"@type\":\"SearchAction\",\"target\":{\"@type\":\"EntryPoint\",\"urlTemplate\":\"https:\/\/andersadlercreutz.fi\/blog\/?s={search_term_string}\"},\"query-input\":\"required name=search_term_string\"}],\"inLanguage\":\"sv-SE\"},{\"@type\":\"Person\",\"@id\":\"https:\/\/andersadlercreutz.fi\/blog\/#\/schema\/person\/47d4b72eded862b484f74bb4b3a2354f\",\"name\":\"Anders\",\"image\":{\"@type\":\"ImageObject\",\"inLanguage\":\"sv-SE\",\"@id\":\"https:\/\/andersadlercreutz.fi\/blog\/#\/schema\/person\/image\/\",\"url\":\"https:\/\/secure.gravatar.com\/avatar\/a144c9bda7a581ff6fabba169027e620?s=96&d=mm&r=g\",\"contentUrl\":\"https:\/\/secure.gravatar.com\/avatar\/a144c9bda7a581ff6fabba169027e620?s=96&d=mm&r=g\",\"caption\":\"Anders\"},\"url\":\"https:\/\/andersadlercreutz.fi\/blog\/author\/admin\/\"}]}<\/script>\n<!-- \/ Yoast SEO plugin. -->","yoast_head_json":{"title":"Kirkkonummen RKP tyytyv\u00e4inen: Subjektiivinen oikeus varhaiskasvatukseen palautetaan ja kouluhankkeet etenev\u00e4t - Anders Adlercreutz","robots":{"index":"index","follow":"follow","max-snippet":"max-snippet:-1","max-image-preview":"max-image-preview:large","max-video-preview":"max-video-preview:-1"},"canonical":"https:\/\/andersadlercreutz.fi\/blog\/lehdistotiedote\/kirkkonummen-rkp-tyytyvainen-subjektiivinen-oikeus-varhaiskasvatukseen-palautetaan-ja-kouluhankkeet-etenevat\/","og_locale":"sv_SE","og_type":"article","og_title":"Kirkkonummen RKP tyytyv\u00e4inen: Subjektiivinen oikeus varhaiskasvatukseen palautetaan ja kouluhankkeet etenev\u00e4t - Anders Adlercreutz","og_description":"Kirkkonummen kunnanhallitus hyv\u00e4ksyi vuoden 2018 talousarvion maanantaina. Kunnanvaltuusto k\u00e4sittelee talousarvion kahden viikon kuluttua. Kirkkonummen RKP on tyytyv\u00e4inen tulokseen. &#8211; Talousarvioneuvottelut sujuivat hyvin ja kaikki puolueet voivat olla tyytyv\u00e4isi\u00e4 tulokseen. Itse iloitsen erityisesti panostuksista koulutukseen, toteaa Tony Bj\u00f6rk, RKP:n valtuustoryhm\u00e4n puheenjohtaja. Kirkkonummen kunnallisveroprosenttiin ei tule muutoksia. &#8211; SOTE-uudistusta silm\u00e4ll\u00e4pit\u00e4en on t\u00e4rke\u00e4 noudattaa menokuria. Siit\u00e4 huolimatta voimme [&hellip;]","og_url":"https:\/\/andersadlercreutz.fi\/blog\/lehdistotiedote\/kirkkonummen-rkp-tyytyvainen-subjektiivinen-oikeus-varhaiskasvatukseen-palautetaan-ja-kouluhankkeet-etenevat\/?lang=fi","og_site_name":"Anders Adlercreutz","article_published_time":"2017-11-21T09:23:13+00:00","og_image":[{"width":1030,"height":687,"url":"https:\/\/andersadlercreutz.fi\/blog\/wp-content\/uploads\/2014\/10\/sein\u00e4-1030x687.jpg","type":"image\/jpeg"}],"author":"Anders","twitter_card":"summary_large_image","twitter_misc":{"Skriven av":"Anders","Ber\u00e4knad l\u00e4stid":"1 minut"},"schema":{"@context":"https:\/\/schema.org","@graph":[{"@type":"WebPage","@id":"https:\/\/andersadlercreutz.fi\/blog\/lehdistotiedote\/kirkkonummen-rkp-tyytyvainen-subjektiivinen-oikeus-varhaiskasvatukseen-palautetaan-ja-kouluhankkeet-etenevat\/?lang=fi","url":"https:\/\/andersadlercreutz.fi\/blog\/lehdistotiedote\/kirkkonummen-rkp-tyytyvainen-subjektiivinen-oikeus-varhaiskasvatukseen-palautetaan-ja-kouluhankkeet-etenevat\/?lang=fi","name":"Kirkkonummen RKP tyytyv\u00e4inen: Subjektiivinen oikeus varhaiskasvatukseen palautetaan ja kouluhankkeet etenev\u00e4t - Anders Adlercreutz","isPartOf":{"@id":"https:\/\/andersadlercreutz.fi\/blog\/#website"},"datePublished":"2017-11-21T09:23:13+00:00","dateModified":"2017-11-21T09:23:13+00:00","author":{"@id":"https:\/\/andersadlercreutz.fi\/blog\/#\/schema\/person\/47d4b72eded862b484f74bb4b3a2354f"},"breadcrumb":{"@id":"https:\/\/andersadlercreutz.fi\/blog\/lehdistotiedote\/kirkkonummen-rkp-tyytyvainen-subjektiivinen-oikeus-varhaiskasvatukseen-palautetaan-ja-kouluhankkeet-etenevat\/?lang=fi#breadcrumb"},"inLanguage":"sv-SE","potentialAction":[{"@type":"ReadAction","target":["https:\/\/andersadlercreutz.fi\/blog\/lehdistotiedote\/kirkkonummen-rkp-tyytyvainen-subjektiivinen-oikeus-varhaiskasvatukseen-palautetaan-ja-kouluhankkeet-etenevat\/?lang=fi"]}]},{"@type":"BreadcrumbList","@id":"https:\/\/andersadlercreutz.fi\/blog\/lehdistotiedote\/kirkkonummen-rkp-tyytyvainen-subjektiivinen-oikeus-varhaiskasvatukseen-palautetaan-ja-kouluhankkeet-etenevat\/?lang=fi#breadcrumb","itemListElement":[{"@type":"ListItem","position":1,"name":"Home","item":"https:\/\/andersadlercreutz.fi\/blog\/blogg\/?lang=sv"},{"@type":"ListItem","position":2,"name":"Kirkkonummen RKP tyytyv\u00e4inen: Subjektiivinen oikeus varhaiskasvatukseen palautetaan ja kouluhankkeet etenev\u00e4t"}]},{"@type":"WebSite","@id":"https:\/\/andersadlercreutz.fi\/blog\/#website","url":"https:\/\/andersadlercreutz.fi\/blog\/","name":"Anders Adlercreutz","description":"Du. Jag. Vi. Kest&auml;v&auml;sti optimisti","potentialAction":[{"@type":"SearchAction","target":{"@type":"EntryPoint","urlTemplate":"https:\/\/andersadlercreutz.fi\/blog\/?s={search_term_string}"},"query-input":"required name=search_term_string"}],"inLanguage":"sv-SE"},{"@type":"Person","@id":"https:\/\/andersadlercreutz.fi\/blog\/#\/schema\/person\/47d4b72eded862b484f74bb4b3a2354f","name":"Anders","image":{"@type":"ImageObject","inLanguage":"sv-SE","@id":"https:\/\/andersadlercreutz.fi\/blog\/#\/schema\/person\/image\/","url":"https:\/\/secure.gravatar.com\/avatar\/a144c9bda7a581ff6fabba169027e620?s=96&d=mm&r=g","contentUrl":"https:\/\/secure.gravatar.com\/avatar\/a144c9bda7a581ff6fabba169027e620?s=96&d=mm&r=g","caption":"Anders"},"url":"https:\/\/andersadlercreutz.fi\/blog\/author\/admin\/"}]}},"jetpack_featured_media_url":"https:\/\/i0.wp.com\/andersadlercreutz.fi\/blog\/wp-content\/uploads\/2014\/10\/sein\u00e4.jpg?fit=3000%2C2002&ssl=1","jetpack_shortlink":"https:\/\/wp.me\/p4T6Dh-Y8","jetpack_sharing_enabled":true,"_links":{"self":[{"href":"https:\/\/andersadlercreutz.fi\/blog\/wp-json\/wp\/v2\/posts\/3728"}],"collection":[{"href":"https:\/\/andersadlercreutz.fi\/blog\/wp-json\/wp\/v2\/posts"}],"about":[{"href":"https:\/\/andersadlercreutz.fi\/blog\/wp-json\/wp\/v2\/types\/post"}],"author":[{"embeddable":true,"href":"https:\/\/andersadlercreutz.fi\/blog\/wp-json\/wp\/v2\/users\/1"}],"replies":[{"embeddable":true,"href":"https:\/\/andersadlercreutz.fi\/blog\/wp-json\/wp\/v2\/comments?post=3728"}],"version-history":[{"count":1,"href":"https:\/\/andersadlercreutz.fi\/blog\/wp-json\/wp\/v2\/posts\/3728\/revisions"}],"predecessor-version":[{"id":3729,"href":"https:\/\/andersadlercreutz.fi\/blog\/wp-json\/wp\/v2\/posts\/3728\/revisions\/3729"}],"wp:featuredmedia":[{"embeddable":true,"href":"https:\/\/andersadlercreutz.fi\/blog\/wp-json\/wp\/v2\/media\/2239"}],"wp:attachment":[{"href":"https:\/\/andersadlercreutz.fi\/blog\/wp-json\/wp\/v2\/media?parent=3728"}],"wp:term":[{"taxonomy":"category","embeddable":true,"href":"https:\/\/andersadlercreutz.fi\/blog\/wp-json\/wp\/v2\/categories?post=3728"},{"taxonomy":"post_tag","embeddable":true,"href":"https:\/\/andersadlercreutz.fi\/blog\/wp-json\/wp\/v2\/tags?post=3728"}],"curies":[{"name":"wp","href":"https:\/\/api.w.org\/{rel}","templated":true}]}}