{"id":3799,"date":"2017-12-31T17:01:14","date_gmt":"2017-12-31T15:01:14","guid":{"rendered":"http:\/\/andersadlercreutz.fi\/blog\/?p=3799"},"modified":"2017-12-31T17:01:14","modified_gmt":"2017-12-31T15:01:14","slug":"uljasta-ja-inspiroivaa-uutta-vuotta","status":"publish","type":"post","link":"https:\/\/andersadlercreutz.fi\/blog\/kirkkonummi\/uljasta-ja-inspiroivaa-uutta-vuotta\/?lang=fi","title":{"rendered":"Uljasta ja inspiroivaa uutta vuotta!"},"content":{"rendered":"<p>Menneen vuoden aikana olemme saaneet viett\u00e4\u00e4 Suomen itsen\u00e4isyyden juhlavuotta. Kouluissa ja p\u00e4iv\u00e4kodeissa, kotona ja ty\u00f6paikoilla olemme palauttaneet mieliimme sen tien, jonka olemme yhdess\u00e4 itsen\u00e4isen\u00e4 kansana kulkeneet. Takanamme on kokonainen vuosisata, edess\u00e4mme on 101. vuotemme itsen\u00e4isen\u00e4 maana. Sadassa vuodessa yksi Euroopan alikehittyneimmist\u00e4 ja k\u00f6yhimmist\u00e4 maista on kasvanut yhdeksi Euroopan menestyksekk\u00e4immist\u00e4.\u00a0 Suomi on t\u00e4n\u00e4\u00e4n yksi maailman tasa-arvoisimmista, puhtaimmista, turvallisimmista ja v\u00e4hiten korruptoituneista maista. Hyv\u00e4t asiat on syyt\u00e4 muistaa ja niit\u00e4 on syyt\u00e4 juhlistaa ei vain kerran vuosisadassa, vaan joka p\u00e4iv\u00e4.<\/p>\n<p>P\u00e4ivitt\u00e4isess\u00e4 ty\u00f6ss\u00e4ni eduskunnassa Suomen 100-vuotisjuhla on n\u00e4kynyt monella tavalla:<\/p>\n<p>Eduskunta muutti takaisin vanhoihin tiloihinsa alkusyksyst\u00e4. Olen ollut huomaavinani, ett\u00e4 arvokkaasti restauroiduilla tiloilla on ollut positiivinen vaikutus eduskuntaty\u00f6h\u00f6n. Ajatus siit\u00e4, miten iso investointi eduskuntatalo aikoinaan oli vain kymmenen vuotta vanhalle tasavallalle, on p\u00e4\u00e4t\u00e4 huimaava. Arkkitehti J.S. Sir\u00e9nin T\u00f6\u00f6l\u00f6nlahden kupeeseen, kukkulan p\u00e4\u00e4lle suunnittelema demokratian monumentti oli varmasti vaikuttava n\u00e4ky valmistuessaan vuonna 1931. Pieni tasavalta uskalsi ajatella ihailtavan isosti.<\/p>\n<p>Sata vuotta sitten Suomi oli samassa tilanteessa, kuin miss\u00e4 moni kehitysmaa on t\u00e4n\u00e4\u00e4n. Rohkeat valinnat sek\u00e4 usko tulevaisuuteen ja toisiimme, ovat johtaneet siihen, ett\u00e4 olemme kehittyneet koko ajan paremmiksi. Monet maat voisivat oppia tarinastamme. Olemme n\u00e4ytt\u00e4neet ett\u00e4 usko koulutukseen, kansanvaltaan ja toisiimme &#8211; toisin sanoen keskin\u00e4inen luottamus &#8211; voi vied\u00e4 pitk\u00e4lle.<\/p>\n<p>T\u00e4ss\u00e4 onkin t\u00e4rkein p\u00e4\u00e4omamme: luottamus. Luottamus mahdollistaa sen, ett\u00e4 voimme toimia tehokkaasti ja joustavasti. Jos sovittu sana pit\u00e4\u00e4 ja uskomme toistemme hyv\u00e4\u00e4n tahtoon, kaikki sujuu paremmin ja helpommin.<\/p>\n<p>Se ty\u00f6, jota me valtuutetut saamme tehd\u00e4, perustuu juuri t\u00e4h\u00e4n voimavaraan &#8211; luottamukseen. Uusi valtuusto aloitti ty\u00f6ns\u00e4 kes\u00e4n kynnyksell\u00e4. Joukossa on uusia kasvoja, jotka merkitsev\u00e4t uusia raikkaita\u00a0 ajatuksia. Joukossa on my\u00f6s kokeneita p\u00e4\u00e4tt\u00e4ji\u00e4, jotka tuovat perspektiivi\u00e4 p\u00e4\u00e4t\u00f6ksentekoon. Ensimm\u00e4inen vajaa vuosi ty\u00f6skentely\u00e4 uudessa valtuustossa on sujunut todella positiivisessa hengess\u00e4. Ty\u00f6t\u00e4 on leimannut halu p\u00e4\u00e4st\u00e4 yhteisymm\u00e4rrykseen ja halu yhdess\u00e4 ty\u00f6skentelemiseen. Sit\u00e4 asennetta tarvitsemme my\u00f6s seuraavan sadan vuoden rakentamiseen.<\/p>\n<p>Tulevien vuosien aikana kunnassamme tulee tapahtumaan paljon. Ymp\u00e4r\u00f6iv\u00e4 maailma muuttuu sekin. Meid\u00e4n tulee valmistautua nurkan takana olevaan sosiaali- ja terveysuudistukseen. Samaan aikaan meid\u00e4n pit\u00e4\u00e4 varmistaa, ett\u00e4 kuntamme on houkutteleva ja kilpailukykyinen niin asukkaiden kuin yritystenkin n\u00e4k\u00f6kulmasta. Meid\u00e4n tulee pit\u00e4\u00e4 huolta siit\u00e4, ett\u00e4 kuntakeskuksemme kulkee kehityksen k\u00e4rjess\u00e4 ja ett\u00e4 pystymme tarjoamaan hyv\u00e4t palvelut niin i\u00e4kk\u00e4ille kuin nuorille. Ja ett\u00e4 jokainen kirkkonummelainen voi luottaa siihen, ett\u00e4 se ymp\u00e4rist\u00f6, jossa h\u00e4n viett\u00e4\u00e4 p\u00e4iv\u00e4ns\u00e4 on turvallinen ja terveellinen. N\u00e4iss\u00e4 asioissa on meille haastetta riitt\u00e4miin. Ilman sujuvaa yhteisty\u00f6t\u00e4 eri puolueiden ja virkamiesten v\u00e4lill\u00e4 tavoitteita on mahdotonta saavuttaa. Luottamus on pidett\u00e4v\u00e4 arvojen keski\u00f6ss\u00e4.<\/p>\n<p>Hyv\u00e4t yst\u00e4v\u00e4t, yhdess\u00e4 teemme ensi vuodesta t\u00e4t\u00e4kin vuotta paremman. Kiit\u00e4n teit\u00e4 l\u00e4mpim\u00e4sti t\u00e4st\u00e4 vuodesta\u00a0 ja toivotan uljasta ja inspiroivaa uutta vuotta!<\/p>\n","protected":false},"excerpt":{"rendered":"<p>Menneen vuoden aikana olemme saaneet viett\u00e4\u00e4 Suomen itsen\u00e4isyyden juhlavuotta. Kouluissa ja p\u00e4iv\u00e4kodeissa, kotona ja ty\u00f6paikoilla olemme palauttaneet mieliimme sen tien, jonka olemme yhdess\u00e4 itsen\u00e4isen\u00e4 kansana kulkeneet. Takanamme on kokonainen vuosisata, edess\u00e4mme on 101. vuotemme itsen\u00e4isen\u00e4 maana. Sadassa vuodessa yksi Euroopan alikehittyneimmist\u00e4 ja k\u00f6yhimmist\u00e4 maista on kasvanut yhdeksi Euroopan menestyksekk\u00e4immist\u00e4.\u00a0 Suomi on t\u00e4n\u00e4\u00e4n yksi maailman tasa-arvoisimmista, [&hellip;]<\/p>\n","protected":false},"author":1,"featured_media":2780,"comment_status":"open","ping_status":"open","sticky":false,"template":"","format":"standard","meta":{"jetpack_post_was_ever_published":false,"_jetpack_newsletter_access":"","jetpack_publicize_message":"","jetpack_is_tweetstorm":false,"jetpack_publicize_feature_enabled":true,"jetpack_social_post_already_shared":true,"jetpack_social_options":{"image_generator_settings":{"template":"highway","enabled":false}}},"categories":[18,3,8],"tags":[],"jetpack_publicize_connections":[],"yoast_head":"<!-- This site is optimized with the Yoast SEO plugin v20.12 - https:\/\/yoast.com\/wordpress\/plugins\/seo\/ -->\n<title>Uljasta ja inspiroivaa uutta vuotta! - Anders Adlercreutz<\/title>\n<meta name=\"robots\" content=\"index, follow, max-snippet:-1, max-image-preview:large, max-video-preview:-1\" \/>\n<link rel=\"canonical\" href=\"https:\/\/andersadlercreutz.fi\/blog\/kirkkonummi\/uljasta-ja-inspiroivaa-uutta-vuotta\/\" \/>\n<meta property=\"og:locale\" content=\"sv_SE\" \/>\n<meta property=\"og:type\" content=\"article\" \/>\n<meta property=\"og:title\" content=\"Uljasta ja inspiroivaa uutta vuotta! - Anders Adlercreutz\" \/>\n<meta property=\"og:description\" content=\"Menneen vuoden aikana olemme saaneet viett\u00e4\u00e4 Suomen itsen\u00e4isyyden juhlavuotta. Kouluissa ja p\u00e4iv\u00e4kodeissa, kotona ja ty\u00f6paikoilla olemme palauttaneet mieliimme sen tien, jonka olemme yhdess\u00e4 itsen\u00e4isen\u00e4 kansana kulkeneet. Takanamme on kokonainen vuosisata, edess\u00e4mme on 101. vuotemme itsen\u00e4isen\u00e4 maana. Sadassa vuodessa yksi Euroopan alikehittyneimmist\u00e4 ja k\u00f6yhimmist\u00e4 maista on kasvanut yhdeksi Euroopan menestyksekk\u00e4immist\u00e4.\u00a0 Suomi on t\u00e4n\u00e4\u00e4n yksi maailman tasa-arvoisimmista, [&hellip;]\" \/>\n<meta property=\"og:url\" content=\"https:\/\/andersadlercreutz.fi\/blog\/kirkkonummi\/uljasta-ja-inspiroivaa-uutta-vuotta\/?lang=fi\" \/>\n<meta property=\"og:site_name\" content=\"Anders Adlercreutz\" \/>\n<meta property=\"article:published_time\" content=\"2017-12-31T15:01:14+00:00\" \/>\n<meta property=\"og:image\" content=\"https:\/\/i0.wp.com\/andersadlercreutz.fi\/blog\/wp-content\/uploads\/2016\/04\/PUKU_MOB.png?fit=600%2C320&ssl=1\" \/>\n\t<meta property=\"og:image:width\" content=\"600\" \/>\n\t<meta property=\"og:image:height\" content=\"320\" \/>\n\t<meta property=\"og:image:type\" content=\"image\/png\" \/>\n<meta name=\"author\" content=\"Anders\" \/>\n<meta name=\"twitter:card\" content=\"summary_large_image\" \/>\n<meta name=\"twitter:label1\" content=\"Skriven av\" \/>\n\t<meta name=\"twitter:data1\" content=\"Anders\" \/>\n\t<meta name=\"twitter:label2\" content=\"Ber\u00e4knad l\u00e4stid\" \/>\n\t<meta name=\"twitter:data2\" content=\"2 minuter\" \/>\n<script type=\"application\/ld+json\" class=\"yoast-schema-graph\">{\"@context\":\"https:\/\/schema.org\",\"@graph\":[{\"@type\":\"WebPage\",\"@id\":\"https:\/\/andersadlercreutz.fi\/blog\/kirkkonummi\/uljasta-ja-inspiroivaa-uutta-vuotta\/?lang=fi\",\"url\":\"https:\/\/andersadlercreutz.fi\/blog\/kirkkonummi\/uljasta-ja-inspiroivaa-uutta-vuotta\/?lang=fi\",\"name\":\"Uljasta ja inspiroivaa uutta vuotta! - Anders Adlercreutz\",\"isPartOf\":{\"@id\":\"https:\/\/andersadlercreutz.fi\/blog\/#website\"},\"datePublished\":\"2017-12-31T15:01:14+00:00\",\"dateModified\":\"2017-12-31T15:01:14+00:00\",\"author\":{\"@id\":\"https:\/\/andersadlercreutz.fi\/blog\/#\/schema\/person\/47d4b72eded862b484f74bb4b3a2354f\"},\"breadcrumb\":{\"@id\":\"https:\/\/andersadlercreutz.fi\/blog\/kirkkonummi\/uljasta-ja-inspiroivaa-uutta-vuotta\/?lang=fi#breadcrumb\"},\"inLanguage\":\"sv-SE\",\"potentialAction\":[{\"@type\":\"ReadAction\",\"target\":[\"https:\/\/andersadlercreutz.fi\/blog\/kirkkonummi\/uljasta-ja-inspiroivaa-uutta-vuotta\/?lang=fi\"]}]},{\"@type\":\"BreadcrumbList\",\"@id\":\"https:\/\/andersadlercreutz.fi\/blog\/kirkkonummi\/uljasta-ja-inspiroivaa-uutta-vuotta\/?lang=fi#breadcrumb\",\"itemListElement\":[{\"@type\":\"ListItem\",\"position\":1,\"name\":\"Home\",\"item\":\"https:\/\/andersadlercreutz.fi\/blog\/blogg\/?lang=sv\"},{\"@type\":\"ListItem\",\"position\":2,\"name\":\"Uljasta ja inspiroivaa uutta vuotta!\"}]},{\"@type\":\"WebSite\",\"@id\":\"https:\/\/andersadlercreutz.fi\/blog\/#website\",\"url\":\"https:\/\/andersadlercreutz.fi\/blog\/\",\"name\":\"Anders Adlercreutz\",\"description\":\"Du. Jag. Vi. Kest&auml;v&auml;sti optimisti\",\"potentialAction\":[{\"@type\":\"SearchAction\",\"target\":{\"@type\":\"EntryPoint\",\"urlTemplate\":\"https:\/\/andersadlercreutz.fi\/blog\/?s={search_term_string}\"},\"query-input\":\"required name=search_term_string\"}],\"inLanguage\":\"sv-SE\"},{\"@type\":\"Person\",\"@id\":\"https:\/\/andersadlercreutz.fi\/blog\/#\/schema\/person\/47d4b72eded862b484f74bb4b3a2354f\",\"name\":\"Anders\",\"image\":{\"@type\":\"ImageObject\",\"inLanguage\":\"sv-SE\",\"@id\":\"https:\/\/andersadlercreutz.fi\/blog\/#\/schema\/person\/image\/\",\"url\":\"https:\/\/secure.gravatar.com\/avatar\/a144c9bda7a581ff6fabba169027e620?s=96&d=mm&r=g\",\"contentUrl\":\"https:\/\/secure.gravatar.com\/avatar\/a144c9bda7a581ff6fabba169027e620?s=96&d=mm&r=g\",\"caption\":\"Anders\"},\"url\":\"https:\/\/andersadlercreutz.fi\/blog\/author\/admin\/\"}]}<\/script>\n<!-- \/ Yoast SEO plugin. -->","yoast_head_json":{"title":"Uljasta ja inspiroivaa uutta vuotta! - Anders Adlercreutz","robots":{"index":"index","follow":"follow","max-snippet":"max-snippet:-1","max-image-preview":"max-image-preview:large","max-video-preview":"max-video-preview:-1"},"canonical":"https:\/\/andersadlercreutz.fi\/blog\/kirkkonummi\/uljasta-ja-inspiroivaa-uutta-vuotta\/","og_locale":"sv_SE","og_type":"article","og_title":"Uljasta ja inspiroivaa uutta vuotta! - Anders Adlercreutz","og_description":"Menneen vuoden aikana olemme saaneet viett\u00e4\u00e4 Suomen itsen\u00e4isyyden juhlavuotta. Kouluissa ja p\u00e4iv\u00e4kodeissa, kotona ja ty\u00f6paikoilla olemme palauttaneet mieliimme sen tien, jonka olemme yhdess\u00e4 itsen\u00e4isen\u00e4 kansana kulkeneet. Takanamme on kokonainen vuosisata, edess\u00e4mme on 101. vuotemme itsen\u00e4isen\u00e4 maana. Sadassa vuodessa yksi Euroopan alikehittyneimmist\u00e4 ja k\u00f6yhimmist\u00e4 maista on kasvanut yhdeksi Euroopan menestyksekk\u00e4immist\u00e4.\u00a0 Suomi on t\u00e4n\u00e4\u00e4n yksi maailman tasa-arvoisimmista, [&hellip;]","og_url":"https:\/\/andersadlercreutz.fi\/blog\/kirkkonummi\/uljasta-ja-inspiroivaa-uutta-vuotta\/?lang=fi","og_site_name":"Anders Adlercreutz","article_published_time":"2017-12-31T15:01:14+00:00","og_image":[{"width":600,"height":320,"url":"https:\/\/i0.wp.com\/andersadlercreutz.fi\/blog\/wp-content\/uploads\/2016\/04\/PUKU_MOB.png?fit=600%2C320&ssl=1","type":"image\/png"}],"author":"Anders","twitter_card":"summary_large_image","twitter_misc":{"Skriven av":"Anders","Ber\u00e4knad l\u00e4stid":"2 minuter"},"schema":{"@context":"https:\/\/schema.org","@graph":[{"@type":"WebPage","@id":"https:\/\/andersadlercreutz.fi\/blog\/kirkkonummi\/uljasta-ja-inspiroivaa-uutta-vuotta\/?lang=fi","url":"https:\/\/andersadlercreutz.fi\/blog\/kirkkonummi\/uljasta-ja-inspiroivaa-uutta-vuotta\/?lang=fi","name":"Uljasta ja inspiroivaa uutta vuotta! - Anders Adlercreutz","isPartOf":{"@id":"https:\/\/andersadlercreutz.fi\/blog\/#website"},"datePublished":"2017-12-31T15:01:14+00:00","dateModified":"2017-12-31T15:01:14+00:00","author":{"@id":"https:\/\/andersadlercreutz.fi\/blog\/#\/schema\/person\/47d4b72eded862b484f74bb4b3a2354f"},"breadcrumb":{"@id":"https:\/\/andersadlercreutz.fi\/blog\/kirkkonummi\/uljasta-ja-inspiroivaa-uutta-vuotta\/?lang=fi#breadcrumb"},"inLanguage":"sv-SE","potentialAction":[{"@type":"ReadAction","target":["https:\/\/andersadlercreutz.fi\/blog\/kirkkonummi\/uljasta-ja-inspiroivaa-uutta-vuotta\/?lang=fi"]}]},{"@type":"BreadcrumbList","@id":"https:\/\/andersadlercreutz.fi\/blog\/kirkkonummi\/uljasta-ja-inspiroivaa-uutta-vuotta\/?lang=fi#breadcrumb","itemListElement":[{"@type":"ListItem","position":1,"name":"Home","item":"https:\/\/andersadlercreutz.fi\/blog\/blogg\/?lang=sv"},{"@type":"ListItem","position":2,"name":"Uljasta ja inspiroivaa uutta vuotta!"}]},{"@type":"WebSite","@id":"https:\/\/andersadlercreutz.fi\/blog\/#website","url":"https:\/\/andersadlercreutz.fi\/blog\/","name":"Anders Adlercreutz","description":"Du. Jag. Vi. Kest&auml;v&auml;sti optimisti","potentialAction":[{"@type":"SearchAction","target":{"@type":"EntryPoint","urlTemplate":"https:\/\/andersadlercreutz.fi\/blog\/?s={search_term_string}"},"query-input":"required name=search_term_string"}],"inLanguage":"sv-SE"},{"@type":"Person","@id":"https:\/\/andersadlercreutz.fi\/blog\/#\/schema\/person\/47d4b72eded862b484f74bb4b3a2354f","name":"Anders","image":{"@type":"ImageObject","inLanguage":"sv-SE","@id":"https:\/\/andersadlercreutz.fi\/blog\/#\/schema\/person\/image\/","url":"https:\/\/secure.gravatar.com\/avatar\/a144c9bda7a581ff6fabba169027e620?s=96&d=mm&r=g","contentUrl":"https:\/\/secure.gravatar.com\/avatar\/a144c9bda7a581ff6fabba169027e620?s=96&d=mm&r=g","caption":"Anders"},"url":"https:\/\/andersadlercreutz.fi\/blog\/author\/admin\/"}]}},"jetpack_featured_media_url":"https:\/\/i0.wp.com\/andersadlercreutz.fi\/blog\/wp-content\/uploads\/2016\/04\/PUKU_MOB.png?fit=600%2C320&ssl=1","jetpack_shortlink":"https:\/\/wp.me\/p4T6Dh-Zh","jetpack_sharing_enabled":true,"_links":{"self":[{"href":"https:\/\/andersadlercreutz.fi\/blog\/wp-json\/wp\/v2\/posts\/3799"}],"collection":[{"href":"https:\/\/andersadlercreutz.fi\/blog\/wp-json\/wp\/v2\/posts"}],"about":[{"href":"https:\/\/andersadlercreutz.fi\/blog\/wp-json\/wp\/v2\/types\/post"}],"author":[{"embeddable":true,"href":"https:\/\/andersadlercreutz.fi\/blog\/wp-json\/wp\/v2\/users\/1"}],"replies":[{"embeddable":true,"href":"https:\/\/andersadlercreutz.fi\/blog\/wp-json\/wp\/v2\/comments?post=3799"}],"version-history":[{"count":1,"href":"https:\/\/andersadlercreutz.fi\/blog\/wp-json\/wp\/v2\/posts\/3799\/revisions"}],"predecessor-version":[{"id":3800,"href":"https:\/\/andersadlercreutz.fi\/blog\/wp-json\/wp\/v2\/posts\/3799\/revisions\/3800"}],"wp:featuredmedia":[{"embeddable":true,"href":"https:\/\/andersadlercreutz.fi\/blog\/wp-json\/wp\/v2\/media\/2780"}],"wp:attachment":[{"href":"https:\/\/andersadlercreutz.fi\/blog\/wp-json\/wp\/v2\/media?parent=3799"}],"wp:term":[{"taxonomy":"category","embeddable":true,"href":"https:\/\/andersadlercreutz.fi\/blog\/wp-json\/wp\/v2\/categories?post=3799"},{"taxonomy":"post_tag","embeddable":true,"href":"https:\/\/andersadlercreutz.fi\/blog\/wp-json\/wp\/v2\/tags?post=3799"}],"curies":[{"name":"wp","href":"https:\/\/api.w.org\/{rel}","templated":true}]}}