{"id":3801,"date":"2017-12-31T17:05:35","date_gmt":"2017-12-31T15:05:35","guid":{"rendered":"http:\/\/andersadlercreutz.fi\/blog\/?p=3801"},"modified":"2017-12-31T17:05:35","modified_gmt":"2017-12-31T15:05:35","slug":"gott-nytt-ar","status":"publish","type":"post","link":"https:\/\/andersadlercreutz.fi\/blog\/kyrkslatt\/gott-nytt-ar\/","title":{"rendered":"Gott nytt \u00e5r!"},"content":{"rendered":"<p>Under det g\u00e5ngna \u00e5ret har vi f\u00e5tt fira v\u00e5rt lands 100 \u00e5r av sj\u00e4lvst\u00e4ndighet. I skolor och daghem, hemma och p\u00e5 arbetsplatser har vi f\u00e5tt dra till minnes den v\u00e4g vi g\u00e5tt som land. Vi har ett sekel bakom oss och v\u00e5rt 101:a \u00e5r framf\u00f6r oss. Som land har vi g\u00e5tt fr\u00e5n att vara ett av Europas fattigaste och minst utvecklade till att vara ett av de mest framg\u00e5ngsrika, till att vara ett av v\u00e4rldens mest transparenta, j\u00e4mst\u00e4llda, renaste och tryggaste l\u00e4nder. Goda saker \u00e4r v\u00e4rda att minnas inte bara en g\u00e5ng varje \u00e5rhundrade, utan varje dag.<\/p>\n<p>I mitt dagliga arbete i riksdagen har Finlands hundra \u00e5r synts p\u00e5 m\u00e5nga s\u00e4tt.<\/p>\n<p>Riksdagen flyttade in i sina gamla utrymmen i b\u00f6rjan av h\u00f6sten. Sj\u00e4lv tycker jag mig m\u00e4rka att den nyrenoverade byggnaden har haft en positiv verkan p\u00e5 hela riksdagsarbetet. Samtidigt \u00e4r det hisnande att t\u00e4nka vilken satsning ett hus som riksdagshuset var f\u00f6r det d\u00e5 blott tio\u00e5riga Finland.<\/p>\n<p>D\u00e5 detta monument till demokratin stod f\u00e4rdigt 1931 m\u00e5tte det ha varit en m\u00e4ktig syn. J.S. Sir\u00e9ns skapelse reste sig i utkanten av det d\u00e5 r\u00e4tt obebyggda T\u00f6l\u00f6. Den lilla republiken v\u00e5gade t\u00e4nka stort.<\/p>\n<p>F\u00f6r hundra \u00e5r sedan var vi i den situation m\u00e5nga utvecklingsl\u00e4nder \u00e4r i dag. Goda val, en tro p\u00e5 framtiden och ibland ocks\u00e5 mod ledde till att v\u00e5r utveckling gick i en positiv riktning. M\u00e5nga l\u00e4nder kan ta l\u00e4rdom av det vi g\u00e5tt igenom. Finland har visat att en tro p\u00e5 utbildning, demokrati och f\u00f6rtroende kan b\u00e4ra l\u00e5ngt. Det h\u00e4r \u00e4r ocks\u00e5 det viktigaste kapital vi har: en tro p\u00e5 oss sj\u00e4lva och varandra.<\/p>\n<p>F\u00f6rtroende leder till effektivitet, det leder till att man kan fatta beslut p\u00e5 ett smidigt och effektivt s\u00e4tt. Om det \u00f6verenskomna h\u00e5ller och vi tror p\u00e5 varandras goda vilja, varandras goda f\u00f6resatser, d\u00e5 g\u00e5r allt automatiskt b\u00e4ttre och l\u00e4ttare.<\/p>\n<p>Det arbete som vi f\u00f6rtroendevalda f\u00e5r utf\u00f6ra \u00e4r beroende av just detta, ett f\u00f6rtroende. I Kyrksl\u00e4tt b\u00f6rjade det nya fullm\u00e4ktige sitt arbete p\u00e5 f\u00f6rsommaren. I fullm\u00e4ktige finns det m\u00e5nga nya ansikten som h\u00e4mtar med sig nya id\u00e9er men ocks\u00e5 en del gamla som kan ge perspektiv till beslutsfattandet. Det f\u00f6rsta knappa \u00e5ret har varit hoppingivande. Arbetet har pr\u00e4glats av en vilja att komma \u00f6verens och arbeta tillsammans. Det \u00e4r en inst\u00e4llning som beh\u00f6vs d\u00e5 vi tillsammans g\u00e5r in i v\u00e5rt n\u00e4sta \u00e5rhundrade.<\/p>\n<p>Under de kommande \u00e5ren kommer mycket att h\u00e4nda i v\u00e5r kommun och runt den. Vi m\u00e5ste f\u00f6rbereda oss inf\u00f6r den social- och h\u00e4lsov\u00e5rdsreform som med stor sannolikhet v\u00e4ntar bakom h\u00f6rnet. Samtidigt blir det \u00e4nnu viktigare \u00e4n tidigare att se till att v\u00e5r kommun \u00e4r attraktiv och konkurrenskraftig f\u00f6r b\u00e5de inv\u00e5nare och f\u00f6retag &#8211; att vi har ett attraktivt centrum och god service f\u00f6r b\u00e5de \u00e4ldre och unga. Och att vi kan se till att alla kan tillbringa sina dagar i goda, trygga utrymmen. Det \u00e4r fr\u00e5ga om stora utmaningar. F\u00f6r att vi skall lyckas kr\u00e4vs smidigt samarbete mellan oss kommunalpolitiker och tj\u00e4nstem\u00e4n. I centrum av detta finns f\u00f6rtroendet.<\/p>\n<p>B\u00e4sta v\u00e4nner, tillsammans g\u00f6r vi n\u00e4sta \u00e5r \u00e4nnu b\u00e4ttre \u00e4n detta. Jag tackar er f\u00f6r \u00e5ret som g\u00e5tt och \u00f6nskar er ett gott och nytt \u00e5r.<\/p>\n","protected":false},"excerpt":{"rendered":"<p>Under det g\u00e5ngna \u00e5ret har vi f\u00e5tt fira v\u00e5rt lands 100 \u00e5r av sj\u00e4lvst\u00e4ndighet. I skolor och daghem, hemma och p\u00e5 arbetsplatser har vi f\u00e5tt dra till minnes den v\u00e4g vi g\u00e5tt som land. Vi har ett sekel bakom oss och v\u00e5rt 101:a \u00e5r framf\u00f6r oss. Som land har vi g\u00e5tt fr\u00e5n att vara ett [&hellip;]<\/p>\n","protected":false},"author":1,"featured_media":2780,"comment_status":"open","ping_status":"open","sticky":false,"template":"","format":"standard","meta":{"jetpack_post_was_ever_published":false,"_jetpack_newsletter_access":"","jetpack_publicize_message":"","jetpack_is_tweetstorm":false,"jetpack_publicize_feature_enabled":true,"jetpack_social_post_already_shared":true,"jetpack_social_options":{"image_generator_settings":{"template":"highway","enabled":false}}},"categories":[46,35,47],"tags":[],"jetpack_publicize_connections":[],"yoast_head":"<!-- This site is optimized with the Yoast SEO plugin v20.12 - https:\/\/yoast.com\/wordpress\/plugins\/seo\/ -->\n<title>Gott nytt \u00e5r! - Anders Adlercreutz<\/title>\n<meta name=\"robots\" content=\"index, follow, max-snippet:-1, max-image-preview:large, max-video-preview:-1\" \/>\n<link rel=\"canonical\" href=\"https:\/\/andersadlercreutz.fi\/blog\/kyrkslatt\/gott-nytt-ar\/\" \/>\n<meta property=\"og:locale\" content=\"sv_SE\" \/>\n<meta property=\"og:type\" content=\"article\" \/>\n<meta property=\"og:title\" content=\"Gott nytt \u00e5r! - Anders Adlercreutz\" \/>\n<meta property=\"og:description\" content=\"Under det g\u00e5ngna \u00e5ret har vi f\u00e5tt fira v\u00e5rt lands 100 \u00e5r av sj\u00e4lvst\u00e4ndighet. I skolor och daghem, hemma och p\u00e5 arbetsplatser har vi f\u00e5tt dra till minnes den v\u00e4g vi g\u00e5tt som land. Vi har ett sekel bakom oss och v\u00e5rt 101:a \u00e5r framf\u00f6r oss. Som land har vi g\u00e5tt fr\u00e5n att vara ett [&hellip;]\" \/>\n<meta property=\"og:url\" content=\"https:\/\/andersadlercreutz.fi\/blog\/kyrkslatt\/gott-nytt-ar\/\" \/>\n<meta property=\"og:site_name\" content=\"Anders Adlercreutz\" \/>\n<meta property=\"article:published_time\" content=\"2017-12-31T15:05:35+00:00\" \/>\n<meta property=\"og:image\" content=\"https:\/\/i0.wp.com\/andersadlercreutz.fi\/blog\/wp-content\/uploads\/2016\/04\/PUKU_MOB.png?fit=600%2C320&ssl=1\" \/>\n\t<meta property=\"og:image:width\" content=\"600\" \/>\n\t<meta property=\"og:image:height\" content=\"320\" \/>\n\t<meta property=\"og:image:type\" content=\"image\/png\" \/>\n<meta name=\"author\" content=\"Anders\" \/>\n<meta name=\"twitter:card\" content=\"summary_large_image\" \/>\n<meta name=\"twitter:label1\" content=\"Skriven av\" \/>\n\t<meta name=\"twitter:data1\" content=\"Anders\" \/>\n\t<meta name=\"twitter:label2\" content=\"Ber\u00e4knad l\u00e4stid\" \/>\n\t<meta name=\"twitter:data2\" content=\"3 minuter\" \/>\n<script type=\"application\/ld+json\" class=\"yoast-schema-graph\">{\"@context\":\"https:\/\/schema.org\",\"@graph\":[{\"@type\":\"WebPage\",\"@id\":\"https:\/\/andersadlercreutz.fi\/blog\/kyrkslatt\/gott-nytt-ar\/\",\"url\":\"https:\/\/andersadlercreutz.fi\/blog\/kyrkslatt\/gott-nytt-ar\/\",\"name\":\"Gott nytt \u00e5r! - Anders Adlercreutz\",\"isPartOf\":{\"@id\":\"https:\/\/andersadlercreutz.fi\/blog\/#website\"},\"datePublished\":\"2017-12-31T15:05:35+00:00\",\"dateModified\":\"2017-12-31T15:05:35+00:00\",\"author\":{\"@id\":\"https:\/\/andersadlercreutz.fi\/blog\/#\/schema\/person\/47d4b72eded862b484f74bb4b3a2354f\"},\"breadcrumb\":{\"@id\":\"https:\/\/andersadlercreutz.fi\/blog\/kyrkslatt\/gott-nytt-ar\/#breadcrumb\"},\"inLanguage\":\"sv-SE\",\"potentialAction\":[{\"@type\":\"ReadAction\",\"target\":[\"https:\/\/andersadlercreutz.fi\/blog\/kyrkslatt\/gott-nytt-ar\/\"]}]},{\"@type\":\"BreadcrumbList\",\"@id\":\"https:\/\/andersadlercreutz.fi\/blog\/kyrkslatt\/gott-nytt-ar\/#breadcrumb\",\"itemListElement\":[{\"@type\":\"ListItem\",\"position\":1,\"name\":\"Home\",\"item\":\"https:\/\/andersadlercreutz.fi\/blog\/blogg\/?lang=sv\"},{\"@type\":\"ListItem\",\"position\":2,\"name\":\"Gott nytt \u00e5r!\"}]},{\"@type\":\"WebSite\",\"@id\":\"https:\/\/andersadlercreutz.fi\/blog\/#website\",\"url\":\"https:\/\/andersadlercreutz.fi\/blog\/\",\"name\":\"Anders Adlercreutz\",\"description\":\"Du. Jag. Vi. Kest&auml;v&auml;sti optimisti\",\"potentialAction\":[{\"@type\":\"SearchAction\",\"target\":{\"@type\":\"EntryPoint\",\"urlTemplate\":\"https:\/\/andersadlercreutz.fi\/blog\/?s={search_term_string}\"},\"query-input\":\"required name=search_term_string\"}],\"inLanguage\":\"sv-SE\"},{\"@type\":\"Person\",\"@id\":\"https:\/\/andersadlercreutz.fi\/blog\/#\/schema\/person\/47d4b72eded862b484f74bb4b3a2354f\",\"name\":\"Anders\",\"image\":{\"@type\":\"ImageObject\",\"inLanguage\":\"sv-SE\",\"@id\":\"https:\/\/andersadlercreutz.fi\/blog\/#\/schema\/person\/image\/\",\"url\":\"https:\/\/secure.gravatar.com\/avatar\/a144c9bda7a581ff6fabba169027e620?s=96&d=mm&r=g\",\"contentUrl\":\"https:\/\/secure.gravatar.com\/avatar\/a144c9bda7a581ff6fabba169027e620?s=96&d=mm&r=g\",\"caption\":\"Anders\"},\"url\":\"https:\/\/andersadlercreutz.fi\/blog\/author\/admin\/\"}]}<\/script>\n<!-- \/ Yoast SEO plugin. -->","yoast_head_json":{"title":"Gott nytt \u00e5r! - Anders Adlercreutz","robots":{"index":"index","follow":"follow","max-snippet":"max-snippet:-1","max-image-preview":"max-image-preview:large","max-video-preview":"max-video-preview:-1"},"canonical":"https:\/\/andersadlercreutz.fi\/blog\/kyrkslatt\/gott-nytt-ar\/","og_locale":"sv_SE","og_type":"article","og_title":"Gott nytt \u00e5r! - Anders Adlercreutz","og_description":"Under det g\u00e5ngna \u00e5ret har vi f\u00e5tt fira v\u00e5rt lands 100 \u00e5r av sj\u00e4lvst\u00e4ndighet. I skolor och daghem, hemma och p\u00e5 arbetsplatser har vi f\u00e5tt dra till minnes den v\u00e4g vi g\u00e5tt som land. Vi har ett sekel bakom oss och v\u00e5rt 101:a \u00e5r framf\u00f6r oss. Som land har vi g\u00e5tt fr\u00e5n att vara ett [&hellip;]","og_url":"https:\/\/andersadlercreutz.fi\/blog\/kyrkslatt\/gott-nytt-ar\/","og_site_name":"Anders Adlercreutz","article_published_time":"2017-12-31T15:05:35+00:00","og_image":[{"width":600,"height":320,"url":"https:\/\/i0.wp.com\/andersadlercreutz.fi\/blog\/wp-content\/uploads\/2016\/04\/PUKU_MOB.png?fit=600%2C320&ssl=1","type":"image\/png"}],"author":"Anders","twitter_card":"summary_large_image","twitter_misc":{"Skriven av":"Anders","Ber\u00e4knad l\u00e4stid":"3 minuter"},"schema":{"@context":"https:\/\/schema.org","@graph":[{"@type":"WebPage","@id":"https:\/\/andersadlercreutz.fi\/blog\/kyrkslatt\/gott-nytt-ar\/","url":"https:\/\/andersadlercreutz.fi\/blog\/kyrkslatt\/gott-nytt-ar\/","name":"Gott nytt \u00e5r! - Anders Adlercreutz","isPartOf":{"@id":"https:\/\/andersadlercreutz.fi\/blog\/#website"},"datePublished":"2017-12-31T15:05:35+00:00","dateModified":"2017-12-31T15:05:35+00:00","author":{"@id":"https:\/\/andersadlercreutz.fi\/blog\/#\/schema\/person\/47d4b72eded862b484f74bb4b3a2354f"},"breadcrumb":{"@id":"https:\/\/andersadlercreutz.fi\/blog\/kyrkslatt\/gott-nytt-ar\/#breadcrumb"},"inLanguage":"sv-SE","potentialAction":[{"@type":"ReadAction","target":["https:\/\/andersadlercreutz.fi\/blog\/kyrkslatt\/gott-nytt-ar\/"]}]},{"@type":"BreadcrumbList","@id":"https:\/\/andersadlercreutz.fi\/blog\/kyrkslatt\/gott-nytt-ar\/#breadcrumb","itemListElement":[{"@type":"ListItem","position":1,"name":"Home","item":"https:\/\/andersadlercreutz.fi\/blog\/blogg\/?lang=sv"},{"@type":"ListItem","position":2,"name":"Gott nytt \u00e5r!"}]},{"@type":"WebSite","@id":"https:\/\/andersadlercreutz.fi\/blog\/#website","url":"https:\/\/andersadlercreutz.fi\/blog\/","name":"Anders Adlercreutz","description":"Du. Jag. Vi. Kest&auml;v&auml;sti optimisti","potentialAction":[{"@type":"SearchAction","target":{"@type":"EntryPoint","urlTemplate":"https:\/\/andersadlercreutz.fi\/blog\/?s={search_term_string}"},"query-input":"required name=search_term_string"}],"inLanguage":"sv-SE"},{"@type":"Person","@id":"https:\/\/andersadlercreutz.fi\/blog\/#\/schema\/person\/47d4b72eded862b484f74bb4b3a2354f","name":"Anders","image":{"@type":"ImageObject","inLanguage":"sv-SE","@id":"https:\/\/andersadlercreutz.fi\/blog\/#\/schema\/person\/image\/","url":"https:\/\/secure.gravatar.com\/avatar\/a144c9bda7a581ff6fabba169027e620?s=96&d=mm&r=g","contentUrl":"https:\/\/secure.gravatar.com\/avatar\/a144c9bda7a581ff6fabba169027e620?s=96&d=mm&r=g","caption":"Anders"},"url":"https:\/\/andersadlercreutz.fi\/blog\/author\/admin\/"}]}},"jetpack_featured_media_url":"https:\/\/i0.wp.com\/andersadlercreutz.fi\/blog\/wp-content\/uploads\/2016\/04\/PUKU_MOB.png?fit=600%2C320&ssl=1","jetpack_shortlink":"https:\/\/wp.me\/p4T6Dh-Zj","jetpack_sharing_enabled":true,"_links":{"self":[{"href":"https:\/\/andersadlercreutz.fi\/blog\/wp-json\/wp\/v2\/posts\/3801"}],"collection":[{"href":"https:\/\/andersadlercreutz.fi\/blog\/wp-json\/wp\/v2\/posts"}],"about":[{"href":"https:\/\/andersadlercreutz.fi\/blog\/wp-json\/wp\/v2\/types\/post"}],"author":[{"embeddable":true,"href":"https:\/\/andersadlercreutz.fi\/blog\/wp-json\/wp\/v2\/users\/1"}],"replies":[{"embeddable":true,"href":"https:\/\/andersadlercreutz.fi\/blog\/wp-json\/wp\/v2\/comments?post=3801"}],"version-history":[{"count":1,"href":"https:\/\/andersadlercreutz.fi\/blog\/wp-json\/wp\/v2\/posts\/3801\/revisions"}],"predecessor-version":[{"id":3802,"href":"https:\/\/andersadlercreutz.fi\/blog\/wp-json\/wp\/v2\/posts\/3801\/revisions\/3802"}],"wp:featuredmedia":[{"embeddable":true,"href":"https:\/\/andersadlercreutz.fi\/blog\/wp-json\/wp\/v2\/media\/2780"}],"wp:attachment":[{"href":"https:\/\/andersadlercreutz.fi\/blog\/wp-json\/wp\/v2\/media?parent=3801"}],"wp:term":[{"taxonomy":"category","embeddable":true,"href":"https:\/\/andersadlercreutz.fi\/blog\/wp-json\/wp\/v2\/categories?post=3801"},{"taxonomy":"post_tag","embeddable":true,"href":"https:\/\/andersadlercreutz.fi\/blog\/wp-json\/wp\/v2\/tags?post=3801"}],"curies":[{"name":"wp","href":"https:\/\/api.w.org\/{rel}","templated":true}]}}