{"id":3810,"date":"2018-01-20T10:12:17","date_gmt":"2018-01-20T08:12:17","guid":{"rendered":"http:\/\/andersadlercreutz.fi\/blog\/uncategorized\/sysselsattningsgraden-maste-stiga-och-det-ar-brattom\/"},"modified":"2018-01-22T11:30:03","modified_gmt":"2018-01-22T09:30:03","slug":"sysselsattningsgraden-maste-stiga-och-det-ar-brattom","status":"publish","type":"post","link":"https:\/\/andersadlercreutz.fi\/blog\/budjetti\/sysselsattningsgraden-maste-stiga-och-det-ar-brattom\/?lang=fi","title":{"rendered":"Syssels\u00e4ttningsgraden m\u00e5ste stiga &#8211; och det \u00e4r br\u00e5ttom"},"content":{"rendered":"<p>V\u00e5r ekonomi v\u00e4xer s\u00e5 det knakar, men arbetsl\u00f6sheten sjunker skr\u00e4mmande l\u00e5ngsamt. Regeringens m\u00e5ls\u00e4ttning om en syssels\u00e4ttningsgrad p\u00e5 72 procent verkar sv\u00e5r att uppn\u00e5 under denna regeringsperiod. Den strukturella arbetsl\u00f6sheten \u00e4r forts\u00e4ttningsvis h\u00f6g i Finland och l\u00e5ngtidsarbetsl\u00f6sheten \u00e4r h\u00f6gst i Norden. N\u00e5nting borde allts\u00e5 g\u00f6ras \u2013 och det snart. Vesa Vihri\u00e4l\u00e4 fr\u00e5n ETLA po\u00e4ngterade helt riktigt att vi inte har r\u00e5d att l\u00e5ta det ekonomiska uppsvinget glida f\u00f6rbi i v\u00e5r kamp f\u00f6r en b\u00e4ttre syssels\u00e4ttning.<\/p>\n<p>Men det \u00e4r l\u00e4ttare sagt \u00e4n gjort. Ingen har kunnat undg\u00e5 diskussionen om regeringens s\u00e5 kallade aktiveringsmodell, en diskussion som g\u00e5tt p\u00e5 h\u00f6gvarv de senaste veckorna.<\/p>\n<p>Arbetsmarknaden \u00e4r en helhet som beror p\u00e5 m\u00e5nga olika faktorer. Om vi bara kunde v\u00e4lja n\u00e5gra element fr\u00e5n v\u00e5ra grannl\u00e4nder vore det l\u00e4tt att bygga upp ett attraktivt paket, men verkligheten \u00e4r mer komplicerad \u00e4n s\u00e5. M\u00e5nga skulle g\u00e4rna ha Danmarks h\u00f6ga arbetsl\u00f6shetsers\u00e4ttningsniv\u00e5, men s\u00e4llan ers\u00e4ttningens korta varaktighet. Sveriges arbetsmarknad med l\u00e5g arbetsl\u00f6shet och stor dynamik vill vi g\u00e4rna ha, men d\u00e5 borde vi ocks\u00e5 fr\u00e5ng\u00e5 v\u00e5ra allm\u00e4nbindande avtal. I diskussionen om aktiveringsmodellen h\u00e4nvisar man g\u00e4rna till att man ocks\u00e5 kr\u00e4ver aktivitet i Danmark \u2013 men d\u00e4r finns det ocks\u00e5 tillr\u00e4ckligt med personal som kan hj\u00e4lpa till.<\/p>\n<p>N\u00e4r aktiveringsmodellen diskuterades i riksdagen syntes samma tendenser \u2013 man tar g\u00e4rna russinen ur bullan men v\u00e4grar att se hur allt h\u00e4nger ihop.<\/p>\n<p>Tanken bakom aktiveringsmodellen \u00e4r god. Det \u00e4r inte fel att kr\u00e4va aktivitet. Problemen h\u00e4nger prim\u00e4rt inte ihop med modellen i sig, utan i hur den kan f\u00f6rverkligas. Om den skall fungera p\u00e5 ett s\u00e4tt som ger alla m\u00e4nniskor m\u00f6jlighet att vara aktiva, kr\u00e4ver den satsningar p\u00e5 TE-centralerna. H\u00e4r \u00e4r regeringens insatser inte tillr\u00e4ckliga, det kr\u00e4vs mera resurser. Man borde ocks\u00e5 i h\u00f6gre grad anv\u00e4nda sig av privata arbetsf\u00f6rmedlingstj\u00e4nster, n\u00e5nting som SFP har f\u00f6respr\u00e5kat vid flera tillf\u00e4llen.<\/p>\n<blockquote><p>Sen \u00e4r ju inte v\u00e5r stora m\u00e4ngd arbetsl\u00f6sa en gr\u00e5 massa, utan 270 000 \u2013 ett skr\u00e4mmande h\u00f6gt antal \u2013 individer.<\/p><\/blockquote>\n<p>Samma modell passar inte alla. F\u00f6r m\u00e4nniskor med nedsatt arbetsf\u00f6rm\u00e5ga kan kraven vara o\u00f6verkomliga. F\u00f6r dem borde frivilligarbete kunna vara en form av aktivitet. Det \u00e4r s\u00e4llan en v\u00e4g in i arbetslivet, men det skulle uppeh\u00e5lla en aktivitet, ett socialt n\u00e4tverk, och p\u00e5 s\u00e5 s\u00e4tt verka i f\u00f6rebyggande syfte t.ex. mot utslagning.<\/p>\n<p>\u00d6verlag vore det viktigt att vi minskar p\u00e5 byr\u00e5kratin kring arbetsmarknaden och inte \u00f6kar p\u00e5 den. Redan nu har vi stora problem med att para ihop arbetss\u00f6kande med de arbetstillf\u00e4llen som finns. Endast 1\/4 av de arbetsplatser som \u00e4r lediga dyker upp p\u00e5 TE-centralens listor. Resten fylls andra v\u00e4gar. De planer som regeringen har p\u00e5 att se antalet arbetsans\u00f6kningar som en aktivitetsm\u00e4tare \u00e4r direkt kontraproduktiv. F\u00f6retag kommer att \u00f6versv\u00e4mmas med underm\u00e5liga ans\u00f6kningar som gjorts endast f\u00f6r att fylla aktiveringskraven.<\/p>\n<p>F\u00f6retag \u00e4r med fog oroliga och det borde vi alla vara. Det \u00e4r sv\u00e5rt att se att f\u00f6ljden kunde vara n\u00e5gon annan \u00e4n den, att antalet \u00f6ppna, tillg\u00e4ngliga arbetsplatser minskar ytterligare. Arbetsb\u00f6rdan ett f\u00f6retag uts\u00e4tter sig f\u00f6r genom att annonsera ut en arbetsplats p\u00e5 den \u00f6ppna marknaden \u00e4r helt enkelt f\u00f6r stor. F\u00f6retagen drar \u00f6ronen till sig \u2013 och m\u00e5nga arbetsl\u00f6sa blir utan arbetstillf\u00e4lle.<\/p>\n<p>I denna diskussion \u00e4r det sk\u00e4l att komma ih\u00e5g vilken den stora risken \u00e4r: en cementerad, h\u00f6g arbetsl\u00f6shetsniv\u00e5 och tiotusentals m\u00e4nniskor som permanent fastnar utanf\u00f6r arbetslivet. D\u00e4r ligger den stora fr\u00e5gan. Det ekonomiska uppsving som vi nu lever i p\u00e5g\u00e5r inte f\u00f6r evigt, och en nedg\u00e5ng kommer f\u00f6rr eller senare. Om vi i det skedet har en h\u00f6g strukturell arbetsl\u00f6shetsniv\u00e5 ligger vi verkligt risigt till, b\u00e5de ekonomiskt och m\u00e4nskligt. D\u00e4rf\u00f6r hoppas jag att vi v\u00e5gar ta i arbetsmarknaden som helhet: reformera arbetslivet, f\u00f6r\u00e4ldraledigheterna, socialskyddet \u2013 och aktivera dem som inte har arbete, men p\u00e5 ett konstruktivt, f\u00f6rnuftigt och j\u00e4mlikt s\u00e4tt.<\/p>\n<p>Anders Adlercreutz<br \/>\nRiksdagsledamot, SFP<\/p>\n","protected":false},"excerpt":{"rendered":"<p>V\u00e5r ekonomi v\u00e4xer s\u00e5 det knakar, men arbetsl\u00f6sheten sjunker skr\u00e4mmande l\u00e5ngsamt. Regeringens m\u00e5ls\u00e4ttning om en syssels\u00e4ttningsgrad p\u00e5 72 procent verkar sv\u00e5r att uppn\u00e5 under denna regeringsperiod. Den strukturella arbetsl\u00f6sheten \u00e4r forts\u00e4ttningsvis h\u00f6g i Finland och l\u00e5ngtidsarbetsl\u00f6sheten \u00e4r h\u00f6gst i Norden. N\u00e5nting borde allts\u00e5 g\u00f6ras \u2013 och det snart. Vesa Vihri\u00e4l\u00e4 fr\u00e5n ETLA po\u00e4ngterade helt riktigt [&hellip;]<\/p>\n","protected":false},"author":1,"featured_media":2761,"comment_status":"open","ping_status":"open","sticky":false,"template":"","format":"standard","meta":{"jetpack_post_was_ever_published":false,"_jetpack_newsletter_access":"","jetpack_publicize_message":"","jetpack_is_tweetstorm":false,"jetpack_publicize_feature_enabled":true,"jetpack_social_post_already_shared":true,"jetpack_social_options":{"image_generator_settings":{"template":"highway","enabled":false}}},"categories":[18,14,75,61],"tags":[],"jetpack_publicize_connections":[],"yoast_head":"<!-- This site is optimized with the Yoast SEO plugin v20.12 - https:\/\/yoast.com\/wordpress\/plugins\/seo\/ -->\n<title>Syssels\u00e4ttningsgraden m\u00e5ste stiga - och det \u00e4r br\u00e5ttom - Anders Adlercreutz<\/title>\n<meta name=\"robots\" content=\"index, follow, max-snippet:-1, max-image-preview:large, max-video-preview:-1\" \/>\n<link rel=\"canonical\" href=\"https:\/\/andersadlercreutz.fi\/blog\/budjetti\/sysselsattningsgraden-maste-stiga-och-det-ar-brattom\/\" \/>\n<meta property=\"og:locale\" content=\"sv_SE\" \/>\n<meta property=\"og:type\" content=\"article\" \/>\n<meta property=\"og:title\" content=\"Syssels\u00e4ttningsgraden m\u00e5ste stiga - och det \u00e4r br\u00e5ttom - Anders Adlercreutz\" \/>\n<meta property=\"og:description\" content=\"V\u00e5r ekonomi v\u00e4xer s\u00e5 det knakar, men arbetsl\u00f6sheten sjunker skr\u00e4mmande l\u00e5ngsamt. Regeringens m\u00e5ls\u00e4ttning om en syssels\u00e4ttningsgrad p\u00e5 72 procent verkar sv\u00e5r att uppn\u00e5 under denna regeringsperiod. Den strukturella arbetsl\u00f6sheten \u00e4r forts\u00e4ttningsvis h\u00f6g i Finland och l\u00e5ngtidsarbetsl\u00f6sheten \u00e4r h\u00f6gst i Norden. N\u00e5nting borde allts\u00e5 g\u00f6ras \u2013 och det snart. Vesa Vihri\u00e4l\u00e4 fr\u00e5n ETLA po\u00e4ngterade helt riktigt [&hellip;]\" \/>\n<meta property=\"og:url\" content=\"https:\/\/andersadlercreutz.fi\/blog\/budjetti\/sysselsattningsgraden-maste-stiga-och-det-ar-brattom\/?lang=fi\" \/>\n<meta property=\"og:site_name\" content=\"Anders Adlercreutz\" \/>\n<meta property=\"article:published_time\" content=\"2018-01-20T08:12:17+00:00\" \/>\n<meta property=\"article:modified_time\" content=\"2018-01-22T09:30:03+00:00\" \/>\n<meta property=\"og:image\" content=\"https:\/\/i0.wp.com\/andersadlercreutz.fi\/blog\/wp-content\/uploads\/2016\/04\/seisova-anders_port_s.jpg?fit=960%2C540&ssl=1\" \/>\n\t<meta property=\"og:image:width\" content=\"960\" \/>\n\t<meta property=\"og:image:height\" content=\"540\" \/>\n\t<meta property=\"og:image:type\" content=\"image\/jpeg\" \/>\n<meta name=\"author\" content=\"Anders\" \/>\n<meta name=\"twitter:card\" content=\"summary_large_image\" \/>\n<meta name=\"twitter:label1\" content=\"Skriven av\" \/>\n\t<meta name=\"twitter:data1\" content=\"Anders\" \/>\n\t<meta name=\"twitter:label2\" content=\"Ber\u00e4knad l\u00e4stid\" \/>\n\t<meta name=\"twitter:data2\" content=\"4 minuter\" \/>\n<script type=\"application\/ld+json\" class=\"yoast-schema-graph\">{\"@context\":\"https:\/\/schema.org\",\"@graph\":[{\"@type\":\"WebPage\",\"@id\":\"https:\/\/andersadlercreutz.fi\/blog\/budjetti\/sysselsattningsgraden-maste-stiga-och-det-ar-brattom\/?lang=fi\",\"url\":\"https:\/\/andersadlercreutz.fi\/blog\/budjetti\/sysselsattningsgraden-maste-stiga-och-det-ar-brattom\/?lang=fi\",\"name\":\"Syssels\u00e4ttningsgraden m\u00e5ste stiga - och det \u00e4r br\u00e5ttom - Anders Adlercreutz\",\"isPartOf\":{\"@id\":\"https:\/\/andersadlercreutz.fi\/blog\/#website\"},\"datePublished\":\"2018-01-20T08:12:17+00:00\",\"dateModified\":\"2018-01-22T09:30:03+00:00\",\"author\":{\"@id\":\"https:\/\/andersadlercreutz.fi\/blog\/#\/schema\/person\/47d4b72eded862b484f74bb4b3a2354f\"},\"breadcrumb\":{\"@id\":\"https:\/\/andersadlercreutz.fi\/blog\/budjetti\/sysselsattningsgraden-maste-stiga-och-det-ar-brattom\/?lang=fi#breadcrumb\"},\"inLanguage\":\"sv-SE\",\"potentialAction\":[{\"@type\":\"ReadAction\",\"target\":[\"https:\/\/andersadlercreutz.fi\/blog\/budjetti\/sysselsattningsgraden-maste-stiga-och-det-ar-brattom\/?lang=fi\"]}]},{\"@type\":\"BreadcrumbList\",\"@id\":\"https:\/\/andersadlercreutz.fi\/blog\/budjetti\/sysselsattningsgraden-maste-stiga-och-det-ar-brattom\/?lang=fi#breadcrumb\",\"itemListElement\":[{\"@type\":\"ListItem\",\"position\":1,\"name\":\"Home\",\"item\":\"https:\/\/andersadlercreutz.fi\/blog\/blogg\/?lang=sv\"},{\"@type\":\"ListItem\",\"position\":2,\"name\":\"Syssels\u00e4ttningsgraden m\u00e5ste stiga &#8211; och det \u00e4r br\u00e5ttom\"}]},{\"@type\":\"WebSite\",\"@id\":\"https:\/\/andersadlercreutz.fi\/blog\/#website\",\"url\":\"https:\/\/andersadlercreutz.fi\/blog\/\",\"name\":\"Anders Adlercreutz\",\"description\":\"Du. Jag. Vi. Kest&auml;v&auml;sti optimisti\",\"potentialAction\":[{\"@type\":\"SearchAction\",\"target\":{\"@type\":\"EntryPoint\",\"urlTemplate\":\"https:\/\/andersadlercreutz.fi\/blog\/?s={search_term_string}\"},\"query-input\":\"required name=search_term_string\"}],\"inLanguage\":\"sv-SE\"},{\"@type\":\"Person\",\"@id\":\"https:\/\/andersadlercreutz.fi\/blog\/#\/schema\/person\/47d4b72eded862b484f74bb4b3a2354f\",\"name\":\"Anders\",\"image\":{\"@type\":\"ImageObject\",\"inLanguage\":\"sv-SE\",\"@id\":\"https:\/\/andersadlercreutz.fi\/blog\/#\/schema\/person\/image\/\",\"url\":\"https:\/\/secure.gravatar.com\/avatar\/a144c9bda7a581ff6fabba169027e620?s=96&d=mm&r=g\",\"contentUrl\":\"https:\/\/secure.gravatar.com\/avatar\/a144c9bda7a581ff6fabba169027e620?s=96&d=mm&r=g\",\"caption\":\"Anders\"},\"url\":\"https:\/\/andersadlercreutz.fi\/blog\/author\/admin\/\"}]}<\/script>\n<!-- \/ Yoast SEO plugin. -->","yoast_head_json":{"title":"Syssels\u00e4ttningsgraden m\u00e5ste stiga - och det \u00e4r br\u00e5ttom - Anders Adlercreutz","robots":{"index":"index","follow":"follow","max-snippet":"max-snippet:-1","max-image-preview":"max-image-preview:large","max-video-preview":"max-video-preview:-1"},"canonical":"https:\/\/andersadlercreutz.fi\/blog\/budjetti\/sysselsattningsgraden-maste-stiga-och-det-ar-brattom\/","og_locale":"sv_SE","og_type":"article","og_title":"Syssels\u00e4ttningsgraden m\u00e5ste stiga - och det \u00e4r br\u00e5ttom - Anders Adlercreutz","og_description":"V\u00e5r ekonomi v\u00e4xer s\u00e5 det knakar, men arbetsl\u00f6sheten sjunker skr\u00e4mmande l\u00e5ngsamt. Regeringens m\u00e5ls\u00e4ttning om en syssels\u00e4ttningsgrad p\u00e5 72 procent verkar sv\u00e5r att uppn\u00e5 under denna regeringsperiod. Den strukturella arbetsl\u00f6sheten \u00e4r forts\u00e4ttningsvis h\u00f6g i Finland och l\u00e5ngtidsarbetsl\u00f6sheten \u00e4r h\u00f6gst i Norden. N\u00e5nting borde allts\u00e5 g\u00f6ras \u2013 och det snart. Vesa Vihri\u00e4l\u00e4 fr\u00e5n ETLA po\u00e4ngterade helt riktigt [&hellip;]","og_url":"https:\/\/andersadlercreutz.fi\/blog\/budjetti\/sysselsattningsgraden-maste-stiga-och-det-ar-brattom\/?lang=fi","og_site_name":"Anders Adlercreutz","article_published_time":"2018-01-20T08:12:17+00:00","article_modified_time":"2018-01-22T09:30:03+00:00","og_image":[{"width":960,"height":540,"url":"https:\/\/i0.wp.com\/andersadlercreutz.fi\/blog\/wp-content\/uploads\/2016\/04\/seisova-anders_port_s.jpg?fit=960%2C540&ssl=1","type":"image\/jpeg"}],"author":"Anders","twitter_card":"summary_large_image","twitter_misc":{"Skriven av":"Anders","Ber\u00e4knad l\u00e4stid":"4 minuter"},"schema":{"@context":"https:\/\/schema.org","@graph":[{"@type":"WebPage","@id":"https:\/\/andersadlercreutz.fi\/blog\/budjetti\/sysselsattningsgraden-maste-stiga-och-det-ar-brattom\/?lang=fi","url":"https:\/\/andersadlercreutz.fi\/blog\/budjetti\/sysselsattningsgraden-maste-stiga-och-det-ar-brattom\/?lang=fi","name":"Syssels\u00e4ttningsgraden m\u00e5ste stiga - och det \u00e4r br\u00e5ttom - Anders Adlercreutz","isPartOf":{"@id":"https:\/\/andersadlercreutz.fi\/blog\/#website"},"datePublished":"2018-01-20T08:12:17+00:00","dateModified":"2018-01-22T09:30:03+00:00","author":{"@id":"https:\/\/andersadlercreutz.fi\/blog\/#\/schema\/person\/47d4b72eded862b484f74bb4b3a2354f"},"breadcrumb":{"@id":"https:\/\/andersadlercreutz.fi\/blog\/budjetti\/sysselsattningsgraden-maste-stiga-och-det-ar-brattom\/?lang=fi#breadcrumb"},"inLanguage":"sv-SE","potentialAction":[{"@type":"ReadAction","target":["https:\/\/andersadlercreutz.fi\/blog\/budjetti\/sysselsattningsgraden-maste-stiga-och-det-ar-brattom\/?lang=fi"]}]},{"@type":"BreadcrumbList","@id":"https:\/\/andersadlercreutz.fi\/blog\/budjetti\/sysselsattningsgraden-maste-stiga-och-det-ar-brattom\/?lang=fi#breadcrumb","itemListElement":[{"@type":"ListItem","position":1,"name":"Home","item":"https:\/\/andersadlercreutz.fi\/blog\/blogg\/?lang=sv"},{"@type":"ListItem","position":2,"name":"Syssels\u00e4ttningsgraden m\u00e5ste stiga &#8211; och det \u00e4r br\u00e5ttom"}]},{"@type":"WebSite","@id":"https:\/\/andersadlercreutz.fi\/blog\/#website","url":"https:\/\/andersadlercreutz.fi\/blog\/","name":"Anders Adlercreutz","description":"Du. Jag. Vi. Kest&auml;v&auml;sti optimisti","potentialAction":[{"@type":"SearchAction","target":{"@type":"EntryPoint","urlTemplate":"https:\/\/andersadlercreutz.fi\/blog\/?s={search_term_string}"},"query-input":"required name=search_term_string"}],"inLanguage":"sv-SE"},{"@type":"Person","@id":"https:\/\/andersadlercreutz.fi\/blog\/#\/schema\/person\/47d4b72eded862b484f74bb4b3a2354f","name":"Anders","image":{"@type":"ImageObject","inLanguage":"sv-SE","@id":"https:\/\/andersadlercreutz.fi\/blog\/#\/schema\/person\/image\/","url":"https:\/\/secure.gravatar.com\/avatar\/a144c9bda7a581ff6fabba169027e620?s=96&d=mm&r=g","contentUrl":"https:\/\/secure.gravatar.com\/avatar\/a144c9bda7a581ff6fabba169027e620?s=96&d=mm&r=g","caption":"Anders"},"url":"https:\/\/andersadlercreutz.fi\/blog\/author\/admin\/"}]}},"jetpack_featured_media_url":"https:\/\/i0.wp.com\/andersadlercreutz.fi\/blog\/wp-content\/uploads\/2016\/04\/seisova-anders_port_s.jpg?fit=960%2C540&ssl=1","jetpack_shortlink":"https:\/\/wp.me\/p4T6Dh-Zs","jetpack_sharing_enabled":true,"_links":{"self":[{"href":"https:\/\/andersadlercreutz.fi\/blog\/wp-json\/wp\/v2\/posts\/3810"}],"collection":[{"href":"https:\/\/andersadlercreutz.fi\/blog\/wp-json\/wp\/v2\/posts"}],"about":[{"href":"https:\/\/andersadlercreutz.fi\/blog\/wp-json\/wp\/v2\/types\/post"}],"author":[{"embeddable":true,"href":"https:\/\/andersadlercreutz.fi\/blog\/wp-json\/wp\/v2\/users\/1"}],"replies":[{"embeddable":true,"href":"https:\/\/andersadlercreutz.fi\/blog\/wp-json\/wp\/v2\/comments?post=3810"}],"version-history":[{"count":3,"href":"https:\/\/andersadlercreutz.fi\/blog\/wp-json\/wp\/v2\/posts\/3810\/revisions"}],"predecessor-version":[{"id":3817,"href":"https:\/\/andersadlercreutz.fi\/blog\/wp-json\/wp\/v2\/posts\/3810\/revisions\/3817"}],"wp:featuredmedia":[{"embeddable":true,"href":"https:\/\/andersadlercreutz.fi\/blog\/wp-json\/wp\/v2\/media\/2761"}],"wp:attachment":[{"href":"https:\/\/andersadlercreutz.fi\/blog\/wp-json\/wp\/v2\/media?parent=3810"}],"wp:term":[{"taxonomy":"category","embeddable":true,"href":"https:\/\/andersadlercreutz.fi\/blog\/wp-json\/wp\/v2\/categories?post=3810"},{"taxonomy":"post_tag","embeddable":true,"href":"https:\/\/andersadlercreutz.fi\/blog\/wp-json\/wp\/v2\/tags?post=3810"}],"curies":[{"name":"wp","href":"https:\/\/api.w.org\/{rel}","templated":true}]}}