{"id":3960,"date":"2018-03-01T11:00:05","date_gmt":"2018-03-01T09:00:05","guid":{"rendered":"http:\/\/andersadlercreutz.fi\/blog\/?p=3960"},"modified":"2018-03-01T11:00:47","modified_gmt":"2018-03-01T09:00:47","slug":"adlercreutz-lepomaki-nakee-sen-milta-hallitus-ummistaa-silmansa","status":"publish","type":"post","link":"https:\/\/andersadlercreutz.fi\/blog\/lehdistotiedote\/adlercreutz-lepomaki-nakee-sen-milta-hallitus-ummistaa-silmansa\/?lang=fi","title":{"rendered":"Adlercreutz: Lepom\u00e4ki n\u00e4kee sen, milt\u00e4 hallitus ummistaa silm\u00e4ns\u00e4"},"content":{"rendered":"<p>&nbsp;<\/p>\n<p>Kansanedustaja Elina Lepom\u00e4ki ilmoitti eilen, ettei h\u00e4n voi \u00e4\u00e4nest\u00e4\u00e4 hallituksen sote- ja maakuntauudistuksen puolesta. T\u00e4m\u00e4 ei h\u00e4mm\u00e4styt\u00e4 Anders Adlercreutzia, RKP:n\u00a0kansanedustajaa ja varapuheenjohtajaa.<\/p>\n<p>&#8211; Jos objektiivisesti analysoi sen aineiston jota meille kansanedustajille on esitetty, niin ei voi tulla muuhun johtop\u00e4\u00e4t\u00f6kseen. Sosiaali- ja terveydenhuoltouudistuksen kytkeminen maakuntauudistukseen oli\u00a0onneton ratkaisu. Sen sijaan, ett\u00e4 olemassa olevia ja kansainv\u00e4lisen vertailun mukaan kustannustehokkaita rakenteita kehitett\u00e4isiin, niin valittiin tie, joka johtaa siihen, ett\u00e4 hyvin t\u00e4rke\u00e4 osa yhteiskunnallisesta palvelusta kahlitaan maakuntahallintoon, Adlercreutz sanoo.<\/p>\n<p>Sosiaali- ja terveydenhuoltouudistuksen alkuper\u00e4isen\u00e4 tavoitteena oli tehd\u00e4 hoivasta tasa-arvoisempaa, hallita kustannusten nousua ja parantaa ns. integraatiota, eli sujuvoittaa eri hoivaketjujen yhteisty\u00f6t\u00e4.<\/p>\n<p>&#8211;\u00a0T\u00e4ss\u00e4 on ep\u00e4onnistuttu t\u00e4ydellisesti. Mik\u00e4\u00e4n ei viittaa siihen, ett\u00e4 kustannuss\u00e4\u00e4st\u00f6t saavutetaan, p\u00e4invastoin. Olemme kerta toisensa j\u00e4lkeen kysyneet hallitukselta miten s\u00e4\u00e4st\u00f6ihin p\u00e4\u00e4st\u00e4\u00e4n, mutta emme ole saaneet t\u00e4h\u00e4n vastausta \u2013 yksinkertaisesti sen takia, ettei vastausta ole. T\u00e4st\u00e4 uhkaa muodostua todella kallis rakenne. Kun rahoja ei en\u00e4\u00e4 kytket\u00e4 vastuuseen hajotetaan nykyinen integraatio. Luodaan vakava demokratiavaje, horjutetaan kuntien taloutta ja luodaan tiukassa valtion ohjauksessa oleva kankea hallinnollinen koneisto.<\/p>\n<p>&#8211;\u00a0Yhdyn Lepom\u00e4en mielipiteeseen, uudistus on pys\u00e4ytett\u00e4v\u00e4, Adlercreutz sanoo.<\/p>\n","protected":false},"excerpt":{"rendered":"<p>&nbsp; Kansanedustaja Elina Lepom\u00e4ki ilmoitti eilen, ettei h\u00e4n voi \u00e4\u00e4nest\u00e4\u00e4 hallituksen sote- ja maakuntauudistuksen puolesta. T\u00e4m\u00e4 ei h\u00e4mm\u00e4styt\u00e4 Anders Adlercreutzia, RKP:n\u00a0kansanedustajaa ja varapuheenjohtajaa. &#8211; Jos objektiivisesti analysoi sen aineiston jota meille kansanedustajille on esitetty, niin ei voi tulla muuhun johtop\u00e4\u00e4t\u00f6kseen. Sosiaali- ja terveydenhuoltouudistuksen kytkeminen maakuntauudistukseen oli\u00a0onneton ratkaisu. Sen sijaan, ett\u00e4 olemassa olevia ja kansainv\u00e4lisen vertailun [&hellip;]<\/p>\n","protected":false},"author":1,"featured_media":3868,"comment_status":"open","ping_status":"open","sticky":false,"template":"","format":"standard","meta":{"jetpack_post_was_ever_published":false,"_jetpack_newsletter_access":"","jetpack_publicize_message":"","jetpack_is_tweetstorm":false,"jetpack_publicize_feature_enabled":true,"jetpack_social_post_already_shared":true,"jetpack_social_options":{"image_generator_settings":{"template":"highway","enabled":false}}},"categories":[71],"tags":[],"jetpack_publicize_connections":[],"yoast_head":"<!-- This site is optimized with the Yoast SEO plugin v20.12 - https:\/\/yoast.com\/wordpress\/plugins\/seo\/ -->\n<title>Adlercreutz: Lepom\u00e4ki n\u00e4kee sen, milt\u00e4 hallitus ummistaa silm\u00e4ns\u00e4 - Anders Adlercreutz<\/title>\n<meta name=\"robots\" content=\"index, follow, max-snippet:-1, max-image-preview:large, max-video-preview:-1\" \/>\n<link rel=\"canonical\" href=\"https:\/\/andersadlercreutz.fi\/blog\/lehdistotiedote\/adlercreutz-lepomaki-nakee-sen-milta-hallitus-ummistaa-silmansa\/\" \/>\n<meta property=\"og:locale\" content=\"sv_SE\" \/>\n<meta property=\"og:type\" content=\"article\" \/>\n<meta property=\"og:title\" content=\"Adlercreutz: Lepom\u00e4ki n\u00e4kee sen, milt\u00e4 hallitus ummistaa silm\u00e4ns\u00e4 - Anders Adlercreutz\" \/>\n<meta property=\"og:description\" content=\"&nbsp; Kansanedustaja Elina Lepom\u00e4ki ilmoitti eilen, ettei h\u00e4n voi \u00e4\u00e4nest\u00e4\u00e4 hallituksen sote- ja maakuntauudistuksen puolesta. T\u00e4m\u00e4 ei h\u00e4mm\u00e4styt\u00e4 Anders Adlercreutzia, RKP:n\u00a0kansanedustajaa ja varapuheenjohtajaa. &#8211; Jos objektiivisesti analysoi sen aineiston jota meille kansanedustajille on esitetty, niin ei voi tulla muuhun johtop\u00e4\u00e4t\u00f6kseen. Sosiaali- ja terveydenhuoltouudistuksen kytkeminen maakuntauudistukseen oli\u00a0onneton ratkaisu. Sen sijaan, ett\u00e4 olemassa olevia ja kansainv\u00e4lisen vertailun [&hellip;]\" \/>\n<meta property=\"og:url\" content=\"https:\/\/andersadlercreutz.fi\/blog\/lehdistotiedote\/adlercreutz-lepomaki-nakee-sen-milta-hallitus-ummistaa-silmansa\/?lang=fi\" \/>\n<meta property=\"og:site_name\" content=\"Anders Adlercreutz\" \/>\n<meta property=\"article:published_time\" content=\"2018-03-01T09:00:05+00:00\" \/>\n<meta property=\"article:modified_time\" content=\"2018-03-01T09:00:47+00:00\" \/>\n<meta property=\"og:image\" content=\"https:\/\/i0.wp.com\/andersadlercreutz.fi\/blog\/wp-content\/uploads\/2018\/01\/Anders-RD012018-8.jpg?fit=1800%2C1200&ssl=1\" \/>\n\t<meta property=\"og:image:width\" content=\"1800\" \/>\n\t<meta property=\"og:image:height\" content=\"1200\" \/>\n\t<meta property=\"og:image:type\" content=\"image\/jpeg\" \/>\n<meta name=\"author\" content=\"Anders\" \/>\n<meta name=\"twitter:card\" content=\"summary_large_image\" \/>\n<meta name=\"twitter:label1\" content=\"Skriven av\" \/>\n\t<meta name=\"twitter:data1\" content=\"Anders\" \/>\n\t<meta name=\"twitter:label2\" content=\"Ber\u00e4knad l\u00e4stid\" \/>\n\t<meta name=\"twitter:data2\" content=\"1 minut\" \/>\n<script type=\"application\/ld+json\" class=\"yoast-schema-graph\">{\"@context\":\"https:\/\/schema.org\",\"@graph\":[{\"@type\":\"WebPage\",\"@id\":\"https:\/\/andersadlercreutz.fi\/blog\/lehdistotiedote\/adlercreutz-lepomaki-nakee-sen-milta-hallitus-ummistaa-silmansa\/?lang=fi\",\"url\":\"https:\/\/andersadlercreutz.fi\/blog\/lehdistotiedote\/adlercreutz-lepomaki-nakee-sen-milta-hallitus-ummistaa-silmansa\/?lang=fi\",\"name\":\"Adlercreutz: Lepom\u00e4ki n\u00e4kee sen, milt\u00e4 hallitus ummistaa silm\u00e4ns\u00e4 - Anders Adlercreutz\",\"isPartOf\":{\"@id\":\"https:\/\/andersadlercreutz.fi\/blog\/#website\"},\"datePublished\":\"2018-03-01T09:00:05+00:00\",\"dateModified\":\"2018-03-01T09:00:47+00:00\",\"author\":{\"@id\":\"https:\/\/andersadlercreutz.fi\/blog\/#\/schema\/person\/47d4b72eded862b484f74bb4b3a2354f\"},\"breadcrumb\":{\"@id\":\"https:\/\/andersadlercreutz.fi\/blog\/lehdistotiedote\/adlercreutz-lepomaki-nakee-sen-milta-hallitus-ummistaa-silmansa\/?lang=fi#breadcrumb\"},\"inLanguage\":\"sv-SE\",\"potentialAction\":[{\"@type\":\"ReadAction\",\"target\":[\"https:\/\/andersadlercreutz.fi\/blog\/lehdistotiedote\/adlercreutz-lepomaki-nakee-sen-milta-hallitus-ummistaa-silmansa\/?lang=fi\"]}]},{\"@type\":\"BreadcrumbList\",\"@id\":\"https:\/\/andersadlercreutz.fi\/blog\/lehdistotiedote\/adlercreutz-lepomaki-nakee-sen-milta-hallitus-ummistaa-silmansa\/?lang=fi#breadcrumb\",\"itemListElement\":[{\"@type\":\"ListItem\",\"position\":1,\"name\":\"Home\",\"item\":\"https:\/\/andersadlercreutz.fi\/blog\/blogg\/?lang=sv\"},{\"@type\":\"ListItem\",\"position\":2,\"name\":\"Adlercreutz: Lepom\u00e4ki n\u00e4kee sen, milt\u00e4 hallitus ummistaa silm\u00e4ns\u00e4\"}]},{\"@type\":\"WebSite\",\"@id\":\"https:\/\/andersadlercreutz.fi\/blog\/#website\",\"url\":\"https:\/\/andersadlercreutz.fi\/blog\/\",\"name\":\"Anders Adlercreutz\",\"description\":\"Du. Jag. Vi. Kest&auml;v&auml;sti optimisti\",\"potentialAction\":[{\"@type\":\"SearchAction\",\"target\":{\"@type\":\"EntryPoint\",\"urlTemplate\":\"https:\/\/andersadlercreutz.fi\/blog\/?s={search_term_string}\"},\"query-input\":\"required name=search_term_string\"}],\"inLanguage\":\"sv-SE\"},{\"@type\":\"Person\",\"@id\":\"https:\/\/andersadlercreutz.fi\/blog\/#\/schema\/person\/47d4b72eded862b484f74bb4b3a2354f\",\"name\":\"Anders\",\"image\":{\"@type\":\"ImageObject\",\"inLanguage\":\"sv-SE\",\"@id\":\"https:\/\/andersadlercreutz.fi\/blog\/#\/schema\/person\/image\/\",\"url\":\"https:\/\/secure.gravatar.com\/avatar\/a144c9bda7a581ff6fabba169027e620?s=96&d=mm&r=g\",\"contentUrl\":\"https:\/\/secure.gravatar.com\/avatar\/a144c9bda7a581ff6fabba169027e620?s=96&d=mm&r=g\",\"caption\":\"Anders\"},\"url\":\"https:\/\/andersadlercreutz.fi\/blog\/author\/admin\/\"}]}<\/script>\n<!-- \/ Yoast SEO plugin. -->","yoast_head_json":{"title":"Adlercreutz: Lepom\u00e4ki n\u00e4kee sen, milt\u00e4 hallitus ummistaa silm\u00e4ns\u00e4 - Anders Adlercreutz","robots":{"index":"index","follow":"follow","max-snippet":"max-snippet:-1","max-image-preview":"max-image-preview:large","max-video-preview":"max-video-preview:-1"},"canonical":"https:\/\/andersadlercreutz.fi\/blog\/lehdistotiedote\/adlercreutz-lepomaki-nakee-sen-milta-hallitus-ummistaa-silmansa\/","og_locale":"sv_SE","og_type":"article","og_title":"Adlercreutz: Lepom\u00e4ki n\u00e4kee sen, milt\u00e4 hallitus ummistaa silm\u00e4ns\u00e4 - Anders Adlercreutz","og_description":"&nbsp; Kansanedustaja Elina Lepom\u00e4ki ilmoitti eilen, ettei h\u00e4n voi \u00e4\u00e4nest\u00e4\u00e4 hallituksen sote- ja maakuntauudistuksen puolesta. T\u00e4m\u00e4 ei h\u00e4mm\u00e4styt\u00e4 Anders Adlercreutzia, RKP:n\u00a0kansanedustajaa ja varapuheenjohtajaa. &#8211; Jos objektiivisesti analysoi sen aineiston jota meille kansanedustajille on esitetty, niin ei voi tulla muuhun johtop\u00e4\u00e4t\u00f6kseen. Sosiaali- ja terveydenhuoltouudistuksen kytkeminen maakuntauudistukseen oli\u00a0onneton ratkaisu. Sen sijaan, ett\u00e4 olemassa olevia ja kansainv\u00e4lisen vertailun [&hellip;]","og_url":"https:\/\/andersadlercreutz.fi\/blog\/lehdistotiedote\/adlercreutz-lepomaki-nakee-sen-milta-hallitus-ummistaa-silmansa\/?lang=fi","og_site_name":"Anders Adlercreutz","article_published_time":"2018-03-01T09:00:05+00:00","article_modified_time":"2018-03-01T09:00:47+00:00","og_image":[{"width":1800,"height":1200,"url":"https:\/\/i0.wp.com\/andersadlercreutz.fi\/blog\/wp-content\/uploads\/2018\/01\/Anders-RD012018-8.jpg?fit=1800%2C1200&ssl=1","type":"image\/jpeg"}],"author":"Anders","twitter_card":"summary_large_image","twitter_misc":{"Skriven av":"Anders","Ber\u00e4knad l\u00e4stid":"1 minut"},"schema":{"@context":"https:\/\/schema.org","@graph":[{"@type":"WebPage","@id":"https:\/\/andersadlercreutz.fi\/blog\/lehdistotiedote\/adlercreutz-lepomaki-nakee-sen-milta-hallitus-ummistaa-silmansa\/?lang=fi","url":"https:\/\/andersadlercreutz.fi\/blog\/lehdistotiedote\/adlercreutz-lepomaki-nakee-sen-milta-hallitus-ummistaa-silmansa\/?lang=fi","name":"Adlercreutz: Lepom\u00e4ki n\u00e4kee sen, milt\u00e4 hallitus ummistaa silm\u00e4ns\u00e4 - Anders Adlercreutz","isPartOf":{"@id":"https:\/\/andersadlercreutz.fi\/blog\/#website"},"datePublished":"2018-03-01T09:00:05+00:00","dateModified":"2018-03-01T09:00:47+00:00","author":{"@id":"https:\/\/andersadlercreutz.fi\/blog\/#\/schema\/person\/47d4b72eded862b484f74bb4b3a2354f"},"breadcrumb":{"@id":"https:\/\/andersadlercreutz.fi\/blog\/lehdistotiedote\/adlercreutz-lepomaki-nakee-sen-milta-hallitus-ummistaa-silmansa\/?lang=fi#breadcrumb"},"inLanguage":"sv-SE","potentialAction":[{"@type":"ReadAction","target":["https:\/\/andersadlercreutz.fi\/blog\/lehdistotiedote\/adlercreutz-lepomaki-nakee-sen-milta-hallitus-ummistaa-silmansa\/?lang=fi"]}]},{"@type":"BreadcrumbList","@id":"https:\/\/andersadlercreutz.fi\/blog\/lehdistotiedote\/adlercreutz-lepomaki-nakee-sen-milta-hallitus-ummistaa-silmansa\/?lang=fi#breadcrumb","itemListElement":[{"@type":"ListItem","position":1,"name":"Home","item":"https:\/\/andersadlercreutz.fi\/blog\/blogg\/?lang=sv"},{"@type":"ListItem","position":2,"name":"Adlercreutz: Lepom\u00e4ki n\u00e4kee sen, milt\u00e4 hallitus ummistaa silm\u00e4ns\u00e4"}]},{"@type":"WebSite","@id":"https:\/\/andersadlercreutz.fi\/blog\/#website","url":"https:\/\/andersadlercreutz.fi\/blog\/","name":"Anders Adlercreutz","description":"Du. Jag. Vi. Kest&auml;v&auml;sti optimisti","potentialAction":[{"@type":"SearchAction","target":{"@type":"EntryPoint","urlTemplate":"https:\/\/andersadlercreutz.fi\/blog\/?s={search_term_string}"},"query-input":"required name=search_term_string"}],"inLanguage":"sv-SE"},{"@type":"Person","@id":"https:\/\/andersadlercreutz.fi\/blog\/#\/schema\/person\/47d4b72eded862b484f74bb4b3a2354f","name":"Anders","image":{"@type":"ImageObject","inLanguage":"sv-SE","@id":"https:\/\/andersadlercreutz.fi\/blog\/#\/schema\/person\/image\/","url":"https:\/\/secure.gravatar.com\/avatar\/a144c9bda7a581ff6fabba169027e620?s=96&d=mm&r=g","contentUrl":"https:\/\/secure.gravatar.com\/avatar\/a144c9bda7a581ff6fabba169027e620?s=96&d=mm&r=g","caption":"Anders"},"url":"https:\/\/andersadlercreutz.fi\/blog\/author\/admin\/"}]}},"jetpack_featured_media_url":"https:\/\/i0.wp.com\/andersadlercreutz.fi\/blog\/wp-content\/uploads\/2018\/01\/Anders-RD012018-8.jpg?fit=1800%2C1200&ssl=1","jetpack_shortlink":"https:\/\/wp.me\/p4T6Dh-11S","jetpack_sharing_enabled":true,"_links":{"self":[{"href":"https:\/\/andersadlercreutz.fi\/blog\/wp-json\/wp\/v2\/posts\/3960"}],"collection":[{"href":"https:\/\/andersadlercreutz.fi\/blog\/wp-json\/wp\/v2\/posts"}],"about":[{"href":"https:\/\/andersadlercreutz.fi\/blog\/wp-json\/wp\/v2\/types\/post"}],"author":[{"embeddable":true,"href":"https:\/\/andersadlercreutz.fi\/blog\/wp-json\/wp\/v2\/users\/1"}],"replies":[{"embeddable":true,"href":"https:\/\/andersadlercreutz.fi\/blog\/wp-json\/wp\/v2\/comments?post=3960"}],"version-history":[{"count":2,"href":"https:\/\/andersadlercreutz.fi\/blog\/wp-json\/wp\/v2\/posts\/3960\/revisions"}],"predecessor-version":[{"id":3962,"href":"https:\/\/andersadlercreutz.fi\/blog\/wp-json\/wp\/v2\/posts\/3960\/revisions\/3962"}],"wp:featuredmedia":[{"embeddable":true,"href":"https:\/\/andersadlercreutz.fi\/blog\/wp-json\/wp\/v2\/media\/3868"}],"wp:attachment":[{"href":"https:\/\/andersadlercreutz.fi\/blog\/wp-json\/wp\/v2\/media?parent=3960"}],"wp:term":[{"taxonomy":"category","embeddable":true,"href":"https:\/\/andersadlercreutz.fi\/blog\/wp-json\/wp\/v2\/categories?post=3960"},{"taxonomy":"post_tag","embeddable":true,"href":"https:\/\/andersadlercreutz.fi\/blog\/wp-json\/wp\/v2\/tags?post=3960"}],"curies":[{"name":"wp","href":"https:\/\/api.w.org\/{rel}","templated":true}]}}