{"id":4037,"date":"2018-03-31T14:41:08","date_gmt":"2018-03-31T11:41:08","guid":{"rendered":"http:\/\/andersadlercreutz.fi\/blog\/okategoriserad\/uusi-tietosuojalaki-uhkaa-piilottaa-osan-kulttuuriperinnosta\/"},"modified":"2018-06-25T14:24:15","modified_gmt":"2018-06-25T11:24:15","slug":"uusi-tietosuojalaki-uhkaa-piilottaa-osan-kulttuuriperinnosta","status":"publish","type":"post","link":"https:\/\/andersadlercreutz.fi\/blog\/blog-sv\/uusi-tietosuojalaki-uhkaa-piilottaa-osan-kulttuuriperinnosta\/","title":{"rendered":"F\u00f6rslaget till dataskyddslag hotar begrava delar av v\u00e5rt kulturarv"},"content":{"rendered":"<p><span style=\"font-style: inherit;\">&#8211;\u00a0Miljoner fotografier som \u00e4r en stor del av v\u00e5rt gemensamma finl\u00e4ndska kulturarv hotar att hamna i klorna p\u00e5 den nya dataskyddslagen. Om propositionen godk\u00e4nns som s\u00e5dan kommer de inte mera att vara tillg\u00e4ngliga f\u00f6r allm\u00e4nheten, s\u00e4ger Anders Adlercreutz, riksdagsledamot f\u00f6r SFP och partiets vice ordf\u00f6rande. <\/span><\/p>\n<p><span style=\"font-style: inherit;\">Regeringens proposition hindrar publiceringen\u00a0<\/span>av s\u00e5dana bilder som t.ex. \u00e5terger politisk eller religi\u00f6s verksamhet eller som skildrar fr\u00e5gor med anknytning till h\u00e4lsa eller sexuell l\u00e4ggning. Det betyder att arkiven, biblioteken eller museerna skulle vara tvungna att st\u00e4nga en stor del av sina offentliga bildarkiv.<\/p>\n<p><span style=\"font-style: inherit;\">Propositionen \u00e4r kopplad till EU:s dataskyddsdirektiv som tr\u00e4der i kraft den 28:e maj. Den finl\u00e4ndska till\u00e4mpningen verkar bli mycket strikt. <\/span><\/p>\n<p><span style=\"font-style: inherit;\">Vad betyder detta i praktiken? Efter detta kommer en bild som skildrar t.ex. ett br\u00f6llop, en demonstration eller p\u00e5 vilken det t.ex. syns en skadad eller sjuk m\u00e4nniska inte att kunna vara offentlig om det finns en misstanke om att n\u00e5gon p\u00e5 bilden kan vara vid liv. Detta eftersom det in praktiken inte \u00e4r m\u00f6jligt att f\u00e5 ett medgivande av dem som syns. <\/span><\/p>\n<p>&#8211;\u00a0En demonstration fr\u00e5n 60-talet, Urho Kekkonens begravningst\u00e5g eller en bild fr\u00e5n ett br\u00f6llop uppfyller alla dessa krav. Det \u00e4r totalt absurt, s\u00e4ger Adlercreutz.<\/p>\n<p>Det finns idag miljontals bilder i arkivens och museernas offentliga bildbanker. Om propositionen godk\u00e4nns utan \u00e4ndringar skulle dessa i framtiden stanna bakom lyckta d\u00f6rrar.<span style=\"font-style: inherit;\">\u00a0<\/span><\/p>\n<p><span style=\"font-style: inherit;\">&#8211; Enbart i finna.fi-tj\u00e4nsten finns det idag miljontals bilder. P\u00e5 \u00e5rsbasis har tj\u00e4nsten tiotals miljoner bes\u00f6k. Om vi st\u00e4nger s\u00e5dant material f\u00f6r v\u00e5ra medborgare st\u00e4nger vi samtidigt \u00e5tkomsten till en stor del av v\u00e5rt gemensamma kulturarv. Propositionen m\u00e5ste helt enkelt korrigeras, avslutar Adlercreutz.<\/span><\/p>\n","protected":false},"excerpt":{"rendered":"<p>&#8211;\u00a0Miljoner fotografier som \u00e4r en stor del av v\u00e5rt gemensamma finl\u00e4ndska kulturarv hotar att hamna i klorna p\u00e5 den nya dataskyddslagen. Om propositionen godk\u00e4nns som s\u00e5dan kommer de inte mera att vara tillg\u00e4ngliga f\u00f6r allm\u00e4nheten, s\u00e4ger Anders Adlercreutz, riksdagsledamot f\u00f6r SFP och partiets vice ordf\u00f6rande. Regeringens proposition hindrar publiceringen\u00a0av s\u00e5dana bilder som t.ex. \u00e5terger politisk [&hellip;]<\/p>\n","protected":false},"author":1,"featured_media":2545,"comment_status":"open","ping_status":"open","sticky":false,"template":"","format":"standard","meta":{"jetpack_post_was_ever_published":false,"_jetpack_newsletter_access":"","jetpack_publicize_message":"","jetpack_is_tweetstorm":false,"jetpack_publicize_feature_enabled":true,"jetpack_social_post_already_shared":true,"jetpack_social_options":{"image_generator_settings":{"template":"highway","enabled":false}}},"categories":[46,72,64],"tags":[],"jetpack_publicize_connections":[],"yoast_head":"<!-- This site is optimized with the Yoast SEO plugin v20.12 - https:\/\/yoast.com\/wordpress\/plugins\/seo\/ -->\n<title>F\u00f6rslaget till dataskyddslag hotar begrava delar av v\u00e5rt kulturarv - Anders Adlercreutz<\/title>\n<meta name=\"robots\" content=\"index, follow, max-snippet:-1, max-image-preview:large, max-video-preview:-1\" \/>\n<link rel=\"canonical\" href=\"https:\/\/andersadlercreutz.fi\/blog\/blog-sv\/uusi-tietosuojalaki-uhkaa-piilottaa-osan-kulttuuriperinnosta\/\" \/>\n<meta property=\"og:locale\" content=\"sv_SE\" \/>\n<meta property=\"og:type\" content=\"article\" \/>\n<meta property=\"og:title\" content=\"F\u00f6rslaget till dataskyddslag hotar begrava delar av v\u00e5rt kulturarv - Anders Adlercreutz\" \/>\n<meta property=\"og:description\" content=\"&#8211;\u00a0Miljoner fotografier som \u00e4r en stor del av v\u00e5rt gemensamma finl\u00e4ndska kulturarv hotar att hamna i klorna p\u00e5 den nya dataskyddslagen. Om propositionen godk\u00e4nns som s\u00e5dan kommer de inte mera att vara tillg\u00e4ngliga f\u00f6r allm\u00e4nheten, s\u00e4ger Anders Adlercreutz, riksdagsledamot f\u00f6r SFP och partiets vice ordf\u00f6rande. Regeringens proposition hindrar publiceringen\u00a0av s\u00e5dana bilder som t.ex. \u00e5terger politisk [&hellip;]\" \/>\n<meta property=\"og:url\" content=\"https:\/\/andersadlercreutz.fi\/blog\/blog-sv\/uusi-tietosuojalaki-uhkaa-piilottaa-osan-kulttuuriperinnosta\/\" \/>\n<meta property=\"og:site_name\" content=\"Anders Adlercreutz\" \/>\n<meta property=\"article:published_time\" content=\"2018-03-31T11:41:08+00:00\" \/>\n<meta property=\"article:modified_time\" content=\"2018-06-25T11:24:15+00:00\" \/>\n<meta property=\"og:image\" content=\"https:\/\/i0.wp.com\/andersadlercreutz.fi\/blog\/wp-content\/uploads\/2015\/11\/Anders_Adlercreutz_03_credit_Anna_Heikinheimo_crop1.jpg?fit=1000%2C583&ssl=1\" \/>\n\t<meta property=\"og:image:width\" content=\"1000\" \/>\n\t<meta property=\"og:image:height\" content=\"583\" \/>\n\t<meta property=\"og:image:type\" content=\"image\/jpeg\" \/>\n<meta name=\"author\" content=\"Anders\" \/>\n<meta name=\"twitter:card\" content=\"summary_large_image\" \/>\n<meta name=\"twitter:label1\" content=\"Skriven av\" \/>\n\t<meta name=\"twitter:data1\" content=\"Anders\" \/>\n\t<meta name=\"twitter:label2\" content=\"Ber\u00e4knad l\u00e4stid\" \/>\n\t<meta name=\"twitter:data2\" content=\"2 minuter\" \/>\n<script type=\"application\/ld+json\" class=\"yoast-schema-graph\">{\"@context\":\"https:\/\/schema.org\",\"@graph\":[{\"@type\":\"WebPage\",\"@id\":\"https:\/\/andersadlercreutz.fi\/blog\/blog-sv\/uusi-tietosuojalaki-uhkaa-piilottaa-osan-kulttuuriperinnosta\/\",\"url\":\"https:\/\/andersadlercreutz.fi\/blog\/blog-sv\/uusi-tietosuojalaki-uhkaa-piilottaa-osan-kulttuuriperinnosta\/\",\"name\":\"F\u00f6rslaget till dataskyddslag hotar begrava delar av v\u00e5rt kulturarv - Anders Adlercreutz\",\"isPartOf\":{\"@id\":\"https:\/\/andersadlercreutz.fi\/blog\/#website\"},\"datePublished\":\"2018-03-31T11:41:08+00:00\",\"dateModified\":\"2018-06-25T11:24:15+00:00\",\"author\":{\"@id\":\"https:\/\/andersadlercreutz.fi\/blog\/#\/schema\/person\/47d4b72eded862b484f74bb4b3a2354f\"},\"breadcrumb\":{\"@id\":\"https:\/\/andersadlercreutz.fi\/blog\/blog-sv\/uusi-tietosuojalaki-uhkaa-piilottaa-osan-kulttuuriperinnosta\/#breadcrumb\"},\"inLanguage\":\"sv-SE\",\"potentialAction\":[{\"@type\":\"ReadAction\",\"target\":[\"https:\/\/andersadlercreutz.fi\/blog\/blog-sv\/uusi-tietosuojalaki-uhkaa-piilottaa-osan-kulttuuriperinnosta\/\"]}]},{\"@type\":\"BreadcrumbList\",\"@id\":\"https:\/\/andersadlercreutz.fi\/blog\/blog-sv\/uusi-tietosuojalaki-uhkaa-piilottaa-osan-kulttuuriperinnosta\/#breadcrumb\",\"itemListElement\":[{\"@type\":\"ListItem\",\"position\":1,\"name\":\"Home\",\"item\":\"https:\/\/andersadlercreutz.fi\/blog\/blogg\/?lang=sv\"},{\"@type\":\"ListItem\",\"position\":2,\"name\":\"F\u00f6rslaget till dataskyddslag hotar begrava delar av v\u00e5rt kulturarv\"}]},{\"@type\":\"WebSite\",\"@id\":\"https:\/\/andersadlercreutz.fi\/blog\/#website\",\"url\":\"https:\/\/andersadlercreutz.fi\/blog\/\",\"name\":\"Anders Adlercreutz\",\"description\":\"Du. Jag. Vi. Kest&auml;v&auml;sti optimisti\",\"potentialAction\":[{\"@type\":\"SearchAction\",\"target\":{\"@type\":\"EntryPoint\",\"urlTemplate\":\"https:\/\/andersadlercreutz.fi\/blog\/?s={search_term_string}\"},\"query-input\":\"required name=search_term_string\"}],\"inLanguage\":\"sv-SE\"},{\"@type\":\"Person\",\"@id\":\"https:\/\/andersadlercreutz.fi\/blog\/#\/schema\/person\/47d4b72eded862b484f74bb4b3a2354f\",\"name\":\"Anders\",\"image\":{\"@type\":\"ImageObject\",\"inLanguage\":\"sv-SE\",\"@id\":\"https:\/\/andersadlercreutz.fi\/blog\/#\/schema\/person\/image\/\",\"url\":\"https:\/\/secure.gravatar.com\/avatar\/a144c9bda7a581ff6fabba169027e620?s=96&d=mm&r=g\",\"contentUrl\":\"https:\/\/secure.gravatar.com\/avatar\/a144c9bda7a581ff6fabba169027e620?s=96&d=mm&r=g\",\"caption\":\"Anders\"},\"url\":\"https:\/\/andersadlercreutz.fi\/blog\/author\/admin\/\"}]}<\/script>\n<!-- \/ Yoast SEO plugin. -->","yoast_head_json":{"title":"F\u00f6rslaget till dataskyddslag hotar begrava delar av v\u00e5rt kulturarv - Anders Adlercreutz","robots":{"index":"index","follow":"follow","max-snippet":"max-snippet:-1","max-image-preview":"max-image-preview:large","max-video-preview":"max-video-preview:-1"},"canonical":"https:\/\/andersadlercreutz.fi\/blog\/blog-sv\/uusi-tietosuojalaki-uhkaa-piilottaa-osan-kulttuuriperinnosta\/","og_locale":"sv_SE","og_type":"article","og_title":"F\u00f6rslaget till dataskyddslag hotar begrava delar av v\u00e5rt kulturarv - Anders Adlercreutz","og_description":"&#8211;\u00a0Miljoner fotografier som \u00e4r en stor del av v\u00e5rt gemensamma finl\u00e4ndska kulturarv hotar att hamna i klorna p\u00e5 den nya dataskyddslagen. Om propositionen godk\u00e4nns som s\u00e5dan kommer de inte mera att vara tillg\u00e4ngliga f\u00f6r allm\u00e4nheten, s\u00e4ger Anders Adlercreutz, riksdagsledamot f\u00f6r SFP och partiets vice ordf\u00f6rande. Regeringens proposition hindrar publiceringen\u00a0av s\u00e5dana bilder som t.ex. \u00e5terger politisk [&hellip;]","og_url":"https:\/\/andersadlercreutz.fi\/blog\/blog-sv\/uusi-tietosuojalaki-uhkaa-piilottaa-osan-kulttuuriperinnosta\/","og_site_name":"Anders Adlercreutz","article_published_time":"2018-03-31T11:41:08+00:00","article_modified_time":"2018-06-25T11:24:15+00:00","og_image":[{"width":1000,"height":583,"url":"https:\/\/i0.wp.com\/andersadlercreutz.fi\/blog\/wp-content\/uploads\/2015\/11\/Anders_Adlercreutz_03_credit_Anna_Heikinheimo_crop1.jpg?fit=1000%2C583&ssl=1","type":"image\/jpeg"}],"author":"Anders","twitter_card":"summary_large_image","twitter_misc":{"Skriven av":"Anders","Ber\u00e4knad l\u00e4stid":"2 minuter"},"schema":{"@context":"https:\/\/schema.org","@graph":[{"@type":"WebPage","@id":"https:\/\/andersadlercreutz.fi\/blog\/blog-sv\/uusi-tietosuojalaki-uhkaa-piilottaa-osan-kulttuuriperinnosta\/","url":"https:\/\/andersadlercreutz.fi\/blog\/blog-sv\/uusi-tietosuojalaki-uhkaa-piilottaa-osan-kulttuuriperinnosta\/","name":"F\u00f6rslaget till dataskyddslag hotar begrava delar av v\u00e5rt kulturarv - Anders Adlercreutz","isPartOf":{"@id":"https:\/\/andersadlercreutz.fi\/blog\/#website"},"datePublished":"2018-03-31T11:41:08+00:00","dateModified":"2018-06-25T11:24:15+00:00","author":{"@id":"https:\/\/andersadlercreutz.fi\/blog\/#\/schema\/person\/47d4b72eded862b484f74bb4b3a2354f"},"breadcrumb":{"@id":"https:\/\/andersadlercreutz.fi\/blog\/blog-sv\/uusi-tietosuojalaki-uhkaa-piilottaa-osan-kulttuuriperinnosta\/#breadcrumb"},"inLanguage":"sv-SE","potentialAction":[{"@type":"ReadAction","target":["https:\/\/andersadlercreutz.fi\/blog\/blog-sv\/uusi-tietosuojalaki-uhkaa-piilottaa-osan-kulttuuriperinnosta\/"]}]},{"@type":"BreadcrumbList","@id":"https:\/\/andersadlercreutz.fi\/blog\/blog-sv\/uusi-tietosuojalaki-uhkaa-piilottaa-osan-kulttuuriperinnosta\/#breadcrumb","itemListElement":[{"@type":"ListItem","position":1,"name":"Home","item":"https:\/\/andersadlercreutz.fi\/blog\/blogg\/?lang=sv"},{"@type":"ListItem","position":2,"name":"F\u00f6rslaget till dataskyddslag hotar begrava delar av v\u00e5rt kulturarv"}]},{"@type":"WebSite","@id":"https:\/\/andersadlercreutz.fi\/blog\/#website","url":"https:\/\/andersadlercreutz.fi\/blog\/","name":"Anders Adlercreutz","description":"Du. Jag. Vi. Kest&auml;v&auml;sti optimisti","potentialAction":[{"@type":"SearchAction","target":{"@type":"EntryPoint","urlTemplate":"https:\/\/andersadlercreutz.fi\/blog\/?s={search_term_string}"},"query-input":"required name=search_term_string"}],"inLanguage":"sv-SE"},{"@type":"Person","@id":"https:\/\/andersadlercreutz.fi\/blog\/#\/schema\/person\/47d4b72eded862b484f74bb4b3a2354f","name":"Anders","image":{"@type":"ImageObject","inLanguage":"sv-SE","@id":"https:\/\/andersadlercreutz.fi\/blog\/#\/schema\/person\/image\/","url":"https:\/\/secure.gravatar.com\/avatar\/a144c9bda7a581ff6fabba169027e620?s=96&d=mm&r=g","contentUrl":"https:\/\/secure.gravatar.com\/avatar\/a144c9bda7a581ff6fabba169027e620?s=96&d=mm&r=g","caption":"Anders"},"url":"https:\/\/andersadlercreutz.fi\/blog\/author\/admin\/"}]}},"jetpack_featured_media_url":"https:\/\/i0.wp.com\/andersadlercreutz.fi\/blog\/wp-content\/uploads\/2015\/11\/Anders_Adlercreutz_03_credit_Anna_Heikinheimo_crop1.jpg?fit=1000%2C583&ssl=1","jetpack_shortlink":"https:\/\/wp.me\/p4T6Dh-137","jetpack_sharing_enabled":true,"_links":{"self":[{"href":"https:\/\/andersadlercreutz.fi\/blog\/wp-json\/wp\/v2\/posts\/4037"}],"collection":[{"href":"https:\/\/andersadlercreutz.fi\/blog\/wp-json\/wp\/v2\/posts"}],"about":[{"href":"https:\/\/andersadlercreutz.fi\/blog\/wp-json\/wp\/v2\/types\/post"}],"author":[{"embeddable":true,"href":"https:\/\/andersadlercreutz.fi\/blog\/wp-json\/wp\/v2\/users\/1"}],"replies":[{"embeddable":true,"href":"https:\/\/andersadlercreutz.fi\/blog\/wp-json\/wp\/v2\/comments?post=4037"}],"version-history":[{"count":2,"href":"https:\/\/andersadlercreutz.fi\/blog\/wp-json\/wp\/v2\/posts\/4037\/revisions"}],"predecessor-version":[{"id":4176,"href":"https:\/\/andersadlercreutz.fi\/blog\/wp-json\/wp\/v2\/posts\/4037\/revisions\/4176"}],"wp:featuredmedia":[{"embeddable":true,"href":"https:\/\/andersadlercreutz.fi\/blog\/wp-json\/wp\/v2\/media\/2545"}],"wp:attachment":[{"href":"https:\/\/andersadlercreutz.fi\/blog\/wp-json\/wp\/v2\/media?parent=4037"}],"wp:term":[{"taxonomy":"category","embeddable":true,"href":"https:\/\/andersadlercreutz.fi\/blog\/wp-json\/wp\/v2\/categories?post=4037"},{"taxonomy":"post_tag","embeddable":true,"href":"https:\/\/andersadlercreutz.fi\/blog\/wp-json\/wp\/v2\/tags?post=4037"}],"curies":[{"name":"wp","href":"https:\/\/api.w.org\/{rel}","templated":true}]}}