{"id":4043,"date":"2018-04-05T17:15:38","date_gmt":"2018-04-05T14:15:38","guid":{"rendered":"http:\/\/andersadlercreutz.fi\/blog\/?p=4043"},"modified":"2018-04-05T17:15:38","modified_gmt":"2018-04-05T14:15:38","slug":"adlercreutz-ja-ingo-missa-kotoutumista-edistava-turvapaikkapolitiikka","status":"publish","type":"post","link":"https:\/\/andersadlercreutz.fi\/blog\/maahanmuutto\/adlercreutz-ja-ingo-missa-kotoutumista-edistava-turvapaikkapolitiikka\/?lang=fi","title":{"rendered":"Adlercreutz ja Ingo: Miss\u00e4 kotoutumista edist\u00e4v\u00e4 turvapaikkapolitiikka?"},"content":{"rendered":"<p>Turvapaikkahakemusta k\u00e4sitelt\u00e4ess\u00e4 on mahdollista ottaa huomioon erityisi\u00e4 henkil\u00f6kohtaisia syit\u00e4.\u00a0Harkinnassa voi ottaa huomioon esim. yritt\u00e4jyyden, aloitetun koulutuksen tai perhesiteet. N\u00e4in\u00a0tehd\u00e4\u00e4n nyky\u00e4\u00e4n\u00a0kuitenkin\u00a0hyvin harvoin, vaikka t\u00e4m\u00e4 selv\u00e4sti olisi koko yhteiskunnan edun mukaista. T\u00e4t\u00e4 mielt\u00e4 ovat RKP:n varapuheenjohtaja ja kansanedustaja Anders Adlercreutz sek\u00e4 RKP-nuorten puheenjohtaja Christoffer Ingo.<\/p>\n<p>Adlercreutzin mukaan l\u00f6ytyy monia esimerkkej\u00e4 tapauksista, joissa suomalaiset viranomaiset ovat tehneet p\u00e4\u00e4t\u00f6ksen k\u00e4\u00e4nnytt\u00e4misest\u00e4, mutta joissa erityiset henkil\u00f6kohtaiset syyt olisi tullut ottaa huomioon.<\/p>\n<p>&#8211;\u00a0Yhdess\u00e4 tapauksessa kolme irakilaista perusti Suomessa yrityksen ja ty\u00f6llisti itsens\u00e4. Kaksi heist\u00e4 sai hyv\u00e4\u00e4 oikeusapua turvapaikkaprosessin aikana ja sai oleskeluluvan. Kolmas sai huonoa oikeusapua ja uhataan nyt k\u00e4\u00e4nnytt\u00e4\u00e4. Suomi tarvitsee osaavaa ty\u00f6voimaa, joka voi ty\u00f6llist\u00e4\u00e4 itsens\u00e4, mutta p\u00e4\u00e4t\u00e4mme kuitenkin\u00a0k\u00e4\u00e4nnytt\u00e4\u00e4 ihmisi\u00e4, jotka ovat osoittaneet, ett\u00e4 he haluavat j\u00e4\u00e4d\u00e4 Suomeen ja olla osa t\u00e4t\u00e4 yhteiskuntaa, Adlercreutz sanoo.<\/p>\n<p>My\u00f6s RKP-nuorten puheenjohtaja Christoffer Ingo kritisoi Migrin tiukentunutta linjaa.<\/p>\n<p>&#8211; K\u00e4\u00e4nnytysuhan alla on t\u00e4ll\u00e4 hetkell\u00e4 ihmisi\u00e4, jotka selke\u00e4sti ovat resursseja maallemme. \u00a0Perheiden pirstominen ja jopa alaik\u00e4isten k\u00e4\u00e4nnytt\u00e4minen turvattomiin maihin ei ole kest\u00e4v\u00e4\u00e4. N\u00e4in ei edistet\u00e4 kotoutumista, Ingo sanoo.<\/p>\n<p>K\u00e4\u00e4nnytysten perusteet eiv\u00e4t ole Adlercreutzin ja Ingon mielest\u00e4 kest\u00e4v\u00e4ll\u00e4 pohjalla.<\/p>\n<p>&#8211; Jotkut v\u00e4itt\u00e4v\u00e4t, ett\u00e4 Suomesta on tullut \u201dkoko maailman sosiaalitoimisto\u201d mutta t\u00e4m\u00e4 ei pid\u00e4 paikkaansa. Meid\u00e4n tulee ymm\u00e4rt\u00e4\u00e4, ettei yhteiskuntammekaan hy\u00f6dy siit\u00e4, ett\u00e4 perheit\u00e4 revit\u00e4\u00e4n rikki, ett\u00e4 yritykset menett\u00e4v\u00e4t ty\u00f6ntekij\u00f6it\u00e4 ja ett\u00e4 osaamiselle ja kunnianhimolle ei anneta maassamme tilaa. T\u00e4m\u00e4 ei ole tehokasta kotouttamista, Adlercreutz sanoo.<\/p>\n<p>&#8211;\u00a0On h\u00e4pe\u00e4llist\u00e4, ett\u00e4 viranomaiset eiv\u00e4t turvapaikkahakemuksen yhteydess\u00e4 ota huomioon erityisi\u00e4 henkil\u00f6kohtaisia syit\u00e4 turvapaikkahakijan ja yhteiskunnan eduksi. T\u00e4h\u00e4n on puututtava, Ingo vaatii.<\/p>\n","protected":false},"excerpt":{"rendered":"<p>Turvapaikkahakemusta k\u00e4sitelt\u00e4ess\u00e4 on mahdollista ottaa huomioon erityisi\u00e4 henkil\u00f6kohtaisia syit\u00e4.\u00a0Harkinnassa voi ottaa huomioon esim. yritt\u00e4jyyden, aloitetun koulutuksen tai perhesiteet. N\u00e4in\u00a0tehd\u00e4\u00e4n nyky\u00e4\u00e4n\u00a0kuitenkin\u00a0hyvin harvoin, vaikka t\u00e4m\u00e4 selv\u00e4sti olisi koko yhteiskunnan edun mukaista. T\u00e4t\u00e4 mielt\u00e4 ovat RKP:n varapuheenjohtaja ja kansanedustaja Anders Adlercreutz sek\u00e4 RKP-nuorten puheenjohtaja Christoffer Ingo. Adlercreutzin mukaan l\u00f6ytyy monia esimerkkej\u00e4 tapauksista, joissa suomalaiset viranomaiset ovat tehneet p\u00e4\u00e4t\u00f6ksen [&hellip;]<\/p>\n","protected":false},"author":1,"featured_media":3864,"comment_status":"open","ping_status":"open","sticky":false,"template":"","format":"standard","meta":{"jetpack_post_was_ever_published":false,"_jetpack_newsletter_access":"","jetpack_publicize_message":"","jetpack_is_tweetstorm":false,"jetpack_publicize_feature_enabled":true,"jetpack_social_post_already_shared":true,"jetpack_social_options":{"image_generator_settings":{"template":"highway","enabled":false}}},"categories":[71,69],"tags":[],"jetpack_publicize_connections":[],"yoast_head":"<!-- This site is optimized with the Yoast SEO plugin v20.12 - https:\/\/yoast.com\/wordpress\/plugins\/seo\/ -->\n<title>Adlercreutz ja Ingo: Miss\u00e4 kotoutumista edist\u00e4v\u00e4 turvapaikkapolitiikka? - Anders Adlercreutz<\/title>\n<meta name=\"robots\" content=\"index, follow, max-snippet:-1, max-image-preview:large, max-video-preview:-1\" \/>\n<link rel=\"canonical\" href=\"https:\/\/andersadlercreutz.fi\/blog\/maahanmuutto\/adlercreutz-ja-ingo-missa-kotoutumista-edistava-turvapaikkapolitiikka\/\" \/>\n<meta property=\"og:locale\" content=\"sv_SE\" \/>\n<meta property=\"og:type\" content=\"article\" \/>\n<meta property=\"og:title\" content=\"Adlercreutz ja Ingo: Miss\u00e4 kotoutumista edist\u00e4v\u00e4 turvapaikkapolitiikka? - Anders Adlercreutz\" \/>\n<meta property=\"og:description\" content=\"Turvapaikkahakemusta k\u00e4sitelt\u00e4ess\u00e4 on mahdollista ottaa huomioon erityisi\u00e4 henkil\u00f6kohtaisia syit\u00e4.\u00a0Harkinnassa voi ottaa huomioon esim. yritt\u00e4jyyden, aloitetun koulutuksen tai perhesiteet. N\u00e4in\u00a0tehd\u00e4\u00e4n nyky\u00e4\u00e4n\u00a0kuitenkin\u00a0hyvin harvoin, vaikka t\u00e4m\u00e4 selv\u00e4sti olisi koko yhteiskunnan edun mukaista. T\u00e4t\u00e4 mielt\u00e4 ovat RKP:n varapuheenjohtaja ja kansanedustaja Anders Adlercreutz sek\u00e4 RKP-nuorten puheenjohtaja Christoffer Ingo. Adlercreutzin mukaan l\u00f6ytyy monia esimerkkej\u00e4 tapauksista, joissa suomalaiset viranomaiset ovat tehneet p\u00e4\u00e4t\u00f6ksen [&hellip;]\" \/>\n<meta property=\"og:url\" content=\"https:\/\/andersadlercreutz.fi\/blog\/maahanmuutto\/adlercreutz-ja-ingo-missa-kotoutumista-edistava-turvapaikkapolitiikka\/?lang=fi\" \/>\n<meta property=\"og:site_name\" content=\"Anders Adlercreutz\" \/>\n<meta property=\"article:published_time\" content=\"2018-04-05T14:15:38+00:00\" \/>\n<meta property=\"og:image\" content=\"https:\/\/i0.wp.com\/andersadlercreutz.fi\/blog\/wp-content\/uploads\/2018\/01\/Anders-RD012018-5.jpg?fit=1800%2C1227&ssl=1\" \/>\n\t<meta property=\"og:image:width\" content=\"1800\" \/>\n\t<meta property=\"og:image:height\" content=\"1227\" \/>\n\t<meta property=\"og:image:type\" content=\"image\/jpeg\" \/>\n<meta name=\"author\" content=\"Anders\" \/>\n<meta name=\"twitter:card\" content=\"summary_large_image\" \/>\n<meta name=\"twitter:label1\" content=\"Skriven av\" \/>\n\t<meta name=\"twitter:data1\" content=\"Anders\" \/>\n\t<meta name=\"twitter:label2\" content=\"Ber\u00e4knad l\u00e4stid\" \/>\n\t<meta name=\"twitter:data2\" content=\"2 minuter\" \/>\n<script type=\"application\/ld+json\" class=\"yoast-schema-graph\">{\"@context\":\"https:\/\/schema.org\",\"@graph\":[{\"@type\":\"WebPage\",\"@id\":\"https:\/\/andersadlercreutz.fi\/blog\/maahanmuutto\/adlercreutz-ja-ingo-missa-kotoutumista-edistava-turvapaikkapolitiikka\/?lang=fi\",\"url\":\"https:\/\/andersadlercreutz.fi\/blog\/maahanmuutto\/adlercreutz-ja-ingo-missa-kotoutumista-edistava-turvapaikkapolitiikka\/?lang=fi\",\"name\":\"Adlercreutz ja Ingo: Miss\u00e4 kotoutumista edist\u00e4v\u00e4 turvapaikkapolitiikka? - Anders Adlercreutz\",\"isPartOf\":{\"@id\":\"https:\/\/andersadlercreutz.fi\/blog\/#website\"},\"datePublished\":\"2018-04-05T14:15:38+00:00\",\"dateModified\":\"2018-04-05T14:15:38+00:00\",\"author\":{\"@id\":\"https:\/\/andersadlercreutz.fi\/blog\/#\/schema\/person\/47d4b72eded862b484f74bb4b3a2354f\"},\"breadcrumb\":{\"@id\":\"https:\/\/andersadlercreutz.fi\/blog\/maahanmuutto\/adlercreutz-ja-ingo-missa-kotoutumista-edistava-turvapaikkapolitiikka\/?lang=fi#breadcrumb\"},\"inLanguage\":\"sv-SE\",\"potentialAction\":[{\"@type\":\"ReadAction\",\"target\":[\"https:\/\/andersadlercreutz.fi\/blog\/maahanmuutto\/adlercreutz-ja-ingo-missa-kotoutumista-edistava-turvapaikkapolitiikka\/?lang=fi\"]}]},{\"@type\":\"BreadcrumbList\",\"@id\":\"https:\/\/andersadlercreutz.fi\/blog\/maahanmuutto\/adlercreutz-ja-ingo-missa-kotoutumista-edistava-turvapaikkapolitiikka\/?lang=fi#breadcrumb\",\"itemListElement\":[{\"@type\":\"ListItem\",\"position\":1,\"name\":\"Home\",\"item\":\"https:\/\/andersadlercreutz.fi\/blog\/blogg\/?lang=sv\"},{\"@type\":\"ListItem\",\"position\":2,\"name\":\"Adlercreutz ja Ingo: Miss\u00e4 kotoutumista edist\u00e4v\u00e4 turvapaikkapolitiikka?\"}]},{\"@type\":\"WebSite\",\"@id\":\"https:\/\/andersadlercreutz.fi\/blog\/#website\",\"url\":\"https:\/\/andersadlercreutz.fi\/blog\/\",\"name\":\"Anders Adlercreutz\",\"description\":\"Du. Jag. Vi. Kest&auml;v&auml;sti optimisti\",\"potentialAction\":[{\"@type\":\"SearchAction\",\"target\":{\"@type\":\"EntryPoint\",\"urlTemplate\":\"https:\/\/andersadlercreutz.fi\/blog\/?s={search_term_string}\"},\"query-input\":\"required name=search_term_string\"}],\"inLanguage\":\"sv-SE\"},{\"@type\":\"Person\",\"@id\":\"https:\/\/andersadlercreutz.fi\/blog\/#\/schema\/person\/47d4b72eded862b484f74bb4b3a2354f\",\"name\":\"Anders\",\"image\":{\"@type\":\"ImageObject\",\"inLanguage\":\"sv-SE\",\"@id\":\"https:\/\/andersadlercreutz.fi\/blog\/#\/schema\/person\/image\/\",\"url\":\"https:\/\/secure.gravatar.com\/avatar\/a144c9bda7a581ff6fabba169027e620?s=96&d=mm&r=g\",\"contentUrl\":\"https:\/\/secure.gravatar.com\/avatar\/a144c9bda7a581ff6fabba169027e620?s=96&d=mm&r=g\",\"caption\":\"Anders\"},\"url\":\"https:\/\/andersadlercreutz.fi\/blog\/author\/admin\/\"}]}<\/script>\n<!-- \/ Yoast SEO plugin. -->","yoast_head_json":{"title":"Adlercreutz ja Ingo: Miss\u00e4 kotoutumista edist\u00e4v\u00e4 turvapaikkapolitiikka? - Anders Adlercreutz","robots":{"index":"index","follow":"follow","max-snippet":"max-snippet:-1","max-image-preview":"max-image-preview:large","max-video-preview":"max-video-preview:-1"},"canonical":"https:\/\/andersadlercreutz.fi\/blog\/maahanmuutto\/adlercreutz-ja-ingo-missa-kotoutumista-edistava-turvapaikkapolitiikka\/","og_locale":"sv_SE","og_type":"article","og_title":"Adlercreutz ja Ingo: Miss\u00e4 kotoutumista edist\u00e4v\u00e4 turvapaikkapolitiikka? - Anders Adlercreutz","og_description":"Turvapaikkahakemusta k\u00e4sitelt\u00e4ess\u00e4 on mahdollista ottaa huomioon erityisi\u00e4 henkil\u00f6kohtaisia syit\u00e4.\u00a0Harkinnassa voi ottaa huomioon esim. yritt\u00e4jyyden, aloitetun koulutuksen tai perhesiteet. N\u00e4in\u00a0tehd\u00e4\u00e4n nyky\u00e4\u00e4n\u00a0kuitenkin\u00a0hyvin harvoin, vaikka t\u00e4m\u00e4 selv\u00e4sti olisi koko yhteiskunnan edun mukaista. T\u00e4t\u00e4 mielt\u00e4 ovat RKP:n varapuheenjohtaja ja kansanedustaja Anders Adlercreutz sek\u00e4 RKP-nuorten puheenjohtaja Christoffer Ingo. Adlercreutzin mukaan l\u00f6ytyy monia esimerkkej\u00e4 tapauksista, joissa suomalaiset viranomaiset ovat tehneet p\u00e4\u00e4t\u00f6ksen [&hellip;]","og_url":"https:\/\/andersadlercreutz.fi\/blog\/maahanmuutto\/adlercreutz-ja-ingo-missa-kotoutumista-edistava-turvapaikkapolitiikka\/?lang=fi","og_site_name":"Anders Adlercreutz","article_published_time":"2018-04-05T14:15:38+00:00","og_image":[{"width":1800,"height":1227,"url":"https:\/\/i0.wp.com\/andersadlercreutz.fi\/blog\/wp-content\/uploads\/2018\/01\/Anders-RD012018-5.jpg?fit=1800%2C1227&ssl=1","type":"image\/jpeg"}],"author":"Anders","twitter_card":"summary_large_image","twitter_misc":{"Skriven av":"Anders","Ber\u00e4knad l\u00e4stid":"2 minuter"},"schema":{"@context":"https:\/\/schema.org","@graph":[{"@type":"WebPage","@id":"https:\/\/andersadlercreutz.fi\/blog\/maahanmuutto\/adlercreutz-ja-ingo-missa-kotoutumista-edistava-turvapaikkapolitiikka\/?lang=fi","url":"https:\/\/andersadlercreutz.fi\/blog\/maahanmuutto\/adlercreutz-ja-ingo-missa-kotoutumista-edistava-turvapaikkapolitiikka\/?lang=fi","name":"Adlercreutz ja Ingo: Miss\u00e4 kotoutumista edist\u00e4v\u00e4 turvapaikkapolitiikka? - Anders Adlercreutz","isPartOf":{"@id":"https:\/\/andersadlercreutz.fi\/blog\/#website"},"datePublished":"2018-04-05T14:15:38+00:00","dateModified":"2018-04-05T14:15:38+00:00","author":{"@id":"https:\/\/andersadlercreutz.fi\/blog\/#\/schema\/person\/47d4b72eded862b484f74bb4b3a2354f"},"breadcrumb":{"@id":"https:\/\/andersadlercreutz.fi\/blog\/maahanmuutto\/adlercreutz-ja-ingo-missa-kotoutumista-edistava-turvapaikkapolitiikka\/?lang=fi#breadcrumb"},"inLanguage":"sv-SE","potentialAction":[{"@type":"ReadAction","target":["https:\/\/andersadlercreutz.fi\/blog\/maahanmuutto\/adlercreutz-ja-ingo-missa-kotoutumista-edistava-turvapaikkapolitiikka\/?lang=fi"]}]},{"@type":"BreadcrumbList","@id":"https:\/\/andersadlercreutz.fi\/blog\/maahanmuutto\/adlercreutz-ja-ingo-missa-kotoutumista-edistava-turvapaikkapolitiikka\/?lang=fi#breadcrumb","itemListElement":[{"@type":"ListItem","position":1,"name":"Home","item":"https:\/\/andersadlercreutz.fi\/blog\/blogg\/?lang=sv"},{"@type":"ListItem","position":2,"name":"Adlercreutz ja Ingo: Miss\u00e4 kotoutumista edist\u00e4v\u00e4 turvapaikkapolitiikka?"}]},{"@type":"WebSite","@id":"https:\/\/andersadlercreutz.fi\/blog\/#website","url":"https:\/\/andersadlercreutz.fi\/blog\/","name":"Anders Adlercreutz","description":"Du. Jag. Vi. Kest&auml;v&auml;sti optimisti","potentialAction":[{"@type":"SearchAction","target":{"@type":"EntryPoint","urlTemplate":"https:\/\/andersadlercreutz.fi\/blog\/?s={search_term_string}"},"query-input":"required name=search_term_string"}],"inLanguage":"sv-SE"},{"@type":"Person","@id":"https:\/\/andersadlercreutz.fi\/blog\/#\/schema\/person\/47d4b72eded862b484f74bb4b3a2354f","name":"Anders","image":{"@type":"ImageObject","inLanguage":"sv-SE","@id":"https:\/\/andersadlercreutz.fi\/blog\/#\/schema\/person\/image\/","url":"https:\/\/secure.gravatar.com\/avatar\/a144c9bda7a581ff6fabba169027e620?s=96&d=mm&r=g","contentUrl":"https:\/\/secure.gravatar.com\/avatar\/a144c9bda7a581ff6fabba169027e620?s=96&d=mm&r=g","caption":"Anders"},"url":"https:\/\/andersadlercreutz.fi\/blog\/author\/admin\/"}]}},"jetpack_featured_media_url":"https:\/\/i0.wp.com\/andersadlercreutz.fi\/blog\/wp-content\/uploads\/2018\/01\/Anders-RD012018-5.jpg?fit=1800%2C1227&ssl=1","jetpack_shortlink":"https:\/\/wp.me\/p4T6Dh-13d","jetpack_sharing_enabled":true,"_links":{"self":[{"href":"https:\/\/andersadlercreutz.fi\/blog\/wp-json\/wp\/v2\/posts\/4043"}],"collection":[{"href":"https:\/\/andersadlercreutz.fi\/blog\/wp-json\/wp\/v2\/posts"}],"about":[{"href":"https:\/\/andersadlercreutz.fi\/blog\/wp-json\/wp\/v2\/types\/post"}],"author":[{"embeddable":true,"href":"https:\/\/andersadlercreutz.fi\/blog\/wp-json\/wp\/v2\/users\/1"}],"replies":[{"embeddable":true,"href":"https:\/\/andersadlercreutz.fi\/blog\/wp-json\/wp\/v2\/comments?post=4043"}],"version-history":[{"count":1,"href":"https:\/\/andersadlercreutz.fi\/blog\/wp-json\/wp\/v2\/posts\/4043\/revisions"}],"predecessor-version":[{"id":4044,"href":"https:\/\/andersadlercreutz.fi\/blog\/wp-json\/wp\/v2\/posts\/4043\/revisions\/4044"}],"wp:featuredmedia":[{"embeddable":true,"href":"https:\/\/andersadlercreutz.fi\/blog\/wp-json\/wp\/v2\/media\/3864"}],"wp:attachment":[{"href":"https:\/\/andersadlercreutz.fi\/blog\/wp-json\/wp\/v2\/media?parent=4043"}],"wp:term":[{"taxonomy":"category","embeddable":true,"href":"https:\/\/andersadlercreutz.fi\/blog\/wp-json\/wp\/v2\/categories?post=4043"},{"taxonomy":"post_tag","embeddable":true,"href":"https:\/\/andersadlercreutz.fi\/blog\/wp-json\/wp\/v2\/tags?post=4043"}],"curies":[{"name":"wp","href":"https:\/\/api.w.org\/{rel}","templated":true}]}}