{"id":4051,"date":"2018-04-12T14:32:16","date_gmt":"2018-04-12T11:32:16","guid":{"rendered":"http:\/\/andersadlercreutz.fi\/blog\/?p=4051"},"modified":"2018-04-12T14:32:16","modified_gmt":"2018-04-12T11:32:16","slug":"adlercreutz-kirjallisessa-kysymyksessa-homekoulujen-purku-ei-saa-aiheuttaa-kriisikuntamenettelyyn-joutumista","status":"publish","type":"post","link":"https:\/\/andersadlercreutz.fi\/blog\/lehdistotiedote\/adlercreutz-kirjallisessa-kysymyksessa-homekoulujen-purku-ei-saa-aiheuttaa-kriisikuntamenettelyyn-joutumista\/?lang=fi","title":{"rendered":"Adlercreutz kirjallisessa kysymyksess\u00e4: Homekoulujen purku ei saa aiheuttaa kriisikuntamenettelyyn joutumista"},"content":{"rendered":"<p>RKP:n varapuheenjohtaja ja kansanedustaja Anders Adlercreutz on j\u00e4tt\u00e4nyt kirjallisen kysymyksen kuntien riskist\u00e4 joutua kriisikunnan arviointimenettelyyn huonokuntoisten kiinteist\u00f6jen purkamisen my\u00f6t\u00e4.<\/p>\n<p>\u2013\u00a0Huonokuntoiset koulut ja p\u00e4iv\u00e4kodit ovat yh\u00e4 useamman suomalaisen kunnan ongelma. Jos kunta on pieni, jos sen talouden tunnusluvut ovat huonot ja jos kyseess\u00e4 on poikkeuksellisen suuri ja arvokas koulurakennus, rakennuksen purkamisella voi olla dramaattisia vaikutuksia kunnantalouden tunnuslukuihin. T\u00e4m\u00e4 voi puolestaan johtaa siihen, ett\u00e4 kunnat saattavat mieluummin korjata kuin purkaa huonokuntoisia rakennuksia, jos korjaamisella voi v\u00e4ltty\u00e4 kriisikunnaksi joutumiselta, Adlercreutz sanoo.<\/p>\n<p>Rakennuksen purun yhteydess\u00e4 kunta joutuu tekem\u00e4\u00e4n kirjanpitoteknisen alaskirjauksen, joka heikent\u00e4\u00e4 tasetta. Ellei kunta saa taseen alij\u00e4\u00e4m\u00e4\u00e4 katettua seuraavan nelj\u00e4n vuoden aikana, kunta voidaan m\u00e4\u00e4ritell\u00e4 kriisikunnaksi ja se voi joutua arviointimenettelyn piiriin.<\/p>\n<p>\u2013\u00a0Kirjallinen kysymys k\u00e4sittelee mahdollisuutta poiketa t\u00e4st\u00e4 menettelyst\u00e4 niiss\u00e4 tilanteissa, joissa syy alaskirjaukseen on huonokuntoisen rakennuksen purku uuden tielt\u00e4. Kunnan tulisi esimerkiksi voida hakea vapautusta arviointimenettelyst\u00e4, mik\u00e4li taloudellisesti heikko tilanne johtuu homekoulun purusta.<\/p>\n<p>\u2013\u00a0Useissa kunnissa jopa yli puolet koululaisista opiskelevat t\u00e4ll\u00e4kin hetkell\u00e4 tilap\u00e4isiss\u00e4 tiloissa varsinaisen koulurakennuksen sis\u00e4ilmaongelmien takia. Joissakin tilanteissa riitt\u00e4\u00e4, ett\u00e4 sis\u00e4ilmaongelmainen koulurakennus korjataan, mutta joskus ainoa ratkaisu on kuitenkin purkaa koko rakennus, jotta voidaan rakentaa uusi tilalle. Kriisikunnaksi joutumisen uhka ei saa ohjata kuntien p\u00e4\u00e4t\u00f6st\u00e4 t\u00e4ss\u00e4 asiassa \u2013 koululaisilla ja ty\u00f6ntekij\u00f6ill\u00e4 on oikeus ty\u00f6skennell\u00e4 terveess\u00e4 rakennuksessa.<\/p>\n","protected":false},"excerpt":{"rendered":"<p>RKP:n varapuheenjohtaja ja kansanedustaja Anders Adlercreutz on j\u00e4tt\u00e4nyt kirjallisen kysymyksen kuntien riskist\u00e4 joutua kriisikunnan arviointimenettelyyn huonokuntoisten kiinteist\u00f6jen purkamisen my\u00f6t\u00e4. \u2013\u00a0Huonokuntoiset koulut ja p\u00e4iv\u00e4kodit ovat yh\u00e4 useamman suomalaisen kunnan ongelma. Jos kunta on pieni, jos sen talouden tunnusluvut ovat huonot ja jos kyseess\u00e4 on poikkeuksellisen suuri ja arvokas koulurakennus, rakennuksen purkamisella voi olla dramaattisia vaikutuksia kunnantalouden [&hellip;]<\/p>\n","protected":false},"author":1,"featured_media":3866,"comment_status":"open","ping_status":"open","sticky":false,"template":"","format":"standard","meta":{"jetpack_post_was_ever_published":false,"_jetpack_newsletter_access":"","jetpack_publicize_message":"","jetpack_is_tweetstorm":false,"jetpack_publicize_feature_enabled":true,"jetpack_social_post_already_shared":true,"jetpack_social_options":{"image_generator_settings":{"template":"highway","enabled":false}}},"categories":[71],"tags":[],"jetpack_publicize_connections":[],"yoast_head":"<!-- This site is optimized with the Yoast SEO plugin v20.12 - https:\/\/yoast.com\/wordpress\/plugins\/seo\/ -->\n<title>Adlercreutz kirjallisessa kysymyksess\u00e4: Homekoulujen purku ei saa aiheuttaa kriisikuntamenettelyyn joutumista - Anders Adlercreutz<\/title>\n<meta name=\"robots\" content=\"index, follow, max-snippet:-1, max-image-preview:large, max-video-preview:-1\" \/>\n<link rel=\"canonical\" href=\"https:\/\/andersadlercreutz.fi\/blog\/lehdistotiedote\/adlercreutz-kirjallisessa-kysymyksessa-homekoulujen-purku-ei-saa-aiheuttaa-kriisikuntamenettelyyn-joutumista\/\" \/>\n<meta property=\"og:locale\" content=\"sv_SE\" \/>\n<meta property=\"og:type\" content=\"article\" \/>\n<meta property=\"og:title\" content=\"Adlercreutz kirjallisessa kysymyksess\u00e4: Homekoulujen purku ei saa aiheuttaa kriisikuntamenettelyyn joutumista - Anders Adlercreutz\" \/>\n<meta property=\"og:description\" content=\"RKP:n varapuheenjohtaja ja kansanedustaja Anders Adlercreutz on j\u00e4tt\u00e4nyt kirjallisen kysymyksen kuntien riskist\u00e4 joutua kriisikunnan arviointimenettelyyn huonokuntoisten kiinteist\u00f6jen purkamisen my\u00f6t\u00e4. \u2013\u00a0Huonokuntoiset koulut ja p\u00e4iv\u00e4kodit ovat yh\u00e4 useamman suomalaisen kunnan ongelma. Jos kunta on pieni, jos sen talouden tunnusluvut ovat huonot ja jos kyseess\u00e4 on poikkeuksellisen suuri ja arvokas koulurakennus, rakennuksen purkamisella voi olla dramaattisia vaikutuksia kunnantalouden [&hellip;]\" \/>\n<meta property=\"og:url\" content=\"https:\/\/andersadlercreutz.fi\/blog\/lehdistotiedote\/adlercreutz-kirjallisessa-kysymyksessa-homekoulujen-purku-ei-saa-aiheuttaa-kriisikuntamenettelyyn-joutumista\/?lang=fi\" \/>\n<meta property=\"og:site_name\" content=\"Anders Adlercreutz\" \/>\n<meta property=\"article:published_time\" content=\"2018-04-12T11:32:16+00:00\" \/>\n<meta property=\"og:image\" content=\"https:\/\/i0.wp.com\/andersadlercreutz.fi\/blog\/wp-content\/uploads\/2018\/01\/Anders-RD012018-1.jpg?fit=1800%2C1141&ssl=1\" \/>\n\t<meta property=\"og:image:width\" content=\"1800\" \/>\n\t<meta property=\"og:image:height\" content=\"1141\" \/>\n\t<meta property=\"og:image:type\" content=\"image\/jpeg\" \/>\n<meta name=\"author\" content=\"Anders\" \/>\n<meta name=\"twitter:card\" content=\"summary_large_image\" \/>\n<meta name=\"twitter:label1\" content=\"Skriven av\" \/>\n\t<meta name=\"twitter:data1\" content=\"Anders\" \/>\n\t<meta name=\"twitter:label2\" content=\"Ber\u00e4knad l\u00e4stid\" \/>\n\t<meta name=\"twitter:data2\" content=\"1 minut\" \/>\n<script type=\"application\/ld+json\" class=\"yoast-schema-graph\">{\"@context\":\"https:\/\/schema.org\",\"@graph\":[{\"@type\":\"WebPage\",\"@id\":\"https:\/\/andersadlercreutz.fi\/blog\/lehdistotiedote\/adlercreutz-kirjallisessa-kysymyksessa-homekoulujen-purku-ei-saa-aiheuttaa-kriisikuntamenettelyyn-joutumista\/?lang=fi\",\"url\":\"https:\/\/andersadlercreutz.fi\/blog\/lehdistotiedote\/adlercreutz-kirjallisessa-kysymyksessa-homekoulujen-purku-ei-saa-aiheuttaa-kriisikuntamenettelyyn-joutumista\/?lang=fi\",\"name\":\"Adlercreutz kirjallisessa kysymyksess\u00e4: Homekoulujen purku ei saa aiheuttaa kriisikuntamenettelyyn joutumista - Anders Adlercreutz\",\"isPartOf\":{\"@id\":\"https:\/\/andersadlercreutz.fi\/blog\/#website\"},\"datePublished\":\"2018-04-12T11:32:16+00:00\",\"dateModified\":\"2018-04-12T11:32:16+00:00\",\"author\":{\"@id\":\"https:\/\/andersadlercreutz.fi\/blog\/#\/schema\/person\/47d4b72eded862b484f74bb4b3a2354f\"},\"breadcrumb\":{\"@id\":\"https:\/\/andersadlercreutz.fi\/blog\/lehdistotiedote\/adlercreutz-kirjallisessa-kysymyksessa-homekoulujen-purku-ei-saa-aiheuttaa-kriisikuntamenettelyyn-joutumista\/?lang=fi#breadcrumb\"},\"inLanguage\":\"sv-SE\",\"potentialAction\":[{\"@type\":\"ReadAction\",\"target\":[\"https:\/\/andersadlercreutz.fi\/blog\/lehdistotiedote\/adlercreutz-kirjallisessa-kysymyksessa-homekoulujen-purku-ei-saa-aiheuttaa-kriisikuntamenettelyyn-joutumista\/?lang=fi\"]}]},{\"@type\":\"BreadcrumbList\",\"@id\":\"https:\/\/andersadlercreutz.fi\/blog\/lehdistotiedote\/adlercreutz-kirjallisessa-kysymyksessa-homekoulujen-purku-ei-saa-aiheuttaa-kriisikuntamenettelyyn-joutumista\/?lang=fi#breadcrumb\",\"itemListElement\":[{\"@type\":\"ListItem\",\"position\":1,\"name\":\"Home\",\"item\":\"https:\/\/andersadlercreutz.fi\/blog\/blogg\/?lang=sv\"},{\"@type\":\"ListItem\",\"position\":2,\"name\":\"Adlercreutz kirjallisessa kysymyksess\u00e4: Homekoulujen purku ei saa aiheuttaa kriisikuntamenettelyyn joutumista\"}]},{\"@type\":\"WebSite\",\"@id\":\"https:\/\/andersadlercreutz.fi\/blog\/#website\",\"url\":\"https:\/\/andersadlercreutz.fi\/blog\/\",\"name\":\"Anders Adlercreutz\",\"description\":\"Du. Jag. Vi. Kest&auml;v&auml;sti optimisti\",\"potentialAction\":[{\"@type\":\"SearchAction\",\"target\":{\"@type\":\"EntryPoint\",\"urlTemplate\":\"https:\/\/andersadlercreutz.fi\/blog\/?s={search_term_string}\"},\"query-input\":\"required name=search_term_string\"}],\"inLanguage\":\"sv-SE\"},{\"@type\":\"Person\",\"@id\":\"https:\/\/andersadlercreutz.fi\/blog\/#\/schema\/person\/47d4b72eded862b484f74bb4b3a2354f\",\"name\":\"Anders\",\"image\":{\"@type\":\"ImageObject\",\"inLanguage\":\"sv-SE\",\"@id\":\"https:\/\/andersadlercreutz.fi\/blog\/#\/schema\/person\/image\/\",\"url\":\"https:\/\/secure.gravatar.com\/avatar\/a144c9bda7a581ff6fabba169027e620?s=96&d=mm&r=g\",\"contentUrl\":\"https:\/\/secure.gravatar.com\/avatar\/a144c9bda7a581ff6fabba169027e620?s=96&d=mm&r=g\",\"caption\":\"Anders\"},\"url\":\"https:\/\/andersadlercreutz.fi\/blog\/author\/admin\/\"}]}<\/script>\n<!-- \/ Yoast SEO plugin. -->","yoast_head_json":{"title":"Adlercreutz kirjallisessa kysymyksess\u00e4: Homekoulujen purku ei saa aiheuttaa kriisikuntamenettelyyn joutumista - Anders Adlercreutz","robots":{"index":"index","follow":"follow","max-snippet":"max-snippet:-1","max-image-preview":"max-image-preview:large","max-video-preview":"max-video-preview:-1"},"canonical":"https:\/\/andersadlercreutz.fi\/blog\/lehdistotiedote\/adlercreutz-kirjallisessa-kysymyksessa-homekoulujen-purku-ei-saa-aiheuttaa-kriisikuntamenettelyyn-joutumista\/","og_locale":"sv_SE","og_type":"article","og_title":"Adlercreutz kirjallisessa kysymyksess\u00e4: Homekoulujen purku ei saa aiheuttaa kriisikuntamenettelyyn joutumista - Anders Adlercreutz","og_description":"RKP:n varapuheenjohtaja ja kansanedustaja Anders Adlercreutz on j\u00e4tt\u00e4nyt kirjallisen kysymyksen kuntien riskist\u00e4 joutua kriisikunnan arviointimenettelyyn huonokuntoisten kiinteist\u00f6jen purkamisen my\u00f6t\u00e4. \u2013\u00a0Huonokuntoiset koulut ja p\u00e4iv\u00e4kodit ovat yh\u00e4 useamman suomalaisen kunnan ongelma. Jos kunta on pieni, jos sen talouden tunnusluvut ovat huonot ja jos kyseess\u00e4 on poikkeuksellisen suuri ja arvokas koulurakennus, rakennuksen purkamisella voi olla dramaattisia vaikutuksia kunnantalouden [&hellip;]","og_url":"https:\/\/andersadlercreutz.fi\/blog\/lehdistotiedote\/adlercreutz-kirjallisessa-kysymyksessa-homekoulujen-purku-ei-saa-aiheuttaa-kriisikuntamenettelyyn-joutumista\/?lang=fi","og_site_name":"Anders Adlercreutz","article_published_time":"2018-04-12T11:32:16+00:00","og_image":[{"width":1800,"height":1141,"url":"https:\/\/i0.wp.com\/andersadlercreutz.fi\/blog\/wp-content\/uploads\/2018\/01\/Anders-RD012018-1.jpg?fit=1800%2C1141&ssl=1","type":"image\/jpeg"}],"author":"Anders","twitter_card":"summary_large_image","twitter_misc":{"Skriven av":"Anders","Ber\u00e4knad l\u00e4stid":"1 minut"},"schema":{"@context":"https:\/\/schema.org","@graph":[{"@type":"WebPage","@id":"https:\/\/andersadlercreutz.fi\/blog\/lehdistotiedote\/adlercreutz-kirjallisessa-kysymyksessa-homekoulujen-purku-ei-saa-aiheuttaa-kriisikuntamenettelyyn-joutumista\/?lang=fi","url":"https:\/\/andersadlercreutz.fi\/blog\/lehdistotiedote\/adlercreutz-kirjallisessa-kysymyksessa-homekoulujen-purku-ei-saa-aiheuttaa-kriisikuntamenettelyyn-joutumista\/?lang=fi","name":"Adlercreutz kirjallisessa kysymyksess\u00e4: Homekoulujen purku ei saa aiheuttaa kriisikuntamenettelyyn joutumista - Anders Adlercreutz","isPartOf":{"@id":"https:\/\/andersadlercreutz.fi\/blog\/#website"},"datePublished":"2018-04-12T11:32:16+00:00","dateModified":"2018-04-12T11:32:16+00:00","author":{"@id":"https:\/\/andersadlercreutz.fi\/blog\/#\/schema\/person\/47d4b72eded862b484f74bb4b3a2354f"},"breadcrumb":{"@id":"https:\/\/andersadlercreutz.fi\/blog\/lehdistotiedote\/adlercreutz-kirjallisessa-kysymyksessa-homekoulujen-purku-ei-saa-aiheuttaa-kriisikuntamenettelyyn-joutumista\/?lang=fi#breadcrumb"},"inLanguage":"sv-SE","potentialAction":[{"@type":"ReadAction","target":["https:\/\/andersadlercreutz.fi\/blog\/lehdistotiedote\/adlercreutz-kirjallisessa-kysymyksessa-homekoulujen-purku-ei-saa-aiheuttaa-kriisikuntamenettelyyn-joutumista\/?lang=fi"]}]},{"@type":"BreadcrumbList","@id":"https:\/\/andersadlercreutz.fi\/blog\/lehdistotiedote\/adlercreutz-kirjallisessa-kysymyksessa-homekoulujen-purku-ei-saa-aiheuttaa-kriisikuntamenettelyyn-joutumista\/?lang=fi#breadcrumb","itemListElement":[{"@type":"ListItem","position":1,"name":"Home","item":"https:\/\/andersadlercreutz.fi\/blog\/blogg\/?lang=sv"},{"@type":"ListItem","position":2,"name":"Adlercreutz kirjallisessa kysymyksess\u00e4: Homekoulujen purku ei saa aiheuttaa kriisikuntamenettelyyn joutumista"}]},{"@type":"WebSite","@id":"https:\/\/andersadlercreutz.fi\/blog\/#website","url":"https:\/\/andersadlercreutz.fi\/blog\/","name":"Anders Adlercreutz","description":"Du. Jag. Vi. Kest&auml;v&auml;sti optimisti","potentialAction":[{"@type":"SearchAction","target":{"@type":"EntryPoint","urlTemplate":"https:\/\/andersadlercreutz.fi\/blog\/?s={search_term_string}"},"query-input":"required name=search_term_string"}],"inLanguage":"sv-SE"},{"@type":"Person","@id":"https:\/\/andersadlercreutz.fi\/blog\/#\/schema\/person\/47d4b72eded862b484f74bb4b3a2354f","name":"Anders","image":{"@type":"ImageObject","inLanguage":"sv-SE","@id":"https:\/\/andersadlercreutz.fi\/blog\/#\/schema\/person\/image\/","url":"https:\/\/secure.gravatar.com\/avatar\/a144c9bda7a581ff6fabba169027e620?s=96&d=mm&r=g","contentUrl":"https:\/\/secure.gravatar.com\/avatar\/a144c9bda7a581ff6fabba169027e620?s=96&d=mm&r=g","caption":"Anders"},"url":"https:\/\/andersadlercreutz.fi\/blog\/author\/admin\/"}]}},"jetpack_featured_media_url":"https:\/\/i0.wp.com\/andersadlercreutz.fi\/blog\/wp-content\/uploads\/2018\/01\/Anders-RD012018-1.jpg?fit=1800%2C1141&ssl=1","jetpack_shortlink":"https:\/\/wp.me\/p4T6Dh-13l","jetpack_sharing_enabled":true,"_links":{"self":[{"href":"https:\/\/andersadlercreutz.fi\/blog\/wp-json\/wp\/v2\/posts\/4051"}],"collection":[{"href":"https:\/\/andersadlercreutz.fi\/blog\/wp-json\/wp\/v2\/posts"}],"about":[{"href":"https:\/\/andersadlercreutz.fi\/blog\/wp-json\/wp\/v2\/types\/post"}],"author":[{"embeddable":true,"href":"https:\/\/andersadlercreutz.fi\/blog\/wp-json\/wp\/v2\/users\/1"}],"replies":[{"embeddable":true,"href":"https:\/\/andersadlercreutz.fi\/blog\/wp-json\/wp\/v2\/comments?post=4051"}],"version-history":[{"count":1,"href":"https:\/\/andersadlercreutz.fi\/blog\/wp-json\/wp\/v2\/posts\/4051\/revisions"}],"predecessor-version":[{"id":4052,"href":"https:\/\/andersadlercreutz.fi\/blog\/wp-json\/wp\/v2\/posts\/4051\/revisions\/4052"}],"wp:featuredmedia":[{"embeddable":true,"href":"https:\/\/andersadlercreutz.fi\/blog\/wp-json\/wp\/v2\/media\/3866"}],"wp:attachment":[{"href":"https:\/\/andersadlercreutz.fi\/blog\/wp-json\/wp\/v2\/media?parent=4051"}],"wp:term":[{"taxonomy":"category","embeddable":true,"href":"https:\/\/andersadlercreutz.fi\/blog\/wp-json\/wp\/v2\/categories?post=4051"},{"taxonomy":"post_tag","embeddable":true,"href":"https:\/\/andersadlercreutz.fi\/blog\/wp-json\/wp\/v2\/tags?post=4051"}],"curies":[{"name":"wp","href":"https:\/\/api.w.org\/{rel}","templated":true}]}}