{"id":4069,"date":"2018-04-17T11:59:27","date_gmt":"2018-04-17T08:59:27","guid":{"rendered":"http:\/\/andersadlercreutz.fi\/blog\/?p=4069"},"modified":"2018-04-17T17:12:21","modified_gmt":"2018-04-17T14:12:21","slug":"adlercreutz-kehysriihesta-huonoja-uutisia-itamerelle","status":"publish","type":"post","link":"https:\/\/andersadlercreutz.fi\/blog\/lehdistotiedote\/adlercreutz-kehysriihesta-huonoja-uutisia-itamerelle\/?lang=fi","title":{"rendered":"Adlercreutz: Kehysriihest\u00e4 huonoja uutisia It\u00e4merelle"},"content":{"rendered":"<p>Hallitus p\u00e4\u00e4tti viime viikolla kehysriihess\u00e4\u00e4n valtion menojen katosta seuraavalle nelivuotiskaudelle. RKP:n varapuheenjohtaja ja kansanedustaja Anders Adlercreutz moittii hallitusta siit\u00e4, ett\u00e4 It\u00e4meren tilan parantaminen unohdettiin t\u00e4ysin.<\/p>\n<p>\u2013\u00a0Hallituksen into purkaa normeja vaarantaa It\u00e4meren eteen tehdyn ty\u00f6n. Suunnitteilla on mahdollinen luopuminen \u00f6ljysuojamaksusta ja \u00f6ljyj\u00e4temaksusta, joita on k\u00e4ytetty \u00f6ljyntorjuntaan ja \u00f6ljyvahinkojen puhdistuksiin. N\u00e4ill\u00e4 maksuilla on \u00f6ljysuojarahaston kautta korvattu \u00f6ljyvahinkoja silloin, kun vahingon aiheuttajaa ei ole voitu selvitt\u00e4\u00e4. Lis\u00e4ksi sill\u00e4 on voitu tukea pelastustoimen torjuntakaluston hankintoja. \u00d6ljysuojelurahasto on kaikin puolin ollut toimiva. Mist\u00e4 muuten k\u00e4yt\u00e4mme varoja korvaamaan kustannuksia \u00f6ljyvahingoista, jonka aiheuttajaa emme tied\u00e4? Vetoan hallitukseen, ettei maksuista luovuttaisi, Adlercreutz sanoo.<\/p>\n<p>Hallitus ehdottaa my\u00f6s vesiviljelylaitosten luvitusten kevent\u00e4mist\u00e4.<\/p>\n<p>\u2013\u00a0Lupaprosesseja helpottamalla halutaan edist\u00e4\u00e4 vesiviljely\u00e4 avokasseissa. Vaarana on, ett\u00e4 viljelmi\u00e4 lis\u00e4\u00e4m\u00e4ll\u00e4 my\u00f6s paikalliset ravinnep\u00e4\u00e4st\u00f6t lis\u00e4\u00e4ntyv\u00e4t, mik\u00e4 puolestaan voi johtaa lis\u00e4\u00e4ntyneisiin sinilev\u00e4kukintoihin. Sen sijaan, ett\u00e4 lupaprosesseja l\u00e4hdett\u00e4isiin purkamaan, meid\u00e4n tulisi ensin selvitt\u00e4\u00e4 esim. kiertovesilaitosten potentiaalia ja l\u00e4hte\u00e4 kehitt\u00e4m\u00e4\u00e4n sellaisia vaihtoehtoja, jotka kuormittavat ymp\u00e4rist\u00f6\u00e4 mahdollisimman v\u00e4h\u00e4n.<\/p>\n<p>\u2013 It\u00e4meren tila on edelleen h\u00e4lytt\u00e4v\u00e4, eik\u00e4 normipurku t\u00e4ss\u00e4 vaiheessa edist\u00e4 asiaa. It\u00e4mereen vaikuttavia p\u00e4\u00e4t\u00f6ksi\u00e4 tehdess\u00e4 tulisi aina ottaa huomioon niiden vaikutukset It\u00e4meren tilaan. S\u00e4\u00e4ntelyn kevent\u00e4misen sijaan lis\u00e4\u00e4 resursseja tulisi ohjata It\u00e4meren kuormituksen v\u00e4hent\u00e4miseen.<\/p>\n","protected":false},"excerpt":{"rendered":"<p>Hallitus p\u00e4\u00e4tti viime viikolla kehysriihess\u00e4\u00e4n valtion menojen katosta seuraavalle nelivuotiskaudelle. RKP:n varapuheenjohtaja ja kansanedustaja Anders Adlercreutz moittii hallitusta siit\u00e4, ett\u00e4 It\u00e4meren tilan parantaminen unohdettiin t\u00e4ysin. \u2013\u00a0Hallituksen into purkaa normeja vaarantaa It\u00e4meren eteen tehdyn ty\u00f6n. Suunnitteilla on mahdollinen luopuminen \u00f6ljysuojamaksusta ja \u00f6ljyj\u00e4temaksusta, joita on k\u00e4ytetty \u00f6ljyntorjuntaan ja \u00f6ljyvahinkojen puhdistuksiin. N\u00e4ill\u00e4 maksuilla on \u00f6ljysuojarahaston kautta korvattu \u00f6ljyvahinkoja [&hellip;]<\/p>\n","protected":false},"author":1,"featured_media":3869,"comment_status":"open","ping_status":"open","sticky":false,"template":"","format":"standard","meta":{"jetpack_post_was_ever_published":false,"_jetpack_newsletter_access":"","jetpack_publicize_message":"","jetpack_is_tweetstorm":false,"jetpack_publicize_feature_enabled":true,"jetpack_social_post_already_shared":true,"jetpack_social_options":{"image_generator_settings":{"template":"highway","enabled":false}}},"categories":[71,81],"tags":[],"jetpack_publicize_connections":[],"yoast_head":"<!-- This site is optimized with the Yoast SEO plugin v20.12 - https:\/\/yoast.com\/wordpress\/plugins\/seo\/ -->\n<title>Adlercreutz: Kehysriihest\u00e4 huonoja uutisia It\u00e4merelle - Anders Adlercreutz<\/title>\n<meta name=\"robots\" content=\"index, follow, max-snippet:-1, max-image-preview:large, max-video-preview:-1\" \/>\n<link rel=\"canonical\" href=\"https:\/\/andersadlercreutz.fi\/blog\/lehdistotiedote\/adlercreutz-kehysriihesta-huonoja-uutisia-itamerelle\/\" \/>\n<meta property=\"og:locale\" content=\"sv_SE\" \/>\n<meta property=\"og:type\" content=\"article\" \/>\n<meta property=\"og:title\" content=\"Adlercreutz: Kehysriihest\u00e4 huonoja uutisia It\u00e4merelle - Anders Adlercreutz\" \/>\n<meta property=\"og:description\" content=\"Hallitus p\u00e4\u00e4tti viime viikolla kehysriihess\u00e4\u00e4n valtion menojen katosta seuraavalle nelivuotiskaudelle. RKP:n varapuheenjohtaja ja kansanedustaja Anders Adlercreutz moittii hallitusta siit\u00e4, ett\u00e4 It\u00e4meren tilan parantaminen unohdettiin t\u00e4ysin. \u2013\u00a0Hallituksen into purkaa normeja vaarantaa It\u00e4meren eteen tehdyn ty\u00f6n. Suunnitteilla on mahdollinen luopuminen \u00f6ljysuojamaksusta ja \u00f6ljyj\u00e4temaksusta, joita on k\u00e4ytetty \u00f6ljyntorjuntaan ja \u00f6ljyvahinkojen puhdistuksiin. N\u00e4ill\u00e4 maksuilla on \u00f6ljysuojarahaston kautta korvattu \u00f6ljyvahinkoja [&hellip;]\" \/>\n<meta property=\"og:url\" content=\"https:\/\/andersadlercreutz.fi\/blog\/lehdistotiedote\/adlercreutz-kehysriihesta-huonoja-uutisia-itamerelle\/?lang=fi\" \/>\n<meta property=\"og:site_name\" content=\"Anders Adlercreutz\" \/>\n<meta property=\"article:published_time\" content=\"2018-04-17T08:59:27+00:00\" \/>\n<meta property=\"article:modified_time\" content=\"2018-04-17T14:12:21+00:00\" \/>\n<meta property=\"og:image\" content=\"https:\/\/i0.wp.com\/andersadlercreutz.fi\/blog\/wp-content\/uploads\/2018\/01\/Anders-RD012018-7.jpg?fit=1800%2C1198&ssl=1\" \/>\n\t<meta property=\"og:image:width\" content=\"1800\" \/>\n\t<meta property=\"og:image:height\" content=\"1198\" \/>\n\t<meta property=\"og:image:type\" content=\"image\/jpeg\" \/>\n<meta name=\"author\" content=\"Anders\" \/>\n<meta name=\"twitter:card\" content=\"summary_large_image\" \/>\n<meta name=\"twitter:label1\" content=\"Skriven av\" \/>\n\t<meta name=\"twitter:data1\" content=\"Anders\" \/>\n\t<meta name=\"twitter:label2\" content=\"Ber\u00e4knad l\u00e4stid\" \/>\n\t<meta name=\"twitter:data2\" content=\"1 minut\" \/>\n<script type=\"application\/ld+json\" class=\"yoast-schema-graph\">{\"@context\":\"https:\/\/schema.org\",\"@graph\":[{\"@type\":\"WebPage\",\"@id\":\"https:\/\/andersadlercreutz.fi\/blog\/lehdistotiedote\/adlercreutz-kehysriihesta-huonoja-uutisia-itamerelle\/?lang=fi\",\"url\":\"https:\/\/andersadlercreutz.fi\/blog\/lehdistotiedote\/adlercreutz-kehysriihesta-huonoja-uutisia-itamerelle\/?lang=fi\",\"name\":\"Adlercreutz: Kehysriihest\u00e4 huonoja uutisia It\u00e4merelle - Anders Adlercreutz\",\"isPartOf\":{\"@id\":\"https:\/\/andersadlercreutz.fi\/blog\/#website\"},\"datePublished\":\"2018-04-17T08:59:27+00:00\",\"dateModified\":\"2018-04-17T14:12:21+00:00\",\"author\":{\"@id\":\"https:\/\/andersadlercreutz.fi\/blog\/#\/schema\/person\/47d4b72eded862b484f74bb4b3a2354f\"},\"breadcrumb\":{\"@id\":\"https:\/\/andersadlercreutz.fi\/blog\/lehdistotiedote\/adlercreutz-kehysriihesta-huonoja-uutisia-itamerelle\/?lang=fi#breadcrumb\"},\"inLanguage\":\"sv-SE\",\"potentialAction\":[{\"@type\":\"ReadAction\",\"target\":[\"https:\/\/andersadlercreutz.fi\/blog\/lehdistotiedote\/adlercreutz-kehysriihesta-huonoja-uutisia-itamerelle\/?lang=fi\"]}]},{\"@type\":\"BreadcrumbList\",\"@id\":\"https:\/\/andersadlercreutz.fi\/blog\/lehdistotiedote\/adlercreutz-kehysriihesta-huonoja-uutisia-itamerelle\/?lang=fi#breadcrumb\",\"itemListElement\":[{\"@type\":\"ListItem\",\"position\":1,\"name\":\"Home\",\"item\":\"https:\/\/andersadlercreutz.fi\/blog\/blogg\/?lang=sv\"},{\"@type\":\"ListItem\",\"position\":2,\"name\":\"Adlercreutz: Kehysriihest\u00e4 huonoja uutisia It\u00e4merelle\"}]},{\"@type\":\"WebSite\",\"@id\":\"https:\/\/andersadlercreutz.fi\/blog\/#website\",\"url\":\"https:\/\/andersadlercreutz.fi\/blog\/\",\"name\":\"Anders Adlercreutz\",\"description\":\"Du. Jag. Vi. Kest&auml;v&auml;sti optimisti\",\"potentialAction\":[{\"@type\":\"SearchAction\",\"target\":{\"@type\":\"EntryPoint\",\"urlTemplate\":\"https:\/\/andersadlercreutz.fi\/blog\/?s={search_term_string}\"},\"query-input\":\"required name=search_term_string\"}],\"inLanguage\":\"sv-SE\"},{\"@type\":\"Person\",\"@id\":\"https:\/\/andersadlercreutz.fi\/blog\/#\/schema\/person\/47d4b72eded862b484f74bb4b3a2354f\",\"name\":\"Anders\",\"image\":{\"@type\":\"ImageObject\",\"inLanguage\":\"sv-SE\",\"@id\":\"https:\/\/andersadlercreutz.fi\/blog\/#\/schema\/person\/image\/\",\"url\":\"https:\/\/secure.gravatar.com\/avatar\/a144c9bda7a581ff6fabba169027e620?s=96&d=mm&r=g\",\"contentUrl\":\"https:\/\/secure.gravatar.com\/avatar\/a144c9bda7a581ff6fabba169027e620?s=96&d=mm&r=g\",\"caption\":\"Anders\"},\"url\":\"https:\/\/andersadlercreutz.fi\/blog\/author\/admin\/\"}]}<\/script>\n<!-- \/ Yoast SEO plugin. -->","yoast_head_json":{"title":"Adlercreutz: Kehysriihest\u00e4 huonoja uutisia It\u00e4merelle - Anders Adlercreutz","robots":{"index":"index","follow":"follow","max-snippet":"max-snippet:-1","max-image-preview":"max-image-preview:large","max-video-preview":"max-video-preview:-1"},"canonical":"https:\/\/andersadlercreutz.fi\/blog\/lehdistotiedote\/adlercreutz-kehysriihesta-huonoja-uutisia-itamerelle\/","og_locale":"sv_SE","og_type":"article","og_title":"Adlercreutz: Kehysriihest\u00e4 huonoja uutisia It\u00e4merelle - Anders Adlercreutz","og_description":"Hallitus p\u00e4\u00e4tti viime viikolla kehysriihess\u00e4\u00e4n valtion menojen katosta seuraavalle nelivuotiskaudelle. RKP:n varapuheenjohtaja ja kansanedustaja Anders Adlercreutz moittii hallitusta siit\u00e4, ett\u00e4 It\u00e4meren tilan parantaminen unohdettiin t\u00e4ysin. \u2013\u00a0Hallituksen into purkaa normeja vaarantaa It\u00e4meren eteen tehdyn ty\u00f6n. Suunnitteilla on mahdollinen luopuminen \u00f6ljysuojamaksusta ja \u00f6ljyj\u00e4temaksusta, joita on k\u00e4ytetty \u00f6ljyntorjuntaan ja \u00f6ljyvahinkojen puhdistuksiin. N\u00e4ill\u00e4 maksuilla on \u00f6ljysuojarahaston kautta korvattu \u00f6ljyvahinkoja [&hellip;]","og_url":"https:\/\/andersadlercreutz.fi\/blog\/lehdistotiedote\/adlercreutz-kehysriihesta-huonoja-uutisia-itamerelle\/?lang=fi","og_site_name":"Anders Adlercreutz","article_published_time":"2018-04-17T08:59:27+00:00","article_modified_time":"2018-04-17T14:12:21+00:00","og_image":[{"width":1800,"height":1198,"url":"https:\/\/i0.wp.com\/andersadlercreutz.fi\/blog\/wp-content\/uploads\/2018\/01\/Anders-RD012018-7.jpg?fit=1800%2C1198&ssl=1","type":"image\/jpeg"}],"author":"Anders","twitter_card":"summary_large_image","twitter_misc":{"Skriven av":"Anders","Ber\u00e4knad l\u00e4stid":"1 minut"},"schema":{"@context":"https:\/\/schema.org","@graph":[{"@type":"WebPage","@id":"https:\/\/andersadlercreutz.fi\/blog\/lehdistotiedote\/adlercreutz-kehysriihesta-huonoja-uutisia-itamerelle\/?lang=fi","url":"https:\/\/andersadlercreutz.fi\/blog\/lehdistotiedote\/adlercreutz-kehysriihesta-huonoja-uutisia-itamerelle\/?lang=fi","name":"Adlercreutz: Kehysriihest\u00e4 huonoja uutisia It\u00e4merelle - Anders Adlercreutz","isPartOf":{"@id":"https:\/\/andersadlercreutz.fi\/blog\/#website"},"datePublished":"2018-04-17T08:59:27+00:00","dateModified":"2018-04-17T14:12:21+00:00","author":{"@id":"https:\/\/andersadlercreutz.fi\/blog\/#\/schema\/person\/47d4b72eded862b484f74bb4b3a2354f"},"breadcrumb":{"@id":"https:\/\/andersadlercreutz.fi\/blog\/lehdistotiedote\/adlercreutz-kehysriihesta-huonoja-uutisia-itamerelle\/?lang=fi#breadcrumb"},"inLanguage":"sv-SE","potentialAction":[{"@type":"ReadAction","target":["https:\/\/andersadlercreutz.fi\/blog\/lehdistotiedote\/adlercreutz-kehysriihesta-huonoja-uutisia-itamerelle\/?lang=fi"]}]},{"@type":"BreadcrumbList","@id":"https:\/\/andersadlercreutz.fi\/blog\/lehdistotiedote\/adlercreutz-kehysriihesta-huonoja-uutisia-itamerelle\/?lang=fi#breadcrumb","itemListElement":[{"@type":"ListItem","position":1,"name":"Home","item":"https:\/\/andersadlercreutz.fi\/blog\/blogg\/?lang=sv"},{"@type":"ListItem","position":2,"name":"Adlercreutz: Kehysriihest\u00e4 huonoja uutisia It\u00e4merelle"}]},{"@type":"WebSite","@id":"https:\/\/andersadlercreutz.fi\/blog\/#website","url":"https:\/\/andersadlercreutz.fi\/blog\/","name":"Anders Adlercreutz","description":"Du. Jag. Vi. Kest&auml;v&auml;sti optimisti","potentialAction":[{"@type":"SearchAction","target":{"@type":"EntryPoint","urlTemplate":"https:\/\/andersadlercreutz.fi\/blog\/?s={search_term_string}"},"query-input":"required name=search_term_string"}],"inLanguage":"sv-SE"},{"@type":"Person","@id":"https:\/\/andersadlercreutz.fi\/blog\/#\/schema\/person\/47d4b72eded862b484f74bb4b3a2354f","name":"Anders","image":{"@type":"ImageObject","inLanguage":"sv-SE","@id":"https:\/\/andersadlercreutz.fi\/blog\/#\/schema\/person\/image\/","url":"https:\/\/secure.gravatar.com\/avatar\/a144c9bda7a581ff6fabba169027e620?s=96&d=mm&r=g","contentUrl":"https:\/\/secure.gravatar.com\/avatar\/a144c9bda7a581ff6fabba169027e620?s=96&d=mm&r=g","caption":"Anders"},"url":"https:\/\/andersadlercreutz.fi\/blog\/author\/admin\/"}]}},"jetpack_featured_media_url":"https:\/\/i0.wp.com\/andersadlercreutz.fi\/blog\/wp-content\/uploads\/2018\/01\/Anders-RD012018-7.jpg?fit=1800%2C1198&ssl=1","jetpack_shortlink":"https:\/\/wp.me\/p4T6Dh-13D","jetpack_sharing_enabled":true,"_links":{"self":[{"href":"https:\/\/andersadlercreutz.fi\/blog\/wp-json\/wp\/v2\/posts\/4069"}],"collection":[{"href":"https:\/\/andersadlercreutz.fi\/blog\/wp-json\/wp\/v2\/posts"}],"about":[{"href":"https:\/\/andersadlercreutz.fi\/blog\/wp-json\/wp\/v2\/types\/post"}],"author":[{"embeddable":true,"href":"https:\/\/andersadlercreutz.fi\/blog\/wp-json\/wp\/v2\/users\/1"}],"replies":[{"embeddable":true,"href":"https:\/\/andersadlercreutz.fi\/blog\/wp-json\/wp\/v2\/comments?post=4069"}],"version-history":[{"count":1,"href":"https:\/\/andersadlercreutz.fi\/blog\/wp-json\/wp\/v2\/posts\/4069\/revisions"}],"predecessor-version":[{"id":4070,"href":"https:\/\/andersadlercreutz.fi\/blog\/wp-json\/wp\/v2\/posts\/4069\/revisions\/4070"}],"wp:featuredmedia":[{"embeddable":true,"href":"https:\/\/andersadlercreutz.fi\/blog\/wp-json\/wp\/v2\/media\/3869"}],"wp:attachment":[{"href":"https:\/\/andersadlercreutz.fi\/blog\/wp-json\/wp\/v2\/media?parent=4069"}],"wp:term":[{"taxonomy":"category","embeddable":true,"href":"https:\/\/andersadlercreutz.fi\/blog\/wp-json\/wp\/v2\/categories?post=4069"},{"taxonomy":"post_tag","embeddable":true,"href":"https:\/\/andersadlercreutz.fi\/blog\/wp-json\/wp\/v2\/tags?post=4069"}],"curies":[{"name":"wp","href":"https:\/\/api.w.org\/{rel}","templated":true}]}}