{"id":4125,"date":"2018-05-18T13:10:48","date_gmt":"2018-05-18T10:10:48","guid":{"rendered":"http:\/\/andersadlercreutz.fi\/blog\/?p=4125"},"modified":"2018-05-18T13:10:48","modified_gmt":"2018-05-18T10:10:48","slug":"adlercreutz-ministeriosta-ei-loydy-ymmarrysta-kuntien-homekouluongelmille","status":"publish","type":"post","link":"https:\/\/andersadlercreutz.fi\/blog\/lehdistotiedote\/adlercreutz-ministeriosta-ei-loydy-ymmarrysta-kuntien-homekouluongelmille\/?lang=fi","title":{"rendered":"Adlercreutz: Ministeri\u00f6st\u00e4 ei l\u00f6ydy ymm\u00e4rryst\u00e4 kuntien homekouluongelmille"},"content":{"rendered":"<p>Nykyisin on suuri riski, ett\u00e4 taloudellisesti heikossa tilanteessa olevat kunnat korjaavat purkukunnossa olevan koulurakennuksen sen sijaan, ett\u00e4 purkaisivat sen. T\u00e4m\u00e4 johtuu siit\u00e4, ett\u00e4 rakennuksen purku johtaisi sen arvon alaskirjaukseen. Iso alaskirjaus puolestaan voi horjuttaa kunnan tasetta niin paljon, ett\u00e4 kunta luokitellaan kriisikunnaksi.<\/p>\n<p>Kirjallisessa kysymyksess\u00e4 kansanedustaja ja RKP:n varapuheenjohtaja Anders Adlercreutz ehdottaa, ett\u00e4 linjauksia tulisi muuttaa niin, ettei kunnilla olisi tarvetta tehd\u00e4 huonoja ja lyhytn\u00e4k\u00f6isi\u00e4 p\u00e4\u00e4t\u00f6ksi\u00e4 kiinteist\u00f6ist\u00e4\u00e4n kriisikunnaksi p\u00e4\u00e4tymisen pelossa.<\/p>\n<p>\u2013\u00a0Vastauksessaan kirjalliseen kysymykseeni ministeri Vehvil\u00e4inen on sit\u00e4 mielt\u00e4, ett\u00e4 n\u00e4it\u00e4 kuntia ei tulisi vapauttaa kriisikuntamenettelyst\u00e4. H\u00e4n kyll\u00e4 my\u00f6nt\u00e4\u00e4, ett\u00e4 ne kunnat jotka ovat l\u00e4hell\u00e4 kriisikuntaluokittelua useammin p\u00e4\u00e4tt\u00e4v\u00e4t korjata rakennuksen sen sijaan, ett\u00e4 investoisivat uuteen rakennukseen. H\u00e4n on kuitenkin samalla sit\u00e4 mielt\u00e4, ett\u00e4 t\u00e4m\u00e4 on perusteltua, mik\u00e4li kunnan taloudellinen tilanne on heikko. Eih\u00e4n se n\u00e4in voi olla! Korjaus auttaa joissakin tapauksissa, muttei l\u00e4hesk\u00e4\u00e4n kaikissa. Koululaisten ja henkil\u00f6kunnan ei tule k\u00e4rsi\u00e4 jatkuvista sis\u00e4ilmaongelmista sen takia, ett\u00e4 kunta yritt\u00e4\u00e4 v\u00e4ltt\u00e4\u00e4 kriisikuntamenettelyn. Meid\u00e4n tulee ymm\u00e4rt\u00e4\u00e4 kuntien tilanne ja antaa n\u00e4iss\u00e4 tapauksissa kunnille mahdollisuus poikkeukseen, Adlercreutz sanoo.<\/p>\n<p>Lis\u00e4ksi ministeri Vehvil\u00e4inen sanoo, ett\u00e4 kriisikuntamenettely tulisi ajankohtaiseksi n\u00e4ille kunnille ennemmin tai my\u00f6hemmin, sill\u00e4 kriisikunnilla on yleens\u00e4 mennyt taloudellisesti huonosti jo pidemm\u00e4n aikaa.<\/p>\n<p>\u2013\u00a0P\u00e4iv\u00e4koti- tai koulurakennus \u2013 tai muu kiinteist\u00f6 \u2013 voi saada kosteus- ja homeongelmia niin taloudellisesti paremmin kuin huonommin p\u00e4rj\u00e4\u00e4viss\u00e4 kunnissa. Lapset ja nuoret eiv\u00e4t saa k\u00e4rsi\u00e4 siit\u00e4, ett\u00e4 kunta on pidemm\u00e4n aikaa ollut matkalla kohti kriisikuntaluokitusta. Kunnan talouden tulee olla tasapainossa, mutta tasapainon tulee perustua pitk\u00e4j\u00e4nteisiin p\u00e4\u00e4t\u00f6ksiin. Investointi uuteen rakennukseen on investointi koululaisten ja henkil\u00f6kunnan terveyteen.<\/p>\n","protected":false},"excerpt":{"rendered":"<p>Nykyisin on suuri riski, ett\u00e4 taloudellisesti heikossa tilanteessa olevat kunnat korjaavat purkukunnossa olevan koulurakennuksen sen sijaan, ett\u00e4 purkaisivat sen. T\u00e4m\u00e4 johtuu siit\u00e4, ett\u00e4 rakennuksen purku johtaisi sen arvon alaskirjaukseen. Iso alaskirjaus puolestaan voi horjuttaa kunnan tasetta niin paljon, ett\u00e4 kunta luokitellaan kriisikunnaksi. Kirjallisessa kysymyksess\u00e4 kansanedustaja ja RKP:n varapuheenjohtaja Anders Adlercreutz ehdottaa, ett\u00e4 linjauksia tulisi muuttaa [&hellip;]<\/p>\n","protected":false},"author":1,"featured_media":2545,"comment_status":"open","ping_status":"open","sticky":false,"template":"","format":"standard","meta":{"jetpack_post_was_ever_published":false,"_jetpack_newsletter_access":"","jetpack_publicize_message":"","jetpack_is_tweetstorm":false,"jetpack_publicize_feature_enabled":true,"jetpack_social_post_already_shared":true,"jetpack_social_options":{"image_generator_settings":{"template":"highway","enabled":false}}},"categories":[71],"tags":[],"jetpack_publicize_connections":[],"yoast_head":"<!-- This site is optimized with the Yoast SEO plugin v20.12 - https:\/\/yoast.com\/wordpress\/plugins\/seo\/ -->\n<title>Adlercreutz: Ministeri\u00f6st\u00e4 ei l\u00f6ydy ymm\u00e4rryst\u00e4 kuntien homekouluongelmille - Anders Adlercreutz<\/title>\n<meta name=\"robots\" content=\"index, follow, max-snippet:-1, max-image-preview:large, max-video-preview:-1\" \/>\n<link rel=\"canonical\" href=\"https:\/\/andersadlercreutz.fi\/blog\/lehdistotiedote\/adlercreutz-ministeriosta-ei-loydy-ymmarrysta-kuntien-homekouluongelmille\/\" \/>\n<meta property=\"og:locale\" content=\"sv_SE\" \/>\n<meta property=\"og:type\" content=\"article\" \/>\n<meta property=\"og:title\" content=\"Adlercreutz: Ministeri\u00f6st\u00e4 ei l\u00f6ydy ymm\u00e4rryst\u00e4 kuntien homekouluongelmille - Anders Adlercreutz\" \/>\n<meta property=\"og:description\" content=\"Nykyisin on suuri riski, ett\u00e4 taloudellisesti heikossa tilanteessa olevat kunnat korjaavat purkukunnossa olevan koulurakennuksen sen sijaan, ett\u00e4 purkaisivat sen. T\u00e4m\u00e4 johtuu siit\u00e4, ett\u00e4 rakennuksen purku johtaisi sen arvon alaskirjaukseen. Iso alaskirjaus puolestaan voi horjuttaa kunnan tasetta niin paljon, ett\u00e4 kunta luokitellaan kriisikunnaksi. Kirjallisessa kysymyksess\u00e4 kansanedustaja ja RKP:n varapuheenjohtaja Anders Adlercreutz ehdottaa, ett\u00e4 linjauksia tulisi muuttaa [&hellip;]\" \/>\n<meta property=\"og:url\" content=\"https:\/\/andersadlercreutz.fi\/blog\/lehdistotiedote\/adlercreutz-ministeriosta-ei-loydy-ymmarrysta-kuntien-homekouluongelmille\/?lang=fi\" \/>\n<meta property=\"og:site_name\" content=\"Anders Adlercreutz\" \/>\n<meta property=\"article:published_time\" content=\"2018-05-18T10:10:48+00:00\" \/>\n<meta property=\"og:image\" content=\"https:\/\/i0.wp.com\/andersadlercreutz.fi\/blog\/wp-content\/uploads\/2015\/11\/Anders_Adlercreutz_03_credit_Anna_Heikinheimo_crop1.jpg?fit=1000%2C583&ssl=1\" \/>\n\t<meta property=\"og:image:width\" content=\"1000\" \/>\n\t<meta property=\"og:image:height\" content=\"583\" \/>\n\t<meta property=\"og:image:type\" content=\"image\/jpeg\" \/>\n<meta name=\"author\" content=\"Anders\" \/>\n<meta name=\"twitter:card\" content=\"summary_large_image\" \/>\n<meta name=\"twitter:label1\" content=\"Skriven av\" \/>\n\t<meta name=\"twitter:data1\" content=\"Anders\" \/>\n\t<meta name=\"twitter:label2\" content=\"Ber\u00e4knad l\u00e4stid\" \/>\n\t<meta name=\"twitter:data2\" content=\"1 minut\" \/>\n<script type=\"application\/ld+json\" class=\"yoast-schema-graph\">{\"@context\":\"https:\/\/schema.org\",\"@graph\":[{\"@type\":\"WebPage\",\"@id\":\"https:\/\/andersadlercreutz.fi\/blog\/lehdistotiedote\/adlercreutz-ministeriosta-ei-loydy-ymmarrysta-kuntien-homekouluongelmille\/?lang=fi\",\"url\":\"https:\/\/andersadlercreutz.fi\/blog\/lehdistotiedote\/adlercreutz-ministeriosta-ei-loydy-ymmarrysta-kuntien-homekouluongelmille\/?lang=fi\",\"name\":\"Adlercreutz: Ministeri\u00f6st\u00e4 ei l\u00f6ydy ymm\u00e4rryst\u00e4 kuntien homekouluongelmille - Anders Adlercreutz\",\"isPartOf\":{\"@id\":\"https:\/\/andersadlercreutz.fi\/blog\/#website\"},\"datePublished\":\"2018-05-18T10:10:48+00:00\",\"dateModified\":\"2018-05-18T10:10:48+00:00\",\"author\":{\"@id\":\"https:\/\/andersadlercreutz.fi\/blog\/#\/schema\/person\/47d4b72eded862b484f74bb4b3a2354f\"},\"breadcrumb\":{\"@id\":\"https:\/\/andersadlercreutz.fi\/blog\/lehdistotiedote\/adlercreutz-ministeriosta-ei-loydy-ymmarrysta-kuntien-homekouluongelmille\/?lang=fi#breadcrumb\"},\"inLanguage\":\"sv-SE\",\"potentialAction\":[{\"@type\":\"ReadAction\",\"target\":[\"https:\/\/andersadlercreutz.fi\/blog\/lehdistotiedote\/adlercreutz-ministeriosta-ei-loydy-ymmarrysta-kuntien-homekouluongelmille\/?lang=fi\"]}]},{\"@type\":\"BreadcrumbList\",\"@id\":\"https:\/\/andersadlercreutz.fi\/blog\/lehdistotiedote\/adlercreutz-ministeriosta-ei-loydy-ymmarrysta-kuntien-homekouluongelmille\/?lang=fi#breadcrumb\",\"itemListElement\":[{\"@type\":\"ListItem\",\"position\":1,\"name\":\"Home\",\"item\":\"https:\/\/andersadlercreutz.fi\/blog\/blogg\/?lang=sv\"},{\"@type\":\"ListItem\",\"position\":2,\"name\":\"Adlercreutz: Ministeri\u00f6st\u00e4 ei l\u00f6ydy ymm\u00e4rryst\u00e4 kuntien homekouluongelmille\"}]},{\"@type\":\"WebSite\",\"@id\":\"https:\/\/andersadlercreutz.fi\/blog\/#website\",\"url\":\"https:\/\/andersadlercreutz.fi\/blog\/\",\"name\":\"Anders Adlercreutz\",\"description\":\"Du. Jag. Vi. Kest&auml;v&auml;sti optimisti\",\"potentialAction\":[{\"@type\":\"SearchAction\",\"target\":{\"@type\":\"EntryPoint\",\"urlTemplate\":\"https:\/\/andersadlercreutz.fi\/blog\/?s={search_term_string}\"},\"query-input\":\"required name=search_term_string\"}],\"inLanguage\":\"sv-SE\"},{\"@type\":\"Person\",\"@id\":\"https:\/\/andersadlercreutz.fi\/blog\/#\/schema\/person\/47d4b72eded862b484f74bb4b3a2354f\",\"name\":\"Anders\",\"image\":{\"@type\":\"ImageObject\",\"inLanguage\":\"sv-SE\",\"@id\":\"https:\/\/andersadlercreutz.fi\/blog\/#\/schema\/person\/image\/\",\"url\":\"https:\/\/secure.gravatar.com\/avatar\/a144c9bda7a581ff6fabba169027e620?s=96&d=mm&r=g\",\"contentUrl\":\"https:\/\/secure.gravatar.com\/avatar\/a144c9bda7a581ff6fabba169027e620?s=96&d=mm&r=g\",\"caption\":\"Anders\"},\"url\":\"https:\/\/andersadlercreutz.fi\/blog\/author\/admin\/\"}]}<\/script>\n<!-- \/ Yoast SEO plugin. -->","yoast_head_json":{"title":"Adlercreutz: Ministeri\u00f6st\u00e4 ei l\u00f6ydy ymm\u00e4rryst\u00e4 kuntien homekouluongelmille - Anders Adlercreutz","robots":{"index":"index","follow":"follow","max-snippet":"max-snippet:-1","max-image-preview":"max-image-preview:large","max-video-preview":"max-video-preview:-1"},"canonical":"https:\/\/andersadlercreutz.fi\/blog\/lehdistotiedote\/adlercreutz-ministeriosta-ei-loydy-ymmarrysta-kuntien-homekouluongelmille\/","og_locale":"sv_SE","og_type":"article","og_title":"Adlercreutz: Ministeri\u00f6st\u00e4 ei l\u00f6ydy ymm\u00e4rryst\u00e4 kuntien homekouluongelmille - Anders Adlercreutz","og_description":"Nykyisin on suuri riski, ett\u00e4 taloudellisesti heikossa tilanteessa olevat kunnat korjaavat purkukunnossa olevan koulurakennuksen sen sijaan, ett\u00e4 purkaisivat sen. T\u00e4m\u00e4 johtuu siit\u00e4, ett\u00e4 rakennuksen purku johtaisi sen arvon alaskirjaukseen. Iso alaskirjaus puolestaan voi horjuttaa kunnan tasetta niin paljon, ett\u00e4 kunta luokitellaan kriisikunnaksi. Kirjallisessa kysymyksess\u00e4 kansanedustaja ja RKP:n varapuheenjohtaja Anders Adlercreutz ehdottaa, ett\u00e4 linjauksia tulisi muuttaa [&hellip;]","og_url":"https:\/\/andersadlercreutz.fi\/blog\/lehdistotiedote\/adlercreutz-ministeriosta-ei-loydy-ymmarrysta-kuntien-homekouluongelmille\/?lang=fi","og_site_name":"Anders Adlercreutz","article_published_time":"2018-05-18T10:10:48+00:00","og_image":[{"width":1000,"height":583,"url":"https:\/\/i0.wp.com\/andersadlercreutz.fi\/blog\/wp-content\/uploads\/2015\/11\/Anders_Adlercreutz_03_credit_Anna_Heikinheimo_crop1.jpg?fit=1000%2C583&ssl=1","type":"image\/jpeg"}],"author":"Anders","twitter_card":"summary_large_image","twitter_misc":{"Skriven av":"Anders","Ber\u00e4knad l\u00e4stid":"1 minut"},"schema":{"@context":"https:\/\/schema.org","@graph":[{"@type":"WebPage","@id":"https:\/\/andersadlercreutz.fi\/blog\/lehdistotiedote\/adlercreutz-ministeriosta-ei-loydy-ymmarrysta-kuntien-homekouluongelmille\/?lang=fi","url":"https:\/\/andersadlercreutz.fi\/blog\/lehdistotiedote\/adlercreutz-ministeriosta-ei-loydy-ymmarrysta-kuntien-homekouluongelmille\/?lang=fi","name":"Adlercreutz: Ministeri\u00f6st\u00e4 ei l\u00f6ydy ymm\u00e4rryst\u00e4 kuntien homekouluongelmille - Anders Adlercreutz","isPartOf":{"@id":"https:\/\/andersadlercreutz.fi\/blog\/#website"},"datePublished":"2018-05-18T10:10:48+00:00","dateModified":"2018-05-18T10:10:48+00:00","author":{"@id":"https:\/\/andersadlercreutz.fi\/blog\/#\/schema\/person\/47d4b72eded862b484f74bb4b3a2354f"},"breadcrumb":{"@id":"https:\/\/andersadlercreutz.fi\/blog\/lehdistotiedote\/adlercreutz-ministeriosta-ei-loydy-ymmarrysta-kuntien-homekouluongelmille\/?lang=fi#breadcrumb"},"inLanguage":"sv-SE","potentialAction":[{"@type":"ReadAction","target":["https:\/\/andersadlercreutz.fi\/blog\/lehdistotiedote\/adlercreutz-ministeriosta-ei-loydy-ymmarrysta-kuntien-homekouluongelmille\/?lang=fi"]}]},{"@type":"BreadcrumbList","@id":"https:\/\/andersadlercreutz.fi\/blog\/lehdistotiedote\/adlercreutz-ministeriosta-ei-loydy-ymmarrysta-kuntien-homekouluongelmille\/?lang=fi#breadcrumb","itemListElement":[{"@type":"ListItem","position":1,"name":"Home","item":"https:\/\/andersadlercreutz.fi\/blog\/blogg\/?lang=sv"},{"@type":"ListItem","position":2,"name":"Adlercreutz: Ministeri\u00f6st\u00e4 ei l\u00f6ydy ymm\u00e4rryst\u00e4 kuntien homekouluongelmille"}]},{"@type":"WebSite","@id":"https:\/\/andersadlercreutz.fi\/blog\/#website","url":"https:\/\/andersadlercreutz.fi\/blog\/","name":"Anders Adlercreutz","description":"Du. Jag. Vi. Kest&auml;v&auml;sti optimisti","potentialAction":[{"@type":"SearchAction","target":{"@type":"EntryPoint","urlTemplate":"https:\/\/andersadlercreutz.fi\/blog\/?s={search_term_string}"},"query-input":"required name=search_term_string"}],"inLanguage":"sv-SE"},{"@type":"Person","@id":"https:\/\/andersadlercreutz.fi\/blog\/#\/schema\/person\/47d4b72eded862b484f74bb4b3a2354f","name":"Anders","image":{"@type":"ImageObject","inLanguage":"sv-SE","@id":"https:\/\/andersadlercreutz.fi\/blog\/#\/schema\/person\/image\/","url":"https:\/\/secure.gravatar.com\/avatar\/a144c9bda7a581ff6fabba169027e620?s=96&d=mm&r=g","contentUrl":"https:\/\/secure.gravatar.com\/avatar\/a144c9bda7a581ff6fabba169027e620?s=96&d=mm&r=g","caption":"Anders"},"url":"https:\/\/andersadlercreutz.fi\/blog\/author\/admin\/"}]}},"jetpack_featured_media_url":"https:\/\/i0.wp.com\/andersadlercreutz.fi\/blog\/wp-content\/uploads\/2015\/11\/Anders_Adlercreutz_03_credit_Anna_Heikinheimo_crop1.jpg?fit=1000%2C583&ssl=1","jetpack_shortlink":"https:\/\/wp.me\/p4T6Dh-14x","jetpack_sharing_enabled":true,"_links":{"self":[{"href":"https:\/\/andersadlercreutz.fi\/blog\/wp-json\/wp\/v2\/posts\/4125"}],"collection":[{"href":"https:\/\/andersadlercreutz.fi\/blog\/wp-json\/wp\/v2\/posts"}],"about":[{"href":"https:\/\/andersadlercreutz.fi\/blog\/wp-json\/wp\/v2\/types\/post"}],"author":[{"embeddable":true,"href":"https:\/\/andersadlercreutz.fi\/blog\/wp-json\/wp\/v2\/users\/1"}],"replies":[{"embeddable":true,"href":"https:\/\/andersadlercreutz.fi\/blog\/wp-json\/wp\/v2\/comments?post=4125"}],"version-history":[{"count":1,"href":"https:\/\/andersadlercreutz.fi\/blog\/wp-json\/wp\/v2\/posts\/4125\/revisions"}],"predecessor-version":[{"id":4126,"href":"https:\/\/andersadlercreutz.fi\/blog\/wp-json\/wp\/v2\/posts\/4125\/revisions\/4126"}],"wp:featuredmedia":[{"embeddable":true,"href":"https:\/\/andersadlercreutz.fi\/blog\/wp-json\/wp\/v2\/media\/2545"}],"wp:attachment":[{"href":"https:\/\/andersadlercreutz.fi\/blog\/wp-json\/wp\/v2\/media?parent=4125"}],"wp:term":[{"taxonomy":"category","embeddable":true,"href":"https:\/\/andersadlercreutz.fi\/blog\/wp-json\/wp\/v2\/categories?post=4125"},{"taxonomy":"post_tag","embeddable":true,"href":"https:\/\/andersadlercreutz.fi\/blog\/wp-json\/wp\/v2\/tags?post=4125"}],"curies":[{"name":"wp","href":"https:\/\/api.w.org\/{rel}","templated":true}]}}