{"id":4157,"date":"2018-06-08T12:00:59","date_gmt":"2018-06-08T09:00:59","guid":{"rendered":"http:\/\/andersadlercreutz.fi\/blog\/?p=4157"},"modified":"2018-06-08T12:01:12","modified_gmt":"2018-06-08T09:01:12","slug":"adlercreutz-ja-blomqvist-nuorten-poikien-syrjaytyminen-tulee-ottaa-tosissaan","status":"publish","type":"post","link":"https:\/\/andersadlercreutz.fi\/blog\/lehdistotiedote\/adlercreutz-ja-blomqvist-nuorten-poikien-syrjaytyminen-tulee-ottaa-tosissaan\/?lang=fi","title":{"rendered":"Adlercreutz ja Blomqvist: Nuorten poikien syrj\u00e4ytyminen tulee ottaa tosissaan"},"content":{"rendered":"<p>Noin viisi prosenttia 15\u201329-vuotiaista nuorista ovat syrj\u00e4ytyneit\u00e4. Kaksi kolmasosaa t\u00e4st\u00e4 ryhm\u00e4st\u00e4 on poikia. Syrj\u00e4ytymisen syyt ovat moninaiset ja esimerkiksi vaikeat perhesuhteet, oppimisvaikeudet ja kiusaaminen ovat riskitekij\u00f6it\u00e4. N\u00e4ist\u00e4 voi puhjeta mielenterveysongelmia, jotka voivat johtaa opintojen katkeamiseen ja ty\u00f6tt\u00f6myyteen. Ilman ty\u00f6t\u00e4 on vaikea el\u00e4tt\u00e4\u00e4 itse\u00e4\u00e4n tai suunnitella tulevaisuutta.<\/p>\n<p>RKP:n kansanedustajat Anders Adlercreutz ja Thomas Blomqvist per\u00e4\u00e4nkuuluttavat toimia poikien ja nuorten miesten syrj\u00e4ytymisen ehk\u00e4isemiseksi.<\/p>\n<p>\u2013\u00a0Syrj\u00e4ytyminen voi alkaa jo peruskoulussa ja yksin\u00e4isyys on t\u00e4ss\u00e4 merkitt\u00e4v\u00e4 tekij\u00e4. Yhteis\u00f6llisyyden tunne on t\u00e4rke\u00e4 kasvavalle nuorelle ja yst\u00e4vien puute tai ulkopuolisuuden tunne voi johtaa negatiiviseen kierteeseen josta on vaikea irrottautua. Islanti on panostanut koulujen iltap\u00e4iv\u00e4toimintaan ja ottanut k\u00e4ytt\u00f6\u00f6n ns. harrastuskortin, jolla saa alennusta harrastustoiminnasta. Suomessa tullaan ensi vuodesta alkaen tarjota, yl\u00e4koululaisille Harratuspassi-mobiiliappia. T\u00e4m\u00e4 on tervetullut avaus, mutta se tulisi ehdottomasti ottaa k\u00e4ytt\u00f6\u00f6n my\u00f6s alakoululaisille ja toisen asteen opiskelijoille. Mahdollistamalla mielek\u00e4s harrastustoiminta kaikille voimme ehk\u00e4ist\u00e4 syrj\u00e4ytymist\u00e4, Anders Adlercreutz sanoo.<\/p>\n<p>Yhteiskunnan maskuliinisilla normeilla on merkitt\u00e4v\u00e4 vaikutus poikien kehitykseen, asenteisiin ja k\u00e4ytt\u00e4ytymiseen. T\u00e4m\u00e4 vaikuttaa sek\u00e4 miesten ett\u00e4 naisten kokemaan ep\u00e4tasa-arvoon. Maskuliinisen normik\u00e4ytt\u00e4ytymisen murtamiseksi tutkimukset painottavat sit\u00e4, ett\u00e4 poikia ja miehi\u00e4 tulee ottaa mukaan tasa-arvoty\u00f6h\u00f6n. T\u00e4rkeit\u00e4 ovat my\u00f6s v\u00e4kivaltak\u00e4ytt\u00e4ytymist\u00e4 ehk\u00e4isev\u00e4t toimet.<\/p>\n<p>\u2013 Syrj\u00e4ytymisen ehk\u00e4isemiseksi tarvitaan panostuksia tasa-arvokasvatukseen, varhaiskasvatukseen, kouluun ja koulutukseen. Monelle nuorelle peruskoulun loppuminen on herkk\u00e4 ajanjakso el\u00e4m\u00e4ss\u00e4 ja matala koulutustaso voi suurentaa syrj\u00e4ytymisen riski\u00e4. Syrj\u00e4ytyminen ja ulkopuolisuus ovat ensi k\u00e4dess\u00e4 henkil\u00f6kohtainen tragedia, mutta sen lis\u00e4ksi ne ovat merkitt\u00e4vi\u00e4 yhteiskunnallisia ongelmia. Syrj\u00e4ytymisen ehk\u00e4isemiseksi on \u00e4\u00e4rimm\u00e4isen t\u00e4rke\u00e4\u00e4, ett\u00e4 yhteiskunta ryhtyy toimiin mahdollisimman aikaisin, Thomas Blomqvist sanoo.<\/p>\n<p>Ruotsalainen kansanpuolue j\u00e4rjesti yhdess\u00e4 RKP:n naisj\u00e4rjest\u00f6n kanssa seminaarin eduskunnan Kansalaisinfossa torstaina. Seminaarissa keskusteltiin toimista, joilla voisi ehk\u00e4ist\u00e4 poikien ja nuorten miesten syrj\u00e4ytymist\u00e4.<\/p>\n<p>&nbsp;<\/p>\n","protected":false},"excerpt":{"rendered":"<p>Noin viisi prosenttia 15\u201329-vuotiaista nuorista ovat syrj\u00e4ytyneit\u00e4. Kaksi kolmasosaa t\u00e4st\u00e4 ryhm\u00e4st\u00e4 on poikia. Syrj\u00e4ytymisen syyt ovat moninaiset ja esimerkiksi vaikeat perhesuhteet, oppimisvaikeudet ja kiusaaminen ovat riskitekij\u00f6it\u00e4. N\u00e4ist\u00e4 voi puhjeta mielenterveysongelmia, jotka voivat johtaa opintojen katkeamiseen ja ty\u00f6tt\u00f6myyteen. Ilman ty\u00f6t\u00e4 on vaikea el\u00e4tt\u00e4\u00e4 itse\u00e4\u00e4n tai suunnitella tulevaisuutta. RKP:n kansanedustajat Anders Adlercreutz ja Thomas Blomqvist per\u00e4\u00e4nkuuluttavat toimia [&hellip;]<\/p>\n","protected":false},"author":1,"featured_media":3864,"comment_status":"open","ping_status":"open","sticky":false,"template":"","format":"standard","meta":{"jetpack_post_was_ever_published":false,"_jetpack_newsletter_access":"","jetpack_publicize_message":"","jetpack_is_tweetstorm":false,"jetpack_publicize_feature_enabled":true,"jetpack_social_post_already_shared":true,"jetpack_social_options":{"image_generator_settings":{"template":"highway","enabled":false}}},"categories":[71],"tags":[],"jetpack_publicize_connections":[],"yoast_head":"<!-- This site is optimized with the Yoast SEO plugin v20.12 - https:\/\/yoast.com\/wordpress\/plugins\/seo\/ -->\n<title>Adlercreutz ja Blomqvist: Nuorten poikien syrj\u00e4ytyminen tulee ottaa tosissaan - Anders Adlercreutz<\/title>\n<meta name=\"robots\" content=\"index, follow, max-snippet:-1, max-image-preview:large, max-video-preview:-1\" \/>\n<link rel=\"canonical\" href=\"https:\/\/andersadlercreutz.fi\/blog\/lehdistotiedote\/adlercreutz-ja-blomqvist-nuorten-poikien-syrjaytyminen-tulee-ottaa-tosissaan\/\" \/>\n<meta property=\"og:locale\" content=\"sv_SE\" \/>\n<meta property=\"og:type\" content=\"article\" \/>\n<meta property=\"og:title\" content=\"Adlercreutz ja Blomqvist: Nuorten poikien syrj\u00e4ytyminen tulee ottaa tosissaan - Anders Adlercreutz\" \/>\n<meta property=\"og:description\" content=\"Noin viisi prosenttia 15\u201329-vuotiaista nuorista ovat syrj\u00e4ytyneit\u00e4. Kaksi kolmasosaa t\u00e4st\u00e4 ryhm\u00e4st\u00e4 on poikia. Syrj\u00e4ytymisen syyt ovat moninaiset ja esimerkiksi vaikeat perhesuhteet, oppimisvaikeudet ja kiusaaminen ovat riskitekij\u00f6it\u00e4. N\u00e4ist\u00e4 voi puhjeta mielenterveysongelmia, jotka voivat johtaa opintojen katkeamiseen ja ty\u00f6tt\u00f6myyteen. Ilman ty\u00f6t\u00e4 on vaikea el\u00e4tt\u00e4\u00e4 itse\u00e4\u00e4n tai suunnitella tulevaisuutta. RKP:n kansanedustajat Anders Adlercreutz ja Thomas Blomqvist per\u00e4\u00e4nkuuluttavat toimia [&hellip;]\" \/>\n<meta property=\"og:url\" content=\"https:\/\/andersadlercreutz.fi\/blog\/lehdistotiedote\/adlercreutz-ja-blomqvist-nuorten-poikien-syrjaytyminen-tulee-ottaa-tosissaan\/?lang=fi\" \/>\n<meta property=\"og:site_name\" content=\"Anders Adlercreutz\" \/>\n<meta property=\"article:published_time\" content=\"2018-06-08T09:00:59+00:00\" \/>\n<meta property=\"article:modified_time\" content=\"2018-06-08T09:01:12+00:00\" \/>\n<meta property=\"og:image\" content=\"https:\/\/i0.wp.com\/andersadlercreutz.fi\/blog\/wp-content\/uploads\/2018\/01\/Anders-RD012018-5.jpg?fit=1800%2C1227&ssl=1\" \/>\n\t<meta property=\"og:image:width\" content=\"1800\" \/>\n\t<meta property=\"og:image:height\" content=\"1227\" \/>\n\t<meta property=\"og:image:type\" content=\"image\/jpeg\" \/>\n<meta name=\"author\" content=\"Anders\" \/>\n<meta name=\"twitter:card\" content=\"summary_large_image\" \/>\n<meta name=\"twitter:label1\" content=\"Skriven av\" \/>\n\t<meta name=\"twitter:data1\" content=\"Anders\" \/>\n\t<meta name=\"twitter:label2\" content=\"Ber\u00e4knad l\u00e4stid\" \/>\n\t<meta name=\"twitter:data2\" content=\"2 minuter\" \/>\n<script type=\"application\/ld+json\" class=\"yoast-schema-graph\">{\"@context\":\"https:\/\/schema.org\",\"@graph\":[{\"@type\":\"WebPage\",\"@id\":\"https:\/\/andersadlercreutz.fi\/blog\/lehdistotiedote\/adlercreutz-ja-blomqvist-nuorten-poikien-syrjaytyminen-tulee-ottaa-tosissaan\/?lang=fi\",\"url\":\"https:\/\/andersadlercreutz.fi\/blog\/lehdistotiedote\/adlercreutz-ja-blomqvist-nuorten-poikien-syrjaytyminen-tulee-ottaa-tosissaan\/?lang=fi\",\"name\":\"Adlercreutz ja Blomqvist: Nuorten poikien syrj\u00e4ytyminen tulee ottaa tosissaan - Anders Adlercreutz\",\"isPartOf\":{\"@id\":\"https:\/\/andersadlercreutz.fi\/blog\/#website\"},\"datePublished\":\"2018-06-08T09:00:59+00:00\",\"dateModified\":\"2018-06-08T09:01:12+00:00\",\"author\":{\"@id\":\"https:\/\/andersadlercreutz.fi\/blog\/#\/schema\/person\/47d4b72eded862b484f74bb4b3a2354f\"},\"breadcrumb\":{\"@id\":\"https:\/\/andersadlercreutz.fi\/blog\/lehdistotiedote\/adlercreutz-ja-blomqvist-nuorten-poikien-syrjaytyminen-tulee-ottaa-tosissaan\/?lang=fi#breadcrumb\"},\"inLanguage\":\"sv-SE\",\"potentialAction\":[{\"@type\":\"ReadAction\",\"target\":[\"https:\/\/andersadlercreutz.fi\/blog\/lehdistotiedote\/adlercreutz-ja-blomqvist-nuorten-poikien-syrjaytyminen-tulee-ottaa-tosissaan\/?lang=fi\"]}]},{\"@type\":\"BreadcrumbList\",\"@id\":\"https:\/\/andersadlercreutz.fi\/blog\/lehdistotiedote\/adlercreutz-ja-blomqvist-nuorten-poikien-syrjaytyminen-tulee-ottaa-tosissaan\/?lang=fi#breadcrumb\",\"itemListElement\":[{\"@type\":\"ListItem\",\"position\":1,\"name\":\"Home\",\"item\":\"https:\/\/andersadlercreutz.fi\/blog\/blogg\/?lang=sv\"},{\"@type\":\"ListItem\",\"position\":2,\"name\":\"Adlercreutz ja Blomqvist: Nuorten poikien syrj\u00e4ytyminen tulee ottaa tosissaan\"}]},{\"@type\":\"WebSite\",\"@id\":\"https:\/\/andersadlercreutz.fi\/blog\/#website\",\"url\":\"https:\/\/andersadlercreutz.fi\/blog\/\",\"name\":\"Anders Adlercreutz\",\"description\":\"Du. Jag. Vi. Kest&auml;v&auml;sti optimisti\",\"potentialAction\":[{\"@type\":\"SearchAction\",\"target\":{\"@type\":\"EntryPoint\",\"urlTemplate\":\"https:\/\/andersadlercreutz.fi\/blog\/?s={search_term_string}\"},\"query-input\":\"required name=search_term_string\"}],\"inLanguage\":\"sv-SE\"},{\"@type\":\"Person\",\"@id\":\"https:\/\/andersadlercreutz.fi\/blog\/#\/schema\/person\/47d4b72eded862b484f74bb4b3a2354f\",\"name\":\"Anders\",\"image\":{\"@type\":\"ImageObject\",\"inLanguage\":\"sv-SE\",\"@id\":\"https:\/\/andersadlercreutz.fi\/blog\/#\/schema\/person\/image\/\",\"url\":\"https:\/\/secure.gravatar.com\/avatar\/a144c9bda7a581ff6fabba169027e620?s=96&d=mm&r=g\",\"contentUrl\":\"https:\/\/secure.gravatar.com\/avatar\/a144c9bda7a581ff6fabba169027e620?s=96&d=mm&r=g\",\"caption\":\"Anders\"},\"url\":\"https:\/\/andersadlercreutz.fi\/blog\/author\/admin\/\"}]}<\/script>\n<!-- \/ Yoast SEO plugin. -->","yoast_head_json":{"title":"Adlercreutz ja Blomqvist: Nuorten poikien syrj\u00e4ytyminen tulee ottaa tosissaan - Anders Adlercreutz","robots":{"index":"index","follow":"follow","max-snippet":"max-snippet:-1","max-image-preview":"max-image-preview:large","max-video-preview":"max-video-preview:-1"},"canonical":"https:\/\/andersadlercreutz.fi\/blog\/lehdistotiedote\/adlercreutz-ja-blomqvist-nuorten-poikien-syrjaytyminen-tulee-ottaa-tosissaan\/","og_locale":"sv_SE","og_type":"article","og_title":"Adlercreutz ja Blomqvist: Nuorten poikien syrj\u00e4ytyminen tulee ottaa tosissaan - Anders Adlercreutz","og_description":"Noin viisi prosenttia 15\u201329-vuotiaista nuorista ovat syrj\u00e4ytyneit\u00e4. Kaksi kolmasosaa t\u00e4st\u00e4 ryhm\u00e4st\u00e4 on poikia. Syrj\u00e4ytymisen syyt ovat moninaiset ja esimerkiksi vaikeat perhesuhteet, oppimisvaikeudet ja kiusaaminen ovat riskitekij\u00f6it\u00e4. N\u00e4ist\u00e4 voi puhjeta mielenterveysongelmia, jotka voivat johtaa opintojen katkeamiseen ja ty\u00f6tt\u00f6myyteen. Ilman ty\u00f6t\u00e4 on vaikea el\u00e4tt\u00e4\u00e4 itse\u00e4\u00e4n tai suunnitella tulevaisuutta. RKP:n kansanedustajat Anders Adlercreutz ja Thomas Blomqvist per\u00e4\u00e4nkuuluttavat toimia [&hellip;]","og_url":"https:\/\/andersadlercreutz.fi\/blog\/lehdistotiedote\/adlercreutz-ja-blomqvist-nuorten-poikien-syrjaytyminen-tulee-ottaa-tosissaan\/?lang=fi","og_site_name":"Anders Adlercreutz","article_published_time":"2018-06-08T09:00:59+00:00","article_modified_time":"2018-06-08T09:01:12+00:00","og_image":[{"width":1800,"height":1227,"url":"https:\/\/i0.wp.com\/andersadlercreutz.fi\/blog\/wp-content\/uploads\/2018\/01\/Anders-RD012018-5.jpg?fit=1800%2C1227&ssl=1","type":"image\/jpeg"}],"author":"Anders","twitter_card":"summary_large_image","twitter_misc":{"Skriven av":"Anders","Ber\u00e4knad l\u00e4stid":"2 minuter"},"schema":{"@context":"https:\/\/schema.org","@graph":[{"@type":"WebPage","@id":"https:\/\/andersadlercreutz.fi\/blog\/lehdistotiedote\/adlercreutz-ja-blomqvist-nuorten-poikien-syrjaytyminen-tulee-ottaa-tosissaan\/?lang=fi","url":"https:\/\/andersadlercreutz.fi\/blog\/lehdistotiedote\/adlercreutz-ja-blomqvist-nuorten-poikien-syrjaytyminen-tulee-ottaa-tosissaan\/?lang=fi","name":"Adlercreutz ja Blomqvist: Nuorten poikien syrj\u00e4ytyminen tulee ottaa tosissaan - Anders Adlercreutz","isPartOf":{"@id":"https:\/\/andersadlercreutz.fi\/blog\/#website"},"datePublished":"2018-06-08T09:00:59+00:00","dateModified":"2018-06-08T09:01:12+00:00","author":{"@id":"https:\/\/andersadlercreutz.fi\/blog\/#\/schema\/person\/47d4b72eded862b484f74bb4b3a2354f"},"breadcrumb":{"@id":"https:\/\/andersadlercreutz.fi\/blog\/lehdistotiedote\/adlercreutz-ja-blomqvist-nuorten-poikien-syrjaytyminen-tulee-ottaa-tosissaan\/?lang=fi#breadcrumb"},"inLanguage":"sv-SE","potentialAction":[{"@type":"ReadAction","target":["https:\/\/andersadlercreutz.fi\/blog\/lehdistotiedote\/adlercreutz-ja-blomqvist-nuorten-poikien-syrjaytyminen-tulee-ottaa-tosissaan\/?lang=fi"]}]},{"@type":"BreadcrumbList","@id":"https:\/\/andersadlercreutz.fi\/blog\/lehdistotiedote\/adlercreutz-ja-blomqvist-nuorten-poikien-syrjaytyminen-tulee-ottaa-tosissaan\/?lang=fi#breadcrumb","itemListElement":[{"@type":"ListItem","position":1,"name":"Home","item":"https:\/\/andersadlercreutz.fi\/blog\/blogg\/?lang=sv"},{"@type":"ListItem","position":2,"name":"Adlercreutz ja Blomqvist: Nuorten poikien syrj\u00e4ytyminen tulee ottaa tosissaan"}]},{"@type":"WebSite","@id":"https:\/\/andersadlercreutz.fi\/blog\/#website","url":"https:\/\/andersadlercreutz.fi\/blog\/","name":"Anders Adlercreutz","description":"Du. Jag. Vi. Kest&auml;v&auml;sti optimisti","potentialAction":[{"@type":"SearchAction","target":{"@type":"EntryPoint","urlTemplate":"https:\/\/andersadlercreutz.fi\/blog\/?s={search_term_string}"},"query-input":"required name=search_term_string"}],"inLanguage":"sv-SE"},{"@type":"Person","@id":"https:\/\/andersadlercreutz.fi\/blog\/#\/schema\/person\/47d4b72eded862b484f74bb4b3a2354f","name":"Anders","image":{"@type":"ImageObject","inLanguage":"sv-SE","@id":"https:\/\/andersadlercreutz.fi\/blog\/#\/schema\/person\/image\/","url":"https:\/\/secure.gravatar.com\/avatar\/a144c9bda7a581ff6fabba169027e620?s=96&d=mm&r=g","contentUrl":"https:\/\/secure.gravatar.com\/avatar\/a144c9bda7a581ff6fabba169027e620?s=96&d=mm&r=g","caption":"Anders"},"url":"https:\/\/andersadlercreutz.fi\/blog\/author\/admin\/"}]}},"jetpack_featured_media_url":"https:\/\/i0.wp.com\/andersadlercreutz.fi\/blog\/wp-content\/uploads\/2018\/01\/Anders-RD012018-5.jpg?fit=1800%2C1227&ssl=1","jetpack_shortlink":"https:\/\/wp.me\/p4T6Dh-153","jetpack_sharing_enabled":true,"_links":{"self":[{"href":"https:\/\/andersadlercreutz.fi\/blog\/wp-json\/wp\/v2\/posts\/4157"}],"collection":[{"href":"https:\/\/andersadlercreutz.fi\/blog\/wp-json\/wp\/v2\/posts"}],"about":[{"href":"https:\/\/andersadlercreutz.fi\/blog\/wp-json\/wp\/v2\/types\/post"}],"author":[{"embeddable":true,"href":"https:\/\/andersadlercreutz.fi\/blog\/wp-json\/wp\/v2\/users\/1"}],"replies":[{"embeddable":true,"href":"https:\/\/andersadlercreutz.fi\/blog\/wp-json\/wp\/v2\/comments?post=4157"}],"version-history":[{"count":2,"href":"https:\/\/andersadlercreutz.fi\/blog\/wp-json\/wp\/v2\/posts\/4157\/revisions"}],"predecessor-version":[{"id":4159,"href":"https:\/\/andersadlercreutz.fi\/blog\/wp-json\/wp\/v2\/posts\/4157\/revisions\/4159"}],"wp:featuredmedia":[{"embeddable":true,"href":"https:\/\/andersadlercreutz.fi\/blog\/wp-json\/wp\/v2\/media\/3864"}],"wp:attachment":[{"href":"https:\/\/andersadlercreutz.fi\/blog\/wp-json\/wp\/v2\/media?parent=4157"}],"wp:term":[{"taxonomy":"category","embeddable":true,"href":"https:\/\/andersadlercreutz.fi\/blog\/wp-json\/wp\/v2\/categories?post=4157"},{"taxonomy":"post_tag","embeddable":true,"href":"https:\/\/andersadlercreutz.fi\/blog\/wp-json\/wp\/v2\/tags?post=4157"}],"curies":[{"name":"wp","href":"https:\/\/api.w.org\/{rel}","templated":true}]}}