{"id":4161,"date":"2018-06-14T16:44:42","date_gmt":"2018-06-14T13:44:42","guid":{"rendered":"http:\/\/andersadlercreutz.fi\/blog\/?p=4161"},"modified":"2018-06-14T16:44:55","modified_gmt":"2018-06-14T13:44:55","slug":"adlercreutz-maahanmuuttoviraston-selvitys-on-askel-oikeaan-suuntaan-mutta-tarvitsemme-enemman","status":"publish","type":"post","link":"https:\/\/andersadlercreutz.fi\/blog\/maahanmuutto\/adlercreutz-maahanmuuttoviraston-selvitys-on-askel-oikeaan-suuntaan-mutta-tarvitsemme-enemman\/?lang=fi","title":{"rendered":"Adlercreutz: Maahanmuuttoviraston selvitys on askel oikeaan suuntaan \u2013 mutta tarvitsemme enemm\u00e4n"},"content":{"rendered":"<p>Maahanmuuttovirasto on t\u00e4n\u00e4\u00e4n julkaissut sis\u00e4isen selvityksen turvapaikkamenettelyst\u00e4 ja turvapaikkap\u00e4\u00e4t\u00f6ksenteosta. T\u00e4m\u00e4n kev\u00e4\u00e4n aikana mm. korkeimman hallinto-oikeuden presidentti Pekka Vihervuori ja professori Tuomas Ojanen ovat kritisoineet turvapaikanhakijoiden heikentynytt\u00e4 oikeusturvaa. Kansanedustaja ja RKP:n varapuheenjohtaja Anders Adlercreutzin mielest\u00e4 raportti on tervetullut, mutta muistuttaa samalla ett\u00e4 nyt on aika korjata ongelmat, joita raportissa nostetaan esille.<\/p>\n<p>\u2013\u00a0Olen iloinen siit\u00e4, ett\u00e4 sis\u00e4ministeri Mykk\u00e4nen tarttui n\u00e4ihin ongelmiin. Raportti nostaa esille niit\u00e4 asioita, joihin ihmisoikeusj\u00e4rjest\u00f6t, asiantuntijat ja me RKP:ss\u00e4 olemme kiinnitt\u00e4neet huomiota. On kyse puutteellisista resursseista, puutteista haastattelijoiden osaamisessa sek\u00e4 ongelmista tulkkauksessa, mutta my\u00f6s lains\u00e4\u00e4d\u00e4nt\u00f6muutoksista, joita on t\u00e4m\u00e4n hallituskauden aikana tehty, Adlercreutz sanoo.<\/p>\n<p>\u2013\u00a0Suurin ongelma on oikeusavun rajoittaminen. Jos haluamme joustavia, nopeita \u2013 ja virheett\u00f6mi\u00e4 \u2013 menettelyit\u00e4 meid\u00e4n tulee varmistaa, ett\u00e4 turvapaikanhakijat saavat riitt\u00e4v\u00e4sti ohjausta oikeusavustajalta turvapaikkaprosessin aikana. Hallituksen tulisi kumota oikeusapuun vuonna 2016 tehdyt rajoitukset.<\/p>\n<p>Raportti sis\u00e4lt\u00e4\u00e4 28 eri parannustoimenpide-ehdotusta, ensisijaisesti Maahanmuuttoviraston sis\u00e4isiin prosesseihin. N\u00e4m\u00e4 parannukset ovat tervetulleita. Samalla Maahanmuuttovirastossa on tarkoitus ottaa k\u00e4ytt\u00f6\u00f6n kuuden kuukauden aikaraja uusien turvapaikkahakemuksien k\u00e4sittelyss\u00e4.<\/p>\n<p>\u2013\u00a0On hyv\u00e4, ett\u00e4 pyrit\u00e4\u00e4n nopeisiin turvapaikkaprosesseihin. Samalla on kuitenkin t\u00e4rke\u00e4\u00e4, ett\u00e4 resurssien riitt\u00e4vyydest\u00e4 huolehditaan ja panostetaan henkil\u00f6kunnan koulutukseen \u2013 muuten riskin\u00e4 on joutua ojasta allikkoon. Kuuden kuukauden aikaraja ei saa johtaa siihen, ett\u00e4 yksitt\u00e4inen k\u00e4sittelij\u00e4 ylikuormittuu ja ett\u00e4 laatu k\u00e4rsii. Oikeusturvan toteutuminen tulee varmistaa.<\/p>\n<p>\u2013\u00a0Suomeen on kohdistunut kansainv\u00e4list\u00e4 kritiikki\u00e4 siit\u00e4, miten olemme kohdelleet lapsia turvapaikkaprosessin aikana. Raportti ei ota t\u00e4m\u00e4n ryhm\u00e4n tilanteeseen kantaa, eik\u00e4 my\u00f6sk\u00e4\u00e4n toisten haavoittuvassa asemassa olevien tai seksuaaliv\u00e4hemmist\u00f6jen tilanteeseen. Toivon, ett\u00e4 sis\u00e4ministeri Mykk\u00e4nen ei unohda n\u00e4it\u00e4 ryhmi\u00e4, kun ty\u00f6 jatkuu.<\/p>\n<p>&nbsp;<\/p>\n","protected":false},"excerpt":{"rendered":"<p>Maahanmuuttovirasto on t\u00e4n\u00e4\u00e4n julkaissut sis\u00e4isen selvityksen turvapaikkamenettelyst\u00e4 ja turvapaikkap\u00e4\u00e4t\u00f6ksenteosta. T\u00e4m\u00e4n kev\u00e4\u00e4n aikana mm. korkeimman hallinto-oikeuden presidentti Pekka Vihervuori ja professori Tuomas Ojanen ovat kritisoineet turvapaikanhakijoiden heikentynytt\u00e4 oikeusturvaa. Kansanedustaja ja RKP:n varapuheenjohtaja Anders Adlercreutzin mielest\u00e4 raportti on tervetullut, mutta muistuttaa samalla ett\u00e4 nyt on aika korjata ongelmat, joita raportissa nostetaan esille. \u2013\u00a0Olen iloinen siit\u00e4, ett\u00e4 sis\u00e4ministeri [&hellip;]<\/p>\n","protected":false},"author":1,"featured_media":3869,"comment_status":"open","ping_status":"open","sticky":false,"template":"","format":"standard","meta":{"jetpack_post_was_ever_published":false,"_jetpack_newsletter_access":"","jetpack_publicize_message":"","jetpack_is_tweetstorm":false,"jetpack_publicize_feature_enabled":true,"jetpack_social_post_already_shared":true,"jetpack_social_options":{"image_generator_settings":{"template":"highway","enabled":false}}},"categories":[71,69],"tags":[],"jetpack_publicize_connections":[],"yoast_head":"<!-- This site is optimized with the Yoast SEO plugin v20.12 - https:\/\/yoast.com\/wordpress\/plugins\/seo\/ -->\n<title>Adlercreutz: Maahanmuuttoviraston selvitys on askel oikeaan suuntaan \u2013 mutta tarvitsemme enemm\u00e4n - Anders Adlercreutz<\/title>\n<meta name=\"robots\" content=\"index, follow, max-snippet:-1, max-image-preview:large, max-video-preview:-1\" \/>\n<link rel=\"canonical\" href=\"https:\/\/andersadlercreutz.fi\/blog\/maahanmuutto\/adlercreutz-maahanmuuttoviraston-selvitys-on-askel-oikeaan-suuntaan-mutta-tarvitsemme-enemman\/\" \/>\n<meta property=\"og:locale\" content=\"sv_SE\" \/>\n<meta property=\"og:type\" content=\"article\" \/>\n<meta property=\"og:title\" content=\"Adlercreutz: Maahanmuuttoviraston selvitys on askel oikeaan suuntaan \u2013 mutta tarvitsemme enemm\u00e4n - Anders Adlercreutz\" \/>\n<meta property=\"og:description\" content=\"Maahanmuuttovirasto on t\u00e4n\u00e4\u00e4n julkaissut sis\u00e4isen selvityksen turvapaikkamenettelyst\u00e4 ja turvapaikkap\u00e4\u00e4t\u00f6ksenteosta. T\u00e4m\u00e4n kev\u00e4\u00e4n aikana mm. korkeimman hallinto-oikeuden presidentti Pekka Vihervuori ja professori Tuomas Ojanen ovat kritisoineet turvapaikanhakijoiden heikentynytt\u00e4 oikeusturvaa. Kansanedustaja ja RKP:n varapuheenjohtaja Anders Adlercreutzin mielest\u00e4 raportti on tervetullut, mutta muistuttaa samalla ett\u00e4 nyt on aika korjata ongelmat, joita raportissa nostetaan esille. \u2013\u00a0Olen iloinen siit\u00e4, ett\u00e4 sis\u00e4ministeri [&hellip;]\" \/>\n<meta property=\"og:url\" content=\"https:\/\/andersadlercreutz.fi\/blog\/maahanmuutto\/adlercreutz-maahanmuuttoviraston-selvitys-on-askel-oikeaan-suuntaan-mutta-tarvitsemme-enemman\/?lang=fi\" \/>\n<meta property=\"og:site_name\" content=\"Anders Adlercreutz\" \/>\n<meta property=\"article:published_time\" content=\"2018-06-14T13:44:42+00:00\" \/>\n<meta property=\"article:modified_time\" content=\"2018-06-14T13:44:55+00:00\" \/>\n<meta property=\"og:image\" content=\"https:\/\/i0.wp.com\/andersadlercreutz.fi\/blog\/wp-content\/uploads\/2018\/01\/Anders-RD012018-7.jpg?fit=1800%2C1198&ssl=1\" \/>\n\t<meta property=\"og:image:width\" content=\"1800\" \/>\n\t<meta property=\"og:image:height\" content=\"1198\" \/>\n\t<meta property=\"og:image:type\" content=\"image\/jpeg\" \/>\n<meta name=\"author\" content=\"Anders\" \/>\n<meta name=\"twitter:card\" content=\"summary_large_image\" \/>\n<meta name=\"twitter:label1\" content=\"Skriven av\" \/>\n\t<meta name=\"twitter:data1\" content=\"Anders\" \/>\n\t<meta name=\"twitter:label2\" content=\"Ber\u00e4knad l\u00e4stid\" \/>\n\t<meta name=\"twitter:data2\" content=\"1 minut\" \/>\n<script type=\"application\/ld+json\" class=\"yoast-schema-graph\">{\"@context\":\"https:\/\/schema.org\",\"@graph\":[{\"@type\":\"WebPage\",\"@id\":\"https:\/\/andersadlercreutz.fi\/blog\/maahanmuutto\/adlercreutz-maahanmuuttoviraston-selvitys-on-askel-oikeaan-suuntaan-mutta-tarvitsemme-enemman\/?lang=fi\",\"url\":\"https:\/\/andersadlercreutz.fi\/blog\/maahanmuutto\/adlercreutz-maahanmuuttoviraston-selvitys-on-askel-oikeaan-suuntaan-mutta-tarvitsemme-enemman\/?lang=fi\",\"name\":\"Adlercreutz: Maahanmuuttoviraston selvitys on askel oikeaan suuntaan \u2013 mutta tarvitsemme enemm\u00e4n - Anders Adlercreutz\",\"isPartOf\":{\"@id\":\"https:\/\/andersadlercreutz.fi\/blog\/#website\"},\"datePublished\":\"2018-06-14T13:44:42+00:00\",\"dateModified\":\"2018-06-14T13:44:55+00:00\",\"author\":{\"@id\":\"https:\/\/andersadlercreutz.fi\/blog\/#\/schema\/person\/47d4b72eded862b484f74bb4b3a2354f\"},\"breadcrumb\":{\"@id\":\"https:\/\/andersadlercreutz.fi\/blog\/maahanmuutto\/adlercreutz-maahanmuuttoviraston-selvitys-on-askel-oikeaan-suuntaan-mutta-tarvitsemme-enemman\/?lang=fi#breadcrumb\"},\"inLanguage\":\"sv-SE\",\"potentialAction\":[{\"@type\":\"ReadAction\",\"target\":[\"https:\/\/andersadlercreutz.fi\/blog\/maahanmuutto\/adlercreutz-maahanmuuttoviraston-selvitys-on-askel-oikeaan-suuntaan-mutta-tarvitsemme-enemman\/?lang=fi\"]}]},{\"@type\":\"BreadcrumbList\",\"@id\":\"https:\/\/andersadlercreutz.fi\/blog\/maahanmuutto\/adlercreutz-maahanmuuttoviraston-selvitys-on-askel-oikeaan-suuntaan-mutta-tarvitsemme-enemman\/?lang=fi#breadcrumb\",\"itemListElement\":[{\"@type\":\"ListItem\",\"position\":1,\"name\":\"Home\",\"item\":\"https:\/\/andersadlercreutz.fi\/blog\/blogg\/?lang=sv\"},{\"@type\":\"ListItem\",\"position\":2,\"name\":\"Adlercreutz: Maahanmuuttoviraston selvitys on askel oikeaan suuntaan \u2013 mutta tarvitsemme enemm\u00e4n\"}]},{\"@type\":\"WebSite\",\"@id\":\"https:\/\/andersadlercreutz.fi\/blog\/#website\",\"url\":\"https:\/\/andersadlercreutz.fi\/blog\/\",\"name\":\"Anders Adlercreutz\",\"description\":\"Du. Jag. Vi. Kest&auml;v&auml;sti optimisti\",\"potentialAction\":[{\"@type\":\"SearchAction\",\"target\":{\"@type\":\"EntryPoint\",\"urlTemplate\":\"https:\/\/andersadlercreutz.fi\/blog\/?s={search_term_string}\"},\"query-input\":\"required name=search_term_string\"}],\"inLanguage\":\"sv-SE\"},{\"@type\":\"Person\",\"@id\":\"https:\/\/andersadlercreutz.fi\/blog\/#\/schema\/person\/47d4b72eded862b484f74bb4b3a2354f\",\"name\":\"Anders\",\"image\":{\"@type\":\"ImageObject\",\"inLanguage\":\"sv-SE\",\"@id\":\"https:\/\/andersadlercreutz.fi\/blog\/#\/schema\/person\/image\/\",\"url\":\"https:\/\/secure.gravatar.com\/avatar\/a144c9bda7a581ff6fabba169027e620?s=96&d=mm&r=g\",\"contentUrl\":\"https:\/\/secure.gravatar.com\/avatar\/a144c9bda7a581ff6fabba169027e620?s=96&d=mm&r=g\",\"caption\":\"Anders\"},\"url\":\"https:\/\/andersadlercreutz.fi\/blog\/author\/admin\/\"}]}<\/script>\n<!-- \/ Yoast SEO plugin. -->","yoast_head_json":{"title":"Adlercreutz: Maahanmuuttoviraston selvitys on askel oikeaan suuntaan \u2013 mutta tarvitsemme enemm\u00e4n - Anders Adlercreutz","robots":{"index":"index","follow":"follow","max-snippet":"max-snippet:-1","max-image-preview":"max-image-preview:large","max-video-preview":"max-video-preview:-1"},"canonical":"https:\/\/andersadlercreutz.fi\/blog\/maahanmuutto\/adlercreutz-maahanmuuttoviraston-selvitys-on-askel-oikeaan-suuntaan-mutta-tarvitsemme-enemman\/","og_locale":"sv_SE","og_type":"article","og_title":"Adlercreutz: Maahanmuuttoviraston selvitys on askel oikeaan suuntaan \u2013 mutta tarvitsemme enemm\u00e4n - Anders Adlercreutz","og_description":"Maahanmuuttovirasto on t\u00e4n\u00e4\u00e4n julkaissut sis\u00e4isen selvityksen turvapaikkamenettelyst\u00e4 ja turvapaikkap\u00e4\u00e4t\u00f6ksenteosta. T\u00e4m\u00e4n kev\u00e4\u00e4n aikana mm. korkeimman hallinto-oikeuden presidentti Pekka Vihervuori ja professori Tuomas Ojanen ovat kritisoineet turvapaikanhakijoiden heikentynytt\u00e4 oikeusturvaa. Kansanedustaja ja RKP:n varapuheenjohtaja Anders Adlercreutzin mielest\u00e4 raportti on tervetullut, mutta muistuttaa samalla ett\u00e4 nyt on aika korjata ongelmat, joita raportissa nostetaan esille. \u2013\u00a0Olen iloinen siit\u00e4, ett\u00e4 sis\u00e4ministeri [&hellip;]","og_url":"https:\/\/andersadlercreutz.fi\/blog\/maahanmuutto\/adlercreutz-maahanmuuttoviraston-selvitys-on-askel-oikeaan-suuntaan-mutta-tarvitsemme-enemman\/?lang=fi","og_site_name":"Anders Adlercreutz","article_published_time":"2018-06-14T13:44:42+00:00","article_modified_time":"2018-06-14T13:44:55+00:00","og_image":[{"width":1800,"height":1198,"url":"https:\/\/i0.wp.com\/andersadlercreutz.fi\/blog\/wp-content\/uploads\/2018\/01\/Anders-RD012018-7.jpg?fit=1800%2C1198&ssl=1","type":"image\/jpeg"}],"author":"Anders","twitter_card":"summary_large_image","twitter_misc":{"Skriven av":"Anders","Ber\u00e4knad l\u00e4stid":"1 minut"},"schema":{"@context":"https:\/\/schema.org","@graph":[{"@type":"WebPage","@id":"https:\/\/andersadlercreutz.fi\/blog\/maahanmuutto\/adlercreutz-maahanmuuttoviraston-selvitys-on-askel-oikeaan-suuntaan-mutta-tarvitsemme-enemman\/?lang=fi","url":"https:\/\/andersadlercreutz.fi\/blog\/maahanmuutto\/adlercreutz-maahanmuuttoviraston-selvitys-on-askel-oikeaan-suuntaan-mutta-tarvitsemme-enemman\/?lang=fi","name":"Adlercreutz: Maahanmuuttoviraston selvitys on askel oikeaan suuntaan \u2013 mutta tarvitsemme enemm\u00e4n - Anders Adlercreutz","isPartOf":{"@id":"https:\/\/andersadlercreutz.fi\/blog\/#website"},"datePublished":"2018-06-14T13:44:42+00:00","dateModified":"2018-06-14T13:44:55+00:00","author":{"@id":"https:\/\/andersadlercreutz.fi\/blog\/#\/schema\/person\/47d4b72eded862b484f74bb4b3a2354f"},"breadcrumb":{"@id":"https:\/\/andersadlercreutz.fi\/blog\/maahanmuutto\/adlercreutz-maahanmuuttoviraston-selvitys-on-askel-oikeaan-suuntaan-mutta-tarvitsemme-enemman\/?lang=fi#breadcrumb"},"inLanguage":"sv-SE","potentialAction":[{"@type":"ReadAction","target":["https:\/\/andersadlercreutz.fi\/blog\/maahanmuutto\/adlercreutz-maahanmuuttoviraston-selvitys-on-askel-oikeaan-suuntaan-mutta-tarvitsemme-enemman\/?lang=fi"]}]},{"@type":"BreadcrumbList","@id":"https:\/\/andersadlercreutz.fi\/blog\/maahanmuutto\/adlercreutz-maahanmuuttoviraston-selvitys-on-askel-oikeaan-suuntaan-mutta-tarvitsemme-enemman\/?lang=fi#breadcrumb","itemListElement":[{"@type":"ListItem","position":1,"name":"Home","item":"https:\/\/andersadlercreutz.fi\/blog\/blogg\/?lang=sv"},{"@type":"ListItem","position":2,"name":"Adlercreutz: Maahanmuuttoviraston selvitys on askel oikeaan suuntaan \u2013 mutta tarvitsemme enemm\u00e4n"}]},{"@type":"WebSite","@id":"https:\/\/andersadlercreutz.fi\/blog\/#website","url":"https:\/\/andersadlercreutz.fi\/blog\/","name":"Anders Adlercreutz","description":"Du. Jag. Vi. Kest&auml;v&auml;sti optimisti","potentialAction":[{"@type":"SearchAction","target":{"@type":"EntryPoint","urlTemplate":"https:\/\/andersadlercreutz.fi\/blog\/?s={search_term_string}"},"query-input":"required name=search_term_string"}],"inLanguage":"sv-SE"},{"@type":"Person","@id":"https:\/\/andersadlercreutz.fi\/blog\/#\/schema\/person\/47d4b72eded862b484f74bb4b3a2354f","name":"Anders","image":{"@type":"ImageObject","inLanguage":"sv-SE","@id":"https:\/\/andersadlercreutz.fi\/blog\/#\/schema\/person\/image\/","url":"https:\/\/secure.gravatar.com\/avatar\/a144c9bda7a581ff6fabba169027e620?s=96&d=mm&r=g","contentUrl":"https:\/\/secure.gravatar.com\/avatar\/a144c9bda7a581ff6fabba169027e620?s=96&d=mm&r=g","caption":"Anders"},"url":"https:\/\/andersadlercreutz.fi\/blog\/author\/admin\/"}]}},"jetpack_featured_media_url":"https:\/\/i0.wp.com\/andersadlercreutz.fi\/blog\/wp-content\/uploads\/2018\/01\/Anders-RD012018-7.jpg?fit=1800%2C1198&ssl=1","jetpack_shortlink":"https:\/\/wp.me\/p4T6Dh-157","jetpack_sharing_enabled":true,"_links":{"self":[{"href":"https:\/\/andersadlercreutz.fi\/blog\/wp-json\/wp\/v2\/posts\/4161"}],"collection":[{"href":"https:\/\/andersadlercreutz.fi\/blog\/wp-json\/wp\/v2\/posts"}],"about":[{"href":"https:\/\/andersadlercreutz.fi\/blog\/wp-json\/wp\/v2\/types\/post"}],"author":[{"embeddable":true,"href":"https:\/\/andersadlercreutz.fi\/blog\/wp-json\/wp\/v2\/users\/1"}],"replies":[{"embeddable":true,"href":"https:\/\/andersadlercreutz.fi\/blog\/wp-json\/wp\/v2\/comments?post=4161"}],"version-history":[{"count":2,"href":"https:\/\/andersadlercreutz.fi\/blog\/wp-json\/wp\/v2\/posts\/4161\/revisions"}],"predecessor-version":[{"id":4163,"href":"https:\/\/andersadlercreutz.fi\/blog\/wp-json\/wp\/v2\/posts\/4161\/revisions\/4163"}],"wp:featuredmedia":[{"embeddable":true,"href":"https:\/\/andersadlercreutz.fi\/blog\/wp-json\/wp\/v2\/media\/3869"}],"wp:attachment":[{"href":"https:\/\/andersadlercreutz.fi\/blog\/wp-json\/wp\/v2\/media?parent=4161"}],"wp:term":[{"taxonomy":"category","embeddable":true,"href":"https:\/\/andersadlercreutz.fi\/blog\/wp-json\/wp\/v2\/categories?post=4161"},{"taxonomy":"post_tag","embeddable":true,"href":"https:\/\/andersadlercreutz.fi\/blog\/wp-json\/wp\/v2\/tags?post=4161"}],"curies":[{"name":"wp","href":"https:\/\/api.w.org\/{rel}","templated":true}]}}