{"id":4178,"date":"2018-06-28T15:59:21","date_gmt":"2018-06-28T12:59:21","guid":{"rendered":"http:\/\/andersadlercreutz.fi\/blog\/?p=4178"},"modified":"2018-06-28T16:00:08","modified_gmt":"2018-06-28T13:00:08","slug":"adlercreutz-hyva-etta-lapset-saavat-oikeuden-tavata-isovanhempiaan-mutta-uudistuksia-on-jatkettava","status":"publish","type":"post","link":"https:\/\/andersadlercreutz.fi\/blog\/lehdistotiedote\/adlercreutz-hyva-etta-lapset-saavat-oikeuden-tavata-isovanhempiaan-mutta-uudistuksia-on-jatkettava\/?lang=fi","title":{"rendered":"Adlercreutz: Hyv\u00e4 ett\u00e4 lapset saavat oikeuden tavata isovanhempiaan \u2013 mutta uudistuksia on jatkettava"},"content":{"rendered":"<p>RKP:n kansanedustaja ja varapuheenjohtaja Anders Adlercreutzin mielest\u00e4 on korkea aika uudistaa laki lapsen huollosta ja tapaamisoikeudesta. Torstaina hallituksen esitys oli l\u00e4hetekeskustelussa.<\/p>\n<p>\u2013\u00a0Lakiesityksen my\u00f6t\u00e4 moni asia paranee. Esitys huomioi lapsen oikeuden tulla kuulluksi sek\u00e4 sen, ett\u00e4 perheit\u00e4 on monenlaisia. T\u00e4m\u00e4 on tervetullutta, Adlercreutz sanoo.<\/p>\n<p>Esityksen mukaan lapsi voi m\u00e4\u00e4ritell\u00e4 h\u00e4nelle muita t\u00e4rkeit\u00e4 ihmisi\u00e4, joita lapsi haluaa tavata my\u00f6s jatkossa.<\/p>\n<p>\u2013\u00a0On t\u00e4rke\u00e4\u00e4, ettei tapaamisoikeutta rajata vain vanhempiin. Lapsella tulee olla oikeus tavata isovanhempiaan tai muita ihmisi\u00e4, jotka ovat lapselle t\u00e4rkeit\u00e4. T\u00e4m\u00e4n tulee olla mahdollista my\u00f6s niiss\u00e4 tilanteissa, joissa vanhempien suhde ei toimi. Lapsen oikeudet tulevat nyt keski\u00f6\u00f6n.<\/p>\n<p>Sosiaali- ja terveysuudistuksen my\u00f6t\u00e4 lastensuojelu, perhepalvelut ja neuvonta tulee muuttumaan. Adlercreutz, joka my\u00f6s toimii eduskunnan miesverkoston puheenjohtajana, nosti t\u00e4m\u00e4n esille torstain l\u00e4hetekeskustelun aikana.<\/p>\n<p>\u2013\u00a0N\u00e4m\u00e4 ovat t\u00e4rkeit\u00e4 palasia perhepalapeliss\u00e4. Emme voi keskitty\u00e4 ainoastaan toimimattoman suhteen seurauksiin, vaan my\u00f6s ennaltaehk\u00e4isev\u00e4 ty\u00f6 on t\u00e4rke\u00e4\u00e4. Meid\u00e4n tulee huolehtia siit\u00e4, ett\u00e4 toimivia perhepalveluita, neuvontaa ja lastensuojelupalveluita matalalla kynnyksell\u00e4 on tarjolla\u00a0my\u00f6s jatkossa. Perheiden tulee saada apua niin aikaisessa vaiheessa kuin mahdollista.<\/p>\n<p>Adlercreutz nostaa my\u00f6s esille sen, mit\u00e4 tutkimukset selv\u00e4sti n\u00e4ytt\u00e4v\u00e4t: Jos vanhemmat jakavat perhevapaat ja n\u00e4in my\u00f6s vastuun perheess\u00e4, on my\u00f6s paljon todenn\u00e4k\u00f6isemp\u00e4\u00e4, ett\u00e4 lapsen huoltajuus jaetaan tasaisesti mahdollisen avioeron j\u00e4lkeen.<\/p>\n<p>\u2013\u00a0Henkil\u00f6kohtaisesti olen my\u00f6s vakuuttunut siit\u00e4, ett\u00e4 perhe, jossa vanhemmuus jaetaan, my\u00f6s voi paremmin. Pyrkimyksess\u00e4 tukea perheit\u00e4 on t\u00e4rke\u00e4\u00e4, ett\u00e4 t\u00e4m\u00e4 hallitus \u2013 tai seuraava \u2013 toteuttaa perhevapaauudistuksen. Perheet tarvitsevat sen, Adlercreutz sanoo.<\/p>\n","protected":false},"excerpt":{"rendered":"<p>RKP:n kansanedustaja ja varapuheenjohtaja Anders Adlercreutzin mielest\u00e4 on korkea aika uudistaa laki lapsen huollosta ja tapaamisoikeudesta. Torstaina hallituksen esitys oli l\u00e4hetekeskustelussa. \u2013\u00a0Lakiesityksen my\u00f6t\u00e4 moni asia paranee. Esitys huomioi lapsen oikeuden tulla kuulluksi sek\u00e4 sen, ett\u00e4 perheit\u00e4 on monenlaisia. T\u00e4m\u00e4 on tervetullutta, Adlercreutz sanoo. Esityksen mukaan lapsi voi m\u00e4\u00e4ritell\u00e4 h\u00e4nelle muita t\u00e4rkeit\u00e4 ihmisi\u00e4, joita lapsi haluaa [&hellip;]<\/p>\n","protected":false},"author":1,"featured_media":3866,"comment_status":"open","ping_status":"open","sticky":false,"template":"","format":"standard","meta":{"jetpack_post_was_ever_published":false,"_jetpack_newsletter_access":"","jetpack_publicize_message":"","jetpack_is_tweetstorm":false,"jetpack_publicize_feature_enabled":true,"jetpack_social_post_already_shared":true,"jetpack_social_options":{"image_generator_settings":{"template":"highway","enabled":false}}},"categories":[71],"tags":[],"jetpack_publicize_connections":[],"yoast_head":"<!-- This site is optimized with the Yoast SEO plugin v20.12 - https:\/\/yoast.com\/wordpress\/plugins\/seo\/ -->\n<title>Adlercreutz: Hyv\u00e4 ett\u00e4 lapset saavat oikeuden tavata isovanhempiaan \u2013 mutta uudistuksia on jatkettava - Anders Adlercreutz<\/title>\n<meta name=\"robots\" content=\"index, follow, max-snippet:-1, max-image-preview:large, max-video-preview:-1\" \/>\n<link rel=\"canonical\" href=\"https:\/\/andersadlercreutz.fi\/blog\/lehdistotiedote\/adlercreutz-hyva-etta-lapset-saavat-oikeuden-tavata-isovanhempiaan-mutta-uudistuksia-on-jatkettava\/\" \/>\n<meta property=\"og:locale\" content=\"sv_SE\" \/>\n<meta property=\"og:type\" content=\"article\" \/>\n<meta property=\"og:title\" content=\"Adlercreutz: Hyv\u00e4 ett\u00e4 lapset saavat oikeuden tavata isovanhempiaan \u2013 mutta uudistuksia on jatkettava - Anders Adlercreutz\" \/>\n<meta property=\"og:description\" content=\"RKP:n kansanedustaja ja varapuheenjohtaja Anders Adlercreutzin mielest\u00e4 on korkea aika uudistaa laki lapsen huollosta ja tapaamisoikeudesta. Torstaina hallituksen esitys oli l\u00e4hetekeskustelussa. \u2013\u00a0Lakiesityksen my\u00f6t\u00e4 moni asia paranee. Esitys huomioi lapsen oikeuden tulla kuulluksi sek\u00e4 sen, ett\u00e4 perheit\u00e4 on monenlaisia. T\u00e4m\u00e4 on tervetullutta, Adlercreutz sanoo. Esityksen mukaan lapsi voi m\u00e4\u00e4ritell\u00e4 h\u00e4nelle muita t\u00e4rkeit\u00e4 ihmisi\u00e4, joita lapsi haluaa [&hellip;]\" \/>\n<meta property=\"og:url\" content=\"https:\/\/andersadlercreutz.fi\/blog\/lehdistotiedote\/adlercreutz-hyva-etta-lapset-saavat-oikeuden-tavata-isovanhempiaan-mutta-uudistuksia-on-jatkettava\/?lang=fi\" \/>\n<meta property=\"og:site_name\" content=\"Anders Adlercreutz\" \/>\n<meta property=\"article:published_time\" content=\"2018-06-28T12:59:21+00:00\" \/>\n<meta property=\"article:modified_time\" content=\"2018-06-28T13:00:08+00:00\" \/>\n<meta property=\"og:image\" content=\"https:\/\/i0.wp.com\/andersadlercreutz.fi\/blog\/wp-content\/uploads\/2018\/01\/Anders-RD012018-1.jpg?fit=1800%2C1141&ssl=1\" \/>\n\t<meta property=\"og:image:width\" content=\"1800\" \/>\n\t<meta property=\"og:image:height\" content=\"1141\" \/>\n\t<meta property=\"og:image:type\" content=\"image\/jpeg\" \/>\n<meta name=\"author\" content=\"Anders\" \/>\n<meta name=\"twitter:card\" content=\"summary_large_image\" \/>\n<meta name=\"twitter:label1\" content=\"Skriven av\" \/>\n\t<meta name=\"twitter:data1\" content=\"Anders\" \/>\n\t<meta name=\"twitter:label2\" content=\"Ber\u00e4knad l\u00e4stid\" \/>\n\t<meta name=\"twitter:data2\" content=\"1 minut\" \/>\n<script type=\"application\/ld+json\" class=\"yoast-schema-graph\">{\"@context\":\"https:\/\/schema.org\",\"@graph\":[{\"@type\":\"WebPage\",\"@id\":\"https:\/\/andersadlercreutz.fi\/blog\/lehdistotiedote\/adlercreutz-hyva-etta-lapset-saavat-oikeuden-tavata-isovanhempiaan-mutta-uudistuksia-on-jatkettava\/?lang=fi\",\"url\":\"https:\/\/andersadlercreutz.fi\/blog\/lehdistotiedote\/adlercreutz-hyva-etta-lapset-saavat-oikeuden-tavata-isovanhempiaan-mutta-uudistuksia-on-jatkettava\/?lang=fi\",\"name\":\"Adlercreutz: Hyv\u00e4 ett\u00e4 lapset saavat oikeuden tavata isovanhempiaan \u2013 mutta uudistuksia on jatkettava - Anders Adlercreutz\",\"isPartOf\":{\"@id\":\"https:\/\/andersadlercreutz.fi\/blog\/#website\"},\"datePublished\":\"2018-06-28T12:59:21+00:00\",\"dateModified\":\"2018-06-28T13:00:08+00:00\",\"author\":{\"@id\":\"https:\/\/andersadlercreutz.fi\/blog\/#\/schema\/person\/47d4b72eded862b484f74bb4b3a2354f\"},\"breadcrumb\":{\"@id\":\"https:\/\/andersadlercreutz.fi\/blog\/lehdistotiedote\/adlercreutz-hyva-etta-lapset-saavat-oikeuden-tavata-isovanhempiaan-mutta-uudistuksia-on-jatkettava\/?lang=fi#breadcrumb\"},\"inLanguage\":\"sv-SE\",\"potentialAction\":[{\"@type\":\"ReadAction\",\"target\":[\"https:\/\/andersadlercreutz.fi\/blog\/lehdistotiedote\/adlercreutz-hyva-etta-lapset-saavat-oikeuden-tavata-isovanhempiaan-mutta-uudistuksia-on-jatkettava\/?lang=fi\"]}]},{\"@type\":\"BreadcrumbList\",\"@id\":\"https:\/\/andersadlercreutz.fi\/blog\/lehdistotiedote\/adlercreutz-hyva-etta-lapset-saavat-oikeuden-tavata-isovanhempiaan-mutta-uudistuksia-on-jatkettava\/?lang=fi#breadcrumb\",\"itemListElement\":[{\"@type\":\"ListItem\",\"position\":1,\"name\":\"Home\",\"item\":\"https:\/\/andersadlercreutz.fi\/blog\/blogg\/?lang=sv\"},{\"@type\":\"ListItem\",\"position\":2,\"name\":\"Adlercreutz: Hyv\u00e4 ett\u00e4 lapset saavat oikeuden tavata isovanhempiaan \u2013 mutta uudistuksia on jatkettava\"}]},{\"@type\":\"WebSite\",\"@id\":\"https:\/\/andersadlercreutz.fi\/blog\/#website\",\"url\":\"https:\/\/andersadlercreutz.fi\/blog\/\",\"name\":\"Anders Adlercreutz\",\"description\":\"Du. Jag. Vi. Kest&auml;v&auml;sti optimisti\",\"potentialAction\":[{\"@type\":\"SearchAction\",\"target\":{\"@type\":\"EntryPoint\",\"urlTemplate\":\"https:\/\/andersadlercreutz.fi\/blog\/?s={search_term_string}\"},\"query-input\":\"required name=search_term_string\"}],\"inLanguage\":\"sv-SE\"},{\"@type\":\"Person\",\"@id\":\"https:\/\/andersadlercreutz.fi\/blog\/#\/schema\/person\/47d4b72eded862b484f74bb4b3a2354f\",\"name\":\"Anders\",\"image\":{\"@type\":\"ImageObject\",\"inLanguage\":\"sv-SE\",\"@id\":\"https:\/\/andersadlercreutz.fi\/blog\/#\/schema\/person\/image\/\",\"url\":\"https:\/\/secure.gravatar.com\/avatar\/a144c9bda7a581ff6fabba169027e620?s=96&d=mm&r=g\",\"contentUrl\":\"https:\/\/secure.gravatar.com\/avatar\/a144c9bda7a581ff6fabba169027e620?s=96&d=mm&r=g\",\"caption\":\"Anders\"},\"url\":\"https:\/\/andersadlercreutz.fi\/blog\/author\/admin\/\"}]}<\/script>\n<!-- \/ Yoast SEO plugin. -->","yoast_head_json":{"title":"Adlercreutz: Hyv\u00e4 ett\u00e4 lapset saavat oikeuden tavata isovanhempiaan \u2013 mutta uudistuksia on jatkettava - Anders Adlercreutz","robots":{"index":"index","follow":"follow","max-snippet":"max-snippet:-1","max-image-preview":"max-image-preview:large","max-video-preview":"max-video-preview:-1"},"canonical":"https:\/\/andersadlercreutz.fi\/blog\/lehdistotiedote\/adlercreutz-hyva-etta-lapset-saavat-oikeuden-tavata-isovanhempiaan-mutta-uudistuksia-on-jatkettava\/","og_locale":"sv_SE","og_type":"article","og_title":"Adlercreutz: Hyv\u00e4 ett\u00e4 lapset saavat oikeuden tavata isovanhempiaan \u2013 mutta uudistuksia on jatkettava - Anders Adlercreutz","og_description":"RKP:n kansanedustaja ja varapuheenjohtaja Anders Adlercreutzin mielest\u00e4 on korkea aika uudistaa laki lapsen huollosta ja tapaamisoikeudesta. Torstaina hallituksen esitys oli l\u00e4hetekeskustelussa. \u2013\u00a0Lakiesityksen my\u00f6t\u00e4 moni asia paranee. Esitys huomioi lapsen oikeuden tulla kuulluksi sek\u00e4 sen, ett\u00e4 perheit\u00e4 on monenlaisia. T\u00e4m\u00e4 on tervetullutta, Adlercreutz sanoo. Esityksen mukaan lapsi voi m\u00e4\u00e4ritell\u00e4 h\u00e4nelle muita t\u00e4rkeit\u00e4 ihmisi\u00e4, joita lapsi haluaa [&hellip;]","og_url":"https:\/\/andersadlercreutz.fi\/blog\/lehdistotiedote\/adlercreutz-hyva-etta-lapset-saavat-oikeuden-tavata-isovanhempiaan-mutta-uudistuksia-on-jatkettava\/?lang=fi","og_site_name":"Anders Adlercreutz","article_published_time":"2018-06-28T12:59:21+00:00","article_modified_time":"2018-06-28T13:00:08+00:00","og_image":[{"width":1800,"height":1141,"url":"https:\/\/i0.wp.com\/andersadlercreutz.fi\/blog\/wp-content\/uploads\/2018\/01\/Anders-RD012018-1.jpg?fit=1800%2C1141&ssl=1","type":"image\/jpeg"}],"author":"Anders","twitter_card":"summary_large_image","twitter_misc":{"Skriven av":"Anders","Ber\u00e4knad l\u00e4stid":"1 minut"},"schema":{"@context":"https:\/\/schema.org","@graph":[{"@type":"WebPage","@id":"https:\/\/andersadlercreutz.fi\/blog\/lehdistotiedote\/adlercreutz-hyva-etta-lapset-saavat-oikeuden-tavata-isovanhempiaan-mutta-uudistuksia-on-jatkettava\/?lang=fi","url":"https:\/\/andersadlercreutz.fi\/blog\/lehdistotiedote\/adlercreutz-hyva-etta-lapset-saavat-oikeuden-tavata-isovanhempiaan-mutta-uudistuksia-on-jatkettava\/?lang=fi","name":"Adlercreutz: Hyv\u00e4 ett\u00e4 lapset saavat oikeuden tavata isovanhempiaan \u2013 mutta uudistuksia on jatkettava - Anders Adlercreutz","isPartOf":{"@id":"https:\/\/andersadlercreutz.fi\/blog\/#website"},"datePublished":"2018-06-28T12:59:21+00:00","dateModified":"2018-06-28T13:00:08+00:00","author":{"@id":"https:\/\/andersadlercreutz.fi\/blog\/#\/schema\/person\/47d4b72eded862b484f74bb4b3a2354f"},"breadcrumb":{"@id":"https:\/\/andersadlercreutz.fi\/blog\/lehdistotiedote\/adlercreutz-hyva-etta-lapset-saavat-oikeuden-tavata-isovanhempiaan-mutta-uudistuksia-on-jatkettava\/?lang=fi#breadcrumb"},"inLanguage":"sv-SE","potentialAction":[{"@type":"ReadAction","target":["https:\/\/andersadlercreutz.fi\/blog\/lehdistotiedote\/adlercreutz-hyva-etta-lapset-saavat-oikeuden-tavata-isovanhempiaan-mutta-uudistuksia-on-jatkettava\/?lang=fi"]}]},{"@type":"BreadcrumbList","@id":"https:\/\/andersadlercreutz.fi\/blog\/lehdistotiedote\/adlercreutz-hyva-etta-lapset-saavat-oikeuden-tavata-isovanhempiaan-mutta-uudistuksia-on-jatkettava\/?lang=fi#breadcrumb","itemListElement":[{"@type":"ListItem","position":1,"name":"Home","item":"https:\/\/andersadlercreutz.fi\/blog\/blogg\/?lang=sv"},{"@type":"ListItem","position":2,"name":"Adlercreutz: Hyv\u00e4 ett\u00e4 lapset saavat oikeuden tavata isovanhempiaan \u2013 mutta uudistuksia on jatkettava"}]},{"@type":"WebSite","@id":"https:\/\/andersadlercreutz.fi\/blog\/#website","url":"https:\/\/andersadlercreutz.fi\/blog\/","name":"Anders Adlercreutz","description":"Du. Jag. Vi. Kest&auml;v&auml;sti optimisti","potentialAction":[{"@type":"SearchAction","target":{"@type":"EntryPoint","urlTemplate":"https:\/\/andersadlercreutz.fi\/blog\/?s={search_term_string}"},"query-input":"required name=search_term_string"}],"inLanguage":"sv-SE"},{"@type":"Person","@id":"https:\/\/andersadlercreutz.fi\/blog\/#\/schema\/person\/47d4b72eded862b484f74bb4b3a2354f","name":"Anders","image":{"@type":"ImageObject","inLanguage":"sv-SE","@id":"https:\/\/andersadlercreutz.fi\/blog\/#\/schema\/person\/image\/","url":"https:\/\/secure.gravatar.com\/avatar\/a144c9bda7a581ff6fabba169027e620?s=96&d=mm&r=g","contentUrl":"https:\/\/secure.gravatar.com\/avatar\/a144c9bda7a581ff6fabba169027e620?s=96&d=mm&r=g","caption":"Anders"},"url":"https:\/\/andersadlercreutz.fi\/blog\/author\/admin\/"}]}},"jetpack_featured_media_url":"https:\/\/i0.wp.com\/andersadlercreutz.fi\/blog\/wp-content\/uploads\/2018\/01\/Anders-RD012018-1.jpg?fit=1800%2C1141&ssl=1","jetpack_shortlink":"https:\/\/wp.me\/p4T6Dh-15o","jetpack_sharing_enabled":true,"_links":{"self":[{"href":"https:\/\/andersadlercreutz.fi\/blog\/wp-json\/wp\/v2\/posts\/4178"}],"collection":[{"href":"https:\/\/andersadlercreutz.fi\/blog\/wp-json\/wp\/v2\/posts"}],"about":[{"href":"https:\/\/andersadlercreutz.fi\/blog\/wp-json\/wp\/v2\/types\/post"}],"author":[{"embeddable":true,"href":"https:\/\/andersadlercreutz.fi\/blog\/wp-json\/wp\/v2\/users\/1"}],"replies":[{"embeddable":true,"href":"https:\/\/andersadlercreutz.fi\/blog\/wp-json\/wp\/v2\/comments?post=4178"}],"version-history":[{"count":1,"href":"https:\/\/andersadlercreutz.fi\/blog\/wp-json\/wp\/v2\/posts\/4178\/revisions"}],"predecessor-version":[{"id":4179,"href":"https:\/\/andersadlercreutz.fi\/blog\/wp-json\/wp\/v2\/posts\/4178\/revisions\/4179"}],"wp:featuredmedia":[{"embeddable":true,"href":"https:\/\/andersadlercreutz.fi\/blog\/wp-json\/wp\/v2\/media\/3866"}],"wp:attachment":[{"href":"https:\/\/andersadlercreutz.fi\/blog\/wp-json\/wp\/v2\/media?parent=4178"}],"wp:term":[{"taxonomy":"category","embeddable":true,"href":"https:\/\/andersadlercreutz.fi\/blog\/wp-json\/wp\/v2\/categories?post=4178"},{"taxonomy":"post_tag","embeddable":true,"href":"https:\/\/andersadlercreutz.fi\/blog\/wp-json\/wp\/v2\/tags?post=4178"}],"curies":[{"name":"wp","href":"https:\/\/api.w.org\/{rel}","templated":true}]}}