{"id":4283,"date":"2018-09-28T15:51:07","date_gmt":"2018-09-28T12:51:07","guid":{"rendered":"http:\/\/andersadlercreutz.fi\/blog\/?p=4283"},"modified":"2018-09-28T15:51:07","modified_gmt":"2018-09-28T12:51:07","slug":"vastnylandska-riksdagsledamoter-dags-att-forverkliga-elektrifieringen-av-hango-hyvinge-banan","status":"publish","type":"post","link":"https:\/\/andersadlercreutz.fi\/blog\/kollektivtrafik\/vastnylandska-riksdagsledamoter-dags-att-forverkliga-elektrifieringen-av-hango-hyvinge-banan\/","title":{"rendered":"V\u00e4stnyl\u00e4ndska riksdagsledam\u00f6ter: Dags att f\u00f6rverkliga elektrifieringen av Hang\u00f6\u2014Hyvinge-banan"},"content":{"rendered":"<p>Hang\u00f6\u2014Hyvinge-banan\u00a0\u00e4r den enda banan f\u00f6r godstrafik i s\u00f6dra Finland som inte \u00e4nnu elektrifierats.\u00a0Riksdagsledam\u00f6terna\u00a0Thomas Blomqvist (SFP),\u00a0Anders Adlercreutz (SFP), Maarit Feldt-Ranta (SDP)\u00a0kr\u00e4ver att\u00a0elektrifieringen\u00a0av banan\u00a0snabbt f\u00f6rverkligas.<\/p>\n<p>&#8211;\u00a0Trafikverket inledde f\u00f6r ett \u00e5r sedan arbetet f\u00f6r att uppdatera elektrifieringsplanen f\u00f6r Hang\u00f6\u2014Hyvinge-banan, eftersom den tidigare planen fr\u00e5n 2012 hade hunnit f\u00f6r\u00e5ldras.\u00a0Det skulle vara\u00a0av yttersta vikt att elektrifieringsprojektet\u00a0nukommer ig\u00e5ng s\u00e5 snabbt som m\u00f6jligt. F\u00f6r att planen ska kunna f\u00f6rverkligas beh\u00f6vs tillr\u00e4cklig finansiering och d\u00e4rf\u00f6r kr\u00e4ver vi att den m\u00e5ste beaktas i statsbudgeten f\u00f6r n\u00e4sta \u00e5r, s\u00e4ger Blomqvist.<\/p>\n<p>Elektrifieringsprojektet st\u00f6der b\u00e5de regionala och nationella intressen. Hang\u00f6\u00a0Hamn\u00a0utvidgar sin verksamhet\u00a0och p\u00e5 ett \u00e5r har j\u00e4rnv\u00e4gsfrakten fr\u00e5n\u00a0hamnen\u00a0f\u00f6rdubblats.<\/p>\n<p>&#8211;\u00a0En elektrifiering av\u00a0Hang\u00f6\u2014Hyvinge-banan\u00a0skulle\u00a0st\u00f6da Hang\u00f6 Hamns\u00a0positiva utveckling och n\u00e4r det g\u00e5r bra f\u00f6r\u00a0Hang\u00f6\u00a0Hamn\u00a0g\u00e5r det bra f\u00f6r V\u00e4stnyland.\u00a0En elektrifiering\u00a0kan ocks\u00e5 gynna andra f\u00f6retag i\u00a0regionen och banansn\u00e4romr\u00e5den\u00a0genom f\u00f6rst\u00e4rkta\u00a0verksamhetsf\u00f6ruts\u00e4ttningar.\u00a0Investeringar som har positiva effekter p\u00e5 den ekonomiska tillv\u00e4xten och syssels\u00e4ttningen borde\u00a0ocks\u00e5\u00a0vara av nationellt intresse, s\u00e4ger\u00a0Feldt-Ranta.<\/p>\n<p>Det finns ocks\u00e5 andra viktiga f\u00f6rdelar\u00a0med en elektrifiering.<\/p>\n<p>&#8211;\u00a0Finland m\u00e5ste p\u00e5 olika s\u00e4tt f\u00f6rs\u00f6ka n\u00e5 upp till sina klimatpolitiska m\u00e5ls\u00e4ttningar och d\u00e4rf\u00f6r \u00e4r det\u00a0viktigt att vi fr\u00e4mjar milj\u00f6v\u00e4nliga j\u00e4rnv\u00e4gstransporter framom landsv\u00e4gstransporter.\u00a0Inom persontrafiken\u00a0kan elektrifieringen \u00f6ppna f\u00f6r nya direkta f\u00f6rbindelser. Att fr\u00e4mja j\u00e4rnv\u00e4gstransporter\u00a0\u00f6kar ocks\u00e5 trafiks\u00e4kerheten. Den tunga trafikens belastning \u00e4r stor p\u00e5 b\u00e5de riksv\u00e4g 25 och\u00a0stamv\u00e4g51\u00a0och d\u00e5\u00a0underh\u00e5llet\u00a0inte prioriteras av staten borde man\u00a0f\u00f6rb\u00e4ttra trafiks\u00e4kerheten\u00a0med andra \u00e5tg\u00e4rder, s\u00e4ger Adlercreutz.<\/p>\n<p>Thomas Blomqvist, Anders Adlercreutz, Maarit Feldt-Ranta samt\u00a0Joona R\u00e4s\u00e4nen (SDP)\u00a0och Johanna Karim\u00e4ki (gr\u00f6na) har l\u00e4mnat in en\u00a0gemensam budgetmotion\u00a0om anslag f\u00f6r elektrifieringen av\u00a0Hang\u00f6\u2014Hyvinge-banan.<\/p>\n","protected":false},"excerpt":{"rendered":"<p>Hang\u00f6\u2014Hyvinge-banan\u00a0\u00e4r den enda banan f\u00f6r godstrafik i s\u00f6dra Finland som inte \u00e4nnu elektrifierats.\u00a0Riksdagsledam\u00f6terna\u00a0Thomas Blomqvist (SFP),\u00a0Anders Adlercreutz (SFP), Maarit Feldt-Ranta (SDP)\u00a0kr\u00e4ver att\u00a0elektrifieringen\u00a0av banan\u00a0snabbt f\u00f6rverkligas. &#8211;\u00a0Trafikverket inledde f\u00f6r ett \u00e5r sedan arbetet f\u00f6r att uppdatera elektrifieringsplanen f\u00f6r Hang\u00f6\u2014Hyvinge-banan, eftersom den tidigare planen fr\u00e5n 2012 hade hunnit f\u00f6r\u00e5ldras.\u00a0Det skulle vara\u00a0av yttersta vikt att elektrifieringsprojektet\u00a0nukommer ig\u00e5ng s\u00e5 snabbt som [&hellip;]<\/p>\n","protected":false},"author":1,"featured_media":3866,"comment_status":"open","ping_status":"open","sticky":false,"template":"","format":"standard","meta":{"jetpack_post_was_ever_published":false,"_jetpack_newsletter_access":"","jetpack_publicize_message":"","jetpack_is_tweetstorm":false,"jetpack_publicize_feature_enabled":true,"jetpack_social_post_already_shared":true,"jetpack_social_options":{"image_generator_settings":{"template":"highway","enabled":false}}},"categories":[32,72],"tags":[],"jetpack_publicize_connections":[],"yoast_head":"<!-- This site is optimized with the Yoast SEO plugin v20.12 - https:\/\/yoast.com\/wordpress\/plugins\/seo\/ -->\n<title>V\u00e4stnyl\u00e4ndska riksdagsledam\u00f6ter: Dags att f\u00f6rverkliga elektrifieringen av Hang\u00f6\u2014Hyvinge-banan - Anders Adlercreutz<\/title>\n<meta name=\"robots\" content=\"index, follow, max-snippet:-1, max-image-preview:large, max-video-preview:-1\" \/>\n<link rel=\"canonical\" href=\"https:\/\/andersadlercreutz.fi\/blog\/kollektivtrafik\/vastnylandska-riksdagsledamoter-dags-att-forverkliga-elektrifieringen-av-hango-hyvinge-banan\/\" \/>\n<meta property=\"og:locale\" content=\"sv_SE\" \/>\n<meta property=\"og:type\" content=\"article\" \/>\n<meta property=\"og:title\" content=\"V\u00e4stnyl\u00e4ndska riksdagsledam\u00f6ter: Dags att f\u00f6rverkliga elektrifieringen av Hang\u00f6\u2014Hyvinge-banan - Anders Adlercreutz\" \/>\n<meta property=\"og:description\" content=\"Hang\u00f6\u2014Hyvinge-banan\u00a0\u00e4r den enda banan f\u00f6r godstrafik i s\u00f6dra Finland som inte \u00e4nnu elektrifierats.\u00a0Riksdagsledam\u00f6terna\u00a0Thomas Blomqvist (SFP),\u00a0Anders Adlercreutz (SFP), Maarit Feldt-Ranta (SDP)\u00a0kr\u00e4ver att\u00a0elektrifieringen\u00a0av banan\u00a0snabbt f\u00f6rverkligas. &#8211;\u00a0Trafikverket inledde f\u00f6r ett \u00e5r sedan arbetet f\u00f6r att uppdatera elektrifieringsplanen f\u00f6r Hang\u00f6\u2014Hyvinge-banan, eftersom den tidigare planen fr\u00e5n 2012 hade hunnit f\u00f6r\u00e5ldras.\u00a0Det skulle vara\u00a0av yttersta vikt att elektrifieringsprojektet\u00a0nukommer ig\u00e5ng s\u00e5 snabbt som [&hellip;]\" \/>\n<meta property=\"og:url\" content=\"https:\/\/andersadlercreutz.fi\/blog\/kollektivtrafik\/vastnylandska-riksdagsledamoter-dags-att-forverkliga-elektrifieringen-av-hango-hyvinge-banan\/\" \/>\n<meta property=\"og:site_name\" content=\"Anders Adlercreutz\" \/>\n<meta property=\"article:published_time\" content=\"2018-09-28T12:51:07+00:00\" \/>\n<meta property=\"og:image\" content=\"https:\/\/i0.wp.com\/andersadlercreutz.fi\/blog\/wp-content\/uploads\/2018\/01\/Anders-RD012018-1.jpg?fit=1800%2C1141&ssl=1\" \/>\n\t<meta property=\"og:image:width\" content=\"1800\" \/>\n\t<meta property=\"og:image:height\" content=\"1141\" \/>\n\t<meta property=\"og:image:type\" content=\"image\/jpeg\" \/>\n<meta name=\"author\" content=\"Anders\" \/>\n<meta name=\"twitter:card\" content=\"summary_large_image\" \/>\n<meta name=\"twitter:label1\" content=\"Skriven av\" \/>\n\t<meta name=\"twitter:data1\" content=\"Anders\" \/>\n\t<meta name=\"twitter:label2\" content=\"Ber\u00e4knad l\u00e4stid\" \/>\n\t<meta name=\"twitter:data2\" content=\"2 minuter\" \/>\n<script type=\"application\/ld+json\" class=\"yoast-schema-graph\">{\"@context\":\"https:\/\/schema.org\",\"@graph\":[{\"@type\":\"WebPage\",\"@id\":\"https:\/\/andersadlercreutz.fi\/blog\/kollektivtrafik\/vastnylandska-riksdagsledamoter-dags-att-forverkliga-elektrifieringen-av-hango-hyvinge-banan\/\",\"url\":\"https:\/\/andersadlercreutz.fi\/blog\/kollektivtrafik\/vastnylandska-riksdagsledamoter-dags-att-forverkliga-elektrifieringen-av-hango-hyvinge-banan\/\",\"name\":\"V\u00e4stnyl\u00e4ndska riksdagsledam\u00f6ter: Dags att f\u00f6rverkliga elektrifieringen av Hang\u00f6\u2014Hyvinge-banan - Anders Adlercreutz\",\"isPartOf\":{\"@id\":\"https:\/\/andersadlercreutz.fi\/blog\/#website\"},\"datePublished\":\"2018-09-28T12:51:07+00:00\",\"dateModified\":\"2018-09-28T12:51:07+00:00\",\"author\":{\"@id\":\"https:\/\/andersadlercreutz.fi\/blog\/#\/schema\/person\/47d4b72eded862b484f74bb4b3a2354f\"},\"breadcrumb\":{\"@id\":\"https:\/\/andersadlercreutz.fi\/blog\/kollektivtrafik\/vastnylandska-riksdagsledamoter-dags-att-forverkliga-elektrifieringen-av-hango-hyvinge-banan\/#breadcrumb\"},\"inLanguage\":\"sv-SE\",\"potentialAction\":[{\"@type\":\"ReadAction\",\"target\":[\"https:\/\/andersadlercreutz.fi\/blog\/kollektivtrafik\/vastnylandska-riksdagsledamoter-dags-att-forverkliga-elektrifieringen-av-hango-hyvinge-banan\/\"]}]},{\"@type\":\"BreadcrumbList\",\"@id\":\"https:\/\/andersadlercreutz.fi\/blog\/kollektivtrafik\/vastnylandska-riksdagsledamoter-dags-att-forverkliga-elektrifieringen-av-hango-hyvinge-banan\/#breadcrumb\",\"itemListElement\":[{\"@type\":\"ListItem\",\"position\":1,\"name\":\"Home\",\"item\":\"https:\/\/andersadlercreutz.fi\/blog\/blogg\/?lang=sv\"},{\"@type\":\"ListItem\",\"position\":2,\"name\":\"V\u00e4stnyl\u00e4ndska riksdagsledam\u00f6ter: Dags att f\u00f6rverkliga elektrifieringen av Hang\u00f6\u2014Hyvinge-banan\"}]},{\"@type\":\"WebSite\",\"@id\":\"https:\/\/andersadlercreutz.fi\/blog\/#website\",\"url\":\"https:\/\/andersadlercreutz.fi\/blog\/\",\"name\":\"Anders Adlercreutz\",\"description\":\"Du. Jag. Vi. Kest&auml;v&auml;sti optimisti\",\"potentialAction\":[{\"@type\":\"SearchAction\",\"target\":{\"@type\":\"EntryPoint\",\"urlTemplate\":\"https:\/\/andersadlercreutz.fi\/blog\/?s={search_term_string}\"},\"query-input\":\"required name=search_term_string\"}],\"inLanguage\":\"sv-SE\"},{\"@type\":\"Person\",\"@id\":\"https:\/\/andersadlercreutz.fi\/blog\/#\/schema\/person\/47d4b72eded862b484f74bb4b3a2354f\",\"name\":\"Anders\",\"image\":{\"@type\":\"ImageObject\",\"inLanguage\":\"sv-SE\",\"@id\":\"https:\/\/andersadlercreutz.fi\/blog\/#\/schema\/person\/image\/\",\"url\":\"https:\/\/secure.gravatar.com\/avatar\/a144c9bda7a581ff6fabba169027e620?s=96&d=mm&r=g\",\"contentUrl\":\"https:\/\/secure.gravatar.com\/avatar\/a144c9bda7a581ff6fabba169027e620?s=96&d=mm&r=g\",\"caption\":\"Anders\"},\"url\":\"https:\/\/andersadlercreutz.fi\/blog\/author\/admin\/\"}]}<\/script>\n<!-- \/ Yoast SEO plugin. -->","yoast_head_json":{"title":"V\u00e4stnyl\u00e4ndska riksdagsledam\u00f6ter: Dags att f\u00f6rverkliga elektrifieringen av Hang\u00f6\u2014Hyvinge-banan - Anders Adlercreutz","robots":{"index":"index","follow":"follow","max-snippet":"max-snippet:-1","max-image-preview":"max-image-preview:large","max-video-preview":"max-video-preview:-1"},"canonical":"https:\/\/andersadlercreutz.fi\/blog\/kollektivtrafik\/vastnylandska-riksdagsledamoter-dags-att-forverkliga-elektrifieringen-av-hango-hyvinge-banan\/","og_locale":"sv_SE","og_type":"article","og_title":"V\u00e4stnyl\u00e4ndska riksdagsledam\u00f6ter: Dags att f\u00f6rverkliga elektrifieringen av Hang\u00f6\u2014Hyvinge-banan - Anders Adlercreutz","og_description":"Hang\u00f6\u2014Hyvinge-banan\u00a0\u00e4r den enda banan f\u00f6r godstrafik i s\u00f6dra Finland som inte \u00e4nnu elektrifierats.\u00a0Riksdagsledam\u00f6terna\u00a0Thomas Blomqvist (SFP),\u00a0Anders Adlercreutz (SFP), Maarit Feldt-Ranta (SDP)\u00a0kr\u00e4ver att\u00a0elektrifieringen\u00a0av banan\u00a0snabbt f\u00f6rverkligas. &#8211;\u00a0Trafikverket inledde f\u00f6r ett \u00e5r sedan arbetet f\u00f6r att uppdatera elektrifieringsplanen f\u00f6r Hang\u00f6\u2014Hyvinge-banan, eftersom den tidigare planen fr\u00e5n 2012 hade hunnit f\u00f6r\u00e5ldras.\u00a0Det skulle vara\u00a0av yttersta vikt att elektrifieringsprojektet\u00a0nukommer ig\u00e5ng s\u00e5 snabbt som [&hellip;]","og_url":"https:\/\/andersadlercreutz.fi\/blog\/kollektivtrafik\/vastnylandska-riksdagsledamoter-dags-att-forverkliga-elektrifieringen-av-hango-hyvinge-banan\/","og_site_name":"Anders Adlercreutz","article_published_time":"2018-09-28T12:51:07+00:00","og_image":[{"width":1800,"height":1141,"url":"https:\/\/i0.wp.com\/andersadlercreutz.fi\/blog\/wp-content\/uploads\/2018\/01\/Anders-RD012018-1.jpg?fit=1800%2C1141&ssl=1","type":"image\/jpeg"}],"author":"Anders","twitter_card":"summary_large_image","twitter_misc":{"Skriven av":"Anders","Ber\u00e4knad l\u00e4stid":"2 minuter"},"schema":{"@context":"https:\/\/schema.org","@graph":[{"@type":"WebPage","@id":"https:\/\/andersadlercreutz.fi\/blog\/kollektivtrafik\/vastnylandska-riksdagsledamoter-dags-att-forverkliga-elektrifieringen-av-hango-hyvinge-banan\/","url":"https:\/\/andersadlercreutz.fi\/blog\/kollektivtrafik\/vastnylandska-riksdagsledamoter-dags-att-forverkliga-elektrifieringen-av-hango-hyvinge-banan\/","name":"V\u00e4stnyl\u00e4ndska riksdagsledam\u00f6ter: Dags att f\u00f6rverkliga elektrifieringen av Hang\u00f6\u2014Hyvinge-banan - Anders Adlercreutz","isPartOf":{"@id":"https:\/\/andersadlercreutz.fi\/blog\/#website"},"datePublished":"2018-09-28T12:51:07+00:00","dateModified":"2018-09-28T12:51:07+00:00","author":{"@id":"https:\/\/andersadlercreutz.fi\/blog\/#\/schema\/person\/47d4b72eded862b484f74bb4b3a2354f"},"breadcrumb":{"@id":"https:\/\/andersadlercreutz.fi\/blog\/kollektivtrafik\/vastnylandska-riksdagsledamoter-dags-att-forverkliga-elektrifieringen-av-hango-hyvinge-banan\/#breadcrumb"},"inLanguage":"sv-SE","potentialAction":[{"@type":"ReadAction","target":["https:\/\/andersadlercreutz.fi\/blog\/kollektivtrafik\/vastnylandska-riksdagsledamoter-dags-att-forverkliga-elektrifieringen-av-hango-hyvinge-banan\/"]}]},{"@type":"BreadcrumbList","@id":"https:\/\/andersadlercreutz.fi\/blog\/kollektivtrafik\/vastnylandska-riksdagsledamoter-dags-att-forverkliga-elektrifieringen-av-hango-hyvinge-banan\/#breadcrumb","itemListElement":[{"@type":"ListItem","position":1,"name":"Home","item":"https:\/\/andersadlercreutz.fi\/blog\/blogg\/?lang=sv"},{"@type":"ListItem","position":2,"name":"V\u00e4stnyl\u00e4ndska riksdagsledam\u00f6ter: Dags att f\u00f6rverkliga elektrifieringen av Hang\u00f6\u2014Hyvinge-banan"}]},{"@type":"WebSite","@id":"https:\/\/andersadlercreutz.fi\/blog\/#website","url":"https:\/\/andersadlercreutz.fi\/blog\/","name":"Anders Adlercreutz","description":"Du. Jag. Vi. Kest&auml;v&auml;sti optimisti","potentialAction":[{"@type":"SearchAction","target":{"@type":"EntryPoint","urlTemplate":"https:\/\/andersadlercreutz.fi\/blog\/?s={search_term_string}"},"query-input":"required name=search_term_string"}],"inLanguage":"sv-SE"},{"@type":"Person","@id":"https:\/\/andersadlercreutz.fi\/blog\/#\/schema\/person\/47d4b72eded862b484f74bb4b3a2354f","name":"Anders","image":{"@type":"ImageObject","inLanguage":"sv-SE","@id":"https:\/\/andersadlercreutz.fi\/blog\/#\/schema\/person\/image\/","url":"https:\/\/secure.gravatar.com\/avatar\/a144c9bda7a581ff6fabba169027e620?s=96&d=mm&r=g","contentUrl":"https:\/\/secure.gravatar.com\/avatar\/a144c9bda7a581ff6fabba169027e620?s=96&d=mm&r=g","caption":"Anders"},"url":"https:\/\/andersadlercreutz.fi\/blog\/author\/admin\/"}]}},"jetpack_featured_media_url":"https:\/\/i0.wp.com\/andersadlercreutz.fi\/blog\/wp-content\/uploads\/2018\/01\/Anders-RD012018-1.jpg?fit=1800%2C1141&ssl=1","jetpack_shortlink":"https:\/\/wp.me\/p4T6Dh-175","jetpack_sharing_enabled":true,"_links":{"self":[{"href":"https:\/\/andersadlercreutz.fi\/blog\/wp-json\/wp\/v2\/posts\/4283"}],"collection":[{"href":"https:\/\/andersadlercreutz.fi\/blog\/wp-json\/wp\/v2\/posts"}],"about":[{"href":"https:\/\/andersadlercreutz.fi\/blog\/wp-json\/wp\/v2\/types\/post"}],"author":[{"embeddable":true,"href":"https:\/\/andersadlercreutz.fi\/blog\/wp-json\/wp\/v2\/users\/1"}],"replies":[{"embeddable":true,"href":"https:\/\/andersadlercreutz.fi\/blog\/wp-json\/wp\/v2\/comments?post=4283"}],"version-history":[{"count":1,"href":"https:\/\/andersadlercreutz.fi\/blog\/wp-json\/wp\/v2\/posts\/4283\/revisions"}],"predecessor-version":[{"id":4284,"href":"https:\/\/andersadlercreutz.fi\/blog\/wp-json\/wp\/v2\/posts\/4283\/revisions\/4284"}],"wp:featuredmedia":[{"embeddable":true,"href":"https:\/\/andersadlercreutz.fi\/blog\/wp-json\/wp\/v2\/media\/3866"}],"wp:attachment":[{"href":"https:\/\/andersadlercreutz.fi\/blog\/wp-json\/wp\/v2\/media?parent=4283"}],"wp:term":[{"taxonomy":"category","embeddable":true,"href":"https:\/\/andersadlercreutz.fi\/blog\/wp-json\/wp\/v2\/categories?post=4283"},{"taxonomy":"post_tag","embeddable":true,"href":"https:\/\/andersadlercreutz.fi\/blog\/wp-json\/wp\/v2\/tags?post=4283"}],"curies":[{"name":"wp","href":"https:\/\/api.w.org\/{rel}","templated":true}]}}