{"id":4324,"date":"2018-08-27T15:04:24","date_gmt":"2018-08-27T12:04:24","guid":{"rendered":"http:\/\/andersadlercreutz.fi\/blog\/?p=4324"},"modified":"2018-11-07T15:16:15","modified_gmt":"2018-11-07T13:16:15","slug":"adlercreutz-haastaa-kuntalaiset-tekemaan-kirkkonummesta-suomen-ystavallisimmin-kunnan","status":"publish","type":"post","link":"https:\/\/andersadlercreutz.fi\/blog\/lehdistotiedote\/adlercreutz-haastaa-kuntalaiset-tekemaan-kirkkonummesta-suomen-ystavallisimmin-kunnan\/?lang=fi","title":{"rendered":"Adlercreutz haastaa kuntalaiset tekem\u00e4\u00e4n Kirkkonummesta Suomen yst\u00e4v\u00e4llisimm\u00e4n kunnan"},"content":{"rendered":"<p>Kirkkonummi-p\u00e4iv\u00e4n kunniaksi valtuuston puheenjohtaja, kansanedustaja Anders Adlercreutz heitti Kirkkonummen torilla pit\u00e4m\u00e4ss\u00e4 puheessaan kaikille kuntalaisille haasteen.<\/p>\n<p>\u2013 Olen miettinyt, mit\u00e4 sellaista me voisimme tehd\u00e4, jolla olisi meid\u00e4n kaikkien el\u00e4m\u00e4\u00e4n aidosti iso vaikutus, mutta joka ei vaatisi monimutkaisia poliittisia prosesseja tai rahaa. T\u00e4m\u00e4 on oma vastaukseni siihen, Adlerceutz sanoo.<\/p>\n<p>\u2013 Heit\u00e4n Kirkkonummen asukkaille seuraavan pient\u00e4 rohkeuttakin vaativan haasteen: Kun tapaat kenet tahansa &#8211; siis ihan kenet tahansa &#8211; parkkipaikalla, lenkkipolulla, kaupan kassajonossa tai jalkapallokent\u00e4n laidalla niin osoita jollain tavalla, ett\u00e4 olet n\u00e4hnyt h\u00e4net. Katso silmiin ja ny\u00f6kk\u00e4\u00e4 ja jos saat ker\u00e4tty\u00e4 tarpeeksi rohkeutta, niin sano moi, terve tai p\u00e4iv\u00e4\u00e4.<\/p>\n<p>Adlercreutz uskoo vahvasti, ett\u00e4 t\u00e4llaisella asenteen muutoksella voi olla iso vaikutus koko kunnan ilmapiiriin.<\/p>\n<p>\u2013 Jos t\u00e4m\u00e4 haaste saa tuulta alleen, uskon ett\u00e4 hyv\u00e4 l\u00e4htee kiert\u00e4m\u00e4\u00e4n. Siin\u00e4 tapauksessa voi hyv\u00e4ll\u00e4 syyll\u00e4 odottaa, ett\u00e4 kuntamme on vuoden p\u00e4\u00e4st\u00e4 Suomen yst\u00e4v\u00e4llisin kunta.<\/p>\n<p>\u2013 Haastan aluksi mukaan kunnan koko henkil\u00f6st\u00f6n sek\u00e4 kunnan luottamushenkil\u00f6t. Muutos l\u00e4htee meist\u00e4 itsest\u00e4mme.<\/p>\n<p>Haaste l\u00f6ytyy Adlercreutzin Facebook-sivuilta sek\u00e4 sille erikseen luodulta Hei Kirkkonummi -tapahtumasivulta. Adlercreutz kehottaa jakamaan haastetta eteenp\u00e4in.<\/p>\n<p>Haasteeseen liittyv\u00e4\u00e4 keskustelua voi k\u00e4yd\u00e4 sosiaalisissa medioissa aihetunnisteilla <strong>#heikirkkonummi<\/strong> tai <strong>#hejkyrksl\u00e4tt<\/strong>.<\/p>\n","protected":false},"excerpt":{"rendered":"<p>Kirkkonummi-p\u00e4iv\u00e4n kunniaksi valtuuston puheenjohtaja, kansanedustaja Anders Adlercreutz heitti Kirkkonummen torilla pit\u00e4m\u00e4ss\u00e4 puheessaan kaikille kuntalaisille haasteen. \u2013 Olen miettinyt, mit\u00e4 sellaista me voisimme tehd\u00e4, jolla olisi meid\u00e4n kaikkien el\u00e4m\u00e4\u00e4n aidosti iso vaikutus, mutta joka ei vaatisi monimutkaisia poliittisia prosesseja tai rahaa. T\u00e4m\u00e4 on oma vastaukseni siihen, Adlerceutz sanoo. \u2013 Heit\u00e4n Kirkkonummen asukkaille seuraavan pient\u00e4 rohkeuttakin vaativan [&hellip;]<\/p>\n","protected":false},"author":1,"featured_media":3311,"comment_status":"open","ping_status":"open","sticky":false,"template":"","format":"standard","meta":{"jetpack_post_was_ever_published":false,"_jetpack_newsletter_access":"","jetpack_publicize_message":"","jetpack_is_tweetstorm":false,"jetpack_publicize_feature_enabled":true,"jetpack_social_post_already_shared":true,"jetpack_social_options":{"image_generator_settings":{"template":"highway","enabled":false}}},"categories":[71],"tags":[],"jetpack_publicize_connections":[],"yoast_head":"<!-- This site is optimized with the Yoast SEO plugin v20.12 - https:\/\/yoast.com\/wordpress\/plugins\/seo\/ -->\n<title>Adlercreutz haastaa kuntalaiset tekem\u00e4\u00e4n Kirkkonummesta Suomen yst\u00e4v\u00e4llisimm\u00e4n kunnan - Anders Adlercreutz<\/title>\n<meta name=\"robots\" content=\"index, follow, max-snippet:-1, max-image-preview:large, max-video-preview:-1\" \/>\n<link rel=\"canonical\" href=\"https:\/\/andersadlercreutz.fi\/blog\/lehdistotiedote\/adlercreutz-haastaa-kuntalaiset-tekemaan-kirkkonummesta-suomen-ystavallisimmin-kunnan\/\" \/>\n<meta property=\"og:locale\" content=\"sv_SE\" \/>\n<meta property=\"og:type\" content=\"article\" \/>\n<meta property=\"og:title\" content=\"Adlercreutz haastaa kuntalaiset tekem\u00e4\u00e4n Kirkkonummesta Suomen yst\u00e4v\u00e4llisimm\u00e4n kunnan - Anders Adlercreutz\" \/>\n<meta property=\"og:description\" content=\"Kirkkonummi-p\u00e4iv\u00e4n kunniaksi valtuuston puheenjohtaja, kansanedustaja Anders Adlercreutz heitti Kirkkonummen torilla pit\u00e4m\u00e4ss\u00e4 puheessaan kaikille kuntalaisille haasteen. \u2013 Olen miettinyt, mit\u00e4 sellaista me voisimme tehd\u00e4, jolla olisi meid\u00e4n kaikkien el\u00e4m\u00e4\u00e4n aidosti iso vaikutus, mutta joka ei vaatisi monimutkaisia poliittisia prosesseja tai rahaa. T\u00e4m\u00e4 on oma vastaukseni siihen, Adlerceutz sanoo. \u2013 Heit\u00e4n Kirkkonummen asukkaille seuraavan pient\u00e4 rohkeuttakin vaativan [&hellip;]\" \/>\n<meta property=\"og:url\" content=\"https:\/\/andersadlercreutz.fi\/blog\/lehdistotiedote\/adlercreutz-haastaa-kuntalaiset-tekemaan-kirkkonummesta-suomen-ystavallisimmin-kunnan\/?lang=fi\" \/>\n<meta property=\"og:site_name\" content=\"Anders Adlercreutz\" \/>\n<meta property=\"article:published_time\" content=\"2018-08-27T12:04:24+00:00\" \/>\n<meta property=\"article:modified_time\" content=\"2018-11-07T13:16:15+00:00\" \/>\n<meta property=\"og:image\" content=\"https:\/\/i0.wp.com\/andersadlercreutz.fi\/blog\/wp-content\/uploads\/2017\/03\/Anders_RD-10s.jpg?fit=1000%2C662&ssl=1\" \/>\n\t<meta property=\"og:image:width\" content=\"1000\" \/>\n\t<meta property=\"og:image:height\" content=\"662\" \/>\n\t<meta property=\"og:image:type\" content=\"image\/jpeg\" \/>\n<meta name=\"author\" content=\"Anders\" \/>\n<meta name=\"twitter:card\" content=\"summary_large_image\" \/>\n<meta name=\"twitter:label1\" content=\"Skriven av\" \/>\n\t<meta name=\"twitter:data1\" content=\"Anders\" \/>\n\t<meta name=\"twitter:label2\" content=\"Ber\u00e4knad l\u00e4stid\" \/>\n\t<meta name=\"twitter:data2\" content=\"1 minut\" \/>\n<script type=\"application\/ld+json\" class=\"yoast-schema-graph\">{\"@context\":\"https:\/\/schema.org\",\"@graph\":[{\"@type\":\"WebPage\",\"@id\":\"https:\/\/andersadlercreutz.fi\/blog\/lehdistotiedote\/adlercreutz-haastaa-kuntalaiset-tekemaan-kirkkonummesta-suomen-ystavallisimmin-kunnan\/?lang=fi\",\"url\":\"https:\/\/andersadlercreutz.fi\/blog\/lehdistotiedote\/adlercreutz-haastaa-kuntalaiset-tekemaan-kirkkonummesta-suomen-ystavallisimmin-kunnan\/?lang=fi\",\"name\":\"Adlercreutz haastaa kuntalaiset tekem\u00e4\u00e4n Kirkkonummesta Suomen yst\u00e4v\u00e4llisimm\u00e4n kunnan - Anders Adlercreutz\",\"isPartOf\":{\"@id\":\"https:\/\/andersadlercreutz.fi\/blog\/#website\"},\"datePublished\":\"2018-08-27T12:04:24+00:00\",\"dateModified\":\"2018-11-07T13:16:15+00:00\",\"author\":{\"@id\":\"https:\/\/andersadlercreutz.fi\/blog\/#\/schema\/person\/47d4b72eded862b484f74bb4b3a2354f\"},\"breadcrumb\":{\"@id\":\"https:\/\/andersadlercreutz.fi\/blog\/lehdistotiedote\/adlercreutz-haastaa-kuntalaiset-tekemaan-kirkkonummesta-suomen-ystavallisimmin-kunnan\/?lang=fi#breadcrumb\"},\"inLanguage\":\"sv-SE\",\"potentialAction\":[{\"@type\":\"ReadAction\",\"target\":[\"https:\/\/andersadlercreutz.fi\/blog\/lehdistotiedote\/adlercreutz-haastaa-kuntalaiset-tekemaan-kirkkonummesta-suomen-ystavallisimmin-kunnan\/?lang=fi\"]}]},{\"@type\":\"BreadcrumbList\",\"@id\":\"https:\/\/andersadlercreutz.fi\/blog\/lehdistotiedote\/adlercreutz-haastaa-kuntalaiset-tekemaan-kirkkonummesta-suomen-ystavallisimmin-kunnan\/?lang=fi#breadcrumb\",\"itemListElement\":[{\"@type\":\"ListItem\",\"position\":1,\"name\":\"Home\",\"item\":\"https:\/\/andersadlercreutz.fi\/blog\/blogg\/?lang=sv\"},{\"@type\":\"ListItem\",\"position\":2,\"name\":\"Adlercreutz haastaa kuntalaiset tekem\u00e4\u00e4n Kirkkonummesta Suomen yst\u00e4v\u00e4llisimm\u00e4n kunnan\"}]},{\"@type\":\"WebSite\",\"@id\":\"https:\/\/andersadlercreutz.fi\/blog\/#website\",\"url\":\"https:\/\/andersadlercreutz.fi\/blog\/\",\"name\":\"Anders Adlercreutz\",\"description\":\"Du. Jag. Vi. Kest&auml;v&auml;sti optimisti\",\"potentialAction\":[{\"@type\":\"SearchAction\",\"target\":{\"@type\":\"EntryPoint\",\"urlTemplate\":\"https:\/\/andersadlercreutz.fi\/blog\/?s={search_term_string}\"},\"query-input\":\"required name=search_term_string\"}],\"inLanguage\":\"sv-SE\"},{\"@type\":\"Person\",\"@id\":\"https:\/\/andersadlercreutz.fi\/blog\/#\/schema\/person\/47d4b72eded862b484f74bb4b3a2354f\",\"name\":\"Anders\",\"image\":{\"@type\":\"ImageObject\",\"inLanguage\":\"sv-SE\",\"@id\":\"https:\/\/andersadlercreutz.fi\/blog\/#\/schema\/person\/image\/\",\"url\":\"https:\/\/secure.gravatar.com\/avatar\/a144c9bda7a581ff6fabba169027e620?s=96&d=mm&r=g\",\"contentUrl\":\"https:\/\/secure.gravatar.com\/avatar\/a144c9bda7a581ff6fabba169027e620?s=96&d=mm&r=g\",\"caption\":\"Anders\"},\"url\":\"https:\/\/andersadlercreutz.fi\/blog\/author\/admin\/\"}]}<\/script>\n<!-- \/ Yoast SEO plugin. -->","yoast_head_json":{"title":"Adlercreutz haastaa kuntalaiset tekem\u00e4\u00e4n Kirkkonummesta Suomen yst\u00e4v\u00e4llisimm\u00e4n kunnan - Anders Adlercreutz","robots":{"index":"index","follow":"follow","max-snippet":"max-snippet:-1","max-image-preview":"max-image-preview:large","max-video-preview":"max-video-preview:-1"},"canonical":"https:\/\/andersadlercreutz.fi\/blog\/lehdistotiedote\/adlercreutz-haastaa-kuntalaiset-tekemaan-kirkkonummesta-suomen-ystavallisimmin-kunnan\/","og_locale":"sv_SE","og_type":"article","og_title":"Adlercreutz haastaa kuntalaiset tekem\u00e4\u00e4n Kirkkonummesta Suomen yst\u00e4v\u00e4llisimm\u00e4n kunnan - Anders Adlercreutz","og_description":"Kirkkonummi-p\u00e4iv\u00e4n kunniaksi valtuuston puheenjohtaja, kansanedustaja Anders Adlercreutz heitti Kirkkonummen torilla pit\u00e4m\u00e4ss\u00e4 puheessaan kaikille kuntalaisille haasteen. \u2013 Olen miettinyt, mit\u00e4 sellaista me voisimme tehd\u00e4, jolla olisi meid\u00e4n kaikkien el\u00e4m\u00e4\u00e4n aidosti iso vaikutus, mutta joka ei vaatisi monimutkaisia poliittisia prosesseja tai rahaa. T\u00e4m\u00e4 on oma vastaukseni siihen, Adlerceutz sanoo. \u2013 Heit\u00e4n Kirkkonummen asukkaille seuraavan pient\u00e4 rohkeuttakin vaativan [&hellip;]","og_url":"https:\/\/andersadlercreutz.fi\/blog\/lehdistotiedote\/adlercreutz-haastaa-kuntalaiset-tekemaan-kirkkonummesta-suomen-ystavallisimmin-kunnan\/?lang=fi","og_site_name":"Anders Adlercreutz","article_published_time":"2018-08-27T12:04:24+00:00","article_modified_time":"2018-11-07T13:16:15+00:00","og_image":[{"width":1000,"height":662,"url":"https:\/\/i0.wp.com\/andersadlercreutz.fi\/blog\/wp-content\/uploads\/2017\/03\/Anders_RD-10s.jpg?fit=1000%2C662&ssl=1","type":"image\/jpeg"}],"author":"Anders","twitter_card":"summary_large_image","twitter_misc":{"Skriven av":"Anders","Ber\u00e4knad l\u00e4stid":"1 minut"},"schema":{"@context":"https:\/\/schema.org","@graph":[{"@type":"WebPage","@id":"https:\/\/andersadlercreutz.fi\/blog\/lehdistotiedote\/adlercreutz-haastaa-kuntalaiset-tekemaan-kirkkonummesta-suomen-ystavallisimmin-kunnan\/?lang=fi","url":"https:\/\/andersadlercreutz.fi\/blog\/lehdistotiedote\/adlercreutz-haastaa-kuntalaiset-tekemaan-kirkkonummesta-suomen-ystavallisimmin-kunnan\/?lang=fi","name":"Adlercreutz haastaa kuntalaiset tekem\u00e4\u00e4n Kirkkonummesta Suomen yst\u00e4v\u00e4llisimm\u00e4n kunnan - Anders Adlercreutz","isPartOf":{"@id":"https:\/\/andersadlercreutz.fi\/blog\/#website"},"datePublished":"2018-08-27T12:04:24+00:00","dateModified":"2018-11-07T13:16:15+00:00","author":{"@id":"https:\/\/andersadlercreutz.fi\/blog\/#\/schema\/person\/47d4b72eded862b484f74bb4b3a2354f"},"breadcrumb":{"@id":"https:\/\/andersadlercreutz.fi\/blog\/lehdistotiedote\/adlercreutz-haastaa-kuntalaiset-tekemaan-kirkkonummesta-suomen-ystavallisimmin-kunnan\/?lang=fi#breadcrumb"},"inLanguage":"sv-SE","potentialAction":[{"@type":"ReadAction","target":["https:\/\/andersadlercreutz.fi\/blog\/lehdistotiedote\/adlercreutz-haastaa-kuntalaiset-tekemaan-kirkkonummesta-suomen-ystavallisimmin-kunnan\/?lang=fi"]}]},{"@type":"BreadcrumbList","@id":"https:\/\/andersadlercreutz.fi\/blog\/lehdistotiedote\/adlercreutz-haastaa-kuntalaiset-tekemaan-kirkkonummesta-suomen-ystavallisimmin-kunnan\/?lang=fi#breadcrumb","itemListElement":[{"@type":"ListItem","position":1,"name":"Home","item":"https:\/\/andersadlercreutz.fi\/blog\/blogg\/?lang=sv"},{"@type":"ListItem","position":2,"name":"Adlercreutz haastaa kuntalaiset tekem\u00e4\u00e4n Kirkkonummesta Suomen yst\u00e4v\u00e4llisimm\u00e4n kunnan"}]},{"@type":"WebSite","@id":"https:\/\/andersadlercreutz.fi\/blog\/#website","url":"https:\/\/andersadlercreutz.fi\/blog\/","name":"Anders Adlercreutz","description":"Du. Jag. Vi. Kest&auml;v&auml;sti optimisti","potentialAction":[{"@type":"SearchAction","target":{"@type":"EntryPoint","urlTemplate":"https:\/\/andersadlercreutz.fi\/blog\/?s={search_term_string}"},"query-input":"required name=search_term_string"}],"inLanguage":"sv-SE"},{"@type":"Person","@id":"https:\/\/andersadlercreutz.fi\/blog\/#\/schema\/person\/47d4b72eded862b484f74bb4b3a2354f","name":"Anders","image":{"@type":"ImageObject","inLanguage":"sv-SE","@id":"https:\/\/andersadlercreutz.fi\/blog\/#\/schema\/person\/image\/","url":"https:\/\/secure.gravatar.com\/avatar\/a144c9bda7a581ff6fabba169027e620?s=96&d=mm&r=g","contentUrl":"https:\/\/secure.gravatar.com\/avatar\/a144c9bda7a581ff6fabba169027e620?s=96&d=mm&r=g","caption":"Anders"},"url":"https:\/\/andersadlercreutz.fi\/blog\/author\/admin\/"}]}},"jetpack_featured_media_url":"https:\/\/i0.wp.com\/andersadlercreutz.fi\/blog\/wp-content\/uploads\/2017\/03\/Anders_RD-10s.jpg?fit=1000%2C662&ssl=1","jetpack_shortlink":"https:\/\/wp.me\/p4T6Dh-17K","jetpack_sharing_enabled":true,"_links":{"self":[{"href":"https:\/\/andersadlercreutz.fi\/blog\/wp-json\/wp\/v2\/posts\/4324"}],"collection":[{"href":"https:\/\/andersadlercreutz.fi\/blog\/wp-json\/wp\/v2\/posts"}],"about":[{"href":"https:\/\/andersadlercreutz.fi\/blog\/wp-json\/wp\/v2\/types\/post"}],"author":[{"embeddable":true,"href":"https:\/\/andersadlercreutz.fi\/blog\/wp-json\/wp\/v2\/users\/1"}],"replies":[{"embeddable":true,"href":"https:\/\/andersadlercreutz.fi\/blog\/wp-json\/wp\/v2\/comments?post=4324"}],"version-history":[{"count":5,"href":"https:\/\/andersadlercreutz.fi\/blog\/wp-json\/wp\/v2\/posts\/4324\/revisions"}],"predecessor-version":[{"id":4329,"href":"https:\/\/andersadlercreutz.fi\/blog\/wp-json\/wp\/v2\/posts\/4324\/revisions\/4329"}],"wp:featuredmedia":[{"embeddable":true,"href":"https:\/\/andersadlercreutz.fi\/blog\/wp-json\/wp\/v2\/media\/3311"}],"wp:attachment":[{"href":"https:\/\/andersadlercreutz.fi\/blog\/wp-json\/wp\/v2\/media?parent=4324"}],"wp:term":[{"taxonomy":"category","embeddable":true,"href":"https:\/\/andersadlercreutz.fi\/blog\/wp-json\/wp\/v2\/categories?post=4324"},{"taxonomy":"post_tag","embeddable":true,"href":"https:\/\/andersadlercreutz.fi\/blog\/wp-json\/wp\/v2\/tags?post=4324"}],"curies":[{"name":"wp","href":"https:\/\/api.w.org\/{rel}","templated":true}]}}