{"id":4346,"date":"2018-11-20T16:16:57","date_gmt":"2018-11-20T14:16:57","guid":{"rendered":"http:\/\/andersadlercreutz.fi\/blog\/?p=4346"},"modified":"2018-11-20T16:16:57","modified_gmt":"2018-11-20T14:16:57","slug":"blomqvist-och-adlercreutz-lapsiystavallinen-suomi-edellyttaa-aktiivista-tyota-kuunnallisella-tasolla","status":"publish","type":"post","link":"https:\/\/andersadlercreutz.fi\/blog\/lehdistotiedote\/blomqvist-och-adlercreutz-lapsiystavallinen-suomi-edellyttaa-aktiivista-tyota-kuunnallisella-tasolla\/?lang=fi","title":{"rendered":"Blomqvist och Adlercreutz:  Lapsiyst\u00e4v\u00e4llinen Suomi edellytt\u00e4\u00e4 aktiivista ty\u00f6t\u00e4 kuunnallisella tasolla"},"content":{"rendered":"<p>T\u00e4n\u00e4\u00e4n 20. marraskuuta vietet\u00e4\u00e4n kansainv\u00e4list\u00e4 Lapsen oikeuksien p\u00e4iv\u00e4\u00e4. Syksyn aikana useampi h\u00e4lytt\u00e4v\u00e4 raportti on julkaistu \u00a0lasten hyvinvoinnista Suomessa. Kansanedustajat <strong>Thomas Blomqvist <\/strong>ja <strong>Anders Adlercreutz<\/strong> (RKP) katsovat kehityst\u00e4 kauhistuneina.<\/p>\n<p>&#8211; Lapsik\u00f6yhyys on kolminkertaistunut ja joka kolmas lapsi Suomessa asuu perheess\u00e4 jolla on alhaiset tulot. Kehitys on h\u00e4lytt\u00e4v\u00e4, Ruotsalaisen eduskuntaryhm\u00e4n puheenjohtaja Thomas Blomqvist sanoo.<\/p>\n<p>K\u00f6yhyys n\u00e4kyy eri tavoin, esimerkiksi siten ettei kotona ole ruokaa. Tutkimuksien mukaan k\u00f6yhyydell\u00e4 vauvai\u00e4ss\u00e4 voi olla vakavia vaikutuksia lapselle pitk\u00e4lle tulevaisuuteen.<\/p>\n<p>&#8211; Yhteiskunnan pit\u00e4\u00e4 paremmin n\u00e4hd\u00e4 lapsia jotka el\u00e4v\u00e4t haavoittuvissa olosuhteissa ja antaa heille erityist\u00e4 apua. Paitsi, ett\u00e4 k\u00f6yhyys on tosiasia monelle tied\u00e4mme, ett\u00e4 yksi nelj\u00e4st\u00e4 lapsesta el\u00e4\u00e4 perheess\u00e4 jossa ainakin yksi vanhemmista k\u00e4rsii mielenterveysongelmista tai on p\u00e4ihteidenk\u00e4ytt\u00e4j\u00e4, Anders Adlercreutz sanoo.<\/p>\n<p>Blomqvist ja Adlercreutz kehottavat kuntia ammentamaan lapsin\u00e4k\u00f6kulmaa kunnalliseen toimintaan ja tekem\u00e4\u00e4n kunnasta lapsiyst\u00e4v\u00e4llisen Suomen UNICEF:in periaatteiden mukaan. Sek\u00e4 Raaseporille ett\u00e4 Kirkkonummelle, edustjien kotikunnat, on my\u00f6nnetty lapsiyst\u00e4v\u00e4llinen kunta asemaa.<\/p>\n<p>&#8211; Lapsiyst\u00e4v\u00e4llinen kunta-ohjelma on tapa varmistaa ett\u00e4 kunta aktiivisesti ja jatkuvasti edist\u00e4\u00e4 lapsen oikeuksia. T\u00e4ll\u00e4 hetkell\u00e4 ainoastaan 15 kuntaa osallistuvat. Toivomme ett\u00e4 useampi hakisi ohjelmaan &#8211; kunnat ovat avainasemassa kun vahvistetaan lasten hyvinvointia ja asemaa, Blomqvist ja Adlercreutz sanovat.<\/p>\n<p>Lapsiyst\u00e4v\u00e4llinen Suomi vaatii erityisi\u00e4 panostuksia tasavertaisuuteen ja koulutukseen. RKP ehdottaa siksi korotettuja m\u00e4\u00e4r\u00e4rahoja peruskoulutukseen varjobudhetissaan. Perusta lasten tasavertaiselle mahdollisuuksille luodaan jo varhaiskasvatuksessa. \u00a0Puolue ehdottaa siksi, ett\u00e4 kaikilla kolme vuotta t\u00e4ytt\u00e4neill\u00e4 lapsilla olisi oikeus nelj\u00e4 tuntia p\u00e4iv\u00e4ss\u00e4 ilmaiseen varhaiskasvatukseen p\u00e4iv\u00e4ss\u00e4.<\/p>\n","protected":false},"excerpt":{"rendered":"<p>T\u00e4n\u00e4\u00e4n 20. marraskuuta vietet\u00e4\u00e4n kansainv\u00e4list\u00e4 Lapsen oikeuksien p\u00e4iv\u00e4\u00e4. Syksyn aikana useampi h\u00e4lytt\u00e4v\u00e4 raportti on julkaistu \u00a0lasten hyvinvoinnista Suomessa. Kansanedustajat Thomas Blomqvist ja Anders Adlercreutz (RKP) katsovat kehityst\u00e4 kauhistuneina. &#8211; Lapsik\u00f6yhyys on kolminkertaistunut ja joka kolmas lapsi Suomessa asuu perheess\u00e4 jolla on alhaiset tulot. Kehitys on h\u00e4lytt\u00e4v\u00e4, Ruotsalaisen eduskuntaryhm\u00e4n puheenjohtaja Thomas Blomqvist sanoo. K\u00f6yhyys n\u00e4kyy eri [&hellip;]<\/p>\n","protected":false},"author":1,"featured_media":4309,"comment_status":"open","ping_status":"open","sticky":false,"template":"","format":"standard","meta":{"jetpack_post_was_ever_published":false,"_jetpack_newsletter_access":"","jetpack_publicize_message":"","jetpack_is_tweetstorm":false,"jetpack_publicize_feature_enabled":true,"jetpack_social_post_already_shared":true,"jetpack_social_options":{"image_generator_settings":{"template":"highway","enabled":false}}},"categories":[71],"tags":[],"jetpack_publicize_connections":[],"yoast_head":"<!-- This site is optimized with the Yoast SEO plugin v20.12 - https:\/\/yoast.com\/wordpress\/plugins\/seo\/ -->\n<title>Blomqvist och Adlercreutz: Lapsiyst\u00e4v\u00e4llinen Suomi edellytt\u00e4\u00e4 aktiivista ty\u00f6t\u00e4 kuunnallisella tasolla - Anders Adlercreutz<\/title>\n<meta name=\"robots\" content=\"index, follow, max-snippet:-1, max-image-preview:large, max-video-preview:-1\" \/>\n<link rel=\"canonical\" href=\"https:\/\/andersadlercreutz.fi\/blog\/lehdistotiedote\/blomqvist-och-adlercreutz-lapsiystavallinen-suomi-edellyttaa-aktiivista-tyota-kuunnallisella-tasolla\/\" \/>\n<meta property=\"og:locale\" content=\"sv_SE\" \/>\n<meta property=\"og:type\" content=\"article\" \/>\n<meta property=\"og:title\" content=\"Blomqvist och Adlercreutz: Lapsiyst\u00e4v\u00e4llinen Suomi edellytt\u00e4\u00e4 aktiivista ty\u00f6t\u00e4 kuunnallisella tasolla - Anders Adlercreutz\" \/>\n<meta property=\"og:description\" content=\"T\u00e4n\u00e4\u00e4n 20. marraskuuta vietet\u00e4\u00e4n kansainv\u00e4list\u00e4 Lapsen oikeuksien p\u00e4iv\u00e4\u00e4. Syksyn aikana useampi h\u00e4lytt\u00e4v\u00e4 raportti on julkaistu \u00a0lasten hyvinvoinnista Suomessa. Kansanedustajat Thomas Blomqvist ja Anders Adlercreutz (RKP) katsovat kehityst\u00e4 kauhistuneina. &#8211; Lapsik\u00f6yhyys on kolminkertaistunut ja joka kolmas lapsi Suomessa asuu perheess\u00e4 jolla on alhaiset tulot. Kehitys on h\u00e4lytt\u00e4v\u00e4, Ruotsalaisen eduskuntaryhm\u00e4n puheenjohtaja Thomas Blomqvist sanoo. K\u00f6yhyys n\u00e4kyy eri [&hellip;]\" \/>\n<meta property=\"og:url\" content=\"https:\/\/andersadlercreutz.fi\/blog\/lehdistotiedote\/blomqvist-och-adlercreutz-lapsiystavallinen-suomi-edellyttaa-aktiivista-tyota-kuunnallisella-tasolla\/?lang=fi\" \/>\n<meta property=\"og:site_name\" content=\"Anders Adlercreutz\" \/>\n<meta property=\"article:published_time\" content=\"2018-11-20T14:16:57+00:00\" \/>\n<meta property=\"og:image\" content=\"https:\/\/i0.wp.com\/andersadlercreutz.fi\/blog\/wp-content\/uploads\/2018\/10\/Anders-h\u00e4sten-2018-9.jpg?fit=1214%2C809&ssl=1\" \/>\n\t<meta property=\"og:image:width\" content=\"1214\" \/>\n\t<meta property=\"og:image:height\" content=\"809\" \/>\n\t<meta property=\"og:image:type\" content=\"image\/jpeg\" \/>\n<meta name=\"author\" content=\"Anders\" \/>\n<meta name=\"twitter:card\" content=\"summary_large_image\" \/>\n<meta name=\"twitter:label1\" content=\"Skriven av\" \/>\n\t<meta name=\"twitter:data1\" content=\"Anders\" \/>\n\t<meta name=\"twitter:label2\" content=\"Ber\u00e4knad l\u00e4stid\" \/>\n\t<meta name=\"twitter:data2\" content=\"1 minut\" \/>\n<script type=\"application\/ld+json\" class=\"yoast-schema-graph\">{\"@context\":\"https:\/\/schema.org\",\"@graph\":[{\"@type\":\"WebPage\",\"@id\":\"https:\/\/andersadlercreutz.fi\/blog\/lehdistotiedote\/blomqvist-och-adlercreutz-lapsiystavallinen-suomi-edellyttaa-aktiivista-tyota-kuunnallisella-tasolla\/?lang=fi\",\"url\":\"https:\/\/andersadlercreutz.fi\/blog\/lehdistotiedote\/blomqvist-och-adlercreutz-lapsiystavallinen-suomi-edellyttaa-aktiivista-tyota-kuunnallisella-tasolla\/?lang=fi\",\"name\":\"Blomqvist och Adlercreutz: Lapsiyst\u00e4v\u00e4llinen Suomi edellytt\u00e4\u00e4 aktiivista ty\u00f6t\u00e4 kuunnallisella tasolla - Anders Adlercreutz\",\"isPartOf\":{\"@id\":\"https:\/\/andersadlercreutz.fi\/blog\/#website\"},\"datePublished\":\"2018-11-20T14:16:57+00:00\",\"dateModified\":\"2018-11-20T14:16:57+00:00\",\"author\":{\"@id\":\"https:\/\/andersadlercreutz.fi\/blog\/#\/schema\/person\/47d4b72eded862b484f74bb4b3a2354f\"},\"breadcrumb\":{\"@id\":\"https:\/\/andersadlercreutz.fi\/blog\/lehdistotiedote\/blomqvist-och-adlercreutz-lapsiystavallinen-suomi-edellyttaa-aktiivista-tyota-kuunnallisella-tasolla\/?lang=fi#breadcrumb\"},\"inLanguage\":\"sv-SE\",\"potentialAction\":[{\"@type\":\"ReadAction\",\"target\":[\"https:\/\/andersadlercreutz.fi\/blog\/lehdistotiedote\/blomqvist-och-adlercreutz-lapsiystavallinen-suomi-edellyttaa-aktiivista-tyota-kuunnallisella-tasolla\/?lang=fi\"]}]},{\"@type\":\"BreadcrumbList\",\"@id\":\"https:\/\/andersadlercreutz.fi\/blog\/lehdistotiedote\/blomqvist-och-adlercreutz-lapsiystavallinen-suomi-edellyttaa-aktiivista-tyota-kuunnallisella-tasolla\/?lang=fi#breadcrumb\",\"itemListElement\":[{\"@type\":\"ListItem\",\"position\":1,\"name\":\"Home\",\"item\":\"https:\/\/andersadlercreutz.fi\/blog\/blogg\/?lang=sv\"},{\"@type\":\"ListItem\",\"position\":2,\"name\":\"Blomqvist och Adlercreutz: Lapsiyst\u00e4v\u00e4llinen Suomi edellytt\u00e4\u00e4 aktiivista ty\u00f6t\u00e4 kuunnallisella tasolla\"}]},{\"@type\":\"WebSite\",\"@id\":\"https:\/\/andersadlercreutz.fi\/blog\/#website\",\"url\":\"https:\/\/andersadlercreutz.fi\/blog\/\",\"name\":\"Anders Adlercreutz\",\"description\":\"Du. Jag. Vi. Kest&auml;v&auml;sti optimisti\",\"potentialAction\":[{\"@type\":\"SearchAction\",\"target\":{\"@type\":\"EntryPoint\",\"urlTemplate\":\"https:\/\/andersadlercreutz.fi\/blog\/?s={search_term_string}\"},\"query-input\":\"required name=search_term_string\"}],\"inLanguage\":\"sv-SE\"},{\"@type\":\"Person\",\"@id\":\"https:\/\/andersadlercreutz.fi\/blog\/#\/schema\/person\/47d4b72eded862b484f74bb4b3a2354f\",\"name\":\"Anders\",\"image\":{\"@type\":\"ImageObject\",\"inLanguage\":\"sv-SE\",\"@id\":\"https:\/\/andersadlercreutz.fi\/blog\/#\/schema\/person\/image\/\",\"url\":\"https:\/\/secure.gravatar.com\/avatar\/a144c9bda7a581ff6fabba169027e620?s=96&d=mm&r=g\",\"contentUrl\":\"https:\/\/secure.gravatar.com\/avatar\/a144c9bda7a581ff6fabba169027e620?s=96&d=mm&r=g\",\"caption\":\"Anders\"},\"url\":\"https:\/\/andersadlercreutz.fi\/blog\/author\/admin\/\"}]}<\/script>\n<!-- \/ Yoast SEO plugin. -->","yoast_head_json":{"title":"Blomqvist och Adlercreutz: Lapsiyst\u00e4v\u00e4llinen Suomi edellytt\u00e4\u00e4 aktiivista ty\u00f6t\u00e4 kuunnallisella tasolla - Anders Adlercreutz","robots":{"index":"index","follow":"follow","max-snippet":"max-snippet:-1","max-image-preview":"max-image-preview:large","max-video-preview":"max-video-preview:-1"},"canonical":"https:\/\/andersadlercreutz.fi\/blog\/lehdistotiedote\/blomqvist-och-adlercreutz-lapsiystavallinen-suomi-edellyttaa-aktiivista-tyota-kuunnallisella-tasolla\/","og_locale":"sv_SE","og_type":"article","og_title":"Blomqvist och Adlercreutz: Lapsiyst\u00e4v\u00e4llinen Suomi edellytt\u00e4\u00e4 aktiivista ty\u00f6t\u00e4 kuunnallisella tasolla - Anders Adlercreutz","og_description":"T\u00e4n\u00e4\u00e4n 20. marraskuuta vietet\u00e4\u00e4n kansainv\u00e4list\u00e4 Lapsen oikeuksien p\u00e4iv\u00e4\u00e4. Syksyn aikana useampi h\u00e4lytt\u00e4v\u00e4 raportti on julkaistu \u00a0lasten hyvinvoinnista Suomessa. Kansanedustajat Thomas Blomqvist ja Anders Adlercreutz (RKP) katsovat kehityst\u00e4 kauhistuneina. &#8211; Lapsik\u00f6yhyys on kolminkertaistunut ja joka kolmas lapsi Suomessa asuu perheess\u00e4 jolla on alhaiset tulot. Kehitys on h\u00e4lytt\u00e4v\u00e4, Ruotsalaisen eduskuntaryhm\u00e4n puheenjohtaja Thomas Blomqvist sanoo. K\u00f6yhyys n\u00e4kyy eri [&hellip;]","og_url":"https:\/\/andersadlercreutz.fi\/blog\/lehdistotiedote\/blomqvist-och-adlercreutz-lapsiystavallinen-suomi-edellyttaa-aktiivista-tyota-kuunnallisella-tasolla\/?lang=fi","og_site_name":"Anders Adlercreutz","article_published_time":"2018-11-20T14:16:57+00:00","og_image":[{"width":1214,"height":809,"url":"https:\/\/i0.wp.com\/andersadlercreutz.fi\/blog\/wp-content\/uploads\/2018\/10\/Anders-h\u00e4sten-2018-9.jpg?fit=1214%2C809&ssl=1","type":"image\/jpeg"}],"author":"Anders","twitter_card":"summary_large_image","twitter_misc":{"Skriven av":"Anders","Ber\u00e4knad l\u00e4stid":"1 minut"},"schema":{"@context":"https:\/\/schema.org","@graph":[{"@type":"WebPage","@id":"https:\/\/andersadlercreutz.fi\/blog\/lehdistotiedote\/blomqvist-och-adlercreutz-lapsiystavallinen-suomi-edellyttaa-aktiivista-tyota-kuunnallisella-tasolla\/?lang=fi","url":"https:\/\/andersadlercreutz.fi\/blog\/lehdistotiedote\/blomqvist-och-adlercreutz-lapsiystavallinen-suomi-edellyttaa-aktiivista-tyota-kuunnallisella-tasolla\/?lang=fi","name":"Blomqvist och Adlercreutz: Lapsiyst\u00e4v\u00e4llinen Suomi edellytt\u00e4\u00e4 aktiivista ty\u00f6t\u00e4 kuunnallisella tasolla - Anders Adlercreutz","isPartOf":{"@id":"https:\/\/andersadlercreutz.fi\/blog\/#website"},"datePublished":"2018-11-20T14:16:57+00:00","dateModified":"2018-11-20T14:16:57+00:00","author":{"@id":"https:\/\/andersadlercreutz.fi\/blog\/#\/schema\/person\/47d4b72eded862b484f74bb4b3a2354f"},"breadcrumb":{"@id":"https:\/\/andersadlercreutz.fi\/blog\/lehdistotiedote\/blomqvist-och-adlercreutz-lapsiystavallinen-suomi-edellyttaa-aktiivista-tyota-kuunnallisella-tasolla\/?lang=fi#breadcrumb"},"inLanguage":"sv-SE","potentialAction":[{"@type":"ReadAction","target":["https:\/\/andersadlercreutz.fi\/blog\/lehdistotiedote\/blomqvist-och-adlercreutz-lapsiystavallinen-suomi-edellyttaa-aktiivista-tyota-kuunnallisella-tasolla\/?lang=fi"]}]},{"@type":"BreadcrumbList","@id":"https:\/\/andersadlercreutz.fi\/blog\/lehdistotiedote\/blomqvist-och-adlercreutz-lapsiystavallinen-suomi-edellyttaa-aktiivista-tyota-kuunnallisella-tasolla\/?lang=fi#breadcrumb","itemListElement":[{"@type":"ListItem","position":1,"name":"Home","item":"https:\/\/andersadlercreutz.fi\/blog\/blogg\/?lang=sv"},{"@type":"ListItem","position":2,"name":"Blomqvist och Adlercreutz: Lapsiyst\u00e4v\u00e4llinen Suomi edellytt\u00e4\u00e4 aktiivista ty\u00f6t\u00e4 kuunnallisella tasolla"}]},{"@type":"WebSite","@id":"https:\/\/andersadlercreutz.fi\/blog\/#website","url":"https:\/\/andersadlercreutz.fi\/blog\/","name":"Anders Adlercreutz","description":"Du. Jag. Vi. Kest&auml;v&auml;sti optimisti","potentialAction":[{"@type":"SearchAction","target":{"@type":"EntryPoint","urlTemplate":"https:\/\/andersadlercreutz.fi\/blog\/?s={search_term_string}"},"query-input":"required name=search_term_string"}],"inLanguage":"sv-SE"},{"@type":"Person","@id":"https:\/\/andersadlercreutz.fi\/blog\/#\/schema\/person\/47d4b72eded862b484f74bb4b3a2354f","name":"Anders","image":{"@type":"ImageObject","inLanguage":"sv-SE","@id":"https:\/\/andersadlercreutz.fi\/blog\/#\/schema\/person\/image\/","url":"https:\/\/secure.gravatar.com\/avatar\/a144c9bda7a581ff6fabba169027e620?s=96&d=mm&r=g","contentUrl":"https:\/\/secure.gravatar.com\/avatar\/a144c9bda7a581ff6fabba169027e620?s=96&d=mm&r=g","caption":"Anders"},"url":"https:\/\/andersadlercreutz.fi\/blog\/author\/admin\/"}]}},"jetpack_featured_media_url":"https:\/\/i0.wp.com\/andersadlercreutz.fi\/blog\/wp-content\/uploads\/2018\/10\/Anders-h\u00e4sten-2018-9.jpg?fit=1214%2C809&ssl=1","jetpack_shortlink":"https:\/\/wp.me\/p4T6Dh-186","jetpack_sharing_enabled":true,"_links":{"self":[{"href":"https:\/\/andersadlercreutz.fi\/blog\/wp-json\/wp\/v2\/posts\/4346"}],"collection":[{"href":"https:\/\/andersadlercreutz.fi\/blog\/wp-json\/wp\/v2\/posts"}],"about":[{"href":"https:\/\/andersadlercreutz.fi\/blog\/wp-json\/wp\/v2\/types\/post"}],"author":[{"embeddable":true,"href":"https:\/\/andersadlercreutz.fi\/blog\/wp-json\/wp\/v2\/users\/1"}],"replies":[{"embeddable":true,"href":"https:\/\/andersadlercreutz.fi\/blog\/wp-json\/wp\/v2\/comments?post=4346"}],"version-history":[{"count":2,"href":"https:\/\/andersadlercreutz.fi\/blog\/wp-json\/wp\/v2\/posts\/4346\/revisions"}],"predecessor-version":[{"id":4348,"href":"https:\/\/andersadlercreutz.fi\/blog\/wp-json\/wp\/v2\/posts\/4346\/revisions\/4348"}],"wp:featuredmedia":[{"embeddable":true,"href":"https:\/\/andersadlercreutz.fi\/blog\/wp-json\/wp\/v2\/media\/4309"}],"wp:attachment":[{"href":"https:\/\/andersadlercreutz.fi\/blog\/wp-json\/wp\/v2\/media?parent=4346"}],"wp:term":[{"taxonomy":"category","embeddable":true,"href":"https:\/\/andersadlercreutz.fi\/blog\/wp-json\/wp\/v2\/categories?post=4346"},{"taxonomy":"post_tag","embeddable":true,"href":"https:\/\/andersadlercreutz.fi\/blog\/wp-json\/wp\/v2\/tags?post=4346"}],"curies":[{"name":"wp","href":"https:\/\/api.w.org\/{rel}","templated":true}]}}