{"id":4379,"date":"2018-12-05T18:35:15","date_gmt":"2018-12-05T16:35:15","guid":{"rendered":"http:\/\/andersadlercreutz.fi\/blog\/?p=4379"},"modified":"2018-12-05T18:35:15","modified_gmt":"2018-12-05T16:35:15","slug":"vi-behover-en-myndighet-som-sjalvmant-overvakar-och-ingriper-nar-skollagen-och-laroplanen-inte-foljs","status":"publish","type":"post","link":"https:\/\/andersadlercreutz.fi\/blog\/pressmeddelande\/vi-behover-en-myndighet-som-sjalvmant-overvakar-och-ingriper-nar-skollagen-och-laroplanen-inte-foljs\/","title":{"rendered":"Vi beh\u00f6ver en myndighet som sj\u00e4lvmant \u00f6vervakar och ingriper n\u00e4r skollagen och l\u00e4roplanen inte f\u00f6ljs"},"content":{"rendered":"<p><strong>Regionf\u00f6rvaltningen\u00a0m\u00e5ste f\u00e5 st\u00f6rre befogenheter att p\u00e5 eget initiativ granska kvalit\u00e9ten och j\u00e4mlikheten i skolan. V\u00e5rt nuvarande \u00f6vervakningssystem \u00e4r tandl\u00f6st, l\u00e5ngsamt och byr\u00e5kratiskt,\u00a0anser\u00a0Finlands Svenska L\u00e4rarf\u00f6rbund, Hem\u00a0och\u00a0Skola och Finlands Svenska Skolungdomsf\u00f6rbund. Ansvaret kan inte ligga p\u00e5 f\u00f6r\u00e4ldrarna, eleverna eller de studerande. \u00a0<\/strong><\/p>\n<p>Unders\u00f6kningar visar att elevernas och de studerandes socioekonomiska bakgrund forts\u00e4ttningsvis har en stor inverkan p\u00e5 studieframg\u00e5ngen. Vikten av en j\u00e4mlik utbildning och behovet av en myndighet som sj\u00e4lvmant \u00f6vervakar och ingriper n\u00e4r lagar och styrdokument i skolan inte f\u00f6ljs \u00e4r uppenbart.<\/p>\n<p>Ut\u00f6ver lagen och l\u00e4roplanen \u00e4r det Utbildningsstyrelsens kvalitetsrekommendationer som\u00a0ska\u00a0styra verksamheten i skolan. I dagsl\u00e4get kan Regionf\u00f6rvaltningsverket endast skrida till \u00e5tg\u00e4rder n\u00e4r en klagan\u00a0i\u00a0ett enskilt fall v\u00e4ckts.<\/p>\n<p>FSL, HOS och FSS anser att det beh\u00f6vs en myndighet som har ansvaret f\u00f6r att bevara kvaliteten och j\u00e4mlikheten i skolan och vid behov st\u00e4lla utbildningsanordnaren till svars\u00a0n\u00e4r man inte har satsat tillr\u00e4ckligt med resurser.<\/p>\n<p>&#8211; En f\u00f6r\u00e4lder m\u00e5ste kunna lita p\u00e5 att lagen och l\u00e4roplanen f\u00f6ljs. Detta ansvar skall inte ligga hos f\u00f6r\u00e4ldrarna, s\u00e4ger Hem och Skolas ordf\u00f6rande <strong>Anders Adlercreutz<\/strong>.<\/p>\n<p>FSL, HOS och FSS v\u00e4rnar alla om barnens och de ungas r\u00e4tt till en j\u00e4mlik skola och utbildning. Det \u00e4r en\u00a0r\u00e4ttskyddsfr\u00e5ga som borde ha h\u00f6gsta prioritet.<\/p>\n<p>&#8211; Alla elever och studerande f\u00e5r inte det lagstadgade st\u00f6d och j\u00e4mlika behandling de har r\u00e4tt till i skolan. Det beh\u00f6vs en myndighet som har ett s\u00e4rskilt ansvar f\u00f6r att skolan och skolvardagen \u00e4r trygg och h\u00e4lsosam f\u00f6r alla, som kan ingripa p\u00e5 l\u00e5g tr\u00f6skel n\u00e4r det inte uppfylls, s\u00e4ger <strong>Bicca Olin<\/strong>, ordf\u00f6rande f\u00f6r Finlands Svenska Skolungdomsf\u00f6rbund FSS.<\/p>\n<p>Utbildningsanordnarna\u00a0ansvarar sj\u00e4lva f\u00f6r att lagen och l\u00e4roplanen f\u00f6ljs. Problem uppst\u00e5r d\u00e5 ekonomin p\u00e5 m\u00e5nga h\u00e5ll \u00e4r anstr\u00e4ngd och man inte kan leva upp till det som lagen och styrdokumenten f\u00f6ruts\u00e4tter.<\/p>\n<p>&#8211; Vi hyser ingen misstro till rektorerna eller l\u00e4rarna, tv\u00e4rtom, de g\u00f6r s\u00e5 gott de kan. D\u00e4remot beh\u00f6ver vi en myndighet som p\u00e5 eget\u00a0initiativ\u00a0skulle granska\u00a0att\u00a0lagen och\u00a0styrdokumenten\u00a0f\u00f6ljs\u00a0och ansvara\u00a0f\u00f6r att f\u00f6rebygga och bevara kvaliteten och j\u00e4mlikheten i v\u00e5r skola, s\u00e4ger <strong>Christer Holmlund<\/strong>, f\u00f6rbundsordf\u00f6rande f\u00f6r Finlands Svenska L\u00e4rarf\u00f6rbund.<\/p>\n","protected":false},"excerpt":{"rendered":"<p>Regionf\u00f6rvaltningen\u00a0m\u00e5ste f\u00e5 st\u00f6rre befogenheter att p\u00e5 eget initiativ granska kvalit\u00e9ten och j\u00e4mlikheten i skolan. V\u00e5rt nuvarande \u00f6vervakningssystem \u00e4r tandl\u00f6st, l\u00e5ngsamt och byr\u00e5kratiskt,\u00a0anser\u00a0Finlands Svenska L\u00e4rarf\u00f6rbund, Hem\u00a0och\u00a0Skola och Finlands Svenska Skolungdomsf\u00f6rbund. Ansvaret kan inte ligga p\u00e5 f\u00f6r\u00e4ldrarna, eleverna eller de studerande. \u00a0 Unders\u00f6kningar visar att elevernas och de studerandes socioekonomiska bakgrund forts\u00e4ttningsvis har en stor inverkan p\u00e5 [&hellip;]<\/p>\n","protected":false},"author":1,"featured_media":2545,"comment_status":"open","ping_status":"open","sticky":false,"template":"","format":"standard","meta":{"jetpack_post_was_ever_published":false,"_jetpack_newsletter_access":"","jetpack_publicize_message":"","jetpack_is_tweetstorm":false,"jetpack_publicize_feature_enabled":true,"jetpack_social_post_already_shared":true,"jetpack_social_options":{"image_generator_settings":{"template":"highway","enabled":false}}},"categories":[72],"tags":[],"jetpack_publicize_connections":[],"yoast_head":"<!-- This site is optimized with the Yoast SEO plugin v20.12 - https:\/\/yoast.com\/wordpress\/plugins\/seo\/ -->\n<title>Vi beh\u00f6ver en myndighet som sj\u00e4lvmant \u00f6vervakar och ingriper n\u00e4r skollagen och l\u00e4roplanen inte f\u00f6ljs - Anders Adlercreutz<\/title>\n<meta name=\"robots\" content=\"index, follow, max-snippet:-1, max-image-preview:large, max-video-preview:-1\" \/>\n<link rel=\"canonical\" href=\"https:\/\/andersadlercreutz.fi\/blog\/pressmeddelande\/vi-behover-en-myndighet-som-sjalvmant-overvakar-och-ingriper-nar-skollagen-och-laroplanen-inte-foljs\/\" \/>\n<meta property=\"og:locale\" content=\"sv_SE\" \/>\n<meta property=\"og:type\" content=\"article\" \/>\n<meta property=\"og:title\" content=\"Vi beh\u00f6ver en myndighet som sj\u00e4lvmant \u00f6vervakar och ingriper n\u00e4r skollagen och l\u00e4roplanen inte f\u00f6ljs - Anders Adlercreutz\" \/>\n<meta property=\"og:description\" content=\"Regionf\u00f6rvaltningen\u00a0m\u00e5ste f\u00e5 st\u00f6rre befogenheter att p\u00e5 eget initiativ granska kvalit\u00e9ten och j\u00e4mlikheten i skolan. V\u00e5rt nuvarande \u00f6vervakningssystem \u00e4r tandl\u00f6st, l\u00e5ngsamt och byr\u00e5kratiskt,\u00a0anser\u00a0Finlands Svenska L\u00e4rarf\u00f6rbund, Hem\u00a0och\u00a0Skola och Finlands Svenska Skolungdomsf\u00f6rbund. Ansvaret kan inte ligga p\u00e5 f\u00f6r\u00e4ldrarna, eleverna eller de studerande. \u00a0 Unders\u00f6kningar visar att elevernas och de studerandes socioekonomiska bakgrund forts\u00e4ttningsvis har en stor inverkan p\u00e5 [&hellip;]\" \/>\n<meta property=\"og:url\" content=\"https:\/\/andersadlercreutz.fi\/blog\/pressmeddelande\/vi-behover-en-myndighet-som-sjalvmant-overvakar-och-ingriper-nar-skollagen-och-laroplanen-inte-foljs\/\" \/>\n<meta property=\"og:site_name\" content=\"Anders Adlercreutz\" \/>\n<meta property=\"article:published_time\" content=\"2018-12-05T16:35:15+00:00\" \/>\n<meta property=\"og:image\" content=\"https:\/\/i0.wp.com\/andersadlercreutz.fi\/blog\/wp-content\/uploads\/2015\/11\/Anders_Adlercreutz_03_credit_Anna_Heikinheimo_crop1.jpg?fit=1000%2C583&ssl=1\" \/>\n\t<meta property=\"og:image:width\" content=\"1000\" \/>\n\t<meta property=\"og:image:height\" content=\"583\" \/>\n\t<meta property=\"og:image:type\" content=\"image\/jpeg\" \/>\n<meta name=\"author\" content=\"Anders\" \/>\n<meta name=\"twitter:card\" content=\"summary_large_image\" \/>\n<meta name=\"twitter:label1\" content=\"Skriven av\" \/>\n\t<meta name=\"twitter:data1\" content=\"Anders\" \/>\n\t<meta name=\"twitter:label2\" content=\"Ber\u00e4knad l\u00e4stid\" \/>\n\t<meta name=\"twitter:data2\" content=\"2 minuter\" \/>\n<script type=\"application\/ld+json\" class=\"yoast-schema-graph\">{\"@context\":\"https:\/\/schema.org\",\"@graph\":[{\"@type\":\"WebPage\",\"@id\":\"https:\/\/andersadlercreutz.fi\/blog\/pressmeddelande\/vi-behover-en-myndighet-som-sjalvmant-overvakar-och-ingriper-nar-skollagen-och-laroplanen-inte-foljs\/\",\"url\":\"https:\/\/andersadlercreutz.fi\/blog\/pressmeddelande\/vi-behover-en-myndighet-som-sjalvmant-overvakar-och-ingriper-nar-skollagen-och-laroplanen-inte-foljs\/\",\"name\":\"Vi beh\u00f6ver en myndighet som sj\u00e4lvmant \u00f6vervakar och ingriper n\u00e4r skollagen och l\u00e4roplanen inte f\u00f6ljs - Anders Adlercreutz\",\"isPartOf\":{\"@id\":\"https:\/\/andersadlercreutz.fi\/blog\/#website\"},\"datePublished\":\"2018-12-05T16:35:15+00:00\",\"dateModified\":\"2018-12-05T16:35:15+00:00\",\"author\":{\"@id\":\"https:\/\/andersadlercreutz.fi\/blog\/#\/schema\/person\/47d4b72eded862b484f74bb4b3a2354f\"},\"breadcrumb\":{\"@id\":\"https:\/\/andersadlercreutz.fi\/blog\/pressmeddelande\/vi-behover-en-myndighet-som-sjalvmant-overvakar-och-ingriper-nar-skollagen-och-laroplanen-inte-foljs\/#breadcrumb\"},\"inLanguage\":\"sv-SE\",\"potentialAction\":[{\"@type\":\"ReadAction\",\"target\":[\"https:\/\/andersadlercreutz.fi\/blog\/pressmeddelande\/vi-behover-en-myndighet-som-sjalvmant-overvakar-och-ingriper-nar-skollagen-och-laroplanen-inte-foljs\/\"]}]},{\"@type\":\"BreadcrumbList\",\"@id\":\"https:\/\/andersadlercreutz.fi\/blog\/pressmeddelande\/vi-behover-en-myndighet-som-sjalvmant-overvakar-och-ingriper-nar-skollagen-och-laroplanen-inte-foljs\/#breadcrumb\",\"itemListElement\":[{\"@type\":\"ListItem\",\"position\":1,\"name\":\"Home\",\"item\":\"https:\/\/andersadlercreutz.fi\/blog\/blogg\/?lang=sv\"},{\"@type\":\"ListItem\",\"position\":2,\"name\":\"Vi beh\u00f6ver en myndighet som sj\u00e4lvmant \u00f6vervakar och ingriper n\u00e4r skollagen och l\u00e4roplanen inte f\u00f6ljs\"}]},{\"@type\":\"WebSite\",\"@id\":\"https:\/\/andersadlercreutz.fi\/blog\/#website\",\"url\":\"https:\/\/andersadlercreutz.fi\/blog\/\",\"name\":\"Anders Adlercreutz\",\"description\":\"Du. Jag. Vi. Kest&auml;v&auml;sti optimisti\",\"potentialAction\":[{\"@type\":\"SearchAction\",\"target\":{\"@type\":\"EntryPoint\",\"urlTemplate\":\"https:\/\/andersadlercreutz.fi\/blog\/?s={search_term_string}\"},\"query-input\":\"required name=search_term_string\"}],\"inLanguage\":\"sv-SE\"},{\"@type\":\"Person\",\"@id\":\"https:\/\/andersadlercreutz.fi\/blog\/#\/schema\/person\/47d4b72eded862b484f74bb4b3a2354f\",\"name\":\"Anders\",\"image\":{\"@type\":\"ImageObject\",\"inLanguage\":\"sv-SE\",\"@id\":\"https:\/\/andersadlercreutz.fi\/blog\/#\/schema\/person\/image\/\",\"url\":\"https:\/\/secure.gravatar.com\/avatar\/a144c9bda7a581ff6fabba169027e620?s=96&d=mm&r=g\",\"contentUrl\":\"https:\/\/secure.gravatar.com\/avatar\/a144c9bda7a581ff6fabba169027e620?s=96&d=mm&r=g\",\"caption\":\"Anders\"},\"url\":\"https:\/\/andersadlercreutz.fi\/blog\/author\/admin\/\"}]}<\/script>\n<!-- \/ Yoast SEO plugin. -->","yoast_head_json":{"title":"Vi beh\u00f6ver en myndighet som sj\u00e4lvmant \u00f6vervakar och ingriper n\u00e4r skollagen och l\u00e4roplanen inte f\u00f6ljs - Anders Adlercreutz","robots":{"index":"index","follow":"follow","max-snippet":"max-snippet:-1","max-image-preview":"max-image-preview:large","max-video-preview":"max-video-preview:-1"},"canonical":"https:\/\/andersadlercreutz.fi\/blog\/pressmeddelande\/vi-behover-en-myndighet-som-sjalvmant-overvakar-och-ingriper-nar-skollagen-och-laroplanen-inte-foljs\/","og_locale":"sv_SE","og_type":"article","og_title":"Vi beh\u00f6ver en myndighet som sj\u00e4lvmant \u00f6vervakar och ingriper n\u00e4r skollagen och l\u00e4roplanen inte f\u00f6ljs - Anders Adlercreutz","og_description":"Regionf\u00f6rvaltningen\u00a0m\u00e5ste f\u00e5 st\u00f6rre befogenheter att p\u00e5 eget initiativ granska kvalit\u00e9ten och j\u00e4mlikheten i skolan. V\u00e5rt nuvarande \u00f6vervakningssystem \u00e4r tandl\u00f6st, l\u00e5ngsamt och byr\u00e5kratiskt,\u00a0anser\u00a0Finlands Svenska L\u00e4rarf\u00f6rbund, Hem\u00a0och\u00a0Skola och Finlands Svenska Skolungdomsf\u00f6rbund. Ansvaret kan inte ligga p\u00e5 f\u00f6r\u00e4ldrarna, eleverna eller de studerande. \u00a0 Unders\u00f6kningar visar att elevernas och de studerandes socioekonomiska bakgrund forts\u00e4ttningsvis har en stor inverkan p\u00e5 [&hellip;]","og_url":"https:\/\/andersadlercreutz.fi\/blog\/pressmeddelande\/vi-behover-en-myndighet-som-sjalvmant-overvakar-och-ingriper-nar-skollagen-och-laroplanen-inte-foljs\/","og_site_name":"Anders Adlercreutz","article_published_time":"2018-12-05T16:35:15+00:00","og_image":[{"width":1000,"height":583,"url":"https:\/\/i0.wp.com\/andersadlercreutz.fi\/blog\/wp-content\/uploads\/2015\/11\/Anders_Adlercreutz_03_credit_Anna_Heikinheimo_crop1.jpg?fit=1000%2C583&ssl=1","type":"image\/jpeg"}],"author":"Anders","twitter_card":"summary_large_image","twitter_misc":{"Skriven av":"Anders","Ber\u00e4knad l\u00e4stid":"2 minuter"},"schema":{"@context":"https:\/\/schema.org","@graph":[{"@type":"WebPage","@id":"https:\/\/andersadlercreutz.fi\/blog\/pressmeddelande\/vi-behover-en-myndighet-som-sjalvmant-overvakar-och-ingriper-nar-skollagen-och-laroplanen-inte-foljs\/","url":"https:\/\/andersadlercreutz.fi\/blog\/pressmeddelande\/vi-behover-en-myndighet-som-sjalvmant-overvakar-och-ingriper-nar-skollagen-och-laroplanen-inte-foljs\/","name":"Vi beh\u00f6ver en myndighet som sj\u00e4lvmant \u00f6vervakar och ingriper n\u00e4r skollagen och l\u00e4roplanen inte f\u00f6ljs - Anders Adlercreutz","isPartOf":{"@id":"https:\/\/andersadlercreutz.fi\/blog\/#website"},"datePublished":"2018-12-05T16:35:15+00:00","dateModified":"2018-12-05T16:35:15+00:00","author":{"@id":"https:\/\/andersadlercreutz.fi\/blog\/#\/schema\/person\/47d4b72eded862b484f74bb4b3a2354f"},"breadcrumb":{"@id":"https:\/\/andersadlercreutz.fi\/blog\/pressmeddelande\/vi-behover-en-myndighet-som-sjalvmant-overvakar-och-ingriper-nar-skollagen-och-laroplanen-inte-foljs\/#breadcrumb"},"inLanguage":"sv-SE","potentialAction":[{"@type":"ReadAction","target":["https:\/\/andersadlercreutz.fi\/blog\/pressmeddelande\/vi-behover-en-myndighet-som-sjalvmant-overvakar-och-ingriper-nar-skollagen-och-laroplanen-inte-foljs\/"]}]},{"@type":"BreadcrumbList","@id":"https:\/\/andersadlercreutz.fi\/blog\/pressmeddelande\/vi-behover-en-myndighet-som-sjalvmant-overvakar-och-ingriper-nar-skollagen-och-laroplanen-inte-foljs\/#breadcrumb","itemListElement":[{"@type":"ListItem","position":1,"name":"Home","item":"https:\/\/andersadlercreutz.fi\/blog\/blogg\/?lang=sv"},{"@type":"ListItem","position":2,"name":"Vi beh\u00f6ver en myndighet som sj\u00e4lvmant \u00f6vervakar och ingriper n\u00e4r skollagen och l\u00e4roplanen inte f\u00f6ljs"}]},{"@type":"WebSite","@id":"https:\/\/andersadlercreutz.fi\/blog\/#website","url":"https:\/\/andersadlercreutz.fi\/blog\/","name":"Anders Adlercreutz","description":"Du. Jag. Vi. Kest&auml;v&auml;sti optimisti","potentialAction":[{"@type":"SearchAction","target":{"@type":"EntryPoint","urlTemplate":"https:\/\/andersadlercreutz.fi\/blog\/?s={search_term_string}"},"query-input":"required name=search_term_string"}],"inLanguage":"sv-SE"},{"@type":"Person","@id":"https:\/\/andersadlercreutz.fi\/blog\/#\/schema\/person\/47d4b72eded862b484f74bb4b3a2354f","name":"Anders","image":{"@type":"ImageObject","inLanguage":"sv-SE","@id":"https:\/\/andersadlercreutz.fi\/blog\/#\/schema\/person\/image\/","url":"https:\/\/secure.gravatar.com\/avatar\/a144c9bda7a581ff6fabba169027e620?s=96&d=mm&r=g","contentUrl":"https:\/\/secure.gravatar.com\/avatar\/a144c9bda7a581ff6fabba169027e620?s=96&d=mm&r=g","caption":"Anders"},"url":"https:\/\/andersadlercreutz.fi\/blog\/author\/admin\/"}]}},"jetpack_featured_media_url":"https:\/\/i0.wp.com\/andersadlercreutz.fi\/blog\/wp-content\/uploads\/2015\/11\/Anders_Adlercreutz_03_credit_Anna_Heikinheimo_crop1.jpg?fit=1000%2C583&ssl=1","jetpack_shortlink":"https:\/\/wp.me\/p4T6Dh-18D","jetpack_sharing_enabled":true,"_links":{"self":[{"href":"https:\/\/andersadlercreutz.fi\/blog\/wp-json\/wp\/v2\/posts\/4379"}],"collection":[{"href":"https:\/\/andersadlercreutz.fi\/blog\/wp-json\/wp\/v2\/posts"}],"about":[{"href":"https:\/\/andersadlercreutz.fi\/blog\/wp-json\/wp\/v2\/types\/post"}],"author":[{"embeddable":true,"href":"https:\/\/andersadlercreutz.fi\/blog\/wp-json\/wp\/v2\/users\/1"}],"replies":[{"embeddable":true,"href":"https:\/\/andersadlercreutz.fi\/blog\/wp-json\/wp\/v2\/comments?post=4379"}],"version-history":[{"count":1,"href":"https:\/\/andersadlercreutz.fi\/blog\/wp-json\/wp\/v2\/posts\/4379\/revisions"}],"predecessor-version":[{"id":4380,"href":"https:\/\/andersadlercreutz.fi\/blog\/wp-json\/wp\/v2\/posts\/4379\/revisions\/4380"}],"wp:featuredmedia":[{"embeddable":true,"href":"https:\/\/andersadlercreutz.fi\/blog\/wp-json\/wp\/v2\/media\/2545"}],"wp:attachment":[{"href":"https:\/\/andersadlercreutz.fi\/blog\/wp-json\/wp\/v2\/media?parent=4379"}],"wp:term":[{"taxonomy":"category","embeddable":true,"href":"https:\/\/andersadlercreutz.fi\/blog\/wp-json\/wp\/v2\/categories?post=4379"},{"taxonomy":"post_tag","embeddable":true,"href":"https:\/\/andersadlercreutz.fi\/blog\/wp-json\/wp\/v2\/tags?post=4379"}],"curies":[{"name":"wp","href":"https:\/\/api.w.org\/{rel}","templated":true}]}}