{"id":4402,"date":"2019-01-01T19:20:06","date_gmt":"2019-01-01T17:20:06","guid":{"rendered":"http:\/\/andersadlercreutz.fi\/blog\/okategoriserad\/uusi-vuosi-taynna-mahdollisuuksia\/"},"modified":"2019-01-01T19:26:38","modified_gmt":"2019-01-01T17:26:38","slug":"uusi-vuosi-taynna-mahdollisuuksia","status":"publish","type":"post","link":"https:\/\/andersadlercreutz.fi\/blog\/kyrkslatt\/uusi-vuosi-taynna-mahdollisuuksia\/","title":{"rendered":"Ett nytt \u00e5r fullt av m\u00f6jligheter"},"content":{"rendered":"<p>Efter jul- och ny\u00e5rsfirandet b\u00f6rjar vardagen. Dagarna blir ljusare och vi g\u00e5r mot v\u00e5ren. Inom v\u00e5r kommun forts\u00e4tter arbetet i skolor, daghem och olika servicepunkter. De som arbetar inom hemv\u00e5rden s\u00e4tter sig i sina bilar och k\u00f6r ut till sina kunder som tidigare. P\u00e5 biblioteket &#8211; den mest \u00e4lskade av v\u00e5ra kommunala tj\u00e4nster &#8211; returneras b\u00f6cker och hungriga fingrar griper efter nya p\u00e5 hyllorna. P\u00e5 Musikinstitutet h\u00f6rs det igen glada skratt och pianospel \u00e4nda ut till g\u00e5rden.<\/p>\n<p>Innan vardagen b\u00f6rjar hinner vi \u00e4nnu g\u00e5 igenom det som h\u00e4nt under det g\u00e5ngna \u00e5ret. Det som inte gick som vi t\u00e4nkt oss kan vi l\u00e4ra av och sedan g\u00e5 vidare. Ett nytt \u00e5r erbjuder var och en av oss nya m\u00f6jligheter. Vi har ett tomt blad framf\u00f6r oss att b\u00f6rja rita p\u00e5.<\/p>\n<p>Julen har f\u00f6r m\u00e5nga av oss inneburit en andningspaus, en m\u00f6jlighet att stanna upp och fundera p\u00e5 allt som h\u00e4nder runtomkring oss. Sj\u00e4lv har jag f\u00f6rs\u00f6kt ta vara p\u00e5 tillf\u00e4llet att fundera p\u00e5 vad jag kunde g\u00f6ra annorlunda under det kommande \u00e5ret &#8211; eller b\u00e4ttre. Liksom m\u00e5nga andra har jag som vana att avge ny\u00e5rsl\u00f6ften av olika slag, s\u00e5 ocks\u00e5 i \u00e5r. De h\u00e4r \u00e4r mina l\u00f6ften inf\u00f6r det nya \u00e5ret, fr\u00e5n liten till stor skala.<\/p>\n<p>Alla vi kommunala beslutsfattare har garanterat utmaningar med tidsanv\u00e4ndningen. Det \u00e4r sv\u00e5rt att kombinera sitt egentliga arbete med f\u00f6rtroendeuppdrag och familj. S\u00e5 \u00e4r det \u00e5tminstone f\u00f6r mig. Trots att jag vet att man borde leva i nuet blir det ofta s\u00e5, att familjen eller k\u00e4ra m\u00e4nniskor blir f\u00f6rbisedda. Mitt f\u00f6rsta ny\u00e5rsl\u00f6fte kan te sig futtigt: jag skall f\u00f6rs\u00f6ka vara mer n\u00e4rvarande n\u00e4r jag \u00e4r hemma. Telefonen och arbetet skall inte komma \u00e5t att st\u00f6ra v\u00e5ra gemensamma middagar.<\/p>\n<p>Mitt andra ny\u00e5rsl\u00f6fte handlar om framtiden. Artificiell intelligens kommer under de kommande \u00e5rtiondena att f\u00f6r\u00e4ndra mycket av det vi ser omkring oss idag. Det kommer att inneb\u00e4ra f\u00f6r\u00e4ndringar i hur vi arbetar, hur vi producerar varor och tj\u00e4nster, hur vi kommunicerar med varandra. Som beslutsfattare m\u00e5ste man vara insatt i de m\u00f6jligheter &#8211; och utmaningar &#8211; en s\u00e5dan utveckling medf\u00f6r. Jag tror att det framf\u00f6r allt \u00e4r en stor m\u00f6jlighet f\u00f6r oss finl\u00e4ndare. Under det kommande \u00e5ret t\u00e4nker jag d\u00e4rf\u00f6r f\u00f6rdjupa mig i \u00e4mnet. F\u00f6rra \u00e5ret besl\u00f6t jag att jag skulle f\u00f6rdjupa mig i fr\u00e5gor som ber\u00f6r skog och skogsbruk. I \u00e5r blir det artificiell intelligens.<span class=\"Apple-converted-space\">\u00a0<\/span><\/p>\n<p>Mitt tredje och sista ny\u00e5rsl\u00f6fte handlar om en sak jag talat om tidigare. Det l\u00f6ftet g\u00e4ller i allra h\u00f6gsta grad er, k\u00e4ra kyrksl\u00e4ttsbor. Jag vill f\u00f6rs\u00f6ka f\u00e5 s\u00e5 m\u00e5nga som m\u00f6jligt av er med i #hejkyrksl\u00e4tt-kampanjen. M\u00e5let med kampanjen \u00e4r att g\u00f6ra Kyrksl\u00e4tt till Finlands artigaste &#8211; och lyckligaste &#8211; kommun. Jag tror uppriktigt att det, att vi alla glatt v\u00e5gar h\u00e4lsa p\u00e5 varandra i vardagen &#8211; i butiken, i biblioteket, p\u00e5 t\u00e5gperrongen &#8211; \u00e4r ett enkelt och fungerande s\u00e4tt med vilket vi kan \u00f6ka trivseln i v\u00e5r kommun. Som ett led i det skall jag sj\u00e4lv f\u00f6rs\u00f6ka f\u00f6reg\u00e5 med gott exempel.<span class=\"Apple-converted-space\">\u00a0<\/span><\/p>\n<p>M\u00e5nga av er har s\u00e4kert avgett egna ny\u00e5rsl\u00f6ften. Men jag t\u00e4nkte trots det komma med ett f\u00f6rslag &#8211; eller snarare en \u00f6nskan. Vi som sitter i kommunfullm\u00e4ktige g\u00f6r inte v\u00e5rt arbete ensamma. Vi jobbar tillsammans alla 51, men vi beh\u00f6ver ocks\u00e5 er. Jag hoppas att alla kommuninv\u00e5nare \u00e5tminstone en g\u00e5ng under det kommande \u00e5ret kontaktar en kommunfullm\u00e4ktig med respons om n\u00e5nting. Som fullm\u00e4ktigeordf\u00f6rande g\u00f6r jag mitt b\u00e4sta f\u00f6r att fullm\u00e4ktige s\u00e5 bra och samst\u00e4mmigt som m\u00f6jligt skall arbeta f\u00f6r alla kommuninv\u00e5nares gemensamma b\u00e4sta. Men f\u00f6r att vi skall lyckas beh\u00f6ver vi interaktion. Vi beh\u00f6ver era \u00e5sikter f\u00f6r att vi skall f\u00f6rst\u00e5 hur ni ser p\u00e5 vardagen. Bara d\u00e5 kan vi fatta s\u00e5dana beslut som gagnar alla i kommunen.<span class=\"Apple-converted-space\">\u00a0<\/span><\/p>\n<p>Jag \u00f6nskar alla v\u00e5ra n\u00e4stan 40 000 kommuninv\u00e5nare ett riktigt gott nytt \u00e5r. Och var inte r\u00e4dda att g\u00f6ra vilda ny\u00e5rsl\u00f6ften!<\/p>\n","protected":false},"excerpt":{"rendered":"<p>Efter jul- och ny\u00e5rsfirandet b\u00f6rjar vardagen. Dagarna blir ljusare och vi g\u00e5r mot v\u00e5ren. Inom v\u00e5r kommun forts\u00e4tter arbetet i skolor, daghem och olika servicepunkter. De som arbetar inom hemv\u00e5rden s\u00e4tter sig i sina bilar och k\u00f6r ut till sina kunder som tidigare. P\u00e5 biblioteket &#8211; den mest \u00e4lskade av v\u00e5ra kommunala tj\u00e4nster &#8211; returneras [&hellip;]<\/p>\n","protected":false},"author":1,"featured_media":4396,"comment_status":"open","ping_status":"open","sticky":false,"template":"","format":"standard","meta":{"jetpack_post_was_ever_published":false,"_jetpack_newsletter_access":"","jetpack_publicize_message":"","jetpack_is_tweetstorm":false,"jetpack_publicize_feature_enabled":true,"jetpack_social_post_already_shared":true,"jetpack_social_options":{"image_generator_settings":{"template":"highway","enabled":false}}},"categories":[46,35,47],"tags":[],"jetpack_publicize_connections":[],"yoast_head":"<!-- This site is optimized with the Yoast SEO plugin v20.12 - https:\/\/yoast.com\/wordpress\/plugins\/seo\/ -->\n<title>Ett nytt \u00e5r fullt av m\u00f6jligheter - Anders Adlercreutz<\/title>\n<meta name=\"robots\" content=\"index, follow, max-snippet:-1, max-image-preview:large, max-video-preview:-1\" \/>\n<link rel=\"canonical\" href=\"https:\/\/andersadlercreutz.fi\/blog\/kyrkslatt\/uusi-vuosi-taynna-mahdollisuuksia\/\" \/>\n<meta property=\"og:locale\" content=\"sv_SE\" \/>\n<meta property=\"og:type\" content=\"article\" \/>\n<meta property=\"og:title\" content=\"Ett nytt \u00e5r fullt av m\u00f6jligheter - Anders Adlercreutz\" \/>\n<meta property=\"og:description\" content=\"Efter jul- och ny\u00e5rsfirandet b\u00f6rjar vardagen. Dagarna blir ljusare och vi g\u00e5r mot v\u00e5ren. Inom v\u00e5r kommun forts\u00e4tter arbetet i skolor, daghem och olika servicepunkter. De som arbetar inom hemv\u00e5rden s\u00e4tter sig i sina bilar och k\u00f6r ut till sina kunder som tidigare. P\u00e5 biblioteket &#8211; den mest \u00e4lskade av v\u00e5ra kommunala tj\u00e4nster &#8211; returneras [&hellip;]\" \/>\n<meta property=\"og:url\" content=\"https:\/\/andersadlercreutz.fi\/blog\/kyrkslatt\/uusi-vuosi-taynna-mahdollisuuksia\/\" \/>\n<meta property=\"og:site_name\" content=\"Anders Adlercreutz\" \/>\n<meta property=\"article:published_time\" content=\"2019-01-01T17:20:06+00:00\" \/>\n<meta property=\"article:modified_time\" content=\"2019-01-01T17:26:38+00:00\" \/>\n<meta property=\"og:image\" content=\"https:\/\/i0.wp.com\/andersadlercreutz.fi\/blog\/wp-content\/uploads\/2019\/01\/ANders-pelare-glad_16_9_2.jpg?fit=2000%2C1125&ssl=1\" \/>\n\t<meta property=\"og:image:width\" content=\"2000\" \/>\n\t<meta property=\"og:image:height\" content=\"1125\" \/>\n\t<meta property=\"og:image:type\" content=\"image\/jpeg\" \/>\n<meta name=\"author\" content=\"Anders\" \/>\n<meta name=\"twitter:card\" content=\"summary_large_image\" \/>\n<meta name=\"twitter:label1\" content=\"Skriven av\" \/>\n\t<meta name=\"twitter:data1\" content=\"Anders\" \/>\n\t<meta name=\"twitter:label2\" content=\"Ber\u00e4knad l\u00e4stid\" \/>\n\t<meta name=\"twitter:data2\" content=\"4 minuter\" \/>\n<script type=\"application\/ld+json\" class=\"yoast-schema-graph\">{\"@context\":\"https:\/\/schema.org\",\"@graph\":[{\"@type\":\"WebPage\",\"@id\":\"https:\/\/andersadlercreutz.fi\/blog\/kyrkslatt\/uusi-vuosi-taynna-mahdollisuuksia\/\",\"url\":\"https:\/\/andersadlercreutz.fi\/blog\/kyrkslatt\/uusi-vuosi-taynna-mahdollisuuksia\/\",\"name\":\"Ett nytt \u00e5r fullt av m\u00f6jligheter - Anders Adlercreutz\",\"isPartOf\":{\"@id\":\"https:\/\/andersadlercreutz.fi\/blog\/#website\"},\"datePublished\":\"2019-01-01T17:20:06+00:00\",\"dateModified\":\"2019-01-01T17:26:38+00:00\",\"author\":{\"@id\":\"https:\/\/andersadlercreutz.fi\/blog\/#\/schema\/person\/47d4b72eded862b484f74bb4b3a2354f\"},\"breadcrumb\":{\"@id\":\"https:\/\/andersadlercreutz.fi\/blog\/kyrkslatt\/uusi-vuosi-taynna-mahdollisuuksia\/#breadcrumb\"},\"inLanguage\":\"sv-SE\",\"potentialAction\":[{\"@type\":\"ReadAction\",\"target\":[\"https:\/\/andersadlercreutz.fi\/blog\/kyrkslatt\/uusi-vuosi-taynna-mahdollisuuksia\/\"]}]},{\"@type\":\"BreadcrumbList\",\"@id\":\"https:\/\/andersadlercreutz.fi\/blog\/kyrkslatt\/uusi-vuosi-taynna-mahdollisuuksia\/#breadcrumb\",\"itemListElement\":[{\"@type\":\"ListItem\",\"position\":1,\"name\":\"Home\",\"item\":\"https:\/\/andersadlercreutz.fi\/blog\/blogg\/?lang=sv\"},{\"@type\":\"ListItem\",\"position\":2,\"name\":\"Ett nytt \u00e5r fullt av m\u00f6jligheter\"}]},{\"@type\":\"WebSite\",\"@id\":\"https:\/\/andersadlercreutz.fi\/blog\/#website\",\"url\":\"https:\/\/andersadlercreutz.fi\/blog\/\",\"name\":\"Anders Adlercreutz\",\"description\":\"Du. Jag. Vi. Kest&auml;v&auml;sti optimisti\",\"potentialAction\":[{\"@type\":\"SearchAction\",\"target\":{\"@type\":\"EntryPoint\",\"urlTemplate\":\"https:\/\/andersadlercreutz.fi\/blog\/?s={search_term_string}\"},\"query-input\":\"required name=search_term_string\"}],\"inLanguage\":\"sv-SE\"},{\"@type\":\"Person\",\"@id\":\"https:\/\/andersadlercreutz.fi\/blog\/#\/schema\/person\/47d4b72eded862b484f74bb4b3a2354f\",\"name\":\"Anders\",\"image\":{\"@type\":\"ImageObject\",\"inLanguage\":\"sv-SE\",\"@id\":\"https:\/\/andersadlercreutz.fi\/blog\/#\/schema\/person\/image\/\",\"url\":\"https:\/\/secure.gravatar.com\/avatar\/a144c9bda7a581ff6fabba169027e620?s=96&d=mm&r=g\",\"contentUrl\":\"https:\/\/secure.gravatar.com\/avatar\/a144c9bda7a581ff6fabba169027e620?s=96&d=mm&r=g\",\"caption\":\"Anders\"},\"url\":\"https:\/\/andersadlercreutz.fi\/blog\/author\/admin\/\"}]}<\/script>\n<!-- \/ Yoast SEO plugin. -->","yoast_head_json":{"title":"Ett nytt \u00e5r fullt av m\u00f6jligheter - Anders Adlercreutz","robots":{"index":"index","follow":"follow","max-snippet":"max-snippet:-1","max-image-preview":"max-image-preview:large","max-video-preview":"max-video-preview:-1"},"canonical":"https:\/\/andersadlercreutz.fi\/blog\/kyrkslatt\/uusi-vuosi-taynna-mahdollisuuksia\/","og_locale":"sv_SE","og_type":"article","og_title":"Ett nytt \u00e5r fullt av m\u00f6jligheter - Anders Adlercreutz","og_description":"Efter jul- och ny\u00e5rsfirandet b\u00f6rjar vardagen. Dagarna blir ljusare och vi g\u00e5r mot v\u00e5ren. Inom v\u00e5r kommun forts\u00e4tter arbetet i skolor, daghem och olika servicepunkter. De som arbetar inom hemv\u00e5rden s\u00e4tter sig i sina bilar och k\u00f6r ut till sina kunder som tidigare. P\u00e5 biblioteket &#8211; den mest \u00e4lskade av v\u00e5ra kommunala tj\u00e4nster &#8211; returneras [&hellip;]","og_url":"https:\/\/andersadlercreutz.fi\/blog\/kyrkslatt\/uusi-vuosi-taynna-mahdollisuuksia\/","og_site_name":"Anders Adlercreutz","article_published_time":"2019-01-01T17:20:06+00:00","article_modified_time":"2019-01-01T17:26:38+00:00","og_image":[{"width":2000,"height":1125,"url":"https:\/\/i0.wp.com\/andersadlercreutz.fi\/blog\/wp-content\/uploads\/2019\/01\/ANders-pelare-glad_16_9_2.jpg?fit=2000%2C1125&ssl=1","type":"image\/jpeg"}],"author":"Anders","twitter_card":"summary_large_image","twitter_misc":{"Skriven av":"Anders","Ber\u00e4knad l\u00e4stid":"4 minuter"},"schema":{"@context":"https:\/\/schema.org","@graph":[{"@type":"WebPage","@id":"https:\/\/andersadlercreutz.fi\/blog\/kyrkslatt\/uusi-vuosi-taynna-mahdollisuuksia\/","url":"https:\/\/andersadlercreutz.fi\/blog\/kyrkslatt\/uusi-vuosi-taynna-mahdollisuuksia\/","name":"Ett nytt \u00e5r fullt av m\u00f6jligheter - Anders Adlercreutz","isPartOf":{"@id":"https:\/\/andersadlercreutz.fi\/blog\/#website"},"datePublished":"2019-01-01T17:20:06+00:00","dateModified":"2019-01-01T17:26:38+00:00","author":{"@id":"https:\/\/andersadlercreutz.fi\/blog\/#\/schema\/person\/47d4b72eded862b484f74bb4b3a2354f"},"breadcrumb":{"@id":"https:\/\/andersadlercreutz.fi\/blog\/kyrkslatt\/uusi-vuosi-taynna-mahdollisuuksia\/#breadcrumb"},"inLanguage":"sv-SE","potentialAction":[{"@type":"ReadAction","target":["https:\/\/andersadlercreutz.fi\/blog\/kyrkslatt\/uusi-vuosi-taynna-mahdollisuuksia\/"]}]},{"@type":"BreadcrumbList","@id":"https:\/\/andersadlercreutz.fi\/blog\/kyrkslatt\/uusi-vuosi-taynna-mahdollisuuksia\/#breadcrumb","itemListElement":[{"@type":"ListItem","position":1,"name":"Home","item":"https:\/\/andersadlercreutz.fi\/blog\/blogg\/?lang=sv"},{"@type":"ListItem","position":2,"name":"Ett nytt \u00e5r fullt av m\u00f6jligheter"}]},{"@type":"WebSite","@id":"https:\/\/andersadlercreutz.fi\/blog\/#website","url":"https:\/\/andersadlercreutz.fi\/blog\/","name":"Anders Adlercreutz","description":"Du. Jag. Vi. Kest&auml;v&auml;sti optimisti","potentialAction":[{"@type":"SearchAction","target":{"@type":"EntryPoint","urlTemplate":"https:\/\/andersadlercreutz.fi\/blog\/?s={search_term_string}"},"query-input":"required name=search_term_string"}],"inLanguage":"sv-SE"},{"@type":"Person","@id":"https:\/\/andersadlercreutz.fi\/blog\/#\/schema\/person\/47d4b72eded862b484f74bb4b3a2354f","name":"Anders","image":{"@type":"ImageObject","inLanguage":"sv-SE","@id":"https:\/\/andersadlercreutz.fi\/blog\/#\/schema\/person\/image\/","url":"https:\/\/secure.gravatar.com\/avatar\/a144c9bda7a581ff6fabba169027e620?s=96&d=mm&r=g","contentUrl":"https:\/\/secure.gravatar.com\/avatar\/a144c9bda7a581ff6fabba169027e620?s=96&d=mm&r=g","caption":"Anders"},"url":"https:\/\/andersadlercreutz.fi\/blog\/author\/admin\/"}]}},"jetpack_featured_media_url":"https:\/\/i0.wp.com\/andersadlercreutz.fi\/blog\/wp-content\/uploads\/2019\/01\/ANders-pelare-glad_16_9_2.jpg?fit=2000%2C1125&ssl=1","jetpack_shortlink":"https:\/\/wp.me\/p4T6Dh-190","jetpack_sharing_enabled":true,"_links":{"self":[{"href":"https:\/\/andersadlercreutz.fi\/blog\/wp-json\/wp\/v2\/posts\/4402"}],"collection":[{"href":"https:\/\/andersadlercreutz.fi\/blog\/wp-json\/wp\/v2\/posts"}],"about":[{"href":"https:\/\/andersadlercreutz.fi\/blog\/wp-json\/wp\/v2\/types\/post"}],"author":[{"embeddable":true,"href":"https:\/\/andersadlercreutz.fi\/blog\/wp-json\/wp\/v2\/users\/1"}],"replies":[{"embeddable":true,"href":"https:\/\/andersadlercreutz.fi\/blog\/wp-json\/wp\/v2\/comments?post=4402"}],"version-history":[{"count":2,"href":"https:\/\/andersadlercreutz.fi\/blog\/wp-json\/wp\/v2\/posts\/4402\/revisions"}],"predecessor-version":[{"id":4405,"href":"https:\/\/andersadlercreutz.fi\/blog\/wp-json\/wp\/v2\/posts\/4402\/revisions\/4405"}],"wp:featuredmedia":[{"embeddable":true,"href":"https:\/\/andersadlercreutz.fi\/blog\/wp-json\/wp\/v2\/media\/4396"}],"wp:attachment":[{"href":"https:\/\/andersadlercreutz.fi\/blog\/wp-json\/wp\/v2\/media?parent=4402"}],"wp:term":[{"taxonomy":"category","embeddable":true,"href":"https:\/\/andersadlercreutz.fi\/blog\/wp-json\/wp\/v2\/categories?post=4402"},{"taxonomy":"post_tag","embeddable":true,"href":"https:\/\/andersadlercreutz.fi\/blog\/wp-json\/wp\/v2\/tags?post=4402"}],"curies":[{"name":"wp","href":"https:\/\/api.w.org\/{rel}","templated":true}]}}