{"id":5304,"date":"2019-02-11T13:15:48","date_gmt":"2019-02-11T11:15:48","guid":{"rendered":"http:\/\/andersadlercreutz.fi\/blog\/?p=5304"},"modified":"2019-02-11T21:08:36","modified_gmt":"2019-02-11T19:08:36","slug":"adlercreutz-pysyva-oleskelulupa-ulkomaalaisille-korkeakoulusta-valmistuneille","status":"publish","type":"post","link":"https:\/\/andersadlercreutz.fi\/blog\/tyollisyys\/adlercreutz-pysyva-oleskelulupa-ulkomaalaisille-korkeakoulusta-valmistuneille\/?lang=fi","title":{"rendered":"Adlercreutz: Pysyv\u00e4 oleskelulupa ulkomaalaisille korkeakoulusta valmistuneille"},"content":{"rendered":"<p>Joka vuosi noin 2 000 ulkomaalaista opiskelijaa suorittaa Suomessa korkeakoulututkinnon. Vain murto-osa heist\u00e4 j\u00e4\u00e4 Suomeen tutkinnon suoritettuaan. T\u00e4m\u00e4 on suurta resurssien tuhlausta, RKP:n varapuheenjohtaja ja kansanedustaja <strong>Anders Adlercreutz<\/strong> sanoo.<\/p>\n<p>\u2013 Maana meid\u00e4n intresseihin kuuluu se, ett\u00e4 mahdollisimman moni n\u00e4ist\u00e4 korkeasti koulutetuista henkil\u00f6ist\u00e4 haluaa ja voi j\u00e4\u00e4d\u00e4 Suomeen. Tarvitsemme ty\u00f6voimaa ja eritoten kansainv\u00e4list\u00e4 osaamista. T\u00e4ll\u00e4 hetkell\u00e4 tutkinnon suorittamisen j\u00e4lkeen voi hakea jatko-oleskelulupaa vuodeksi ty\u00f6nhakua varten. T\u00e4m\u00e4 ei riit\u00e4. Jos henkil\u00f6 haluaa opiskella Suomessa ja jopa maksaa yliopistokoulutuksensa itse \u2013 sill\u00e4 n\u00e4in EU- ja ETA \u2013alueen ulkopuolelta tulevat opiskelijat tekev\u00e4t \u2013 ei ole mill\u00e4\u00e4n muotoa loogista, ettei suoritetun tutkinnon j\u00e4lkeen saisi pysyv\u00e4\u00e4 oleskelulupaa.<\/p>\n<p>\u2013 Tied\u00e4mme, ett\u00e4 vientiteollisuutemme tarvitsee ulkomaisia kontakteja. Tied\u00e4mme, ett\u00e4 ulkomaalaistaustaisen henkil\u00f6n palkkaaminen korreloi kasvavan viennin kanssa. Samalla tied\u00e4mme, ett\u00e4 kolmasosa kaikista Uudenmaan yrityksist\u00e4 n\u00e4kee ty\u00f6voiman puutteen esteen\u00e4 kasvulle. T\u00e4lle yht\u00e4l\u00f6lle on helppo ratkaisu: seuraavan hallituksen tulee luopua ty\u00f6voiman saatavuusharkinnasta sek\u00e4 ryhty\u00e4 toimenpiteisiin, jotta Suomeen tulevat opiskelijat j\u00e4isiv\u00e4t t\u00e4nne tutkinnon suoritettuaan, Adlercreutz sanoo.<\/p>\n","protected":false},"excerpt":{"rendered":"<p>Joka vuosi noin 2 000 ulkomaalaista opiskelijaa suorittaa Suomessa korkeakoulututkinnon. Vain murto-osa heist\u00e4 j\u00e4\u00e4 Suomeen tutkinnon suoritettuaan. T\u00e4m\u00e4 on suurta resurssien tuhlausta, RKP:n varapuheenjohtaja ja kansanedustaja Anders Adlercreutz sanoo. \u2013 Maana meid\u00e4n intresseihin kuuluu se, ett\u00e4 mahdollisimman moni n\u00e4ist\u00e4 korkeasti koulutetuista henkil\u00f6ist\u00e4 haluaa ja voi j\u00e4\u00e4d\u00e4 Suomeen. Tarvitsemme ty\u00f6voimaa ja eritoten kansainv\u00e4list\u00e4 osaamista. T\u00e4ll\u00e4 hetkell\u00e4 [&hellip;]<\/p>\n","protected":false},"author":1,"featured_media":4422,"comment_status":"open","ping_status":"open","sticky":false,"template":"","format":"standard","meta":{"jetpack_post_was_ever_published":false,"_jetpack_newsletter_access":"","jetpack_publicize_message":"","jetpack_is_tweetstorm":false,"jetpack_publicize_feature_enabled":true,"jetpack_social_post_already_shared":true,"jetpack_social_options":{"image_generator_settings":{"template":"highway","enabled":false}}},"categories":[71,69,61],"tags":[],"jetpack_publicize_connections":[],"yoast_head":"<!-- This site is optimized with the Yoast SEO plugin v20.12 - https:\/\/yoast.com\/wordpress\/plugins\/seo\/ -->\n<title>Adlercreutz: Pysyv\u00e4 oleskelulupa ulkomaalaisille korkeakoulusta valmistuneille - Anders Adlercreutz<\/title>\n<meta name=\"robots\" content=\"index, follow, max-snippet:-1, max-image-preview:large, max-video-preview:-1\" \/>\n<link rel=\"canonical\" href=\"https:\/\/andersadlercreutz.fi\/blog\/tyollisyys\/adlercreutz-pysyva-oleskelulupa-ulkomaalaisille-korkeakoulusta-valmistuneille\/\" \/>\n<meta property=\"og:locale\" content=\"sv_SE\" \/>\n<meta property=\"og:type\" content=\"article\" \/>\n<meta property=\"og:title\" content=\"Adlercreutz: Pysyv\u00e4 oleskelulupa ulkomaalaisille korkeakoulusta valmistuneille - Anders Adlercreutz\" \/>\n<meta property=\"og:description\" content=\"Joka vuosi noin 2 000 ulkomaalaista opiskelijaa suorittaa Suomessa korkeakoulututkinnon. Vain murto-osa heist\u00e4 j\u00e4\u00e4 Suomeen tutkinnon suoritettuaan. T\u00e4m\u00e4 on suurta resurssien tuhlausta, RKP:n varapuheenjohtaja ja kansanedustaja Anders Adlercreutz sanoo. \u2013 Maana meid\u00e4n intresseihin kuuluu se, ett\u00e4 mahdollisimman moni n\u00e4ist\u00e4 korkeasti koulutetuista henkil\u00f6ist\u00e4 haluaa ja voi j\u00e4\u00e4d\u00e4 Suomeen. Tarvitsemme ty\u00f6voimaa ja eritoten kansainv\u00e4list\u00e4 osaamista. T\u00e4ll\u00e4 hetkell\u00e4 [&hellip;]\" \/>\n<meta property=\"og:url\" content=\"https:\/\/andersadlercreutz.fi\/blog\/tyollisyys\/adlercreutz-pysyva-oleskelulupa-ulkomaalaisille-korkeakoulusta-valmistuneille\/?lang=fi\" \/>\n<meta property=\"og:site_name\" content=\"Anders Adlercreutz\" \/>\n<meta property=\"article:published_time\" content=\"2019-02-11T11:15:48+00:00\" \/>\n<meta property=\"article:modified_time\" content=\"2019-02-11T19:08:36+00:00\" \/>\n<meta property=\"og:image\" content=\"https:\/\/i0.wp.com\/andersadlercreutz.fi\/blog\/wp-content\/uploads\/2019\/01\/Anders-h\u00d6sten-2018-1_1400.jpg?fit=1400%2C540&ssl=1\" \/>\n\t<meta property=\"og:image:width\" content=\"1400\" \/>\n\t<meta property=\"og:image:height\" content=\"540\" \/>\n\t<meta property=\"og:image:type\" content=\"image\/jpeg\" \/>\n<meta name=\"author\" content=\"Anders\" \/>\n<meta name=\"twitter:card\" content=\"summary_large_image\" \/>\n<meta name=\"twitter:label1\" content=\"Skriven av\" \/>\n\t<meta name=\"twitter:data1\" content=\"Anders\" \/>\n\t<meta name=\"twitter:label2\" content=\"Ber\u00e4knad l\u00e4stid\" \/>\n\t<meta name=\"twitter:data2\" content=\"1 minut\" \/>\n<script type=\"application\/ld+json\" class=\"yoast-schema-graph\">{\"@context\":\"https:\/\/schema.org\",\"@graph\":[{\"@type\":\"WebPage\",\"@id\":\"https:\/\/andersadlercreutz.fi\/blog\/tyollisyys\/adlercreutz-pysyva-oleskelulupa-ulkomaalaisille-korkeakoulusta-valmistuneille\/?lang=fi\",\"url\":\"https:\/\/andersadlercreutz.fi\/blog\/tyollisyys\/adlercreutz-pysyva-oleskelulupa-ulkomaalaisille-korkeakoulusta-valmistuneille\/?lang=fi\",\"name\":\"Adlercreutz: Pysyv\u00e4 oleskelulupa ulkomaalaisille korkeakoulusta valmistuneille - Anders Adlercreutz\",\"isPartOf\":{\"@id\":\"https:\/\/andersadlercreutz.fi\/blog\/#website\"},\"datePublished\":\"2019-02-11T11:15:48+00:00\",\"dateModified\":\"2019-02-11T19:08:36+00:00\",\"author\":{\"@id\":\"https:\/\/andersadlercreutz.fi\/blog\/#\/schema\/person\/47d4b72eded862b484f74bb4b3a2354f\"},\"breadcrumb\":{\"@id\":\"https:\/\/andersadlercreutz.fi\/blog\/tyollisyys\/adlercreutz-pysyva-oleskelulupa-ulkomaalaisille-korkeakoulusta-valmistuneille\/?lang=fi#breadcrumb\"},\"inLanguage\":\"sv-SE\",\"potentialAction\":[{\"@type\":\"ReadAction\",\"target\":[\"https:\/\/andersadlercreutz.fi\/blog\/tyollisyys\/adlercreutz-pysyva-oleskelulupa-ulkomaalaisille-korkeakoulusta-valmistuneille\/?lang=fi\"]}]},{\"@type\":\"BreadcrumbList\",\"@id\":\"https:\/\/andersadlercreutz.fi\/blog\/tyollisyys\/adlercreutz-pysyva-oleskelulupa-ulkomaalaisille-korkeakoulusta-valmistuneille\/?lang=fi#breadcrumb\",\"itemListElement\":[{\"@type\":\"ListItem\",\"position\":1,\"name\":\"Home\",\"item\":\"https:\/\/andersadlercreutz.fi\/blog\/blogg\/?lang=sv\"},{\"@type\":\"ListItem\",\"position\":2,\"name\":\"Adlercreutz: Pysyv\u00e4 oleskelulupa ulkomaalaisille korkeakoulusta valmistuneille\"}]},{\"@type\":\"WebSite\",\"@id\":\"https:\/\/andersadlercreutz.fi\/blog\/#website\",\"url\":\"https:\/\/andersadlercreutz.fi\/blog\/\",\"name\":\"Anders Adlercreutz\",\"description\":\"Du. Jag. Vi. Kest&auml;v&auml;sti optimisti\",\"potentialAction\":[{\"@type\":\"SearchAction\",\"target\":{\"@type\":\"EntryPoint\",\"urlTemplate\":\"https:\/\/andersadlercreutz.fi\/blog\/?s={search_term_string}\"},\"query-input\":\"required name=search_term_string\"}],\"inLanguage\":\"sv-SE\"},{\"@type\":\"Person\",\"@id\":\"https:\/\/andersadlercreutz.fi\/blog\/#\/schema\/person\/47d4b72eded862b484f74bb4b3a2354f\",\"name\":\"Anders\",\"image\":{\"@type\":\"ImageObject\",\"inLanguage\":\"sv-SE\",\"@id\":\"https:\/\/andersadlercreutz.fi\/blog\/#\/schema\/person\/image\/\",\"url\":\"https:\/\/secure.gravatar.com\/avatar\/a144c9bda7a581ff6fabba169027e620?s=96&d=mm&r=g\",\"contentUrl\":\"https:\/\/secure.gravatar.com\/avatar\/a144c9bda7a581ff6fabba169027e620?s=96&d=mm&r=g\",\"caption\":\"Anders\"},\"url\":\"https:\/\/andersadlercreutz.fi\/blog\/author\/admin\/\"}]}<\/script>\n<!-- \/ Yoast SEO plugin. -->","yoast_head_json":{"title":"Adlercreutz: Pysyv\u00e4 oleskelulupa ulkomaalaisille korkeakoulusta valmistuneille - Anders Adlercreutz","robots":{"index":"index","follow":"follow","max-snippet":"max-snippet:-1","max-image-preview":"max-image-preview:large","max-video-preview":"max-video-preview:-1"},"canonical":"https:\/\/andersadlercreutz.fi\/blog\/tyollisyys\/adlercreutz-pysyva-oleskelulupa-ulkomaalaisille-korkeakoulusta-valmistuneille\/","og_locale":"sv_SE","og_type":"article","og_title":"Adlercreutz: Pysyv\u00e4 oleskelulupa ulkomaalaisille korkeakoulusta valmistuneille - Anders Adlercreutz","og_description":"Joka vuosi noin 2 000 ulkomaalaista opiskelijaa suorittaa Suomessa korkeakoulututkinnon. Vain murto-osa heist\u00e4 j\u00e4\u00e4 Suomeen tutkinnon suoritettuaan. T\u00e4m\u00e4 on suurta resurssien tuhlausta, RKP:n varapuheenjohtaja ja kansanedustaja Anders Adlercreutz sanoo. \u2013 Maana meid\u00e4n intresseihin kuuluu se, ett\u00e4 mahdollisimman moni n\u00e4ist\u00e4 korkeasti koulutetuista henkil\u00f6ist\u00e4 haluaa ja voi j\u00e4\u00e4d\u00e4 Suomeen. Tarvitsemme ty\u00f6voimaa ja eritoten kansainv\u00e4list\u00e4 osaamista. T\u00e4ll\u00e4 hetkell\u00e4 [&hellip;]","og_url":"https:\/\/andersadlercreutz.fi\/blog\/tyollisyys\/adlercreutz-pysyva-oleskelulupa-ulkomaalaisille-korkeakoulusta-valmistuneille\/?lang=fi","og_site_name":"Anders Adlercreutz","article_published_time":"2019-02-11T11:15:48+00:00","article_modified_time":"2019-02-11T19:08:36+00:00","og_image":[{"width":1400,"height":540,"url":"https:\/\/i0.wp.com\/andersadlercreutz.fi\/blog\/wp-content\/uploads\/2019\/01\/Anders-h\u00d6sten-2018-1_1400.jpg?fit=1400%2C540&ssl=1","type":"image\/jpeg"}],"author":"Anders","twitter_card":"summary_large_image","twitter_misc":{"Skriven av":"Anders","Ber\u00e4knad l\u00e4stid":"1 minut"},"schema":{"@context":"https:\/\/schema.org","@graph":[{"@type":"WebPage","@id":"https:\/\/andersadlercreutz.fi\/blog\/tyollisyys\/adlercreutz-pysyva-oleskelulupa-ulkomaalaisille-korkeakoulusta-valmistuneille\/?lang=fi","url":"https:\/\/andersadlercreutz.fi\/blog\/tyollisyys\/adlercreutz-pysyva-oleskelulupa-ulkomaalaisille-korkeakoulusta-valmistuneille\/?lang=fi","name":"Adlercreutz: Pysyv\u00e4 oleskelulupa ulkomaalaisille korkeakoulusta valmistuneille - Anders Adlercreutz","isPartOf":{"@id":"https:\/\/andersadlercreutz.fi\/blog\/#website"},"datePublished":"2019-02-11T11:15:48+00:00","dateModified":"2019-02-11T19:08:36+00:00","author":{"@id":"https:\/\/andersadlercreutz.fi\/blog\/#\/schema\/person\/47d4b72eded862b484f74bb4b3a2354f"},"breadcrumb":{"@id":"https:\/\/andersadlercreutz.fi\/blog\/tyollisyys\/adlercreutz-pysyva-oleskelulupa-ulkomaalaisille-korkeakoulusta-valmistuneille\/?lang=fi#breadcrumb"},"inLanguage":"sv-SE","potentialAction":[{"@type":"ReadAction","target":["https:\/\/andersadlercreutz.fi\/blog\/tyollisyys\/adlercreutz-pysyva-oleskelulupa-ulkomaalaisille-korkeakoulusta-valmistuneille\/?lang=fi"]}]},{"@type":"BreadcrumbList","@id":"https:\/\/andersadlercreutz.fi\/blog\/tyollisyys\/adlercreutz-pysyva-oleskelulupa-ulkomaalaisille-korkeakoulusta-valmistuneille\/?lang=fi#breadcrumb","itemListElement":[{"@type":"ListItem","position":1,"name":"Home","item":"https:\/\/andersadlercreutz.fi\/blog\/blogg\/?lang=sv"},{"@type":"ListItem","position":2,"name":"Adlercreutz: Pysyv\u00e4 oleskelulupa ulkomaalaisille korkeakoulusta valmistuneille"}]},{"@type":"WebSite","@id":"https:\/\/andersadlercreutz.fi\/blog\/#website","url":"https:\/\/andersadlercreutz.fi\/blog\/","name":"Anders Adlercreutz","description":"Du. Jag. Vi. Kest&auml;v&auml;sti optimisti","potentialAction":[{"@type":"SearchAction","target":{"@type":"EntryPoint","urlTemplate":"https:\/\/andersadlercreutz.fi\/blog\/?s={search_term_string}"},"query-input":"required name=search_term_string"}],"inLanguage":"sv-SE"},{"@type":"Person","@id":"https:\/\/andersadlercreutz.fi\/blog\/#\/schema\/person\/47d4b72eded862b484f74bb4b3a2354f","name":"Anders","image":{"@type":"ImageObject","inLanguage":"sv-SE","@id":"https:\/\/andersadlercreutz.fi\/blog\/#\/schema\/person\/image\/","url":"https:\/\/secure.gravatar.com\/avatar\/a144c9bda7a581ff6fabba169027e620?s=96&d=mm&r=g","contentUrl":"https:\/\/secure.gravatar.com\/avatar\/a144c9bda7a581ff6fabba169027e620?s=96&d=mm&r=g","caption":"Anders"},"url":"https:\/\/andersadlercreutz.fi\/blog\/author\/admin\/"}]}},"jetpack_featured_media_url":"https:\/\/i0.wp.com\/andersadlercreutz.fi\/blog\/wp-content\/uploads\/2019\/01\/Anders-h\u00d6sten-2018-1_1400.jpg?fit=1400%2C540&ssl=1","jetpack_shortlink":"https:\/\/wp.me\/p4T6Dh-1ny","jetpack_sharing_enabled":true,"_links":{"self":[{"href":"https:\/\/andersadlercreutz.fi\/blog\/wp-json\/wp\/v2\/posts\/5304"}],"collection":[{"href":"https:\/\/andersadlercreutz.fi\/blog\/wp-json\/wp\/v2\/posts"}],"about":[{"href":"https:\/\/andersadlercreutz.fi\/blog\/wp-json\/wp\/v2\/types\/post"}],"author":[{"embeddable":true,"href":"https:\/\/andersadlercreutz.fi\/blog\/wp-json\/wp\/v2\/users\/1"}],"replies":[{"embeddable":true,"href":"https:\/\/andersadlercreutz.fi\/blog\/wp-json\/wp\/v2\/comments?post=5304"}],"version-history":[{"count":1,"href":"https:\/\/andersadlercreutz.fi\/blog\/wp-json\/wp\/v2\/posts\/5304\/revisions"}],"predecessor-version":[{"id":5305,"href":"https:\/\/andersadlercreutz.fi\/blog\/wp-json\/wp\/v2\/posts\/5304\/revisions\/5305"}],"wp:featuredmedia":[{"embeddable":true,"href":"https:\/\/andersadlercreutz.fi\/blog\/wp-json\/wp\/v2\/media\/4422"}],"wp:attachment":[{"href":"https:\/\/andersadlercreutz.fi\/blog\/wp-json\/wp\/v2\/media?parent=5304"}],"wp:term":[{"taxonomy":"category","embeddable":true,"href":"https:\/\/andersadlercreutz.fi\/blog\/wp-json\/wp\/v2\/categories?post=5304"},{"taxonomy":"post_tag","embeddable":true,"href":"https:\/\/andersadlercreutz.fi\/blog\/wp-json\/wp\/v2\/tags?post=5304"}],"curies":[{"name":"wp","href":"https:\/\/api.w.org\/{rel}","templated":true}]}}