{"id":5413,"date":"2019-03-06T15:13:22","date_gmt":"2019-03-06T13:13:22","guid":{"rendered":"http:\/\/andersadlercreutz.fi\/blog\/?p=5413"},"modified":"2019-03-06T15:13:22","modified_gmt":"2019-03-06T13:13:22","slug":"adlercreutz-vi-maste-bli-battre-pa-att-stoda-pojkar-och-unga-man-i-skolan-och-hemma","status":"publish","type":"post","link":"https:\/\/andersadlercreutz.fi\/blog\/pressmeddelande\/adlercreutz-vi-maste-bli-battre-pa-att-stoda-pojkar-och-unga-man-i-skolan-och-hemma\/","title":{"rendered":"Adlercreutz: Vi m\u00e5ste bli b\u00e4ttre p\u00e5 att st\u00f6da pojkar och unga m\u00e4n i skolan och hemma"},"content":{"rendered":"<p>Enligt en f\u00e4rsk utredning har andelen unga som \u00e4r utanf\u00f6r arbetsliv och utbildning minskat i Finland. Speciellt situationen f\u00f6r unga m\u00e4n har f\u00f6rb\u00e4ttrats. Ordf\u00f6rande f\u00f6r riksdagens mansn\u00e4tverk, riksdagsledamot <strong>Anders Adlercreutz <\/strong>(SFP) gl\u00e4ds \u00f6ver den positiva utvecklingen, men ser alltj\u00e4mt orosmoln.<\/p>\n<p>\u2013 Det finns fortfarande mycket som m\u00e5ste f\u00f6rb\u00e4ttras f\u00f6r att vi ska motverka marginalisering och st\u00f6da unga b\u00e4ttre under skolstigen. Skolan m\u00e5ste bli b\u00e4ttre p\u00e5 att k\u00e4nna igen problem och hj\u00e4lpa i ett tidigt skede d\u00e5 det beh\u00f6vs. Vi m\u00e5ste satsa p\u00e5 j\u00e4mst\u00e4lldhetsfostran och ha flera skolpsykologer, kuratorer och studiehandledare i skolorna. Ur Svenskfinlands perspektiv \u00e4r det ocks\u00e5 verkligen orov\u00e4ckande att inga nya studiehandledare har utbildats p\u00e5 svenska p\u00e5 m\u00e5nga \u00e5r, s\u00e4ger Adlercreutz.<\/p>\n<p>Forskning visar att f\u00f6r\u00e4ldrars mentala problem korrelerar speciellt med pojkars arbetsof\u00f6rm\u00f6genhet som beror p\u00e5 mentala problem och \u00e5ngestst\u00f6rningar.<\/p>\n<p>\u2013 F\u00f6r\u00e4ldrar och v\u00e5rdnadshavare har en betydande roll i en ung m\u00e4nniskas liv. Om f\u00f6r\u00e4ldern m\u00e5r d\u00e5ligt och lider av mentala problem reflekteras det ocks\u00e5 p\u00e5 barnet. Vi beh\u00f6ver mer resurser f\u00f6r mentalv\u00e5rd med l\u00e5g tr\u00f6skel f\u00f6r att st\u00f6da och v\u00e5rda dem som beh\u00f6ver. Dessutom \u00e4r det viktigt att vi satsar p\u00e5 att i samh\u00e4llet odla en atmosf\u00e4r d\u00e4r alla \u2013 b\u00e5de pojkar och flickor, barn och vuxna \u2013 upplever att man f\u00e5r s\u00f6ka hj\u00e4lp.<\/p>\n<p><em>Riksdagens mansn\u00e4tverk ordnade onsdagen 6 mars 2019 ett diskussionstillf\u00e4lle om hur vi b\u00e4ttre kunde st\u00f6da pojkar och m\u00e4n i skolan och p\u00e5 s\u00e5 s\u00e4tt motverka marginalisering.<\/em><\/p>\n","protected":false},"excerpt":{"rendered":"<p>Enligt en f\u00e4rsk utredning har andelen unga som \u00e4r utanf\u00f6r arbetsliv och utbildning minskat i Finland. Speciellt situationen f\u00f6r unga m\u00e4n har f\u00f6rb\u00e4ttrats. Ordf\u00f6rande f\u00f6r riksdagens mansn\u00e4tverk, riksdagsledamot Anders Adlercreutz (SFP) gl\u00e4ds \u00f6ver den positiva utvecklingen, men ser alltj\u00e4mt orosmoln. \u2013 Det finns fortfarande mycket som m\u00e5ste f\u00f6rb\u00e4ttras f\u00f6r att vi ska motverka marginalisering och [&hellip;]<\/p>\n","protected":false},"author":1,"featured_media":5362,"comment_status":"open","ping_status":"open","sticky":false,"template":"","format":"standard","meta":{"jetpack_post_was_ever_published":false,"_jetpack_newsletter_access":"","jetpack_publicize_message":"","jetpack_is_tweetstorm":false,"jetpack_publicize_feature_enabled":true,"jetpack_social_post_already_shared":true,"jetpack_social_options":{"image_generator_settings":{"template":"highway","enabled":false}}},"categories":[72],"tags":[],"jetpack_publicize_connections":[],"yoast_head":"<!-- This site is optimized with the Yoast SEO plugin v20.12 - https:\/\/yoast.com\/wordpress\/plugins\/seo\/ -->\n<title>Adlercreutz: Vi m\u00e5ste bli b\u00e4ttre p\u00e5 att st\u00f6da pojkar och unga m\u00e4n i skolan och hemma - Anders Adlercreutz<\/title>\n<meta name=\"robots\" content=\"index, follow, max-snippet:-1, max-image-preview:large, max-video-preview:-1\" \/>\n<link rel=\"canonical\" href=\"https:\/\/andersadlercreutz.fi\/blog\/pressmeddelande\/adlercreutz-vi-maste-bli-battre-pa-att-stoda-pojkar-och-unga-man-i-skolan-och-hemma\/\" \/>\n<meta property=\"og:locale\" content=\"sv_SE\" \/>\n<meta property=\"og:type\" content=\"article\" \/>\n<meta property=\"og:title\" content=\"Adlercreutz: Vi m\u00e5ste bli b\u00e4ttre p\u00e5 att st\u00f6da pojkar och unga m\u00e4n i skolan och hemma - Anders Adlercreutz\" \/>\n<meta property=\"og:description\" content=\"Enligt en f\u00e4rsk utredning har andelen unga som \u00e4r utanf\u00f6r arbetsliv och utbildning minskat i Finland. Speciellt situationen f\u00f6r unga m\u00e4n har f\u00f6rb\u00e4ttrats. Ordf\u00f6rande f\u00f6r riksdagens mansn\u00e4tverk, riksdagsledamot Anders Adlercreutz (SFP) gl\u00e4ds \u00f6ver den positiva utvecklingen, men ser alltj\u00e4mt orosmoln. \u2013 Det finns fortfarande mycket som m\u00e5ste f\u00f6rb\u00e4ttras f\u00f6r att vi ska motverka marginalisering och [&hellip;]\" \/>\n<meta property=\"og:url\" content=\"https:\/\/andersadlercreutz.fi\/blog\/pressmeddelande\/adlercreutz-vi-maste-bli-battre-pa-att-stoda-pojkar-och-unga-man-i-skolan-och-hemma\/\" \/>\n<meta property=\"og:site_name\" content=\"Anders Adlercreutz\" \/>\n<meta property=\"article:published_time\" content=\"2019-03-06T13:13:22+00:00\" \/>\n<meta property=\"og:image\" content=\"https:\/\/i0.wp.com\/andersadlercreutz.fi\/blog\/wp-content\/uploads\/2019\/02\/Anders-h\u00d6sten-2018-mob.jpg?fit=600%2C320&ssl=1\" \/>\n\t<meta property=\"og:image:width\" content=\"600\" \/>\n\t<meta property=\"og:image:height\" content=\"320\" \/>\n\t<meta property=\"og:image:type\" content=\"image\/jpeg\" \/>\n<meta name=\"author\" content=\"Anders\" \/>\n<meta name=\"twitter:card\" content=\"summary_large_image\" \/>\n<meta name=\"twitter:label1\" content=\"Skriven av\" \/>\n\t<meta name=\"twitter:data1\" content=\"Anders\" \/>\n\t<meta name=\"twitter:label2\" content=\"Ber\u00e4knad l\u00e4stid\" \/>\n\t<meta name=\"twitter:data2\" content=\"1 minut\" \/>\n<script type=\"application\/ld+json\" class=\"yoast-schema-graph\">{\"@context\":\"https:\/\/schema.org\",\"@graph\":[{\"@type\":\"WebPage\",\"@id\":\"https:\/\/andersadlercreutz.fi\/blog\/pressmeddelande\/adlercreutz-vi-maste-bli-battre-pa-att-stoda-pojkar-och-unga-man-i-skolan-och-hemma\/\",\"url\":\"https:\/\/andersadlercreutz.fi\/blog\/pressmeddelande\/adlercreutz-vi-maste-bli-battre-pa-att-stoda-pojkar-och-unga-man-i-skolan-och-hemma\/\",\"name\":\"Adlercreutz: Vi m\u00e5ste bli b\u00e4ttre p\u00e5 att st\u00f6da pojkar och unga m\u00e4n i skolan och hemma - Anders Adlercreutz\",\"isPartOf\":{\"@id\":\"https:\/\/andersadlercreutz.fi\/blog\/#website\"},\"datePublished\":\"2019-03-06T13:13:22+00:00\",\"dateModified\":\"2019-03-06T13:13:22+00:00\",\"author\":{\"@id\":\"https:\/\/andersadlercreutz.fi\/blog\/#\/schema\/person\/47d4b72eded862b484f74bb4b3a2354f\"},\"breadcrumb\":{\"@id\":\"https:\/\/andersadlercreutz.fi\/blog\/pressmeddelande\/adlercreutz-vi-maste-bli-battre-pa-att-stoda-pojkar-och-unga-man-i-skolan-och-hemma\/#breadcrumb\"},\"inLanguage\":\"sv-SE\",\"potentialAction\":[{\"@type\":\"ReadAction\",\"target\":[\"https:\/\/andersadlercreutz.fi\/blog\/pressmeddelande\/adlercreutz-vi-maste-bli-battre-pa-att-stoda-pojkar-och-unga-man-i-skolan-och-hemma\/\"]}]},{\"@type\":\"BreadcrumbList\",\"@id\":\"https:\/\/andersadlercreutz.fi\/blog\/pressmeddelande\/adlercreutz-vi-maste-bli-battre-pa-att-stoda-pojkar-och-unga-man-i-skolan-och-hemma\/#breadcrumb\",\"itemListElement\":[{\"@type\":\"ListItem\",\"position\":1,\"name\":\"Home\",\"item\":\"https:\/\/andersadlercreutz.fi\/blog\/blogg\/?lang=sv\"},{\"@type\":\"ListItem\",\"position\":2,\"name\":\"Adlercreutz: Vi m\u00e5ste bli b\u00e4ttre p\u00e5 att st\u00f6da pojkar och unga m\u00e4n i skolan och hemma\"}]},{\"@type\":\"WebSite\",\"@id\":\"https:\/\/andersadlercreutz.fi\/blog\/#website\",\"url\":\"https:\/\/andersadlercreutz.fi\/blog\/\",\"name\":\"Anders Adlercreutz\",\"description\":\"Du. Jag. Vi. Kest&auml;v&auml;sti optimisti\",\"potentialAction\":[{\"@type\":\"SearchAction\",\"target\":{\"@type\":\"EntryPoint\",\"urlTemplate\":\"https:\/\/andersadlercreutz.fi\/blog\/?s={search_term_string}\"},\"query-input\":\"required name=search_term_string\"}],\"inLanguage\":\"sv-SE\"},{\"@type\":\"Person\",\"@id\":\"https:\/\/andersadlercreutz.fi\/blog\/#\/schema\/person\/47d4b72eded862b484f74bb4b3a2354f\",\"name\":\"Anders\",\"image\":{\"@type\":\"ImageObject\",\"inLanguage\":\"sv-SE\",\"@id\":\"https:\/\/andersadlercreutz.fi\/blog\/#\/schema\/person\/image\/\",\"url\":\"https:\/\/secure.gravatar.com\/avatar\/a144c9bda7a581ff6fabba169027e620?s=96&d=mm&r=g\",\"contentUrl\":\"https:\/\/secure.gravatar.com\/avatar\/a144c9bda7a581ff6fabba169027e620?s=96&d=mm&r=g\",\"caption\":\"Anders\"},\"url\":\"https:\/\/andersadlercreutz.fi\/blog\/author\/admin\/\"}]}<\/script>\n<!-- \/ Yoast SEO plugin. -->","yoast_head_json":{"title":"Adlercreutz: Vi m\u00e5ste bli b\u00e4ttre p\u00e5 att st\u00f6da pojkar och unga m\u00e4n i skolan och hemma - Anders Adlercreutz","robots":{"index":"index","follow":"follow","max-snippet":"max-snippet:-1","max-image-preview":"max-image-preview:large","max-video-preview":"max-video-preview:-1"},"canonical":"https:\/\/andersadlercreutz.fi\/blog\/pressmeddelande\/adlercreutz-vi-maste-bli-battre-pa-att-stoda-pojkar-och-unga-man-i-skolan-och-hemma\/","og_locale":"sv_SE","og_type":"article","og_title":"Adlercreutz: Vi m\u00e5ste bli b\u00e4ttre p\u00e5 att st\u00f6da pojkar och unga m\u00e4n i skolan och hemma - Anders Adlercreutz","og_description":"Enligt en f\u00e4rsk utredning har andelen unga som \u00e4r utanf\u00f6r arbetsliv och utbildning minskat i Finland. Speciellt situationen f\u00f6r unga m\u00e4n har f\u00f6rb\u00e4ttrats. Ordf\u00f6rande f\u00f6r riksdagens mansn\u00e4tverk, riksdagsledamot Anders Adlercreutz (SFP) gl\u00e4ds \u00f6ver den positiva utvecklingen, men ser alltj\u00e4mt orosmoln. \u2013 Det finns fortfarande mycket som m\u00e5ste f\u00f6rb\u00e4ttras f\u00f6r att vi ska motverka marginalisering och [&hellip;]","og_url":"https:\/\/andersadlercreutz.fi\/blog\/pressmeddelande\/adlercreutz-vi-maste-bli-battre-pa-att-stoda-pojkar-och-unga-man-i-skolan-och-hemma\/","og_site_name":"Anders Adlercreutz","article_published_time":"2019-03-06T13:13:22+00:00","og_image":[{"width":600,"height":320,"url":"https:\/\/i0.wp.com\/andersadlercreutz.fi\/blog\/wp-content\/uploads\/2019\/02\/Anders-h\u00d6sten-2018-mob.jpg?fit=600%2C320&ssl=1","type":"image\/jpeg"}],"author":"Anders","twitter_card":"summary_large_image","twitter_misc":{"Skriven av":"Anders","Ber\u00e4knad l\u00e4stid":"1 minut"},"schema":{"@context":"https:\/\/schema.org","@graph":[{"@type":"WebPage","@id":"https:\/\/andersadlercreutz.fi\/blog\/pressmeddelande\/adlercreutz-vi-maste-bli-battre-pa-att-stoda-pojkar-och-unga-man-i-skolan-och-hemma\/","url":"https:\/\/andersadlercreutz.fi\/blog\/pressmeddelande\/adlercreutz-vi-maste-bli-battre-pa-att-stoda-pojkar-och-unga-man-i-skolan-och-hemma\/","name":"Adlercreutz: Vi m\u00e5ste bli b\u00e4ttre p\u00e5 att st\u00f6da pojkar och unga m\u00e4n i skolan och hemma - Anders Adlercreutz","isPartOf":{"@id":"https:\/\/andersadlercreutz.fi\/blog\/#website"},"datePublished":"2019-03-06T13:13:22+00:00","dateModified":"2019-03-06T13:13:22+00:00","author":{"@id":"https:\/\/andersadlercreutz.fi\/blog\/#\/schema\/person\/47d4b72eded862b484f74bb4b3a2354f"},"breadcrumb":{"@id":"https:\/\/andersadlercreutz.fi\/blog\/pressmeddelande\/adlercreutz-vi-maste-bli-battre-pa-att-stoda-pojkar-och-unga-man-i-skolan-och-hemma\/#breadcrumb"},"inLanguage":"sv-SE","potentialAction":[{"@type":"ReadAction","target":["https:\/\/andersadlercreutz.fi\/blog\/pressmeddelande\/adlercreutz-vi-maste-bli-battre-pa-att-stoda-pojkar-och-unga-man-i-skolan-och-hemma\/"]}]},{"@type":"BreadcrumbList","@id":"https:\/\/andersadlercreutz.fi\/blog\/pressmeddelande\/adlercreutz-vi-maste-bli-battre-pa-att-stoda-pojkar-och-unga-man-i-skolan-och-hemma\/#breadcrumb","itemListElement":[{"@type":"ListItem","position":1,"name":"Home","item":"https:\/\/andersadlercreutz.fi\/blog\/blogg\/?lang=sv"},{"@type":"ListItem","position":2,"name":"Adlercreutz: Vi m\u00e5ste bli b\u00e4ttre p\u00e5 att st\u00f6da pojkar och unga m\u00e4n i skolan och hemma"}]},{"@type":"WebSite","@id":"https:\/\/andersadlercreutz.fi\/blog\/#website","url":"https:\/\/andersadlercreutz.fi\/blog\/","name":"Anders Adlercreutz","description":"Du. Jag. Vi. Kest&auml;v&auml;sti optimisti","potentialAction":[{"@type":"SearchAction","target":{"@type":"EntryPoint","urlTemplate":"https:\/\/andersadlercreutz.fi\/blog\/?s={search_term_string}"},"query-input":"required name=search_term_string"}],"inLanguage":"sv-SE"},{"@type":"Person","@id":"https:\/\/andersadlercreutz.fi\/blog\/#\/schema\/person\/47d4b72eded862b484f74bb4b3a2354f","name":"Anders","image":{"@type":"ImageObject","inLanguage":"sv-SE","@id":"https:\/\/andersadlercreutz.fi\/blog\/#\/schema\/person\/image\/","url":"https:\/\/secure.gravatar.com\/avatar\/a144c9bda7a581ff6fabba169027e620?s=96&d=mm&r=g","contentUrl":"https:\/\/secure.gravatar.com\/avatar\/a144c9bda7a581ff6fabba169027e620?s=96&d=mm&r=g","caption":"Anders"},"url":"https:\/\/andersadlercreutz.fi\/blog\/author\/admin\/"}]}},"jetpack_featured_media_url":"https:\/\/i0.wp.com\/andersadlercreutz.fi\/blog\/wp-content\/uploads\/2019\/02\/Anders-h\u00d6sten-2018-mob.jpg?fit=600%2C320&ssl=1","jetpack_shortlink":"https:\/\/wp.me\/p4T6Dh-1pj","jetpack_sharing_enabled":true,"_links":{"self":[{"href":"https:\/\/andersadlercreutz.fi\/blog\/wp-json\/wp\/v2\/posts\/5413"}],"collection":[{"href":"https:\/\/andersadlercreutz.fi\/blog\/wp-json\/wp\/v2\/posts"}],"about":[{"href":"https:\/\/andersadlercreutz.fi\/blog\/wp-json\/wp\/v2\/types\/post"}],"author":[{"embeddable":true,"href":"https:\/\/andersadlercreutz.fi\/blog\/wp-json\/wp\/v2\/users\/1"}],"replies":[{"embeddable":true,"href":"https:\/\/andersadlercreutz.fi\/blog\/wp-json\/wp\/v2\/comments?post=5413"}],"version-history":[{"count":1,"href":"https:\/\/andersadlercreutz.fi\/blog\/wp-json\/wp\/v2\/posts\/5413\/revisions"}],"predecessor-version":[{"id":5414,"href":"https:\/\/andersadlercreutz.fi\/blog\/wp-json\/wp\/v2\/posts\/5413\/revisions\/5414"}],"wp:featuredmedia":[{"embeddable":true,"href":"https:\/\/andersadlercreutz.fi\/blog\/wp-json\/wp\/v2\/media\/5362"}],"wp:attachment":[{"href":"https:\/\/andersadlercreutz.fi\/blog\/wp-json\/wp\/v2\/media?parent=5413"}],"wp:term":[{"taxonomy":"category","embeddable":true,"href":"https:\/\/andersadlercreutz.fi\/blog\/wp-json\/wp\/v2\/categories?post=5413"},{"taxonomy":"post_tag","embeddable":true,"href":"https:\/\/andersadlercreutz.fi\/blog\/wp-json\/wp\/v2\/tags?post=5413"}],"curies":[{"name":"wp","href":"https:\/\/api.w.org\/{rel}","templated":true}]}}