{"id":5646,"date":"2019-04-07T15:41:01","date_gmt":"2019-04-07T12:41:01","guid":{"rendered":"http:\/\/andersadlercreutz.fi\/blog\/?p=5646"},"modified":"2019-04-08T00:06:05","modified_gmt":"2019-04-07T21:06:05","slug":"itameri-ei-voi-odottaa-keskustelu-christina-gestrinin-kanssa","status":"publish","type":"post","link":"https:\/\/andersadlercreutz.fi\/blog\/kestava-kehitys\/itameri-ei-voi-odottaa-keskustelu-christina-gestrinin-kanssa\/?lang=fi","title":{"rendered":"It\u00e4meri ei voi odottaa &#8211; keskustelu Christina Gestrinin kanssa"},"content":{"rendered":"<p>Suomi toimii parhaillaan HELCOMin eli It\u00e4meren suojelukomission puheenjohtajana. Ensi kes\u00e4st\u00e4 l\u00e4htien olemme my\u00f6s EU:n puheenjohtajamaa. Lis\u00e4ksi toimimme Arktisen neuvoston puheenjohtajana, joten meille on avautumassa erinomainen mahdollisuus vied\u00e4 It\u00e4meri-yhteisty\u00f6t\u00e4 voimalla eteenp\u00e4in.<\/p>\n<p>Kes\u00e4 on tulossa ja olemme jo kuulleet huolestuttavia uutisia tutkijoilta. Tilanne n\u00e4ytt\u00e4\u00e4 suurelta osin yht\u00e4 huonolta, kuin vuosi sitten: kuollutta merenpohjaa on enn\u00e4tyksellisen paljon, ja Suomenlahteen on saapunut suuri ravinnekuorma It\u00e4meren p\u00e4\u00e4altaasta. Kaikesta tehdyst\u00e4 ty\u00f6st\u00e4 huolimatta tilanne n\u00e4ytt\u00e4\u00e4 haastavalta. Pit\u00e4isik\u00f6 meid\u00e4n luovuttaa, vai onko viel\u00e4 toivoa?<\/p>\n<p>&#8211; Meid\u00e4n t\u00e4ytyy jatkaa p\u00e4\u00e4st\u00f6jen v\u00e4hent\u00e4mist\u00e4. Ei ole olemassa mit\u00e4\u00e4n nopeaa tapaa puhdistaa It\u00e4merta, vaan kyseess\u00e4 on pitk\u00e4j\u00e4nteinen ty\u00f6. On hyv\u00e4 muistaa, ett\u00e4 p\u00e4\u00e4st\u00f6t ovat todellakin laskeneet sitten 80-luvun, eli oikeaan suuntaan on menty. Samaan hengenvetoon joudumme toteamaan, ett\u00e4 vanhat syntimme ovat niin suuria, ett\u00e4 on vaikeaa palauttaa tilannetta hyv\u00e4ksi. Tarvitaan jatkuvia toimia, jotta maataloudesta, kotitalouksista, teollisuudesta ja<span class=\"Apple-converted-space\">\u00a0 <\/span>liikenteest\u00e4 tulevia p\u00e4\u00e4st\u00f6j\u00e4 saadaan v\u00e4hennetty\u00e4.<span class=\"Apple-converted-space\">\u00a0 <\/span>Ilmaston l\u00e4mpeneminen on my\u00f6s uusi It\u00e4mereen kohdistuva uhka.<\/p>\n<p>Mit\u00e4 tapahtuu, jos vesi l\u00e4mpenee joitain asteita? Millainen merkitys sill\u00e4 on rehev\u00f6itymiselle? Ent\u00e4 It\u00e4meren sis\u00e4iselle kuormitukselle, jonka vuoksi It\u00e4meren tilanne ei parane?<\/p>\n<p>&#8211; L\u00e4mpim\u00e4mpi It\u00e4meri merkitsee lis\u00e4\u00e4 sadetta, mik\u00e4 johtaa suolapitoisuuden v\u00e4henemiseen ja ravinteiden huuhtoutumiseen mereen kaikkina vuodenaikoina. T\u00e4m\u00e4 lis\u00e4\u00e4 el\u00e4in- ja kasvilajien kokemaa stressi\u00e4. N\u00e4m\u00e4 asiat tulee huomioida ja korjata niin pian kuin mahdollista.<\/p>\n<p>Laatimasi raportti kertoo, ettei yhteisty\u00f6 aina suju kuin tanssi, mutta se on kuitenkin johtanut selviin tuloksiin. Mit\u00e4 t\u00e4h\u00e4n asti tehdyll\u00e4 ty\u00f6ll\u00e4 on saavutettu?<\/p>\n<p>&#8211; Pietarissa puhdistetaan nyt 98 prosenttia j\u00e4tevesist\u00e4, mik\u00e4 on huima parannus verrattuna 30 vuoden takaiseen tilanteeseen. T\u00e4m\u00e4 on hienoa, mutta meill\u00e4 ei ole takuita siit\u00e4, ett\u00e4 korkea taso pysyy. Vedenpuhdistus edellytt\u00e4\u00e4 jatkuvaa yll\u00e4pitoa, kuten kemikaalien lis\u00e4\u00e4mist\u00e4. T\u00e4m\u00e4n takia on t\u00e4rke\u00e4\u00e4, ett\u00e4 teemme kansainv\u00e4list\u00e4 yhteisty\u00f6t\u00e4 It\u00e4meren ymp\u00e4rysmaiden kesken.<\/p>\n<p>Jos olen ymm\u00e4rt\u00e4nyt oikein, niin yhteisty\u00f6 Ven\u00e4j\u00e4n kanssa on hankalaa, koska kansalaisilla ei siell\u00e4 ole ymm\u00e4rryst\u00e4 tilanteesta. Sielt\u00e4 puuttuu my\u00f6s vahvoja, asiaa eteenp\u00e4in ajavia instituutioita. Kehitysty\u00f6 on yksitt\u00e4isten tulisielujen varassa. Mit\u00e4 tapahtuu, kun n\u00e4m\u00e4 henkil\u00f6t v\u00e4istyv\u00e4t?<span class=\"Apple-converted-space\">\u00a0<\/span><\/p>\n<p>&#8211; Ymp\u00e4rist\u00f6yhteisty\u00f6n keskeytyminen vaikuttaisi ajan my\u00f6t\u00e4 kielteisesti ymp\u00e4rist\u00f6\u00f6n, mink\u00e4 vuoksi on t\u00e4rke\u00e4\u00e4 jatkaa ymp\u00e4rist\u00f6ty\u00f6t\u00e4 kaikkien It\u00e4meren alueen maiden kanssa poliittisesti vaikeista ajoista huolimatta.<\/p>\n<p><span class=\"Apple-converted-space\">\u00a0<\/span>Sanktiot ovat johtaneet siihen, ettei mit\u00e4\u00e4n uusia kansainv\u00e4lisi\u00e4 ymp\u00e4rist\u00f6projekteja ole voitu aloittaa Ven\u00e4j\u00e4ll\u00e4 vuoden 2014 j\u00e4lkeen. Viime vuosina monet ymp\u00e4rist\u00f6asiantuntijat ovat el\u00e4k\u00f6ityneet, joten meill\u00e4 on v\u00e4hemm\u00e4n henkil\u00f6kohtaisia kontakteja ymp\u00e4rist\u00f6yhteisty\u00f6ss\u00e4 Ven\u00e4j\u00e4n kanssa kuin joitakin vuosia sitten.<\/p>\n<p>Olemme k\u00e4sitelleet t\u00e4t\u00e4 haastetta eduskunnan Ven\u00e4j\u00e4-ryhm\u00e4ss\u00e4, jonka varapuheenjohtaja olen. Onko sinulle asti kantautunut viestej\u00e4 siit\u00e4, ett\u00e4 ven\u00e4l\u00e4iset puhdistuslaitokset kokevat toimintansa k\u00e4rsiv\u00e4n esimerkiksi varojen tai varusteiden puutteesta?<\/p>\n<p>&#8211; Ven\u00e4l\u00e4isilt\u00e4 tahoilta ei t\u00e4llaista huolta ole esitetty, mutta minusta meill\u00e4 on syyt\u00e4 huoleen. Pietarin vedenpuhdistuslaitosta auttanut Ecovod, joka on suomalaisista vedenpuhdistuksen asiantuntijoista koostuva konsulttiyhti\u00f6, lopetti vuoden alussa toimintansa Pietarin puhdistamoissa. Ecovodin teht\u00e4v\u00e4 on ollut seurata vedenpuhdistuslaitosten toimintaa ja raportoida virheist\u00e4 ja puutteista heti, jos sellaisia l\u00f6ydet\u00e4\u00e4n.<\/p>\n<p>Ecovodin pois j\u00e4\u00e4minen yhdistettyn\u00e4 heikentyneeseen taloustilanteeseen ja uusien yhteisten projektien puuttumiseen voi merkit\u00e4 riski\u00e4 s\u00e4\u00e4st\u00e4\u00e4 k\u00e4ytt\u00f6kuluissa. T\u00e4m\u00e4 voi johtaa tilanteen huononemiseen. Juuri kansainv\u00e4linen yhteisty\u00f6 on auttanut pit\u00e4m\u00e4\u00e4n tekniikan ja laitosten k\u00e4yt\u00f6n hyv\u00e4ll\u00e4 tasolla.<\/p>\n<p>Suomessa kansalaiset ovat osallistuneet keskusteluun ja luoneet painetta meille poliitikoille ja muille p\u00e4\u00e4tt\u00e4jille. Mik\u00e4 tilanne on Ven\u00e4j\u00e4ll\u00e4?<\/p>\n<p>&#8211; Tammikuussa osallistuin ymp\u00e4rist\u00f6seminaarin j\u00e4rjest\u00e4miseen Suomen kunniakonsulaatissa Pietarissa. Sinne oli kutsuttu ven\u00e4l\u00e4isten kansalaisj\u00e4rjest\u00f6jen j\u00e4seni\u00e4. J\u00e4rjest\u00f6jen suuri aktiivisuus ja luovuus tekiv\u00e4t minuun vaikutuksen. Joissain kaupunginosissa ne ovat j\u00e4rjest\u00e4neet j\u00e4tteenkierr\u00e4tyksen, koska yhteiskunnan panostukset kierr\u00e4tykseen ja materiaalien uusiok\u00e4ytt\u00f6\u00f6n ovat olemattomat. Verrattuna suomalaisiin ymp\u00e4rist\u00f6j\u00e4rjest\u00f6ihin kansalaisj\u00e4rjest\u00f6jen toiminta Ven\u00e4j\u00e4ll\u00e4 on vaikeampaa kuin Suomessa, vaikka samaan aikaan ongelmat ovat paljon isompia. Ymp\u00e4rist\u00f6j\u00e4rjest\u00f6t tekev\u00e4t silti t\u00e4rke\u00e4\u00e4 ruohonjuuri- ja valistusty\u00f6t\u00e4.<\/p>\n<p>Nyt Pietarin vedenpuhdistus on suurilta osin kunnossa, mutta j\u00e4ljell\u00e4 on edelleen yli sata ongelmallista p\u00e4\u00e4st\u00f6pistett\u00e4. Yksi n\u00e4ist\u00e4 on Viipuri ja Viipurin j\u00e4tevedet. My\u00f6s el\u00e4intalous on suuri p\u00e4\u00e4st\u00f6jen l\u00e4hde. Nyt kun Ven\u00e4j\u00e4 on keskittynyt sanktioiden my\u00f6t\u00e4 kotimaiseen ruuantuotantoon, se panostaa ennemmin tuotannon tehostamiseen kuin sen mahdollisiin ymp\u00e4rist\u00f6vaikutuksiin.<span class=\"Apple-converted-space\">\u00a0<\/span><\/p>\n<blockquote><p>Ratkaisemattomia ongelmia on siis paljon, ei vain Ven\u00e4j\u00e4ll\u00e4, vaan my\u00f6s esimerkiksi Puolassa. Meid\u00e4n on vain yritett\u00e4v\u00e4 saada kaikki maat mukaan HELCOMin eli It\u00e4meren suojelukomission ty\u00f6h\u00f6n. T\u00e4ss\u00e4 ty\u00f6ss\u00e4 Suomella on puheenjohtajamaana t\u00e4rke\u00e4 osa.<\/p><\/blockquote>\n<p>Ruotsissa k\u00e4ytet\u00e4\u00e4n rakennekalkkia peltojen p\u00e4\u00e4st\u00f6jen v\u00e4hent\u00e4miseen. Suomessa olemme kehitt\u00e4neet metodin, joka perustuu kipsin k\u00e4ytt\u00f6\u00f6n. Se tuntuu olevan lupaava tekniikka ja voisi toimia laajasti esimerkiksi Varsinais-Suomessa. Hallitus on juuri lis\u00e4nnyt It\u00e4meren suojeluun vuosittain 15 miljoonaa, ja iso osa t\u00e4st\u00e4 summasta k\u00e4ytet\u00e4\u00e4n todenn\u00e4k\u00f6isesti juuri peltojen kipsik\u00e4sittelyyn.<\/p>\n<p>Kiertotalouden kehittyminen n\u00e4yttelee sekin isoa roolia It\u00e4meren suojelussa. Kiertotalouden osalta kysymykset liittyv\u00e4t muun muassa siihen, miten voimme tulevaisuudessa hy\u00f6dynt\u00e4\u00e4 lannoitteita paremmin. Miten onnistumme erottelemaan ravinteet lannasta ja k\u00e4ytt\u00e4m\u00e4\u00e4n lantaa biokaasun tuotantoon.<\/p>\n<p>Jos sinun pit\u00e4isi motivoida suomalaisia p\u00e4\u00e4tt\u00e4ji\u00e4 tekem\u00e4\u00e4n nykyist\u00e4 enemm\u00e4n It\u00e4meren eteen, niin mit\u00e4 sanoisit heille?<\/p>\n<p>&#8211; Kuten monissa muissakin vaikeissa kysymyksiss\u00e4, tulisi t\u00e4ss\u00e4kin keskitty\u00e4 mahdollisuuksiin. Paitsi ett\u00e4 It\u00e4meri on t\u00e4rke\u00e4 ymp\u00e4rist\u00f6kysymys, se on Suomelle my\u00f6s taloudellinen mahdollisuus. Usein rajoitteet ja lains\u00e4\u00e4d\u00e4nt\u00f6 n\u00e4hd\u00e4\u00e4n pikemminkin uhkana kuin mahdollisuuksina. Rikkidirektiivi, jonka pel\u00e4ttiin tappavan suomalaisen merenkulun, on todellisuudessa tarjonnut suomalaiselle teollisuudelle mahdollisuuksia kulkea kansainv\u00e4lisen kehityksen k\u00e4rjess\u00e4, mit\u00e4 tulee v\u00e4h\u00e4p\u00e4\u00e4st\u00f6isiin merimoottoreihin.<\/p>\n<p>L\u00e4hdetty\u00e4ni Christinan luota ja k\u00e4\u00e4ntyess\u00e4ni Kirkkonummella Masalantielle huomaan pohtivani, mit\u00e4 min\u00e4 voin tehd\u00e4. P\u00e4\u00e4llimm\u00e4isen\u00e4 on ajatus siit\u00e4, ett\u00e4 yhteisty\u00f6t\u00e4 Ven\u00e4j\u00e4n kanssa on vaalittava. Siin\u00e4 min\u00e4 voin auttaa. Maiden v\u00e4liset kontaktit ymp\u00e4rist\u00f6kysymyksiss\u00e4 ovat t\u00e4rkeit\u00e4 Ven\u00e4j\u00e4\u00e4n kohdistuvista sanktioista huolimatta. Lis\u00e4ksi Suomen EU-puheenjohtajuudella voi olla suuri merkitys It\u00e4merelle. On t\u00e4rke\u00e4\u00e4, ett\u00e4 viimeist\u00e4\u00e4n nyt silm\u00e4t aukeavat my\u00f6s muissa EU-maissa. Puolankin on teht\u00e4v\u00e4 osansa.<\/p>\n<p>T\u00e4\u00e4ll\u00e4 koto-Suomessa tervehdin ilolla 15 miljoonan lis\u00e4rahoitusta vaikka tied\u00e4nkin, ettei yksitt\u00e4inen projektirahoitus riit\u00e4 ratkaisemaan It\u00e4meren tulevaisuutta. It\u00e4meren hyvinvoinnilla on niin suuri merkitys meille kaikille, ett\u00e4 sek\u00e4 rahoituksen ett\u00e4 ymp\u00e4rist\u00f6ty\u00f6n tulee olla pitk\u00e4kestoista ja jatkuvaa.<\/p>\n<p>Stinan It\u00e4meri-vinkki: Sy\u00f6 enemm\u00e4n It\u00e4merest\u00e4 pyydetty\u00e4 kalaa. Silakka- ja lahnapihvit sopivat hyvin my\u00f6s kuntien suurkeitti\u00f6ihin. Kalastaminen on tapa poistaa ravinteita It\u00e4merest\u00e4. Sen lis\u00e4ksi paikallisista raaka-aineista tuotettu ruoka tarkoittaa lyhyempi\u00e4 kuljetuksia. \u2022<\/p>\n","protected":false},"excerpt":{"rendered":"<p>Suomi toimii parhaillaan HELCOMin eli It\u00e4meren suojelukomission puheenjohtajana. Ensi kes\u00e4st\u00e4 l\u00e4htien olemme my\u00f6s EU:n puheenjohtajamaa. Lis\u00e4ksi toimimme Arktisen neuvoston puheenjohtajana, joten meille on avautumassa erinomainen mahdollisuus vied\u00e4 It\u00e4meri-yhteisty\u00f6t\u00e4 voimalla eteenp\u00e4in. Kes\u00e4 on tulossa ja olemme jo kuulleet huolestuttavia uutisia tutkijoilta. Tilanne n\u00e4ytt\u00e4\u00e4 suurelta osin yht\u00e4 huonolta, kuin vuosi sitten: kuollutta merenpohjaa on enn\u00e4tyksellisen paljon, ja [&hellip;]<\/p>\n","protected":false},"author":1,"featured_media":5644,"comment_status":"open","ping_status":"open","sticky":false,"template":"","format":"standard","meta":{"jetpack_post_was_ever_published":false,"_jetpack_newsletter_access":"","jetpack_publicize_message":"","jetpack_is_tweetstorm":false,"jetpack_publicize_feature_enabled":true,"jetpack_social_post_already_shared":true,"jetpack_social_options":{"image_generator_settings":{"template":"highway","enabled":false}}},"categories":[18,11,81,80],"tags":[],"jetpack_publicize_connections":[],"yoast_head":"<!-- This site is optimized with the Yoast SEO plugin v20.12 - https:\/\/yoast.com\/wordpress\/plugins\/seo\/ -->\n<title>It\u00e4meri ei voi odottaa - keskustelu Christina Gestrinin kanssa - Anders Adlercreutz<\/title>\n<meta name=\"robots\" content=\"index, follow, max-snippet:-1, max-image-preview:large, max-video-preview:-1\" \/>\n<link rel=\"canonical\" href=\"https:\/\/andersadlercreutz.fi\/blog\/kestava-kehitys\/itameri-ei-voi-odottaa-keskustelu-christina-gestrinin-kanssa\/\" \/>\n<meta property=\"og:locale\" content=\"sv_SE\" \/>\n<meta property=\"og:type\" content=\"article\" \/>\n<meta property=\"og:title\" content=\"It\u00e4meri ei voi odottaa - keskustelu Christina Gestrinin kanssa - Anders Adlercreutz\" \/>\n<meta property=\"og:description\" content=\"Suomi toimii parhaillaan HELCOMin eli It\u00e4meren suojelukomission puheenjohtajana. Ensi kes\u00e4st\u00e4 l\u00e4htien olemme my\u00f6s EU:n puheenjohtajamaa. Lis\u00e4ksi toimimme Arktisen neuvoston puheenjohtajana, joten meille on avautumassa erinomainen mahdollisuus vied\u00e4 It\u00e4meri-yhteisty\u00f6t\u00e4 voimalla eteenp\u00e4in. Kes\u00e4 on tulossa ja olemme jo kuulleet huolestuttavia uutisia tutkijoilta. Tilanne n\u00e4ytt\u00e4\u00e4 suurelta osin yht\u00e4 huonolta, kuin vuosi sitten: kuollutta merenpohjaa on enn\u00e4tyksellisen paljon, ja [&hellip;]\" \/>\n<meta property=\"og:url\" content=\"https:\/\/andersadlercreutz.fi\/blog\/kestava-kehitys\/itameri-ei-voi-odottaa-keskustelu-christina-gestrinin-kanssa\/?lang=fi\" \/>\n<meta property=\"og:site_name\" content=\"Anders Adlercreutz\" \/>\n<meta property=\"article:published_time\" content=\"2019-04-07T12:41:01+00:00\" \/>\n<meta property=\"article:modified_time\" content=\"2019-04-07T21:06:05+00:00\" \/>\n<meta property=\"og:image\" content=\"https:\/\/i0.wp.com\/andersadlercreutz.fi\/blog\/wp-content\/uploads\/2019\/04\/STINA-_sm.jpg?fit=1920%2C1080&ssl=1\" \/>\n\t<meta property=\"og:image:width\" content=\"1920\" \/>\n\t<meta property=\"og:image:height\" content=\"1080\" \/>\n\t<meta property=\"og:image:type\" content=\"image\/jpeg\" \/>\n<meta name=\"author\" content=\"Anders\" \/>\n<meta name=\"twitter:card\" content=\"summary_large_image\" \/>\n<meta name=\"twitter:label1\" content=\"Skriven av\" \/>\n\t<meta name=\"twitter:data1\" content=\"Anders\" \/>\n\t<meta name=\"twitter:label2\" content=\"Ber\u00e4knad l\u00e4stid\" \/>\n\t<meta name=\"twitter:data2\" content=\"6 minuter\" \/>\n<script type=\"application\/ld+json\" class=\"yoast-schema-graph\">{\"@context\":\"https:\/\/schema.org\",\"@graph\":[{\"@type\":\"WebPage\",\"@id\":\"https:\/\/andersadlercreutz.fi\/blog\/kestava-kehitys\/itameri-ei-voi-odottaa-keskustelu-christina-gestrinin-kanssa\/?lang=fi\",\"url\":\"https:\/\/andersadlercreutz.fi\/blog\/kestava-kehitys\/itameri-ei-voi-odottaa-keskustelu-christina-gestrinin-kanssa\/?lang=fi\",\"name\":\"It\u00e4meri ei voi odottaa - keskustelu Christina Gestrinin kanssa - Anders Adlercreutz\",\"isPartOf\":{\"@id\":\"https:\/\/andersadlercreutz.fi\/blog\/#website\"},\"datePublished\":\"2019-04-07T12:41:01+00:00\",\"dateModified\":\"2019-04-07T21:06:05+00:00\",\"author\":{\"@id\":\"https:\/\/andersadlercreutz.fi\/blog\/#\/schema\/person\/47d4b72eded862b484f74bb4b3a2354f\"},\"breadcrumb\":{\"@id\":\"https:\/\/andersadlercreutz.fi\/blog\/kestava-kehitys\/itameri-ei-voi-odottaa-keskustelu-christina-gestrinin-kanssa\/?lang=fi#breadcrumb\"},\"inLanguage\":\"sv-SE\",\"potentialAction\":[{\"@type\":\"ReadAction\",\"target\":[\"https:\/\/andersadlercreutz.fi\/blog\/kestava-kehitys\/itameri-ei-voi-odottaa-keskustelu-christina-gestrinin-kanssa\/?lang=fi\"]}]},{\"@type\":\"BreadcrumbList\",\"@id\":\"https:\/\/andersadlercreutz.fi\/blog\/kestava-kehitys\/itameri-ei-voi-odottaa-keskustelu-christina-gestrinin-kanssa\/?lang=fi#breadcrumb\",\"itemListElement\":[{\"@type\":\"ListItem\",\"position\":1,\"name\":\"Home\",\"item\":\"https:\/\/andersadlercreutz.fi\/blog\/blogg\/?lang=sv\"},{\"@type\":\"ListItem\",\"position\":2,\"name\":\"It\u00e4meri ei voi odottaa &#8211; keskustelu Christina Gestrinin kanssa\"}]},{\"@type\":\"WebSite\",\"@id\":\"https:\/\/andersadlercreutz.fi\/blog\/#website\",\"url\":\"https:\/\/andersadlercreutz.fi\/blog\/\",\"name\":\"Anders Adlercreutz\",\"description\":\"Du. Jag. Vi. Kest&auml;v&auml;sti optimisti\",\"potentialAction\":[{\"@type\":\"SearchAction\",\"target\":{\"@type\":\"EntryPoint\",\"urlTemplate\":\"https:\/\/andersadlercreutz.fi\/blog\/?s={search_term_string}\"},\"query-input\":\"required name=search_term_string\"}],\"inLanguage\":\"sv-SE\"},{\"@type\":\"Person\",\"@id\":\"https:\/\/andersadlercreutz.fi\/blog\/#\/schema\/person\/47d4b72eded862b484f74bb4b3a2354f\",\"name\":\"Anders\",\"image\":{\"@type\":\"ImageObject\",\"inLanguage\":\"sv-SE\",\"@id\":\"https:\/\/andersadlercreutz.fi\/blog\/#\/schema\/person\/image\/\",\"url\":\"https:\/\/secure.gravatar.com\/avatar\/a144c9bda7a581ff6fabba169027e620?s=96&d=mm&r=g\",\"contentUrl\":\"https:\/\/secure.gravatar.com\/avatar\/a144c9bda7a581ff6fabba169027e620?s=96&d=mm&r=g\",\"caption\":\"Anders\"},\"url\":\"https:\/\/andersadlercreutz.fi\/blog\/author\/admin\/\"}]}<\/script>\n<!-- \/ Yoast SEO plugin. -->","yoast_head_json":{"title":"It\u00e4meri ei voi odottaa - keskustelu Christina Gestrinin kanssa - Anders Adlercreutz","robots":{"index":"index","follow":"follow","max-snippet":"max-snippet:-1","max-image-preview":"max-image-preview:large","max-video-preview":"max-video-preview:-1"},"canonical":"https:\/\/andersadlercreutz.fi\/blog\/kestava-kehitys\/itameri-ei-voi-odottaa-keskustelu-christina-gestrinin-kanssa\/","og_locale":"sv_SE","og_type":"article","og_title":"It\u00e4meri ei voi odottaa - keskustelu Christina Gestrinin kanssa - Anders Adlercreutz","og_description":"Suomi toimii parhaillaan HELCOMin eli It\u00e4meren suojelukomission puheenjohtajana. Ensi kes\u00e4st\u00e4 l\u00e4htien olemme my\u00f6s EU:n puheenjohtajamaa. Lis\u00e4ksi toimimme Arktisen neuvoston puheenjohtajana, joten meille on avautumassa erinomainen mahdollisuus vied\u00e4 It\u00e4meri-yhteisty\u00f6t\u00e4 voimalla eteenp\u00e4in. Kes\u00e4 on tulossa ja olemme jo kuulleet huolestuttavia uutisia tutkijoilta. Tilanne n\u00e4ytt\u00e4\u00e4 suurelta osin yht\u00e4 huonolta, kuin vuosi sitten: kuollutta merenpohjaa on enn\u00e4tyksellisen paljon, ja [&hellip;]","og_url":"https:\/\/andersadlercreutz.fi\/blog\/kestava-kehitys\/itameri-ei-voi-odottaa-keskustelu-christina-gestrinin-kanssa\/?lang=fi","og_site_name":"Anders Adlercreutz","article_published_time":"2019-04-07T12:41:01+00:00","article_modified_time":"2019-04-07T21:06:05+00:00","og_image":[{"width":1920,"height":1080,"url":"https:\/\/i0.wp.com\/andersadlercreutz.fi\/blog\/wp-content\/uploads\/2019\/04\/STINA-_sm.jpg?fit=1920%2C1080&ssl=1","type":"image\/jpeg"}],"author":"Anders","twitter_card":"summary_large_image","twitter_misc":{"Skriven av":"Anders","Ber\u00e4knad l\u00e4stid":"6 minuter"},"schema":{"@context":"https:\/\/schema.org","@graph":[{"@type":"WebPage","@id":"https:\/\/andersadlercreutz.fi\/blog\/kestava-kehitys\/itameri-ei-voi-odottaa-keskustelu-christina-gestrinin-kanssa\/?lang=fi","url":"https:\/\/andersadlercreutz.fi\/blog\/kestava-kehitys\/itameri-ei-voi-odottaa-keskustelu-christina-gestrinin-kanssa\/?lang=fi","name":"It\u00e4meri ei voi odottaa - keskustelu Christina Gestrinin kanssa - Anders Adlercreutz","isPartOf":{"@id":"https:\/\/andersadlercreutz.fi\/blog\/#website"},"datePublished":"2019-04-07T12:41:01+00:00","dateModified":"2019-04-07T21:06:05+00:00","author":{"@id":"https:\/\/andersadlercreutz.fi\/blog\/#\/schema\/person\/47d4b72eded862b484f74bb4b3a2354f"},"breadcrumb":{"@id":"https:\/\/andersadlercreutz.fi\/blog\/kestava-kehitys\/itameri-ei-voi-odottaa-keskustelu-christina-gestrinin-kanssa\/?lang=fi#breadcrumb"},"inLanguage":"sv-SE","potentialAction":[{"@type":"ReadAction","target":["https:\/\/andersadlercreutz.fi\/blog\/kestava-kehitys\/itameri-ei-voi-odottaa-keskustelu-christina-gestrinin-kanssa\/?lang=fi"]}]},{"@type":"BreadcrumbList","@id":"https:\/\/andersadlercreutz.fi\/blog\/kestava-kehitys\/itameri-ei-voi-odottaa-keskustelu-christina-gestrinin-kanssa\/?lang=fi#breadcrumb","itemListElement":[{"@type":"ListItem","position":1,"name":"Home","item":"https:\/\/andersadlercreutz.fi\/blog\/blogg\/?lang=sv"},{"@type":"ListItem","position":2,"name":"It\u00e4meri ei voi odottaa &#8211; keskustelu Christina Gestrinin kanssa"}]},{"@type":"WebSite","@id":"https:\/\/andersadlercreutz.fi\/blog\/#website","url":"https:\/\/andersadlercreutz.fi\/blog\/","name":"Anders Adlercreutz","description":"Du. Jag. Vi. Kest&auml;v&auml;sti optimisti","potentialAction":[{"@type":"SearchAction","target":{"@type":"EntryPoint","urlTemplate":"https:\/\/andersadlercreutz.fi\/blog\/?s={search_term_string}"},"query-input":"required name=search_term_string"}],"inLanguage":"sv-SE"},{"@type":"Person","@id":"https:\/\/andersadlercreutz.fi\/blog\/#\/schema\/person\/47d4b72eded862b484f74bb4b3a2354f","name":"Anders","image":{"@type":"ImageObject","inLanguage":"sv-SE","@id":"https:\/\/andersadlercreutz.fi\/blog\/#\/schema\/person\/image\/","url":"https:\/\/secure.gravatar.com\/avatar\/a144c9bda7a581ff6fabba169027e620?s=96&d=mm&r=g","contentUrl":"https:\/\/secure.gravatar.com\/avatar\/a144c9bda7a581ff6fabba169027e620?s=96&d=mm&r=g","caption":"Anders"},"url":"https:\/\/andersadlercreutz.fi\/blog\/author\/admin\/"}]}},"jetpack_featured_media_url":"https:\/\/i0.wp.com\/andersadlercreutz.fi\/blog\/wp-content\/uploads\/2019\/04\/STINA-_sm.jpg?fit=1920%2C1080&ssl=1","jetpack_shortlink":"https:\/\/wp.me\/p4T6Dh-1t4","jetpack_sharing_enabled":true,"_links":{"self":[{"href":"https:\/\/andersadlercreutz.fi\/blog\/wp-json\/wp\/v2\/posts\/5646"}],"collection":[{"href":"https:\/\/andersadlercreutz.fi\/blog\/wp-json\/wp\/v2\/posts"}],"about":[{"href":"https:\/\/andersadlercreutz.fi\/blog\/wp-json\/wp\/v2\/types\/post"}],"author":[{"embeddable":true,"href":"https:\/\/andersadlercreutz.fi\/blog\/wp-json\/wp\/v2\/users\/1"}],"replies":[{"embeddable":true,"href":"https:\/\/andersadlercreutz.fi\/blog\/wp-json\/wp\/v2\/comments?post=5646"}],"version-history":[{"count":2,"href":"https:\/\/andersadlercreutz.fi\/blog\/wp-json\/wp\/v2\/posts\/5646\/revisions"}],"predecessor-version":[{"id":5648,"href":"https:\/\/andersadlercreutz.fi\/blog\/wp-json\/wp\/v2\/posts\/5646\/revisions\/5648"}],"wp:featuredmedia":[{"embeddable":true,"href":"https:\/\/andersadlercreutz.fi\/blog\/wp-json\/wp\/v2\/media\/5644"}],"wp:attachment":[{"href":"https:\/\/andersadlercreutz.fi\/blog\/wp-json\/wp\/v2\/media?parent=5646"}],"wp:term":[{"taxonomy":"category","embeddable":true,"href":"https:\/\/andersadlercreutz.fi\/blog\/wp-json\/wp\/v2\/categories?post=5646"},{"taxonomy":"post_tag","embeddable":true,"href":"https:\/\/andersadlercreutz.fi\/blog\/wp-json\/wp\/v2\/tags?post=5646"}],"curies":[{"name":"wp","href":"https:\/\/api.w.org\/{rel}","templated":true}]}}