{"id":5754,"date":"2019-06-11T14:29:06","date_gmt":"2019-06-11T11:29:06","guid":{"rendered":"http:\/\/andersadlercreutz.fi\/blog\/?p=5754"},"modified":"2019-06-11T14:29:06","modified_gmt":"2019-06-11T11:29:06","slug":"adlercreutz-om-regeringsprogrammet-sfps-varderingar-syns-tydligt","status":"publish","type":"post","link":"https:\/\/andersadlercreutz.fi\/blog\/riksdagen\/adlercreutz-om-regeringsprogrammet-sfps-varderingar-syns-tydligt\/","title":{"rendered":"Adlercreutz om regeringsprogrammet: SFP:s v\u00e4rderingar syns tydligt"},"content":{"rendered":"<p>SFP:s v\u00e4rderingar syns tydligt i det nya regeringsprogrammet och m\u00e5nga av f\u00f6rnyelserna inneb\u00e4r konkreta f\u00f6rb\u00e4ttringar i finl\u00e4ndarnas vardag. Det betonade gruppordf\u00f6rande Anders Adlercreutz i riksdagens debatt om regeringsprogrammet p\u00e5 tisdag.<\/p>\n<p>Adlercreutz v\u00e4lkomnar en kurs\u00e4ndring n\u00e4r det g\u00e4ller satsningar p\u00e5 utbildning och innovation. M\u00e5let att h\u00f6ja syssels\u00e4ttningsgraden till 75 procent \u00e4r inte l\u00e4tt &#8211; det \u00a0kr\u00e4ver attityd och en m\u00e5lmedveten politik. Det betyder satsningar p\u00e5 utbildning, arbetsmarknad och infrastruktur, men ocks\u00e5 en l\u00e5ng rad andra \u00e5tg\u00e4rder.<\/p>\n<p>\u2013 Vi genomf\u00f6r en familjeledighetsreform f\u00f6r att g\u00f6ra arbetslivet mera j\u00e4mst\u00e4llt. Vi \u00f6kar utbudet av arbetskraft genom att underl\u00e4tta arbetskraftsrelaterad invandring. Vi f\u00f6rb\u00e4ttrar m\u00f6jligheterna f\u00f6r f\u00f6retag att ta in internationellt kunnande genom att g\u00f6ra det l\u00e4ttare f\u00f6r utl\u00e4ndska studeranden att bli kvar i Finland och arbeta.<\/p>\n<p>Adlercreutz understryker en internationell inriktning i regeringsprogrammet och satsningarna p\u00e5 att utveckla landets tv\u00e5spr\u00e5kighet. Hans ser programmet som mycket trov\u00e4rdigt n\u00e4r det g\u00e4ller klimatpolitiken.<\/p>\n<p>\u2013 Vi har som m\u00e5l att g\u00f6ra Finland till v\u00e4rldens f\u00f6rsta koldioxidneutrala v\u00e4lf\u00e4rdsstat. Arbetet mot klimatf\u00f6r\u00e4ndring \u00e4r ocks\u00e5 en stor m\u00f6jlighet f\u00f6r Finland och f\u00f6r v\u00e5r industri, s\u00e4ger Adlercreutz.<\/p>\n<p>Riksdagen debatterar regeringsprogrammet hela dagen i dag och i morgon.<\/p>\n","protected":false},"excerpt":{"rendered":"<p>SFP:s v\u00e4rderingar syns tydligt i det nya regeringsprogrammet och m\u00e5nga av f\u00f6rnyelserna inneb\u00e4r konkreta f\u00f6rb\u00e4ttringar i finl\u00e4ndarnas vardag. Det betonade gruppordf\u00f6rande Anders Adlercreutz i riksdagens debatt om regeringsprogrammet p\u00e5 tisdag. Adlercreutz v\u00e4lkomnar en kurs\u00e4ndring n\u00e4r det g\u00e4ller satsningar p\u00e5 utbildning och innovation. M\u00e5let att h\u00f6ja syssels\u00e4ttningsgraden till 75 procent \u00e4r inte l\u00e4tt &#8211; det \u00a0kr\u00e4ver [&hellip;]<\/p>\n","protected":false},"author":1,"featured_media":5203,"comment_status":"open","ping_status":"open","sticky":false,"template":"","format":"standard","meta":{"jetpack_post_was_ever_published":false,"_jetpack_newsletter_access":"","jetpack_publicize_message":"","jetpack_is_tweetstorm":false,"jetpack_publicize_feature_enabled":true,"jetpack_social_post_already_shared":true,"jetpack_social_options":{"image_generator_settings":{"template":"highway","enabled":false}}},"categories":[72,114,64],"tags":[],"jetpack_publicize_connections":[],"yoast_head":"<!-- This site is optimized with the Yoast SEO plugin v20.12 - https:\/\/yoast.com\/wordpress\/plugins\/seo\/ -->\n<title>Adlercreutz om regeringsprogrammet: SFP:s v\u00e4rderingar syns tydligt - Anders Adlercreutz<\/title>\n<meta name=\"robots\" content=\"index, follow, max-snippet:-1, max-image-preview:large, max-video-preview:-1\" \/>\n<link rel=\"canonical\" href=\"https:\/\/andersadlercreutz.fi\/blog\/riksdagen\/adlercreutz-om-regeringsprogrammet-sfps-varderingar-syns-tydligt\/\" \/>\n<meta property=\"og:locale\" content=\"sv_SE\" \/>\n<meta property=\"og:type\" content=\"article\" \/>\n<meta property=\"og:title\" content=\"Adlercreutz om regeringsprogrammet: SFP:s v\u00e4rderingar syns tydligt - Anders Adlercreutz\" \/>\n<meta property=\"og:description\" content=\"SFP:s v\u00e4rderingar syns tydligt i det nya regeringsprogrammet och m\u00e5nga av f\u00f6rnyelserna inneb\u00e4r konkreta f\u00f6rb\u00e4ttringar i finl\u00e4ndarnas vardag. Det betonade gruppordf\u00f6rande Anders Adlercreutz i riksdagens debatt om regeringsprogrammet p\u00e5 tisdag. Adlercreutz v\u00e4lkomnar en kurs\u00e4ndring n\u00e4r det g\u00e4ller satsningar p\u00e5 utbildning och innovation. M\u00e5let att h\u00f6ja syssels\u00e4ttningsgraden till 75 procent \u00e4r inte l\u00e4tt &#8211; det \u00a0kr\u00e4ver [&hellip;]\" \/>\n<meta property=\"og:url\" content=\"https:\/\/andersadlercreutz.fi\/blog\/riksdagen\/adlercreutz-om-regeringsprogrammet-sfps-varderingar-syns-tydligt\/\" \/>\n<meta property=\"og:site_name\" content=\"Anders Adlercreutz\" \/>\n<meta property=\"article:published_time\" content=\"2019-06-11T11:29:06+00:00\" \/>\n<meta property=\"og:image\" content=\"https:\/\/i0.wp.com\/andersadlercreutz.fi\/blog\/wp-content\/uploads\/2018\/01\/Anders-RD012018-3.jpg?fit=1800%2C1286&ssl=1\" \/>\n\t<meta property=\"og:image:width\" content=\"1800\" \/>\n\t<meta property=\"og:image:height\" content=\"1286\" \/>\n\t<meta property=\"og:image:type\" content=\"image\/jpeg\" \/>\n<meta name=\"author\" content=\"Anders\" \/>\n<meta name=\"twitter:card\" content=\"summary_large_image\" \/>\n<meta name=\"twitter:label1\" content=\"Skriven av\" \/>\n\t<meta name=\"twitter:data1\" content=\"Anders\" \/>\n\t<meta name=\"twitter:label2\" content=\"Ber\u00e4knad l\u00e4stid\" \/>\n\t<meta name=\"twitter:data2\" content=\"1 minut\" \/>\n<script type=\"application\/ld+json\" class=\"yoast-schema-graph\">{\"@context\":\"https:\/\/schema.org\",\"@graph\":[{\"@type\":\"WebPage\",\"@id\":\"https:\/\/andersadlercreutz.fi\/blog\/riksdagen\/adlercreutz-om-regeringsprogrammet-sfps-varderingar-syns-tydligt\/\",\"url\":\"https:\/\/andersadlercreutz.fi\/blog\/riksdagen\/adlercreutz-om-regeringsprogrammet-sfps-varderingar-syns-tydligt\/\",\"name\":\"Adlercreutz om regeringsprogrammet: SFP:s v\u00e4rderingar syns tydligt - Anders Adlercreutz\",\"isPartOf\":{\"@id\":\"https:\/\/andersadlercreutz.fi\/blog\/#website\"},\"datePublished\":\"2019-06-11T11:29:06+00:00\",\"dateModified\":\"2019-06-11T11:29:06+00:00\",\"author\":{\"@id\":\"https:\/\/andersadlercreutz.fi\/blog\/#\/schema\/person\/47d4b72eded862b484f74bb4b3a2354f\"},\"breadcrumb\":{\"@id\":\"https:\/\/andersadlercreutz.fi\/blog\/riksdagen\/adlercreutz-om-regeringsprogrammet-sfps-varderingar-syns-tydligt\/#breadcrumb\"},\"inLanguage\":\"sv-SE\",\"potentialAction\":[{\"@type\":\"ReadAction\",\"target\":[\"https:\/\/andersadlercreutz.fi\/blog\/riksdagen\/adlercreutz-om-regeringsprogrammet-sfps-varderingar-syns-tydligt\/\"]}]},{\"@type\":\"BreadcrumbList\",\"@id\":\"https:\/\/andersadlercreutz.fi\/blog\/riksdagen\/adlercreutz-om-regeringsprogrammet-sfps-varderingar-syns-tydligt\/#breadcrumb\",\"itemListElement\":[{\"@type\":\"ListItem\",\"position\":1,\"name\":\"Home\",\"item\":\"https:\/\/andersadlercreutz.fi\/blog\/blogg\/?lang=sv\"},{\"@type\":\"ListItem\",\"position\":2,\"name\":\"Adlercreutz om regeringsprogrammet: SFP:s v\u00e4rderingar syns tydligt\"}]},{\"@type\":\"WebSite\",\"@id\":\"https:\/\/andersadlercreutz.fi\/blog\/#website\",\"url\":\"https:\/\/andersadlercreutz.fi\/blog\/\",\"name\":\"Anders Adlercreutz\",\"description\":\"Du. Jag. Vi. Kest&auml;v&auml;sti optimisti\",\"potentialAction\":[{\"@type\":\"SearchAction\",\"target\":{\"@type\":\"EntryPoint\",\"urlTemplate\":\"https:\/\/andersadlercreutz.fi\/blog\/?s={search_term_string}\"},\"query-input\":\"required name=search_term_string\"}],\"inLanguage\":\"sv-SE\"},{\"@type\":\"Person\",\"@id\":\"https:\/\/andersadlercreutz.fi\/blog\/#\/schema\/person\/47d4b72eded862b484f74bb4b3a2354f\",\"name\":\"Anders\",\"image\":{\"@type\":\"ImageObject\",\"inLanguage\":\"sv-SE\",\"@id\":\"https:\/\/andersadlercreutz.fi\/blog\/#\/schema\/person\/image\/\",\"url\":\"https:\/\/secure.gravatar.com\/avatar\/a144c9bda7a581ff6fabba169027e620?s=96&d=mm&r=g\",\"contentUrl\":\"https:\/\/secure.gravatar.com\/avatar\/a144c9bda7a581ff6fabba169027e620?s=96&d=mm&r=g\",\"caption\":\"Anders\"},\"url\":\"https:\/\/andersadlercreutz.fi\/blog\/author\/admin\/\"}]}<\/script>\n<!-- \/ Yoast SEO plugin. -->","yoast_head_json":{"title":"Adlercreutz om regeringsprogrammet: SFP:s v\u00e4rderingar syns tydligt - Anders Adlercreutz","robots":{"index":"index","follow":"follow","max-snippet":"max-snippet:-1","max-image-preview":"max-image-preview:large","max-video-preview":"max-video-preview:-1"},"canonical":"https:\/\/andersadlercreutz.fi\/blog\/riksdagen\/adlercreutz-om-regeringsprogrammet-sfps-varderingar-syns-tydligt\/","og_locale":"sv_SE","og_type":"article","og_title":"Adlercreutz om regeringsprogrammet: SFP:s v\u00e4rderingar syns tydligt - Anders Adlercreutz","og_description":"SFP:s v\u00e4rderingar syns tydligt i det nya regeringsprogrammet och m\u00e5nga av f\u00f6rnyelserna inneb\u00e4r konkreta f\u00f6rb\u00e4ttringar i finl\u00e4ndarnas vardag. Det betonade gruppordf\u00f6rande Anders Adlercreutz i riksdagens debatt om regeringsprogrammet p\u00e5 tisdag. Adlercreutz v\u00e4lkomnar en kurs\u00e4ndring n\u00e4r det g\u00e4ller satsningar p\u00e5 utbildning och innovation. M\u00e5let att h\u00f6ja syssels\u00e4ttningsgraden till 75 procent \u00e4r inte l\u00e4tt &#8211; det \u00a0kr\u00e4ver [&hellip;]","og_url":"https:\/\/andersadlercreutz.fi\/blog\/riksdagen\/adlercreutz-om-regeringsprogrammet-sfps-varderingar-syns-tydligt\/","og_site_name":"Anders Adlercreutz","article_published_time":"2019-06-11T11:29:06+00:00","og_image":[{"width":1800,"height":1286,"url":"https:\/\/i0.wp.com\/andersadlercreutz.fi\/blog\/wp-content\/uploads\/2018\/01\/Anders-RD012018-3.jpg?fit=1800%2C1286&ssl=1","type":"image\/jpeg"}],"author":"Anders","twitter_card":"summary_large_image","twitter_misc":{"Skriven av":"Anders","Ber\u00e4knad l\u00e4stid":"1 minut"},"schema":{"@context":"https:\/\/schema.org","@graph":[{"@type":"WebPage","@id":"https:\/\/andersadlercreutz.fi\/blog\/riksdagen\/adlercreutz-om-regeringsprogrammet-sfps-varderingar-syns-tydligt\/","url":"https:\/\/andersadlercreutz.fi\/blog\/riksdagen\/adlercreutz-om-regeringsprogrammet-sfps-varderingar-syns-tydligt\/","name":"Adlercreutz om regeringsprogrammet: SFP:s v\u00e4rderingar syns tydligt - Anders Adlercreutz","isPartOf":{"@id":"https:\/\/andersadlercreutz.fi\/blog\/#website"},"datePublished":"2019-06-11T11:29:06+00:00","dateModified":"2019-06-11T11:29:06+00:00","author":{"@id":"https:\/\/andersadlercreutz.fi\/blog\/#\/schema\/person\/47d4b72eded862b484f74bb4b3a2354f"},"breadcrumb":{"@id":"https:\/\/andersadlercreutz.fi\/blog\/riksdagen\/adlercreutz-om-regeringsprogrammet-sfps-varderingar-syns-tydligt\/#breadcrumb"},"inLanguage":"sv-SE","potentialAction":[{"@type":"ReadAction","target":["https:\/\/andersadlercreutz.fi\/blog\/riksdagen\/adlercreutz-om-regeringsprogrammet-sfps-varderingar-syns-tydligt\/"]}]},{"@type":"BreadcrumbList","@id":"https:\/\/andersadlercreutz.fi\/blog\/riksdagen\/adlercreutz-om-regeringsprogrammet-sfps-varderingar-syns-tydligt\/#breadcrumb","itemListElement":[{"@type":"ListItem","position":1,"name":"Home","item":"https:\/\/andersadlercreutz.fi\/blog\/blogg\/?lang=sv"},{"@type":"ListItem","position":2,"name":"Adlercreutz om regeringsprogrammet: SFP:s v\u00e4rderingar syns tydligt"}]},{"@type":"WebSite","@id":"https:\/\/andersadlercreutz.fi\/blog\/#website","url":"https:\/\/andersadlercreutz.fi\/blog\/","name":"Anders Adlercreutz","description":"Du. Jag. Vi. Kest&auml;v&auml;sti optimisti","potentialAction":[{"@type":"SearchAction","target":{"@type":"EntryPoint","urlTemplate":"https:\/\/andersadlercreutz.fi\/blog\/?s={search_term_string}"},"query-input":"required name=search_term_string"}],"inLanguage":"sv-SE"},{"@type":"Person","@id":"https:\/\/andersadlercreutz.fi\/blog\/#\/schema\/person\/47d4b72eded862b484f74bb4b3a2354f","name":"Anders","image":{"@type":"ImageObject","inLanguage":"sv-SE","@id":"https:\/\/andersadlercreutz.fi\/blog\/#\/schema\/person\/image\/","url":"https:\/\/secure.gravatar.com\/avatar\/a144c9bda7a581ff6fabba169027e620?s=96&d=mm&r=g","contentUrl":"https:\/\/secure.gravatar.com\/avatar\/a144c9bda7a581ff6fabba169027e620?s=96&d=mm&r=g","caption":"Anders"},"url":"https:\/\/andersadlercreutz.fi\/blog\/author\/admin\/"}]}},"jetpack_featured_media_url":"https:\/\/i0.wp.com\/andersadlercreutz.fi\/blog\/wp-content\/uploads\/2018\/01\/Anders-RD012018-3.jpg?fit=1800%2C1286&ssl=1","jetpack_shortlink":"https:\/\/wp.me\/p4T6Dh-1uO","jetpack_sharing_enabled":true,"_links":{"self":[{"href":"https:\/\/andersadlercreutz.fi\/blog\/wp-json\/wp\/v2\/posts\/5754"}],"collection":[{"href":"https:\/\/andersadlercreutz.fi\/blog\/wp-json\/wp\/v2\/posts"}],"about":[{"href":"https:\/\/andersadlercreutz.fi\/blog\/wp-json\/wp\/v2\/types\/post"}],"author":[{"embeddable":true,"href":"https:\/\/andersadlercreutz.fi\/blog\/wp-json\/wp\/v2\/users\/1"}],"replies":[{"embeddable":true,"href":"https:\/\/andersadlercreutz.fi\/blog\/wp-json\/wp\/v2\/comments?post=5754"}],"version-history":[{"count":1,"href":"https:\/\/andersadlercreutz.fi\/blog\/wp-json\/wp\/v2\/posts\/5754\/revisions"}],"predecessor-version":[{"id":5755,"href":"https:\/\/andersadlercreutz.fi\/blog\/wp-json\/wp\/v2\/posts\/5754\/revisions\/5755"}],"wp:featuredmedia":[{"embeddable":true,"href":"https:\/\/andersadlercreutz.fi\/blog\/wp-json\/wp\/v2\/media\/5203"}],"wp:attachment":[{"href":"https:\/\/andersadlercreutz.fi\/blog\/wp-json\/wp\/v2\/media?parent=5754"}],"wp:term":[{"taxonomy":"category","embeddable":true,"href":"https:\/\/andersadlercreutz.fi\/blog\/wp-json\/wp\/v2\/categories?post=5754"},{"taxonomy":"post_tag","embeddable":true,"href":"https:\/\/andersadlercreutz.fi\/blog\/wp-json\/wp\/v2\/tags?post=5754"}],"curies":[{"name":"wp","href":"https:\/\/api.w.org\/{rel}","templated":true}]}}