{"id":5794,"date":"2019-08-07T12:33:08","date_gmt":"2019-08-07T09:33:08","guid":{"rendered":"http:\/\/andersadlercreutz.fi\/blog\/?p=5794"},"modified":"2019-08-08T12:35:54","modified_gmt":"2019-08-08T09:35:54","slug":"adlercreutz-lukioon-pyrkiminen-lukuaineiden-keskiarvon-pohjalta-vanhanaikaista-2","status":"publish","type":"post","link":"https:\/\/andersadlercreutz.fi\/blog\/1koulutus\/adlercreutz-lukioon-pyrkiminen-lukuaineiden-keskiarvon-pohjalta-vanhanaikaista-2\/?lang=fi","title":{"rendered":"Adlercreutz: Lukioon pyrkiminen lukuaineiden keskiarvon pohjalta vanhanaikaista"},"content":{"rendered":"<p>Adlercreutz: Lukioon pyrkiminen lukuaineiden keskiarvon pohjalta vanhanaikaista<br \/>\nViikon p\u00e4\u00e4st\u00e4 iso m\u00e4\u00e4r\u00e4 nuoria jatkaa koulupolkuaan lukiossa. Lukioon p\u00e4\u00e4sy\u00e4 on ohjannut peruskoulun p\u00e4\u00e4st\u00f6todistuksen lukuaineiden keskiarvo. RKP:n kansanedustaja ja Hem och Skola -j\u00e4rjest\u00f6n puheenjohtaja Anders Adlercreutz per\u00e4\u00e4nkuuluttaa julkista keskustelua siit\u00e4, millainen rooli liikunnalla ja taideaineilla eli toisin sanoen \u201dei-lukuaineilla\u201d, pit\u00e4isi olla nuorten kykyjen arvioimisessa.<\/p>\n<p>Lukiopaikoista k\u00e4yd\u00e4\u00e4n kovaa kisaa ja sis\u00e4\u00e4np\u00e4\u00e4sy on kiinni lukuaineiden keskiarvosta. Tilanteessa, jossa ty\u00f6teon tavat muuttuvat ja jossa teko\u00e4ly ja teknologinen murros tulee vaikuttamaan tulevaisuuden ty\u00f6el\u00e4m\u00e4n tarpeisiin huomattavasti, on mielest\u00e4ni syyt\u00e4 pohtia muiden kuin lukuaineiden roolin kasvattamista nuorten kyvykkyyden arvioimisessa. Mielest\u00e4ni n\u00e4iden aineiden huomiotta j\u00e4tt\u00e4misen selitykseksi ei riit\u00e4 se, ett\u00e4 niiss\u00e4 menestymisen objektiivinen arvioiminen on haasteellista. Olen varma, ett\u00e4 t\u00e4m\u00e4 asia on ratkaistavissa, toteaa Adlercreutz.<\/p>\n<p>&#8211; Kiinalaisen verkkokauppaj\u00e4tin Ali Baban perustaja Jack Ma totesi hiljattain World Economic Forumissa, ett\u00e4 \u201dEverything we teach should be different from machines. If we do not change the way we teach, 30 years from now we will be in trouble\u201d. Toisin sanoen, meid\u00e4n tulisi opettaa sit\u00e4, mik\u00e4 erottaa meit\u00e4 koneista. Ja meid\u00e4n tulisi n\u00e4hd\u00e4 muutoksen tarve nyt.<\/p>\n<p>Liikunta, kotitalous ja k\u00e4sity\u00f6t kehitt\u00e4v\u00e4t itseilmaisun ja el\u00e4m\u00e4nhallinnan taitoja, jotka ovat arvokkaita yh\u00e4 enemm\u00e4n itseohjautuvuutta ja luovuutta edellytt\u00e4v\u00e4ss\u00e4 ty\u00f6el\u00e4m\u00e4ss\u00e4. Taideaineet, kuten kuvaamataito ja musiikki kehitt\u00e4v\u00e4t valmiuksia ei-verbaaliseen viestint\u00e4\u00e4n ja tunteiden tulkintaan &#8211; kaikki t\u00e4rkeit\u00e4 taitoja paitsi tulevaisuuden ty\u00f6el\u00e4m\u00e4ss\u00e4 my\u00f6s yleisen hyvinvoinnin kannalta, Adlercreutz sanoo.<\/p>\n","protected":false},"excerpt":{"rendered":"<p>Adlercreutz: Lukioon pyrkiminen lukuaineiden keskiarvon pohjalta vanhanaikaista Viikon p\u00e4\u00e4st\u00e4 iso m\u00e4\u00e4r\u00e4 nuoria jatkaa koulupolkuaan lukiossa. Lukioon p\u00e4\u00e4sy\u00e4 on ohjannut peruskoulun p\u00e4\u00e4st\u00f6todistuksen lukuaineiden keskiarvo. RKP:n kansanedustaja ja Hem och Skola -j\u00e4rjest\u00f6n puheenjohtaja Anders Adlercreutz per\u00e4\u00e4nkuuluttaa julkista keskustelua siit\u00e4, millainen rooli liikunnalla ja taideaineilla eli toisin sanoen \u201dei-lukuaineilla\u201d, pit\u00e4isi olla nuorten kykyjen arvioimisessa. Lukiopaikoista k\u00e4yd\u00e4\u00e4n kovaa kisaa [&hellip;]<\/p>\n","protected":false},"author":1,"featured_media":4399,"comment_status":"open","ping_status":"open","sticky":false,"template":"","format":"standard","meta":{"jetpack_post_was_ever_published":false,"_jetpack_newsletter_access":"","jetpack_publicize_message":"","jetpack_is_tweetstorm":false,"jetpack_publicize_feature_enabled":true,"jetpack_social_post_already_shared":true,"jetpack_social_options":{"image_generator_settings":{"template":"highway","enabled":false}}},"categories":[21,71],"tags":[],"jetpack_publicize_connections":[],"yoast_head":"<!-- This site is optimized with the Yoast SEO plugin v20.12 - https:\/\/yoast.com\/wordpress\/plugins\/seo\/ -->\n<title>Adlercreutz: Lukioon pyrkiminen lukuaineiden keskiarvon pohjalta vanhanaikaista - Anders Adlercreutz<\/title>\n<meta name=\"robots\" content=\"index, follow, max-snippet:-1, max-image-preview:large, max-video-preview:-1\" \/>\n<link rel=\"canonical\" href=\"https:\/\/andersadlercreutz.fi\/blog\/1koulutus\/adlercreutz-lukioon-pyrkiminen-lukuaineiden-keskiarvon-pohjalta-vanhanaikaista-2\/\" \/>\n<meta property=\"og:locale\" content=\"sv_SE\" \/>\n<meta property=\"og:type\" content=\"article\" \/>\n<meta property=\"og:title\" content=\"Adlercreutz: Lukioon pyrkiminen lukuaineiden keskiarvon pohjalta vanhanaikaista - Anders Adlercreutz\" \/>\n<meta property=\"og:description\" content=\"Adlercreutz: Lukioon pyrkiminen lukuaineiden keskiarvon pohjalta vanhanaikaista Viikon p\u00e4\u00e4st\u00e4 iso m\u00e4\u00e4r\u00e4 nuoria jatkaa koulupolkuaan lukiossa. Lukioon p\u00e4\u00e4sy\u00e4 on ohjannut peruskoulun p\u00e4\u00e4st\u00f6todistuksen lukuaineiden keskiarvo. RKP:n kansanedustaja ja Hem och Skola -j\u00e4rjest\u00f6n puheenjohtaja Anders Adlercreutz per\u00e4\u00e4nkuuluttaa julkista keskustelua siit\u00e4, millainen rooli liikunnalla ja taideaineilla eli toisin sanoen \u201dei-lukuaineilla\u201d, pit\u00e4isi olla nuorten kykyjen arvioimisessa. Lukiopaikoista k\u00e4yd\u00e4\u00e4n kovaa kisaa [&hellip;]\" \/>\n<meta property=\"og:url\" content=\"https:\/\/andersadlercreutz.fi\/blog\/1koulutus\/adlercreutz-lukioon-pyrkiminen-lukuaineiden-keskiarvon-pohjalta-vanhanaikaista-2\/?lang=fi\" \/>\n<meta property=\"og:site_name\" content=\"Anders Adlercreutz\" \/>\n<meta property=\"article:published_time\" content=\"2019-08-07T09:33:08+00:00\" \/>\n<meta property=\"article:modified_time\" content=\"2019-08-08T09:35:54+00:00\" \/>\n<meta property=\"og:image\" content=\"https:\/\/andersadlercreutz.fi\/blog\/wp-content\/uploads\/2019\/01\/ANders-pelare-glad_16_9_2-1030x579.png\" \/>\n\t<meta property=\"og:image:width\" content=\"1030\" \/>\n\t<meta property=\"og:image:height\" content=\"579\" \/>\n\t<meta property=\"og:image:type\" content=\"image\/png\" \/>\n<meta name=\"author\" content=\"Anders\" \/>\n<meta name=\"twitter:card\" content=\"summary_large_image\" \/>\n<meta name=\"twitter:label1\" content=\"Skriven av\" \/>\n\t<meta name=\"twitter:data1\" content=\"Anders\" \/>\n\t<meta name=\"twitter:label2\" content=\"Ber\u00e4knad l\u00e4stid\" \/>\n\t<meta name=\"twitter:data2\" content=\"1 minut\" \/>\n<script type=\"application\/ld+json\" class=\"yoast-schema-graph\">{\"@context\":\"https:\/\/schema.org\",\"@graph\":[{\"@type\":\"WebPage\",\"@id\":\"https:\/\/andersadlercreutz.fi\/blog\/1koulutus\/adlercreutz-lukioon-pyrkiminen-lukuaineiden-keskiarvon-pohjalta-vanhanaikaista-2\/?lang=fi\",\"url\":\"https:\/\/andersadlercreutz.fi\/blog\/1koulutus\/adlercreutz-lukioon-pyrkiminen-lukuaineiden-keskiarvon-pohjalta-vanhanaikaista-2\/?lang=fi\",\"name\":\"Adlercreutz: Lukioon pyrkiminen lukuaineiden keskiarvon pohjalta vanhanaikaista - Anders Adlercreutz\",\"isPartOf\":{\"@id\":\"https:\/\/andersadlercreutz.fi\/blog\/#website\"},\"datePublished\":\"2019-08-07T09:33:08+00:00\",\"dateModified\":\"2019-08-08T09:35:54+00:00\",\"author\":{\"@id\":\"https:\/\/andersadlercreutz.fi\/blog\/#\/schema\/person\/47d4b72eded862b484f74bb4b3a2354f\"},\"breadcrumb\":{\"@id\":\"https:\/\/andersadlercreutz.fi\/blog\/1koulutus\/adlercreutz-lukioon-pyrkiminen-lukuaineiden-keskiarvon-pohjalta-vanhanaikaista-2\/?lang=fi#breadcrumb\"},\"inLanguage\":\"sv-SE\",\"potentialAction\":[{\"@type\":\"ReadAction\",\"target\":[\"https:\/\/andersadlercreutz.fi\/blog\/1koulutus\/adlercreutz-lukioon-pyrkiminen-lukuaineiden-keskiarvon-pohjalta-vanhanaikaista-2\/?lang=fi\"]}]},{\"@type\":\"BreadcrumbList\",\"@id\":\"https:\/\/andersadlercreutz.fi\/blog\/1koulutus\/adlercreutz-lukioon-pyrkiminen-lukuaineiden-keskiarvon-pohjalta-vanhanaikaista-2\/?lang=fi#breadcrumb\",\"itemListElement\":[{\"@type\":\"ListItem\",\"position\":1,\"name\":\"Home\",\"item\":\"https:\/\/andersadlercreutz.fi\/blog\/blogg\/?lang=sv\"},{\"@type\":\"ListItem\",\"position\":2,\"name\":\"Adlercreutz: Lukioon pyrkiminen lukuaineiden keskiarvon pohjalta vanhanaikaista\"}]},{\"@type\":\"WebSite\",\"@id\":\"https:\/\/andersadlercreutz.fi\/blog\/#website\",\"url\":\"https:\/\/andersadlercreutz.fi\/blog\/\",\"name\":\"Anders Adlercreutz\",\"description\":\"Du. Jag. Vi. Kest&auml;v&auml;sti optimisti\",\"potentialAction\":[{\"@type\":\"SearchAction\",\"target\":{\"@type\":\"EntryPoint\",\"urlTemplate\":\"https:\/\/andersadlercreutz.fi\/blog\/?s={search_term_string}\"},\"query-input\":\"required name=search_term_string\"}],\"inLanguage\":\"sv-SE\"},{\"@type\":\"Person\",\"@id\":\"https:\/\/andersadlercreutz.fi\/blog\/#\/schema\/person\/47d4b72eded862b484f74bb4b3a2354f\",\"name\":\"Anders\",\"image\":{\"@type\":\"ImageObject\",\"inLanguage\":\"sv-SE\",\"@id\":\"https:\/\/andersadlercreutz.fi\/blog\/#\/schema\/person\/image\/\",\"url\":\"https:\/\/secure.gravatar.com\/avatar\/a144c9bda7a581ff6fabba169027e620?s=96&d=mm&r=g\",\"contentUrl\":\"https:\/\/secure.gravatar.com\/avatar\/a144c9bda7a581ff6fabba169027e620?s=96&d=mm&r=g\",\"caption\":\"Anders\"},\"url\":\"https:\/\/andersadlercreutz.fi\/blog\/author\/admin\/\"}]}<\/script>\n<!-- \/ Yoast SEO plugin. -->","yoast_head_json":{"title":"Adlercreutz: Lukioon pyrkiminen lukuaineiden keskiarvon pohjalta vanhanaikaista - Anders Adlercreutz","robots":{"index":"index","follow":"follow","max-snippet":"max-snippet:-1","max-image-preview":"max-image-preview:large","max-video-preview":"max-video-preview:-1"},"canonical":"https:\/\/andersadlercreutz.fi\/blog\/1koulutus\/adlercreutz-lukioon-pyrkiminen-lukuaineiden-keskiarvon-pohjalta-vanhanaikaista-2\/","og_locale":"sv_SE","og_type":"article","og_title":"Adlercreutz: Lukioon pyrkiminen lukuaineiden keskiarvon pohjalta vanhanaikaista - Anders Adlercreutz","og_description":"Adlercreutz: Lukioon pyrkiminen lukuaineiden keskiarvon pohjalta vanhanaikaista Viikon p\u00e4\u00e4st\u00e4 iso m\u00e4\u00e4r\u00e4 nuoria jatkaa koulupolkuaan lukiossa. Lukioon p\u00e4\u00e4sy\u00e4 on ohjannut peruskoulun p\u00e4\u00e4st\u00f6todistuksen lukuaineiden keskiarvo. RKP:n kansanedustaja ja Hem och Skola -j\u00e4rjest\u00f6n puheenjohtaja Anders Adlercreutz per\u00e4\u00e4nkuuluttaa julkista keskustelua siit\u00e4, millainen rooli liikunnalla ja taideaineilla eli toisin sanoen \u201dei-lukuaineilla\u201d, pit\u00e4isi olla nuorten kykyjen arvioimisessa. Lukiopaikoista k\u00e4yd\u00e4\u00e4n kovaa kisaa [&hellip;]","og_url":"https:\/\/andersadlercreutz.fi\/blog\/1koulutus\/adlercreutz-lukioon-pyrkiminen-lukuaineiden-keskiarvon-pohjalta-vanhanaikaista-2\/?lang=fi","og_site_name":"Anders Adlercreutz","article_published_time":"2019-08-07T09:33:08+00:00","article_modified_time":"2019-08-08T09:35:54+00:00","og_image":[{"width":1030,"height":579,"url":"https:\/\/andersadlercreutz.fi\/blog\/wp-content\/uploads\/2019\/01\/ANders-pelare-glad_16_9_2-1030x579.png","type":"image\/png"}],"author":"Anders","twitter_card":"summary_large_image","twitter_misc":{"Skriven av":"Anders","Ber\u00e4knad l\u00e4stid":"1 minut"},"schema":{"@context":"https:\/\/schema.org","@graph":[{"@type":"WebPage","@id":"https:\/\/andersadlercreutz.fi\/blog\/1koulutus\/adlercreutz-lukioon-pyrkiminen-lukuaineiden-keskiarvon-pohjalta-vanhanaikaista-2\/?lang=fi","url":"https:\/\/andersadlercreutz.fi\/blog\/1koulutus\/adlercreutz-lukioon-pyrkiminen-lukuaineiden-keskiarvon-pohjalta-vanhanaikaista-2\/?lang=fi","name":"Adlercreutz: Lukioon pyrkiminen lukuaineiden keskiarvon pohjalta vanhanaikaista - Anders Adlercreutz","isPartOf":{"@id":"https:\/\/andersadlercreutz.fi\/blog\/#website"},"datePublished":"2019-08-07T09:33:08+00:00","dateModified":"2019-08-08T09:35:54+00:00","author":{"@id":"https:\/\/andersadlercreutz.fi\/blog\/#\/schema\/person\/47d4b72eded862b484f74bb4b3a2354f"},"breadcrumb":{"@id":"https:\/\/andersadlercreutz.fi\/blog\/1koulutus\/adlercreutz-lukioon-pyrkiminen-lukuaineiden-keskiarvon-pohjalta-vanhanaikaista-2\/?lang=fi#breadcrumb"},"inLanguage":"sv-SE","potentialAction":[{"@type":"ReadAction","target":["https:\/\/andersadlercreutz.fi\/blog\/1koulutus\/adlercreutz-lukioon-pyrkiminen-lukuaineiden-keskiarvon-pohjalta-vanhanaikaista-2\/?lang=fi"]}]},{"@type":"BreadcrumbList","@id":"https:\/\/andersadlercreutz.fi\/blog\/1koulutus\/adlercreutz-lukioon-pyrkiminen-lukuaineiden-keskiarvon-pohjalta-vanhanaikaista-2\/?lang=fi#breadcrumb","itemListElement":[{"@type":"ListItem","position":1,"name":"Home","item":"https:\/\/andersadlercreutz.fi\/blog\/blogg\/?lang=sv"},{"@type":"ListItem","position":2,"name":"Adlercreutz: Lukioon pyrkiminen lukuaineiden keskiarvon pohjalta vanhanaikaista"}]},{"@type":"WebSite","@id":"https:\/\/andersadlercreutz.fi\/blog\/#website","url":"https:\/\/andersadlercreutz.fi\/blog\/","name":"Anders Adlercreutz","description":"Du. Jag. Vi. Kest&auml;v&auml;sti optimisti","potentialAction":[{"@type":"SearchAction","target":{"@type":"EntryPoint","urlTemplate":"https:\/\/andersadlercreutz.fi\/blog\/?s={search_term_string}"},"query-input":"required name=search_term_string"}],"inLanguage":"sv-SE"},{"@type":"Person","@id":"https:\/\/andersadlercreutz.fi\/blog\/#\/schema\/person\/47d4b72eded862b484f74bb4b3a2354f","name":"Anders","image":{"@type":"ImageObject","inLanguage":"sv-SE","@id":"https:\/\/andersadlercreutz.fi\/blog\/#\/schema\/person\/image\/","url":"https:\/\/secure.gravatar.com\/avatar\/a144c9bda7a581ff6fabba169027e620?s=96&d=mm&r=g","contentUrl":"https:\/\/secure.gravatar.com\/avatar\/a144c9bda7a581ff6fabba169027e620?s=96&d=mm&r=g","caption":"Anders"},"url":"https:\/\/andersadlercreutz.fi\/blog\/author\/admin\/"}]}},"jetpack_featured_media_url":"https:\/\/i0.wp.com\/andersadlercreutz.fi\/blog\/wp-content\/uploads\/2019\/01\/ANders-pelare-glad_16_9_2.png?fit=2000%2C1125&ssl=1","jetpack_shortlink":"https:\/\/wp.me\/p4T6Dh-1vs","jetpack_sharing_enabled":true,"_links":{"self":[{"href":"https:\/\/andersadlercreutz.fi\/blog\/wp-json\/wp\/v2\/posts\/5794"}],"collection":[{"href":"https:\/\/andersadlercreutz.fi\/blog\/wp-json\/wp\/v2\/posts"}],"about":[{"href":"https:\/\/andersadlercreutz.fi\/blog\/wp-json\/wp\/v2\/types\/post"}],"author":[{"embeddable":true,"href":"https:\/\/andersadlercreutz.fi\/blog\/wp-json\/wp\/v2\/users\/1"}],"replies":[{"embeddable":true,"href":"https:\/\/andersadlercreutz.fi\/blog\/wp-json\/wp\/v2\/comments?post=5794"}],"version-history":[{"count":1,"href":"https:\/\/andersadlercreutz.fi\/blog\/wp-json\/wp\/v2\/posts\/5794\/revisions"}],"predecessor-version":[{"id":5796,"href":"https:\/\/andersadlercreutz.fi\/blog\/wp-json\/wp\/v2\/posts\/5794\/revisions\/5796"}],"wp:featuredmedia":[{"embeddable":true,"href":"https:\/\/andersadlercreutz.fi\/blog\/wp-json\/wp\/v2\/media\/4399"}],"wp:attachment":[{"href":"https:\/\/andersadlercreutz.fi\/blog\/wp-json\/wp\/v2\/media?parent=5794"}],"wp:term":[{"taxonomy":"category","embeddable":true,"href":"https:\/\/andersadlercreutz.fi\/blog\/wp-json\/wp\/v2\/categories?post=5794"},{"taxonomy":"post_tag","embeddable":true,"href":"https:\/\/andersadlercreutz.fi\/blog\/wp-json\/wp\/v2\/tags?post=5794"}],"curies":[{"name":"wp","href":"https:\/\/api.w.org\/{rel}","templated":true}]}}