{"id":5798,"date":"2019-08-14T09:00:06","date_gmt":"2019-08-14T06:00:06","guid":{"rendered":"http:\/\/andersadlercreutz.fi\/blog\/?p=5798"},"modified":"2019-08-14T09:00:06","modified_gmt":"2019-08-14T06:00:06","slug":"adlercreutz-emme-saa-vaikeuttaa-tyollisyystavoitteiden-saavuttamista","status":"publish","type":"post","link":"https:\/\/andersadlercreutz.fi\/blog\/budjetti\/adlercreutz-emme-saa-vaikeuttaa-tyollisyystavoitteiden-saavuttamista\/?lang=fi","title":{"rendered":"Adlercreutz: Emme saa vaikeuttaa ty\u00f6llisyystavoitteiden saavuttamista"},"content":{"rendered":"<p>Maailmanpolitiikan ja talouden nopeat muutokset saavat hallituksen tavoitteen 75 prosentin ty\u00f6llisyysasteesta vaikuttamaan p\u00e4iv\u00e4 p\u00e4iv\u00e4lt\u00e4 entist\u00e4 kunnianhimoisemmalta, sanoo Anders Adlercreutz, kansanedustaja ja eduskuntaryhm\u00e4n puheenjohtaja (RKP).<\/p>\n<p>&#8211; Saksan teollisuustuotanto on laskenut vuoden toisella nelj\u00e4nneksell\u00e4 ja Trumpin kauppasota sek\u00e4 Brexit aiheuttavat ep\u00e4varmuutta ja ep\u00e4tietoisuutta tulevaisuudesta. Kaikki t\u00e4m\u00e4 on otettava huomioon valtion talousarviossa ja syksyn ty\u00f6markkinaneuvotteluissa, Adlercreutz sanoo.<\/p>\n<p>H\u00e4n viittaa Elinkeinoel\u00e4m\u00e4n tutkimuslaitoksen (Etla) julkaisemaan raporttiin, jossa todetaan, ett\u00e4 Suomen kilpailukyky on vahvistunut viime vuosina ja kilpailukykysopimuksen vaikutus on ollut suuri t\u00e4h\u00e4n my\u00f6nteiseen kehitykseen.<\/p>\n<p>&#8211; T\u00e4t\u00e4 trendi\u00e4 ei saa katkaista. Tied\u00e4mme kuitenkin, ett\u00e4 kun ty\u00f6markkinaneuvottelut k\u00e4ynnistyv\u00e4t varsinkin 24 tunnin lis\u00e4ys vuotuiseen ty\u00f6aikaan tulee her\u00e4tt\u00e4m\u00e4\u00e4n paljon keskustelua, Adlercreutz sanoo.<\/p>\n<p>&#8211; Olemme aikaisemminkin olleet samankaltaisessa tilanteessa. Taloudellisesti hyvin\u00e4 aikoina olemme tehneet p\u00e4\u00e4t\u00f6ksi\u00e4, jotka ovat heikent\u00e4neet maamme kilpailukyky\u00e4. Toivon, ett\u00e4 kaikilla neuvottelup\u00f6ytien \u00e4\u00e4ress\u00e4 istuvilla on j\u00e4it\u00e4 hatuissaan ja ett\u00e4 he tutustuvat huolella tutkimustuloksiin, Adlercreutz sanoo.<\/p>\n<p>75 prosentin ty\u00f6llisyysasteen saavuttamiseksi tarvitsemme 60 000 uutta ty\u00f6paikkaa Suomeen.<\/p>\n<p>&#8211; Tavoitteen saavuttamiseksi tarvitsemme monia erilaisia toimenpiteit\u00e4. Hallitusohjelmaan kirjattiin, ettei mit\u00e4\u00e4n toimenpidett\u00e4 voi sulkea pois ratkaisuista. Oli sitten kyse aktiivimallista \u2013 jonka vaikutuksia Valtiontalouden tutkimuskeskus (VATT) selvitt\u00e4\u00e4 my\u00f6hemmin syksyll\u00e4 julkaistavassa raportissaan \u2013 kilpailukykysopimuksesta tai muista konkreettisista toimenpiteist\u00e4 on p\u00e4\u00e4t\u00f6sten perustuttava perusteellisiin selvityksiin toimenpiteiden seurauksista. Meill\u00e4 ei ole varaa omatoimisesti vaikeuttaa ty\u00f6llisyystavoitteiden saavuttamista, Adlercreutz sanoo.<\/p>\n","protected":false},"excerpt":{"rendered":"<p>Maailmanpolitiikan ja talouden nopeat muutokset saavat hallituksen tavoitteen 75 prosentin ty\u00f6llisyysasteesta vaikuttamaan p\u00e4iv\u00e4 p\u00e4iv\u00e4lt\u00e4 entist\u00e4 kunnianhimoisemmalta, sanoo Anders Adlercreutz, kansanedustaja ja eduskuntaryhm\u00e4n puheenjohtaja (RKP). &#8211; Saksan teollisuustuotanto on laskenut vuoden toisella nelj\u00e4nneksell\u00e4 ja Trumpin kauppasota sek\u00e4 Brexit aiheuttavat ep\u00e4varmuutta ja ep\u00e4tietoisuutta tulevaisuudesta. Kaikki t\u00e4m\u00e4 on otettava huomioon valtion talousarviossa ja syksyn ty\u00f6markkinaneuvotteluissa, Adlercreutz sanoo. H\u00e4n [&hellip;]<\/p>\n","protected":false},"author":1,"featured_media":4309,"comment_status":"open","ping_status":"open","sticky":false,"template":"","format":"standard","meta":{"jetpack_post_was_ever_published":false,"_jetpack_newsletter_access":"","jetpack_publicize_message":"","jetpack_is_tweetstorm":false,"jetpack_publicize_feature_enabled":true,"jetpack_social_post_already_shared":true,"jetpack_social_options":{"image_generator_settings":{"template":"highway","enabled":false}}},"categories":[14,113,71,87,61],"tags":[],"jetpack_publicize_connections":[],"yoast_head":"<!-- This site is optimized with the Yoast SEO plugin v20.12 - https:\/\/yoast.com\/wordpress\/plugins\/seo\/ -->\n<title>Adlercreutz: Emme saa vaikeuttaa ty\u00f6llisyystavoitteiden saavuttamista - Anders Adlercreutz<\/title>\n<meta name=\"robots\" content=\"index, follow, max-snippet:-1, max-image-preview:large, max-video-preview:-1\" \/>\n<link rel=\"canonical\" href=\"https:\/\/andersadlercreutz.fi\/blog\/budjetti\/adlercreutz-emme-saa-vaikeuttaa-tyollisyystavoitteiden-saavuttamista\/\" \/>\n<meta property=\"og:locale\" content=\"sv_SE\" \/>\n<meta property=\"og:type\" content=\"article\" \/>\n<meta property=\"og:title\" content=\"Adlercreutz: Emme saa vaikeuttaa ty\u00f6llisyystavoitteiden saavuttamista - Anders Adlercreutz\" \/>\n<meta property=\"og:description\" content=\"Maailmanpolitiikan ja talouden nopeat muutokset saavat hallituksen tavoitteen 75 prosentin ty\u00f6llisyysasteesta vaikuttamaan p\u00e4iv\u00e4 p\u00e4iv\u00e4lt\u00e4 entist\u00e4 kunnianhimoisemmalta, sanoo Anders Adlercreutz, kansanedustaja ja eduskuntaryhm\u00e4n puheenjohtaja (RKP). &#8211; Saksan teollisuustuotanto on laskenut vuoden toisella nelj\u00e4nneksell\u00e4 ja Trumpin kauppasota sek\u00e4 Brexit aiheuttavat ep\u00e4varmuutta ja ep\u00e4tietoisuutta tulevaisuudesta. Kaikki t\u00e4m\u00e4 on otettava huomioon valtion talousarviossa ja syksyn ty\u00f6markkinaneuvotteluissa, Adlercreutz sanoo. H\u00e4n [&hellip;]\" \/>\n<meta property=\"og:url\" content=\"https:\/\/andersadlercreutz.fi\/blog\/budjetti\/adlercreutz-emme-saa-vaikeuttaa-tyollisyystavoitteiden-saavuttamista\/?lang=fi\" \/>\n<meta property=\"og:site_name\" content=\"Anders Adlercreutz\" \/>\n<meta property=\"article:published_time\" content=\"2019-08-14T06:00:06+00:00\" \/>\n<meta property=\"og:image\" content=\"https:\/\/i0.wp.com\/andersadlercreutz.fi\/blog\/wp-content\/uploads\/2018\/10\/Anders-h\u00e4sten-2018-9.jpg?fit=1214%2C809&ssl=1\" \/>\n\t<meta property=\"og:image:width\" content=\"1214\" \/>\n\t<meta property=\"og:image:height\" content=\"809\" \/>\n\t<meta property=\"og:image:type\" content=\"image\/jpeg\" \/>\n<meta name=\"author\" content=\"Anders\" \/>\n<meta name=\"twitter:card\" content=\"summary_large_image\" \/>\n<meta name=\"twitter:label1\" content=\"Skriven av\" \/>\n\t<meta name=\"twitter:data1\" content=\"Anders\" \/>\n\t<meta name=\"twitter:label2\" content=\"Ber\u00e4knad l\u00e4stid\" \/>\n\t<meta name=\"twitter:data2\" content=\"1 minut\" \/>\n<script type=\"application\/ld+json\" class=\"yoast-schema-graph\">{\"@context\":\"https:\/\/schema.org\",\"@graph\":[{\"@type\":\"WebPage\",\"@id\":\"https:\/\/andersadlercreutz.fi\/blog\/budjetti\/adlercreutz-emme-saa-vaikeuttaa-tyollisyystavoitteiden-saavuttamista\/?lang=fi\",\"url\":\"https:\/\/andersadlercreutz.fi\/blog\/budjetti\/adlercreutz-emme-saa-vaikeuttaa-tyollisyystavoitteiden-saavuttamista\/?lang=fi\",\"name\":\"Adlercreutz: Emme saa vaikeuttaa ty\u00f6llisyystavoitteiden saavuttamista - Anders Adlercreutz\",\"isPartOf\":{\"@id\":\"https:\/\/andersadlercreutz.fi\/blog\/#website\"},\"datePublished\":\"2019-08-14T06:00:06+00:00\",\"dateModified\":\"2019-08-14T06:00:06+00:00\",\"author\":{\"@id\":\"https:\/\/andersadlercreutz.fi\/blog\/#\/schema\/person\/47d4b72eded862b484f74bb4b3a2354f\"},\"breadcrumb\":{\"@id\":\"https:\/\/andersadlercreutz.fi\/blog\/budjetti\/adlercreutz-emme-saa-vaikeuttaa-tyollisyystavoitteiden-saavuttamista\/?lang=fi#breadcrumb\"},\"inLanguage\":\"sv-SE\",\"potentialAction\":[{\"@type\":\"ReadAction\",\"target\":[\"https:\/\/andersadlercreutz.fi\/blog\/budjetti\/adlercreutz-emme-saa-vaikeuttaa-tyollisyystavoitteiden-saavuttamista\/?lang=fi\"]}]},{\"@type\":\"BreadcrumbList\",\"@id\":\"https:\/\/andersadlercreutz.fi\/blog\/budjetti\/adlercreutz-emme-saa-vaikeuttaa-tyollisyystavoitteiden-saavuttamista\/?lang=fi#breadcrumb\",\"itemListElement\":[{\"@type\":\"ListItem\",\"position\":1,\"name\":\"Home\",\"item\":\"https:\/\/andersadlercreutz.fi\/blog\/blogg\/?lang=sv\"},{\"@type\":\"ListItem\",\"position\":2,\"name\":\"Adlercreutz: Emme saa vaikeuttaa ty\u00f6llisyystavoitteiden saavuttamista\"}]},{\"@type\":\"WebSite\",\"@id\":\"https:\/\/andersadlercreutz.fi\/blog\/#website\",\"url\":\"https:\/\/andersadlercreutz.fi\/blog\/\",\"name\":\"Anders Adlercreutz\",\"description\":\"Du. Jag. Vi. Kest&auml;v&auml;sti optimisti\",\"potentialAction\":[{\"@type\":\"SearchAction\",\"target\":{\"@type\":\"EntryPoint\",\"urlTemplate\":\"https:\/\/andersadlercreutz.fi\/blog\/?s={search_term_string}\"},\"query-input\":\"required name=search_term_string\"}],\"inLanguage\":\"sv-SE\"},{\"@type\":\"Person\",\"@id\":\"https:\/\/andersadlercreutz.fi\/blog\/#\/schema\/person\/47d4b72eded862b484f74bb4b3a2354f\",\"name\":\"Anders\",\"image\":{\"@type\":\"ImageObject\",\"inLanguage\":\"sv-SE\",\"@id\":\"https:\/\/andersadlercreutz.fi\/blog\/#\/schema\/person\/image\/\",\"url\":\"https:\/\/secure.gravatar.com\/avatar\/a144c9bda7a581ff6fabba169027e620?s=96&d=mm&r=g\",\"contentUrl\":\"https:\/\/secure.gravatar.com\/avatar\/a144c9bda7a581ff6fabba169027e620?s=96&d=mm&r=g\",\"caption\":\"Anders\"},\"url\":\"https:\/\/andersadlercreutz.fi\/blog\/author\/admin\/\"}]}<\/script>\n<!-- \/ Yoast SEO plugin. -->","yoast_head_json":{"title":"Adlercreutz: Emme saa vaikeuttaa ty\u00f6llisyystavoitteiden saavuttamista - Anders Adlercreutz","robots":{"index":"index","follow":"follow","max-snippet":"max-snippet:-1","max-image-preview":"max-image-preview:large","max-video-preview":"max-video-preview:-1"},"canonical":"https:\/\/andersadlercreutz.fi\/blog\/budjetti\/adlercreutz-emme-saa-vaikeuttaa-tyollisyystavoitteiden-saavuttamista\/","og_locale":"sv_SE","og_type":"article","og_title":"Adlercreutz: Emme saa vaikeuttaa ty\u00f6llisyystavoitteiden saavuttamista - Anders Adlercreutz","og_description":"Maailmanpolitiikan ja talouden nopeat muutokset saavat hallituksen tavoitteen 75 prosentin ty\u00f6llisyysasteesta vaikuttamaan p\u00e4iv\u00e4 p\u00e4iv\u00e4lt\u00e4 entist\u00e4 kunnianhimoisemmalta, sanoo Anders Adlercreutz, kansanedustaja ja eduskuntaryhm\u00e4n puheenjohtaja (RKP). &#8211; Saksan teollisuustuotanto on laskenut vuoden toisella nelj\u00e4nneksell\u00e4 ja Trumpin kauppasota sek\u00e4 Brexit aiheuttavat ep\u00e4varmuutta ja ep\u00e4tietoisuutta tulevaisuudesta. Kaikki t\u00e4m\u00e4 on otettava huomioon valtion talousarviossa ja syksyn ty\u00f6markkinaneuvotteluissa, Adlercreutz sanoo. H\u00e4n [&hellip;]","og_url":"https:\/\/andersadlercreutz.fi\/blog\/budjetti\/adlercreutz-emme-saa-vaikeuttaa-tyollisyystavoitteiden-saavuttamista\/?lang=fi","og_site_name":"Anders Adlercreutz","article_published_time":"2019-08-14T06:00:06+00:00","og_image":[{"width":1214,"height":809,"url":"https:\/\/i0.wp.com\/andersadlercreutz.fi\/blog\/wp-content\/uploads\/2018\/10\/Anders-h\u00e4sten-2018-9.jpg?fit=1214%2C809&ssl=1","type":"image\/jpeg"}],"author":"Anders","twitter_card":"summary_large_image","twitter_misc":{"Skriven av":"Anders","Ber\u00e4knad l\u00e4stid":"1 minut"},"schema":{"@context":"https:\/\/schema.org","@graph":[{"@type":"WebPage","@id":"https:\/\/andersadlercreutz.fi\/blog\/budjetti\/adlercreutz-emme-saa-vaikeuttaa-tyollisyystavoitteiden-saavuttamista\/?lang=fi","url":"https:\/\/andersadlercreutz.fi\/blog\/budjetti\/adlercreutz-emme-saa-vaikeuttaa-tyollisyystavoitteiden-saavuttamista\/?lang=fi","name":"Adlercreutz: Emme saa vaikeuttaa ty\u00f6llisyystavoitteiden saavuttamista - Anders Adlercreutz","isPartOf":{"@id":"https:\/\/andersadlercreutz.fi\/blog\/#website"},"datePublished":"2019-08-14T06:00:06+00:00","dateModified":"2019-08-14T06:00:06+00:00","author":{"@id":"https:\/\/andersadlercreutz.fi\/blog\/#\/schema\/person\/47d4b72eded862b484f74bb4b3a2354f"},"breadcrumb":{"@id":"https:\/\/andersadlercreutz.fi\/blog\/budjetti\/adlercreutz-emme-saa-vaikeuttaa-tyollisyystavoitteiden-saavuttamista\/?lang=fi#breadcrumb"},"inLanguage":"sv-SE","potentialAction":[{"@type":"ReadAction","target":["https:\/\/andersadlercreutz.fi\/blog\/budjetti\/adlercreutz-emme-saa-vaikeuttaa-tyollisyystavoitteiden-saavuttamista\/?lang=fi"]}]},{"@type":"BreadcrumbList","@id":"https:\/\/andersadlercreutz.fi\/blog\/budjetti\/adlercreutz-emme-saa-vaikeuttaa-tyollisyystavoitteiden-saavuttamista\/?lang=fi#breadcrumb","itemListElement":[{"@type":"ListItem","position":1,"name":"Home","item":"https:\/\/andersadlercreutz.fi\/blog\/blogg\/?lang=sv"},{"@type":"ListItem","position":2,"name":"Adlercreutz: Emme saa vaikeuttaa ty\u00f6llisyystavoitteiden saavuttamista"}]},{"@type":"WebSite","@id":"https:\/\/andersadlercreutz.fi\/blog\/#website","url":"https:\/\/andersadlercreutz.fi\/blog\/","name":"Anders Adlercreutz","description":"Du. Jag. Vi. Kest&auml;v&auml;sti optimisti","potentialAction":[{"@type":"SearchAction","target":{"@type":"EntryPoint","urlTemplate":"https:\/\/andersadlercreutz.fi\/blog\/?s={search_term_string}"},"query-input":"required name=search_term_string"}],"inLanguage":"sv-SE"},{"@type":"Person","@id":"https:\/\/andersadlercreutz.fi\/blog\/#\/schema\/person\/47d4b72eded862b484f74bb4b3a2354f","name":"Anders","image":{"@type":"ImageObject","inLanguage":"sv-SE","@id":"https:\/\/andersadlercreutz.fi\/blog\/#\/schema\/person\/image\/","url":"https:\/\/secure.gravatar.com\/avatar\/a144c9bda7a581ff6fabba169027e620?s=96&d=mm&r=g","contentUrl":"https:\/\/secure.gravatar.com\/avatar\/a144c9bda7a581ff6fabba169027e620?s=96&d=mm&r=g","caption":"Anders"},"url":"https:\/\/andersadlercreutz.fi\/blog\/author\/admin\/"}]}},"jetpack_featured_media_url":"https:\/\/i0.wp.com\/andersadlercreutz.fi\/blog\/wp-content\/uploads\/2018\/10\/Anders-h\u00e4sten-2018-9.jpg?fit=1214%2C809&ssl=1","jetpack_shortlink":"https:\/\/wp.me\/p4T6Dh-1vw","jetpack_sharing_enabled":true,"_links":{"self":[{"href":"https:\/\/andersadlercreutz.fi\/blog\/wp-json\/wp\/v2\/posts\/5798"}],"collection":[{"href":"https:\/\/andersadlercreutz.fi\/blog\/wp-json\/wp\/v2\/posts"}],"about":[{"href":"https:\/\/andersadlercreutz.fi\/blog\/wp-json\/wp\/v2\/types\/post"}],"author":[{"embeddable":true,"href":"https:\/\/andersadlercreutz.fi\/blog\/wp-json\/wp\/v2\/users\/1"}],"replies":[{"embeddable":true,"href":"https:\/\/andersadlercreutz.fi\/blog\/wp-json\/wp\/v2\/comments?post=5798"}],"version-history":[{"count":1,"href":"https:\/\/andersadlercreutz.fi\/blog\/wp-json\/wp\/v2\/posts\/5798\/revisions"}],"predecessor-version":[{"id":5799,"href":"https:\/\/andersadlercreutz.fi\/blog\/wp-json\/wp\/v2\/posts\/5798\/revisions\/5799"}],"wp:featuredmedia":[{"embeddable":true,"href":"https:\/\/andersadlercreutz.fi\/blog\/wp-json\/wp\/v2\/media\/4309"}],"wp:attachment":[{"href":"https:\/\/andersadlercreutz.fi\/blog\/wp-json\/wp\/v2\/media?parent=5798"}],"wp:term":[{"taxonomy":"category","embeddable":true,"href":"https:\/\/andersadlercreutz.fi\/blog\/wp-json\/wp\/v2\/categories?post=5798"},{"taxonomy":"post_tag","embeddable":true,"href":"https:\/\/andersadlercreutz.fi\/blog\/wp-json\/wp\/v2\/tags?post=5798"}],"curies":[{"name":"wp","href":"https:\/\/api.w.org\/{rel}","templated":true}]}}