{"id":5837,"date":"2019-09-19T18:19:04","date_gmt":"2019-09-19T15:19:04","guid":{"rendered":"http:\/\/andersadlercreutz.fi\/blog\/?p=5837"},"modified":"2019-09-19T18:19:04","modified_gmt":"2019-09-19T15:19:04","slug":"yhteisiin-uhkiin-on-vastattava-yhdessa","status":"publish","type":"post","link":"https:\/\/andersadlercreutz.fi\/blog\/lehdistotiedote\/yhteisiin-uhkiin-on-vastattava-yhdessa\/?lang=fi","title":{"rendered":"Yhteisiin uhkiin on vastattava yhdess\u00e4"},"content":{"rendered":"<p>Yhteisiin uhkiin on vastattava yhdess\u00e4. Maailmanlaajuisten ongelmien ratkaisemiseksi tarvitaan kansainv\u00e4lisi\u00e4 toimia, painottaa ryhm\u00e4johtaja Anders Adlercreutz (RKP) eduskunnan keskustelussa torstaina Suomen panostuksista turvallisuussektorin yhteisty\u00f6h\u00f6n Irakissa.<\/p>\n<p>&nbsp;<\/p>\n<p>\u2013 Suomen on n\u00e4ytett\u00e4v\u00e4 kykyns\u00e4 ja ennen kaikkea halukkuutensa toimia aloitteellisesti konfliktien ratkaisemiseksi \u2013 emme ole kansainv\u00e4lisen n\u00e4ytt\u00e4m\u00f6n passiivisia sivustakatsojia emmek\u00e4 ummista silmi\u00e4mme ongelmilta.<\/p>\n<p>&nbsp;<\/p>\n<p>\u2013 Suomen osallistuminen Irakin ja Irakin Kurdistanin turvallisuusjoukkojen kouluttamiseen on perusteltua. N\u00e4ill\u00e4 alueilla ollaan pitk\u00e4\u00e4n k\u00e4rsitty Isis-j\u00e4rjest\u00f6n terrorista.<\/p>\n<p>&nbsp;<\/p>\n<p>Kriisinhallinnassa oman edun tavoittelu ei saa olla ratkaisevaa, Adlercreutz painotti ryhm\u00e4puheessaan.<\/p>\n<p>&nbsp;<\/p>\n<p>\u2013 Vaikka me kaikki ymm\u00e4rr\u00e4mmekin hyvin, ett\u00e4 Suomi haluaa asettaa etusijalle sellaiset operaatiot, jotka tukevat omaa osaamistamme, ei pelkk\u00e4 itsek\u00e4s oman edun tavoittelu saa olla ratkaisevaa. Laajasta turvallisuusn\u00e4k\u00f6kulmasta katsottuna on t\u00e4rke\u00e4\u00e4, ett\u00e4 osallistumme ihmisten kouluttamiseen ja autamme Irakin kaltaisia pahoin k\u00e4rsineit\u00e4 maita vakaiden ja ihmism\u00e4isten elinehtojen uudelleen saavuttamisessa.<\/p>\n","protected":false},"excerpt":{"rendered":"<p>Yhteisiin uhkiin on vastattava yhdess\u00e4. Maailmanlaajuisten ongelmien ratkaisemiseksi tarvitaan kansainv\u00e4lisi\u00e4 toimia, painottaa ryhm\u00e4johtaja Anders Adlercreutz (RKP) eduskunnan keskustelussa torstaina Suomen panostuksista turvallisuussektorin yhteisty\u00f6h\u00f6n Irakissa. &nbsp; \u2013 Suomen on n\u00e4ytett\u00e4v\u00e4 kykyns\u00e4 ja ennen kaikkea halukkuutensa toimia aloitteellisesti konfliktien ratkaisemiseksi \u2013 emme ole kansainv\u00e4lisen n\u00e4ytt\u00e4m\u00f6n passiivisia sivustakatsojia emmek\u00e4 ummista silmi\u00e4mme ongelmilta. &nbsp; \u2013 Suomen osallistuminen Irakin ja [&hellip;]<\/p>\n","protected":false},"author":1,"featured_media":3862,"comment_status":"open","ping_status":"open","sticky":false,"template":"","format":"standard","meta":{"jetpack_post_was_ever_published":false,"_jetpack_newsletter_access":"","jetpack_publicize_message":"","jetpack_is_tweetstorm":false,"jetpack_publicize_feature_enabled":true,"jetpack_social_post_already_shared":true,"jetpack_social_options":{"image_generator_settings":{"template":"highway","enabled":false}}},"categories":[71,116,87],"tags":[],"jetpack_publicize_connections":[],"yoast_head":"<!-- This site is optimized with the Yoast SEO plugin v20.12 - https:\/\/yoast.com\/wordpress\/plugins\/seo\/ -->\n<title>Yhteisiin uhkiin on vastattava yhdess\u00e4 - Anders Adlercreutz<\/title>\n<meta name=\"robots\" content=\"index, follow, max-snippet:-1, max-image-preview:large, max-video-preview:-1\" \/>\n<link rel=\"canonical\" href=\"https:\/\/andersadlercreutz.fi\/blog\/lehdistotiedote\/yhteisiin-uhkiin-on-vastattava-yhdessa\/\" \/>\n<meta property=\"og:locale\" content=\"sv_SE\" \/>\n<meta property=\"og:type\" content=\"article\" \/>\n<meta property=\"og:title\" content=\"Yhteisiin uhkiin on vastattava yhdess\u00e4 - Anders Adlercreutz\" \/>\n<meta property=\"og:description\" content=\"Yhteisiin uhkiin on vastattava yhdess\u00e4. Maailmanlaajuisten ongelmien ratkaisemiseksi tarvitaan kansainv\u00e4lisi\u00e4 toimia, painottaa ryhm\u00e4johtaja Anders Adlercreutz (RKP) eduskunnan keskustelussa torstaina Suomen panostuksista turvallisuussektorin yhteisty\u00f6h\u00f6n Irakissa. &nbsp; \u2013 Suomen on n\u00e4ytett\u00e4v\u00e4 kykyns\u00e4 ja ennen kaikkea halukkuutensa toimia aloitteellisesti konfliktien ratkaisemiseksi \u2013 emme ole kansainv\u00e4lisen n\u00e4ytt\u00e4m\u00f6n passiivisia sivustakatsojia emmek\u00e4 ummista silmi\u00e4mme ongelmilta. &nbsp; \u2013 Suomen osallistuminen Irakin ja [&hellip;]\" \/>\n<meta property=\"og:url\" content=\"https:\/\/andersadlercreutz.fi\/blog\/lehdistotiedote\/yhteisiin-uhkiin-on-vastattava-yhdessa\/?lang=fi\" \/>\n<meta property=\"og:site_name\" content=\"Anders Adlercreutz\" \/>\n<meta property=\"article:published_time\" content=\"2019-09-19T15:19:04+00:00\" \/>\n<meta property=\"og:image\" content=\"https:\/\/i0.wp.com\/andersadlercreutz.fi\/blog\/wp-content\/uploads\/2018\/01\/Anders-RD012018-3.jpg?fit=1800%2C1286&ssl=1\" \/>\n\t<meta property=\"og:image:width\" content=\"1800\" \/>\n\t<meta property=\"og:image:height\" content=\"1286\" \/>\n\t<meta property=\"og:image:type\" content=\"image\/jpeg\" \/>\n<meta name=\"author\" content=\"Anders\" \/>\n<meta name=\"twitter:card\" content=\"summary_large_image\" \/>\n<meta name=\"twitter:label1\" content=\"Skriven av\" \/>\n\t<meta name=\"twitter:data1\" content=\"Anders\" \/>\n\t<meta name=\"twitter:label2\" content=\"Ber\u00e4knad l\u00e4stid\" \/>\n\t<meta name=\"twitter:data2\" content=\"1 minut\" \/>\n<script type=\"application\/ld+json\" class=\"yoast-schema-graph\">{\"@context\":\"https:\/\/schema.org\",\"@graph\":[{\"@type\":\"WebPage\",\"@id\":\"https:\/\/andersadlercreutz.fi\/blog\/lehdistotiedote\/yhteisiin-uhkiin-on-vastattava-yhdessa\/?lang=fi\",\"url\":\"https:\/\/andersadlercreutz.fi\/blog\/lehdistotiedote\/yhteisiin-uhkiin-on-vastattava-yhdessa\/?lang=fi\",\"name\":\"Yhteisiin uhkiin on vastattava yhdess\u00e4 - Anders Adlercreutz\",\"isPartOf\":{\"@id\":\"https:\/\/andersadlercreutz.fi\/blog\/#website\"},\"datePublished\":\"2019-09-19T15:19:04+00:00\",\"dateModified\":\"2019-09-19T15:19:04+00:00\",\"author\":{\"@id\":\"https:\/\/andersadlercreutz.fi\/blog\/#\/schema\/person\/47d4b72eded862b484f74bb4b3a2354f\"},\"breadcrumb\":{\"@id\":\"https:\/\/andersadlercreutz.fi\/blog\/lehdistotiedote\/yhteisiin-uhkiin-on-vastattava-yhdessa\/?lang=fi#breadcrumb\"},\"inLanguage\":\"sv-SE\",\"potentialAction\":[{\"@type\":\"ReadAction\",\"target\":[\"https:\/\/andersadlercreutz.fi\/blog\/lehdistotiedote\/yhteisiin-uhkiin-on-vastattava-yhdessa\/?lang=fi\"]}]},{\"@type\":\"BreadcrumbList\",\"@id\":\"https:\/\/andersadlercreutz.fi\/blog\/lehdistotiedote\/yhteisiin-uhkiin-on-vastattava-yhdessa\/?lang=fi#breadcrumb\",\"itemListElement\":[{\"@type\":\"ListItem\",\"position\":1,\"name\":\"Home\",\"item\":\"https:\/\/andersadlercreutz.fi\/blog\/blogg\/?lang=sv\"},{\"@type\":\"ListItem\",\"position\":2,\"name\":\"Yhteisiin uhkiin on vastattava yhdess\u00e4\"}]},{\"@type\":\"WebSite\",\"@id\":\"https:\/\/andersadlercreutz.fi\/blog\/#website\",\"url\":\"https:\/\/andersadlercreutz.fi\/blog\/\",\"name\":\"Anders Adlercreutz\",\"description\":\"Du. Jag. Vi. Kest&auml;v&auml;sti optimisti\",\"potentialAction\":[{\"@type\":\"SearchAction\",\"target\":{\"@type\":\"EntryPoint\",\"urlTemplate\":\"https:\/\/andersadlercreutz.fi\/blog\/?s={search_term_string}\"},\"query-input\":\"required name=search_term_string\"}],\"inLanguage\":\"sv-SE\"},{\"@type\":\"Person\",\"@id\":\"https:\/\/andersadlercreutz.fi\/blog\/#\/schema\/person\/47d4b72eded862b484f74bb4b3a2354f\",\"name\":\"Anders\",\"image\":{\"@type\":\"ImageObject\",\"inLanguage\":\"sv-SE\",\"@id\":\"https:\/\/andersadlercreutz.fi\/blog\/#\/schema\/person\/image\/\",\"url\":\"https:\/\/secure.gravatar.com\/avatar\/a144c9bda7a581ff6fabba169027e620?s=96&d=mm&r=g\",\"contentUrl\":\"https:\/\/secure.gravatar.com\/avatar\/a144c9bda7a581ff6fabba169027e620?s=96&d=mm&r=g\",\"caption\":\"Anders\"},\"url\":\"https:\/\/andersadlercreutz.fi\/blog\/author\/admin\/\"}]}<\/script>\n<!-- \/ Yoast SEO plugin. -->","yoast_head_json":{"title":"Yhteisiin uhkiin on vastattava yhdess\u00e4 - Anders Adlercreutz","robots":{"index":"index","follow":"follow","max-snippet":"max-snippet:-1","max-image-preview":"max-image-preview:large","max-video-preview":"max-video-preview:-1"},"canonical":"https:\/\/andersadlercreutz.fi\/blog\/lehdistotiedote\/yhteisiin-uhkiin-on-vastattava-yhdessa\/","og_locale":"sv_SE","og_type":"article","og_title":"Yhteisiin uhkiin on vastattava yhdess\u00e4 - Anders Adlercreutz","og_description":"Yhteisiin uhkiin on vastattava yhdess\u00e4. Maailmanlaajuisten ongelmien ratkaisemiseksi tarvitaan kansainv\u00e4lisi\u00e4 toimia, painottaa ryhm\u00e4johtaja Anders Adlercreutz (RKP) eduskunnan keskustelussa torstaina Suomen panostuksista turvallisuussektorin yhteisty\u00f6h\u00f6n Irakissa. &nbsp; \u2013 Suomen on n\u00e4ytett\u00e4v\u00e4 kykyns\u00e4 ja ennen kaikkea halukkuutensa toimia aloitteellisesti konfliktien ratkaisemiseksi \u2013 emme ole kansainv\u00e4lisen n\u00e4ytt\u00e4m\u00f6n passiivisia sivustakatsojia emmek\u00e4 ummista silmi\u00e4mme ongelmilta. &nbsp; \u2013 Suomen osallistuminen Irakin ja [&hellip;]","og_url":"https:\/\/andersadlercreutz.fi\/blog\/lehdistotiedote\/yhteisiin-uhkiin-on-vastattava-yhdessa\/?lang=fi","og_site_name":"Anders Adlercreutz","article_published_time":"2019-09-19T15:19:04+00:00","og_image":[{"width":1800,"height":1286,"url":"https:\/\/i0.wp.com\/andersadlercreutz.fi\/blog\/wp-content\/uploads\/2018\/01\/Anders-RD012018-3.jpg?fit=1800%2C1286&ssl=1","type":"image\/jpeg"}],"author":"Anders","twitter_card":"summary_large_image","twitter_misc":{"Skriven av":"Anders","Ber\u00e4knad l\u00e4stid":"1 minut"},"schema":{"@context":"https:\/\/schema.org","@graph":[{"@type":"WebPage","@id":"https:\/\/andersadlercreutz.fi\/blog\/lehdistotiedote\/yhteisiin-uhkiin-on-vastattava-yhdessa\/?lang=fi","url":"https:\/\/andersadlercreutz.fi\/blog\/lehdistotiedote\/yhteisiin-uhkiin-on-vastattava-yhdessa\/?lang=fi","name":"Yhteisiin uhkiin on vastattava yhdess\u00e4 - Anders Adlercreutz","isPartOf":{"@id":"https:\/\/andersadlercreutz.fi\/blog\/#website"},"datePublished":"2019-09-19T15:19:04+00:00","dateModified":"2019-09-19T15:19:04+00:00","author":{"@id":"https:\/\/andersadlercreutz.fi\/blog\/#\/schema\/person\/47d4b72eded862b484f74bb4b3a2354f"},"breadcrumb":{"@id":"https:\/\/andersadlercreutz.fi\/blog\/lehdistotiedote\/yhteisiin-uhkiin-on-vastattava-yhdessa\/?lang=fi#breadcrumb"},"inLanguage":"sv-SE","potentialAction":[{"@type":"ReadAction","target":["https:\/\/andersadlercreutz.fi\/blog\/lehdistotiedote\/yhteisiin-uhkiin-on-vastattava-yhdessa\/?lang=fi"]}]},{"@type":"BreadcrumbList","@id":"https:\/\/andersadlercreutz.fi\/blog\/lehdistotiedote\/yhteisiin-uhkiin-on-vastattava-yhdessa\/?lang=fi#breadcrumb","itemListElement":[{"@type":"ListItem","position":1,"name":"Home","item":"https:\/\/andersadlercreutz.fi\/blog\/blogg\/?lang=sv"},{"@type":"ListItem","position":2,"name":"Yhteisiin uhkiin on vastattava yhdess\u00e4"}]},{"@type":"WebSite","@id":"https:\/\/andersadlercreutz.fi\/blog\/#website","url":"https:\/\/andersadlercreutz.fi\/blog\/","name":"Anders Adlercreutz","description":"Du. Jag. Vi. Kest&auml;v&auml;sti optimisti","potentialAction":[{"@type":"SearchAction","target":{"@type":"EntryPoint","urlTemplate":"https:\/\/andersadlercreutz.fi\/blog\/?s={search_term_string}"},"query-input":"required name=search_term_string"}],"inLanguage":"sv-SE"},{"@type":"Person","@id":"https:\/\/andersadlercreutz.fi\/blog\/#\/schema\/person\/47d4b72eded862b484f74bb4b3a2354f","name":"Anders","image":{"@type":"ImageObject","inLanguage":"sv-SE","@id":"https:\/\/andersadlercreutz.fi\/blog\/#\/schema\/person\/image\/","url":"https:\/\/secure.gravatar.com\/avatar\/a144c9bda7a581ff6fabba169027e620?s=96&d=mm&r=g","contentUrl":"https:\/\/secure.gravatar.com\/avatar\/a144c9bda7a581ff6fabba169027e620?s=96&d=mm&r=g","caption":"Anders"},"url":"https:\/\/andersadlercreutz.fi\/blog\/author\/admin\/"}]}},"jetpack_featured_media_url":"https:\/\/i0.wp.com\/andersadlercreutz.fi\/blog\/wp-content\/uploads\/2018\/01\/Anders-RD012018-3.jpg?fit=1800%2C1286&ssl=1","jetpack_shortlink":"https:\/\/wp.me\/p4T6Dh-1w9","jetpack_sharing_enabled":true,"_links":{"self":[{"href":"https:\/\/andersadlercreutz.fi\/blog\/wp-json\/wp\/v2\/posts\/5837"}],"collection":[{"href":"https:\/\/andersadlercreutz.fi\/blog\/wp-json\/wp\/v2\/posts"}],"about":[{"href":"https:\/\/andersadlercreutz.fi\/blog\/wp-json\/wp\/v2\/types\/post"}],"author":[{"embeddable":true,"href":"https:\/\/andersadlercreutz.fi\/blog\/wp-json\/wp\/v2\/users\/1"}],"replies":[{"embeddable":true,"href":"https:\/\/andersadlercreutz.fi\/blog\/wp-json\/wp\/v2\/comments?post=5837"}],"version-history":[{"count":1,"href":"https:\/\/andersadlercreutz.fi\/blog\/wp-json\/wp\/v2\/posts\/5837\/revisions"}],"predecessor-version":[{"id":5838,"href":"https:\/\/andersadlercreutz.fi\/blog\/wp-json\/wp\/v2\/posts\/5837\/revisions\/5838"}],"wp:featuredmedia":[{"embeddable":true,"href":"https:\/\/andersadlercreutz.fi\/blog\/wp-json\/wp\/v2\/media\/3862"}],"wp:attachment":[{"href":"https:\/\/andersadlercreutz.fi\/blog\/wp-json\/wp\/v2\/media?parent=5837"}],"wp:term":[{"taxonomy":"category","embeddable":true,"href":"https:\/\/andersadlercreutz.fi\/blog\/wp-json\/wp\/v2\/categories?post=5837"},{"taxonomy":"post_tag","embeddable":true,"href":"https:\/\/andersadlercreutz.fi\/blog\/wp-json\/wp\/v2\/tags?post=5837"}],"curies":[{"name":"wp","href":"https:\/\/api.w.org\/{rel}","templated":true}]}}