{"id":5852,"date":"2019-10-08T12:52:41","date_gmt":"2019-10-08T09:52:41","guid":{"rendered":"http:\/\/andersadlercreutz.fi\/blog\/?p=5852"},"modified":"2019-10-08T12:52:41","modified_gmt":"2019-10-08T09:52:41","slug":"adlercreutz-vaatii-ripeita-toimia-tyollisyysasteen-nostamiseksi-perhevapaauudistus-nopeammat-tyoluvat-ja-investoineille-verohelpotuksia","status":"publish","type":"post","link":"https:\/\/andersadlercreutz.fi\/blog\/budjetti\/adlercreutz-vaatii-ripeita-toimia-tyollisyysasteen-nostamiseksi-perhevapaauudistus-nopeammat-tyoluvat-ja-investoineille-verohelpotuksia\/?lang=fi","title":{"rendered":"Adlercreutz vaatii ripeit\u00e4 toimia ty\u00f6llisyysasteen nostamiseksi: Perhevapaauudistus, nopeammat ty\u00f6luvat ja investoineille verohelpotuksia"},"content":{"rendered":"<p>RKP on mukana hallituksessa huolehtiakseen ty\u00f6llisyystavoitteiden saavuttamisesta. Ryhm\u00e4puheenjohtaja Anders Adlercreutzin mukaan toimenpiteit\u00e4 vaaditaan leve\u00e4ll\u00e4 rintamalla.<\/p>\n<p>\u2013 Teemme perhevapaauudistuksen, joka helpottaa perheiden arkea ja parantaa naisten ty\u00f6markkina-asemaa. Me tarvitsemme nopeampia k\u00e4sittelyaikoja helpottaaksemme ulkomaisen ty\u00f6voiman palkkaamista. On hyv\u00e4, ett\u00e4 tarjotaan yrityksille ylim\u00e4\u00e4r\u00e4ist\u00e4 verov\u00e4hennyst\u00e4 tutkimus- ja innovaatiohankkeille.<\/p>\n<p>Ryhm\u00e4puheessaan eduskunnan budjettikeskustelussa Adlercreutz painotti hallituksen suhtautuvan ilmastonmuutoksen vastaiseen taisteluun kunnianhimoisesti.<\/p>\n<p>\u2013 Tekeill\u00e4 on selke\u00e4 tiekartta. Ja se, joka sanoo, ett\u00e4 ilmastotoimet heikent\u00e4v\u00e4t ty\u00f6llisyytt\u00e4 ei ole kuunnellut yrityksi\u00e4mme.<\/p>\n<p>Adlercreutz korosti, ett\u00e4 nykyinen hallitus pit\u00e4\u00e4 kiinni koulutuslupauksesta ja parantaa sosiaaliturvaa.<\/p>\n<p>\u2013 Niin yksitt\u00e4isi\u00e4 ihmisi\u00e4 kuin yliopistoja ja koulujakin koskeneen nelj\u00e4 pitk\u00e4\u00e4 vuotta kest\u00e4neen indeksij\u00e4\u00e4dytyksen j\u00e4lkeen istuva hallitus on nyt p\u00e4\u00e4tt\u00e4nyt palauttaa sosiaalietuuksien ja koulutusm\u00e4\u00e4r\u00e4rahojen normaalit indeksikorotukset. Sill\u00e4 on hintansa, mutta sellaisen yhteiskunnan me haluamme.<\/p>\n","protected":false},"excerpt":{"rendered":"<p>RKP on mukana hallituksessa huolehtiakseen ty\u00f6llisyystavoitteiden saavuttamisesta. Ryhm\u00e4puheenjohtaja Anders Adlercreutzin mukaan toimenpiteit\u00e4 vaaditaan leve\u00e4ll\u00e4 rintamalla. \u2013 Teemme perhevapaauudistuksen, joka helpottaa perheiden arkea ja parantaa naisten ty\u00f6markkina-asemaa. Me tarvitsemme nopeampia k\u00e4sittelyaikoja helpottaaksemme ulkomaisen ty\u00f6voiman palkkaamista. On hyv\u00e4, ett\u00e4 tarjotaan yrityksille ylim\u00e4\u00e4r\u00e4ist\u00e4 verov\u00e4hennyst\u00e4 tutkimus- ja innovaatiohankkeille. Ryhm\u00e4puheessaan eduskunnan budjettikeskustelussa Adlercreutz painotti hallituksen suhtautuvan ilmastonmuutoksen vastaiseen taisteluun kunnianhimoisesti. [&hellip;]<\/p>\n","protected":false},"author":1,"featured_media":4309,"comment_status":"open","ping_status":"open","sticky":false,"template":"","format":"standard","meta":{"jetpack_post_was_ever_published":false,"_jetpack_newsletter_access":"","jetpack_publicize_message":"","jetpack_is_tweetstorm":false,"jetpack_publicize_feature_enabled":true,"jetpack_social_post_already_shared":true,"jetpack_social_options":{"image_generator_settings":{"template":"highway","enabled":false}}},"categories":[14,60,113,71,116,87],"tags":[],"jetpack_publicize_connections":[],"yoast_head":"<!-- This site is optimized with the Yoast SEO plugin v20.12 - https:\/\/yoast.com\/wordpress\/plugins\/seo\/ -->\n<title>Adlercreutz vaatii ripeit\u00e4 toimia ty\u00f6llisyysasteen nostamiseksi: Perhevapaauudistus, nopeammat ty\u00f6luvat ja investoineille verohelpotuksia - Anders Adlercreutz<\/title>\n<meta name=\"robots\" content=\"index, follow, max-snippet:-1, max-image-preview:large, max-video-preview:-1\" \/>\n<link rel=\"canonical\" href=\"https:\/\/andersadlercreutz.fi\/blog\/budjetti\/adlercreutz-vaatii-ripeita-toimia-tyollisyysasteen-nostamiseksi-perhevapaauudistus-nopeammat-tyoluvat-ja-investoineille-verohelpotuksia\/\" \/>\n<meta property=\"og:locale\" content=\"sv_SE\" \/>\n<meta property=\"og:type\" content=\"article\" \/>\n<meta property=\"og:title\" content=\"Adlercreutz vaatii ripeit\u00e4 toimia ty\u00f6llisyysasteen nostamiseksi: Perhevapaauudistus, nopeammat ty\u00f6luvat ja investoineille verohelpotuksia - Anders Adlercreutz\" \/>\n<meta property=\"og:description\" content=\"RKP on mukana hallituksessa huolehtiakseen ty\u00f6llisyystavoitteiden saavuttamisesta. Ryhm\u00e4puheenjohtaja Anders Adlercreutzin mukaan toimenpiteit\u00e4 vaaditaan leve\u00e4ll\u00e4 rintamalla. \u2013 Teemme perhevapaauudistuksen, joka helpottaa perheiden arkea ja parantaa naisten ty\u00f6markkina-asemaa. Me tarvitsemme nopeampia k\u00e4sittelyaikoja helpottaaksemme ulkomaisen ty\u00f6voiman palkkaamista. On hyv\u00e4, ett\u00e4 tarjotaan yrityksille ylim\u00e4\u00e4r\u00e4ist\u00e4 verov\u00e4hennyst\u00e4 tutkimus- ja innovaatiohankkeille. Ryhm\u00e4puheessaan eduskunnan budjettikeskustelussa Adlercreutz painotti hallituksen suhtautuvan ilmastonmuutoksen vastaiseen taisteluun kunnianhimoisesti. [&hellip;]\" \/>\n<meta property=\"og:url\" content=\"https:\/\/andersadlercreutz.fi\/blog\/budjetti\/adlercreutz-vaatii-ripeita-toimia-tyollisyysasteen-nostamiseksi-perhevapaauudistus-nopeammat-tyoluvat-ja-investoineille-verohelpotuksia\/?lang=fi\" \/>\n<meta property=\"og:site_name\" content=\"Anders Adlercreutz\" \/>\n<meta property=\"article:published_time\" content=\"2019-10-08T09:52:41+00:00\" \/>\n<meta property=\"og:image\" content=\"https:\/\/i0.wp.com\/andersadlercreutz.fi\/blog\/wp-content\/uploads\/2018\/10\/Anders-h\u00e4sten-2018-9.jpg?fit=1214%2C809&ssl=1\" \/>\n\t<meta property=\"og:image:width\" content=\"1214\" \/>\n\t<meta property=\"og:image:height\" content=\"809\" \/>\n\t<meta property=\"og:image:type\" content=\"image\/jpeg\" \/>\n<meta name=\"author\" content=\"Anders\" \/>\n<meta name=\"twitter:card\" content=\"summary_large_image\" \/>\n<meta name=\"twitter:label1\" content=\"Skriven av\" \/>\n\t<meta name=\"twitter:data1\" content=\"Anders\" \/>\n\t<meta name=\"twitter:label2\" content=\"Ber\u00e4knad l\u00e4stid\" \/>\n\t<meta name=\"twitter:data2\" content=\"1 minut\" \/>\n<script type=\"application\/ld+json\" class=\"yoast-schema-graph\">{\"@context\":\"https:\/\/schema.org\",\"@graph\":[{\"@type\":\"WebPage\",\"@id\":\"https:\/\/andersadlercreutz.fi\/blog\/budjetti\/adlercreutz-vaatii-ripeita-toimia-tyollisyysasteen-nostamiseksi-perhevapaauudistus-nopeammat-tyoluvat-ja-investoineille-verohelpotuksia\/?lang=fi\",\"url\":\"https:\/\/andersadlercreutz.fi\/blog\/budjetti\/adlercreutz-vaatii-ripeita-toimia-tyollisyysasteen-nostamiseksi-perhevapaauudistus-nopeammat-tyoluvat-ja-investoineille-verohelpotuksia\/?lang=fi\",\"name\":\"Adlercreutz vaatii ripeit\u00e4 toimia ty\u00f6llisyysasteen nostamiseksi: Perhevapaauudistus, nopeammat ty\u00f6luvat ja investoineille verohelpotuksia - Anders Adlercreutz\",\"isPartOf\":{\"@id\":\"https:\/\/andersadlercreutz.fi\/blog\/#website\"},\"datePublished\":\"2019-10-08T09:52:41+00:00\",\"dateModified\":\"2019-10-08T09:52:41+00:00\",\"author\":{\"@id\":\"https:\/\/andersadlercreutz.fi\/blog\/#\/schema\/person\/47d4b72eded862b484f74bb4b3a2354f\"},\"breadcrumb\":{\"@id\":\"https:\/\/andersadlercreutz.fi\/blog\/budjetti\/adlercreutz-vaatii-ripeita-toimia-tyollisyysasteen-nostamiseksi-perhevapaauudistus-nopeammat-tyoluvat-ja-investoineille-verohelpotuksia\/?lang=fi#breadcrumb\"},\"inLanguage\":\"sv-SE\",\"potentialAction\":[{\"@type\":\"ReadAction\",\"target\":[\"https:\/\/andersadlercreutz.fi\/blog\/budjetti\/adlercreutz-vaatii-ripeita-toimia-tyollisyysasteen-nostamiseksi-perhevapaauudistus-nopeammat-tyoluvat-ja-investoineille-verohelpotuksia\/?lang=fi\"]}]},{\"@type\":\"BreadcrumbList\",\"@id\":\"https:\/\/andersadlercreutz.fi\/blog\/budjetti\/adlercreutz-vaatii-ripeita-toimia-tyollisyysasteen-nostamiseksi-perhevapaauudistus-nopeammat-tyoluvat-ja-investoineille-verohelpotuksia\/?lang=fi#breadcrumb\",\"itemListElement\":[{\"@type\":\"ListItem\",\"position\":1,\"name\":\"Home\",\"item\":\"https:\/\/andersadlercreutz.fi\/blog\/blogg\/?lang=sv\"},{\"@type\":\"ListItem\",\"position\":2,\"name\":\"Adlercreutz vaatii ripeit\u00e4 toimia ty\u00f6llisyysasteen nostamiseksi: Perhevapaauudistus, nopeammat ty\u00f6luvat ja investoineille verohelpotuksia\"}]},{\"@type\":\"WebSite\",\"@id\":\"https:\/\/andersadlercreutz.fi\/blog\/#website\",\"url\":\"https:\/\/andersadlercreutz.fi\/blog\/\",\"name\":\"Anders Adlercreutz\",\"description\":\"Du. Jag. Vi. Kest&auml;v&auml;sti optimisti\",\"potentialAction\":[{\"@type\":\"SearchAction\",\"target\":{\"@type\":\"EntryPoint\",\"urlTemplate\":\"https:\/\/andersadlercreutz.fi\/blog\/?s={search_term_string}\"},\"query-input\":\"required name=search_term_string\"}],\"inLanguage\":\"sv-SE\"},{\"@type\":\"Person\",\"@id\":\"https:\/\/andersadlercreutz.fi\/blog\/#\/schema\/person\/47d4b72eded862b484f74bb4b3a2354f\",\"name\":\"Anders\",\"image\":{\"@type\":\"ImageObject\",\"inLanguage\":\"sv-SE\",\"@id\":\"https:\/\/andersadlercreutz.fi\/blog\/#\/schema\/person\/image\/\",\"url\":\"https:\/\/secure.gravatar.com\/avatar\/a144c9bda7a581ff6fabba169027e620?s=96&d=mm&r=g\",\"contentUrl\":\"https:\/\/secure.gravatar.com\/avatar\/a144c9bda7a581ff6fabba169027e620?s=96&d=mm&r=g\",\"caption\":\"Anders\"},\"url\":\"https:\/\/andersadlercreutz.fi\/blog\/author\/admin\/\"}]}<\/script>\n<!-- \/ Yoast SEO plugin. -->","yoast_head_json":{"title":"Adlercreutz vaatii ripeit\u00e4 toimia ty\u00f6llisyysasteen nostamiseksi: Perhevapaauudistus, nopeammat ty\u00f6luvat ja investoineille verohelpotuksia - Anders Adlercreutz","robots":{"index":"index","follow":"follow","max-snippet":"max-snippet:-1","max-image-preview":"max-image-preview:large","max-video-preview":"max-video-preview:-1"},"canonical":"https:\/\/andersadlercreutz.fi\/blog\/budjetti\/adlercreutz-vaatii-ripeita-toimia-tyollisyysasteen-nostamiseksi-perhevapaauudistus-nopeammat-tyoluvat-ja-investoineille-verohelpotuksia\/","og_locale":"sv_SE","og_type":"article","og_title":"Adlercreutz vaatii ripeit\u00e4 toimia ty\u00f6llisyysasteen nostamiseksi: Perhevapaauudistus, nopeammat ty\u00f6luvat ja investoineille verohelpotuksia - Anders Adlercreutz","og_description":"RKP on mukana hallituksessa huolehtiakseen ty\u00f6llisyystavoitteiden saavuttamisesta. Ryhm\u00e4puheenjohtaja Anders Adlercreutzin mukaan toimenpiteit\u00e4 vaaditaan leve\u00e4ll\u00e4 rintamalla. \u2013 Teemme perhevapaauudistuksen, joka helpottaa perheiden arkea ja parantaa naisten ty\u00f6markkina-asemaa. Me tarvitsemme nopeampia k\u00e4sittelyaikoja helpottaaksemme ulkomaisen ty\u00f6voiman palkkaamista. On hyv\u00e4, ett\u00e4 tarjotaan yrityksille ylim\u00e4\u00e4r\u00e4ist\u00e4 verov\u00e4hennyst\u00e4 tutkimus- ja innovaatiohankkeille. Ryhm\u00e4puheessaan eduskunnan budjettikeskustelussa Adlercreutz painotti hallituksen suhtautuvan ilmastonmuutoksen vastaiseen taisteluun kunnianhimoisesti. [&hellip;]","og_url":"https:\/\/andersadlercreutz.fi\/blog\/budjetti\/adlercreutz-vaatii-ripeita-toimia-tyollisyysasteen-nostamiseksi-perhevapaauudistus-nopeammat-tyoluvat-ja-investoineille-verohelpotuksia\/?lang=fi","og_site_name":"Anders Adlercreutz","article_published_time":"2019-10-08T09:52:41+00:00","og_image":[{"width":1214,"height":809,"url":"https:\/\/i0.wp.com\/andersadlercreutz.fi\/blog\/wp-content\/uploads\/2018\/10\/Anders-h\u00e4sten-2018-9.jpg?fit=1214%2C809&ssl=1","type":"image\/jpeg"}],"author":"Anders","twitter_card":"summary_large_image","twitter_misc":{"Skriven av":"Anders","Ber\u00e4knad l\u00e4stid":"1 minut"},"schema":{"@context":"https:\/\/schema.org","@graph":[{"@type":"WebPage","@id":"https:\/\/andersadlercreutz.fi\/blog\/budjetti\/adlercreutz-vaatii-ripeita-toimia-tyollisyysasteen-nostamiseksi-perhevapaauudistus-nopeammat-tyoluvat-ja-investoineille-verohelpotuksia\/?lang=fi","url":"https:\/\/andersadlercreutz.fi\/blog\/budjetti\/adlercreutz-vaatii-ripeita-toimia-tyollisyysasteen-nostamiseksi-perhevapaauudistus-nopeammat-tyoluvat-ja-investoineille-verohelpotuksia\/?lang=fi","name":"Adlercreutz vaatii ripeit\u00e4 toimia ty\u00f6llisyysasteen nostamiseksi: Perhevapaauudistus, nopeammat ty\u00f6luvat ja investoineille verohelpotuksia - Anders Adlercreutz","isPartOf":{"@id":"https:\/\/andersadlercreutz.fi\/blog\/#website"},"datePublished":"2019-10-08T09:52:41+00:00","dateModified":"2019-10-08T09:52:41+00:00","author":{"@id":"https:\/\/andersadlercreutz.fi\/blog\/#\/schema\/person\/47d4b72eded862b484f74bb4b3a2354f"},"breadcrumb":{"@id":"https:\/\/andersadlercreutz.fi\/blog\/budjetti\/adlercreutz-vaatii-ripeita-toimia-tyollisyysasteen-nostamiseksi-perhevapaauudistus-nopeammat-tyoluvat-ja-investoineille-verohelpotuksia\/?lang=fi#breadcrumb"},"inLanguage":"sv-SE","potentialAction":[{"@type":"ReadAction","target":["https:\/\/andersadlercreutz.fi\/blog\/budjetti\/adlercreutz-vaatii-ripeita-toimia-tyollisyysasteen-nostamiseksi-perhevapaauudistus-nopeammat-tyoluvat-ja-investoineille-verohelpotuksia\/?lang=fi"]}]},{"@type":"BreadcrumbList","@id":"https:\/\/andersadlercreutz.fi\/blog\/budjetti\/adlercreutz-vaatii-ripeita-toimia-tyollisyysasteen-nostamiseksi-perhevapaauudistus-nopeammat-tyoluvat-ja-investoineille-verohelpotuksia\/?lang=fi#breadcrumb","itemListElement":[{"@type":"ListItem","position":1,"name":"Home","item":"https:\/\/andersadlercreutz.fi\/blog\/blogg\/?lang=sv"},{"@type":"ListItem","position":2,"name":"Adlercreutz vaatii ripeit\u00e4 toimia ty\u00f6llisyysasteen nostamiseksi: Perhevapaauudistus, nopeammat ty\u00f6luvat ja investoineille verohelpotuksia"}]},{"@type":"WebSite","@id":"https:\/\/andersadlercreutz.fi\/blog\/#website","url":"https:\/\/andersadlercreutz.fi\/blog\/","name":"Anders Adlercreutz","description":"Du. Jag. Vi. Kest&auml;v&auml;sti optimisti","potentialAction":[{"@type":"SearchAction","target":{"@type":"EntryPoint","urlTemplate":"https:\/\/andersadlercreutz.fi\/blog\/?s={search_term_string}"},"query-input":"required name=search_term_string"}],"inLanguage":"sv-SE"},{"@type":"Person","@id":"https:\/\/andersadlercreutz.fi\/blog\/#\/schema\/person\/47d4b72eded862b484f74bb4b3a2354f","name":"Anders","image":{"@type":"ImageObject","inLanguage":"sv-SE","@id":"https:\/\/andersadlercreutz.fi\/blog\/#\/schema\/person\/image\/","url":"https:\/\/secure.gravatar.com\/avatar\/a144c9bda7a581ff6fabba169027e620?s=96&d=mm&r=g","contentUrl":"https:\/\/secure.gravatar.com\/avatar\/a144c9bda7a581ff6fabba169027e620?s=96&d=mm&r=g","caption":"Anders"},"url":"https:\/\/andersadlercreutz.fi\/blog\/author\/admin\/"}]}},"jetpack_featured_media_url":"https:\/\/i0.wp.com\/andersadlercreutz.fi\/blog\/wp-content\/uploads\/2018\/10\/Anders-h\u00e4sten-2018-9.jpg?fit=1214%2C809&ssl=1","jetpack_shortlink":"https:\/\/wp.me\/p4T6Dh-1wo","jetpack_sharing_enabled":true,"_links":{"self":[{"href":"https:\/\/andersadlercreutz.fi\/blog\/wp-json\/wp\/v2\/posts\/5852"}],"collection":[{"href":"https:\/\/andersadlercreutz.fi\/blog\/wp-json\/wp\/v2\/posts"}],"about":[{"href":"https:\/\/andersadlercreutz.fi\/blog\/wp-json\/wp\/v2\/types\/post"}],"author":[{"embeddable":true,"href":"https:\/\/andersadlercreutz.fi\/blog\/wp-json\/wp\/v2\/users\/1"}],"replies":[{"embeddable":true,"href":"https:\/\/andersadlercreutz.fi\/blog\/wp-json\/wp\/v2\/comments?post=5852"}],"version-history":[{"count":1,"href":"https:\/\/andersadlercreutz.fi\/blog\/wp-json\/wp\/v2\/posts\/5852\/revisions"}],"predecessor-version":[{"id":5853,"href":"https:\/\/andersadlercreutz.fi\/blog\/wp-json\/wp\/v2\/posts\/5852\/revisions\/5853"}],"wp:featuredmedia":[{"embeddable":true,"href":"https:\/\/andersadlercreutz.fi\/blog\/wp-json\/wp\/v2\/media\/4309"}],"wp:attachment":[{"href":"https:\/\/andersadlercreutz.fi\/blog\/wp-json\/wp\/v2\/media?parent=5852"}],"wp:term":[{"taxonomy":"category","embeddable":true,"href":"https:\/\/andersadlercreutz.fi\/blog\/wp-json\/wp\/v2\/categories?post=5852"},{"taxonomy":"post_tag","embeddable":true,"href":"https:\/\/andersadlercreutz.fi\/blog\/wp-json\/wp\/v2\/tags?post=5852"}],"curies":[{"name":"wp","href":"https:\/\/api.w.org\/{rel}","templated":true}]}}