{"id":5952,"date":"2019-12-12T12:17:29","date_gmt":"2019-12-12T10:17:29","guid":{"rendered":"http:\/\/andersadlercreutz.fi\/blog\/?p=5952"},"modified":"2019-12-13T10:23:51","modified_gmt":"2019-12-13T08:23:51","slug":"adlercreutz-och-rehn-kivi-estbyvagen-far-ny-belaggning","status":"publish","type":"post","link":"https:\/\/andersadlercreutz.fi\/blog\/budget\/adlercreutz-och-rehn-kivi-estbyvagen-far-ny-belaggning\/","title":{"rendered":"Adlercreutz och Rehn-Kivi: Estbyv\u00e4gen f\u00e5r ny bel\u00e4ggning"},"content":{"rendered":"<p>Estbyv\u00e4gen i Kyrksl\u00e4tt kommer att f\u00e5 ny bel\u00e4ggning. Detta f\u00f6resl\u00e5r riksdagens finansutskott i sitt bet\u00e4nkande om statsbudgeten f\u00f6r n\u00e4sta \u00e5r. Estbyv\u00e4gens trafikm\u00e4ngd har under senare tid \u00f6kat markant, vilket resulterat i allvarligt slitage. Riksdagsledam\u00f6terna Anders Adlercreutz (SFP) och Veronica Rehn-Kivi (SFP) som deltagit i finansutskottets arbete gl\u00e4ds \u00e5t beslutet.<\/p>\n<p>&#8211; B\u00e5de kommunens v\u00e4lbes\u00f6kta friluftsomr\u00e5de, en g\u00e5rdsbutik och en husdjurspark \u00e4r bel\u00e4gna vid v\u00e4gen, som nu \u00e4r s\u00f6ndersmulad och utg\u00f6r en stor s\u00e4kerhetsrisk f\u00f6r b\u00e5de bilister, cyklister och fotg\u00e4ngare. Jag har redan tidigare \u00e5r lyft upp problemet och det \u00e4r gl\u00e4djande att v\u00e4gen nu \u00e4ntligen ska repareras p\u00e5 svenska riksdagsgruppens initiativ, s\u00e4ger Rehn-Kivi.<\/p>\n<p>Enligt NMT-centralen i Nylands kartl\u00e4ggning \u00e4r Estbyv\u00e4gen i Kyrksl\u00e4tt en av de v\u00e4gar som \u00e4r i absolut s\u00e4msta skick.<\/p>\n<p>&#8211; Tidigare under \u00e5ret \u00e5tg\u00e4rdades en stor del av Porkalav\u00e4gen. Nu g\u00e5r arbetet vidare med Estbyv\u00e4gen &#8211; och det \u00e4r inte en dag f\u00f6r tidigt. Den s\u00f6ndriga bel\u00e4ggningen och de otaliga groparna g\u00f6r v\u00e4gen direkt farlig idag, s\u00e4ger Adlercreutz som \u00e4ven \u00e4r ordf\u00f6rande f\u00f6r svenska riksdagsgruppen.<\/p>\n<p>Riksdagen r\u00f6star om budgetmotioner och godk\u00e4nner regeringens propositioner om statsbudgeten n\u00e4sta vecka.<\/p>\n","protected":false},"excerpt":{"rendered":"<p>Estbyv\u00e4gen i Kyrksl\u00e4tt kommer att f\u00e5 ny bel\u00e4ggning. Detta f\u00f6resl\u00e5r riksdagens finansutskott i sitt bet\u00e4nkande om statsbudgeten f\u00f6r n\u00e4sta \u00e5r. Estbyv\u00e4gens trafikm\u00e4ngd har under senare tid \u00f6kat markant, vilket resulterat i allvarligt slitage. Riksdagsledam\u00f6terna Anders Adlercreutz (SFP) och Veronica Rehn-Kivi (SFP) som deltagit i finansutskottets arbete gl\u00e4ds \u00e5t beslutet. &#8211; B\u00e5de kommunens v\u00e4lbes\u00f6kta friluftsomr\u00e5de, en [&hellip;]<\/p>\n","protected":false},"author":1,"featured_media":5083,"comment_status":"open","ping_status":"open","sticky":false,"template":"","format":"standard","meta":{"jetpack_post_was_ever_published":false,"_jetpack_newsletter_access":"","jetpack_publicize_message":"","jetpack_is_tweetstorm":false,"jetpack_publicize_feature_enabled":true,"jetpack_social_post_already_shared":true,"jetpack_social_options":{"image_generator_settings":{"template":"highway","enabled":false}}},"categories":[31,35,72,88],"tags":[],"jetpack_publicize_connections":[],"yoast_head":"<!-- This site is optimized with the Yoast SEO plugin v20.12 - https:\/\/yoast.com\/wordpress\/plugins\/seo\/ -->\n<title>Adlercreutz och Rehn-Kivi: Estbyv\u00e4gen f\u00e5r ny bel\u00e4ggning - Anders Adlercreutz<\/title>\n<meta name=\"robots\" content=\"index, follow, max-snippet:-1, max-image-preview:large, max-video-preview:-1\" \/>\n<link rel=\"canonical\" href=\"https:\/\/andersadlercreutz.fi\/blog\/budget\/adlercreutz-och-rehn-kivi-estbyvagen-far-ny-belaggning\/\" \/>\n<meta property=\"og:locale\" content=\"sv_SE\" \/>\n<meta property=\"og:type\" content=\"article\" \/>\n<meta property=\"og:title\" content=\"Adlercreutz och Rehn-Kivi: Estbyv\u00e4gen f\u00e5r ny bel\u00e4ggning - Anders Adlercreutz\" \/>\n<meta property=\"og:description\" content=\"Estbyv\u00e4gen i Kyrksl\u00e4tt kommer att f\u00e5 ny bel\u00e4ggning. Detta f\u00f6resl\u00e5r riksdagens finansutskott i sitt bet\u00e4nkande om statsbudgeten f\u00f6r n\u00e4sta \u00e5r. Estbyv\u00e4gens trafikm\u00e4ngd har under senare tid \u00f6kat markant, vilket resulterat i allvarligt slitage. Riksdagsledam\u00f6terna Anders Adlercreutz (SFP) och Veronica Rehn-Kivi (SFP) som deltagit i finansutskottets arbete gl\u00e4ds \u00e5t beslutet. &#8211; B\u00e5de kommunens v\u00e4lbes\u00f6kta friluftsomr\u00e5de, en [&hellip;]\" \/>\n<meta property=\"og:url\" content=\"https:\/\/andersadlercreutz.fi\/blog\/budget\/adlercreutz-och-rehn-kivi-estbyvagen-far-ny-belaggning\/\" \/>\n<meta property=\"og:site_name\" content=\"Anders Adlercreutz\" \/>\n<meta property=\"article:published_time\" content=\"2019-12-12T10:17:29+00:00\" \/>\n<meta property=\"article:modified_time\" content=\"2019-12-13T08:23:51+00:00\" \/>\n<meta property=\"og:image\" content=\"https:\/\/i0.wp.com\/andersadlercreutz.fi\/blog\/wp-content\/uploads\/2015\/11\/Anders_Adlercreutz_02_credit_Anna_Heikinheimo_crup.jpg?fit=1200%2C702&ssl=1\" \/>\n\t<meta property=\"og:image:width\" content=\"1200\" \/>\n\t<meta property=\"og:image:height\" content=\"702\" \/>\n\t<meta property=\"og:image:type\" content=\"image\/jpeg\" \/>\n<meta name=\"author\" content=\"Anders\" \/>\n<meta name=\"twitter:card\" content=\"summary_large_image\" \/>\n<meta name=\"twitter:label1\" content=\"Skriven av\" \/>\n\t<meta name=\"twitter:data1\" content=\"Anders\" \/>\n\t<meta name=\"twitter:label2\" content=\"Ber\u00e4knad l\u00e4stid\" \/>\n\t<meta name=\"twitter:data2\" content=\"1 minut\" \/>\n<script type=\"application\/ld+json\" class=\"yoast-schema-graph\">{\"@context\":\"https:\/\/schema.org\",\"@graph\":[{\"@type\":\"WebPage\",\"@id\":\"https:\/\/andersadlercreutz.fi\/blog\/budget\/adlercreutz-och-rehn-kivi-estbyvagen-far-ny-belaggning\/\",\"url\":\"https:\/\/andersadlercreutz.fi\/blog\/budget\/adlercreutz-och-rehn-kivi-estbyvagen-far-ny-belaggning\/\",\"name\":\"Adlercreutz och Rehn-Kivi: Estbyv\u00e4gen f\u00e5r ny bel\u00e4ggning - Anders Adlercreutz\",\"isPartOf\":{\"@id\":\"https:\/\/andersadlercreutz.fi\/blog\/#website\"},\"datePublished\":\"2019-12-12T10:17:29+00:00\",\"dateModified\":\"2019-12-13T08:23:51+00:00\",\"author\":{\"@id\":\"https:\/\/andersadlercreutz.fi\/blog\/#\/schema\/person\/47d4b72eded862b484f74bb4b3a2354f\"},\"breadcrumb\":{\"@id\":\"https:\/\/andersadlercreutz.fi\/blog\/budget\/adlercreutz-och-rehn-kivi-estbyvagen-far-ny-belaggning\/#breadcrumb\"},\"inLanguage\":\"sv-SE\",\"potentialAction\":[{\"@type\":\"ReadAction\",\"target\":[\"https:\/\/andersadlercreutz.fi\/blog\/budget\/adlercreutz-och-rehn-kivi-estbyvagen-far-ny-belaggning\/\"]}]},{\"@type\":\"BreadcrumbList\",\"@id\":\"https:\/\/andersadlercreutz.fi\/blog\/budget\/adlercreutz-och-rehn-kivi-estbyvagen-far-ny-belaggning\/#breadcrumb\",\"itemListElement\":[{\"@type\":\"ListItem\",\"position\":1,\"name\":\"Home\",\"item\":\"https:\/\/andersadlercreutz.fi\/blog\/blogg\/?lang=sv\"},{\"@type\":\"ListItem\",\"position\":2,\"name\":\"Adlercreutz och Rehn-Kivi: Estbyv\u00e4gen f\u00e5r ny bel\u00e4ggning\"}]},{\"@type\":\"WebSite\",\"@id\":\"https:\/\/andersadlercreutz.fi\/blog\/#website\",\"url\":\"https:\/\/andersadlercreutz.fi\/blog\/\",\"name\":\"Anders Adlercreutz\",\"description\":\"Du. Jag. Vi. Kest&auml;v&auml;sti optimisti\",\"potentialAction\":[{\"@type\":\"SearchAction\",\"target\":{\"@type\":\"EntryPoint\",\"urlTemplate\":\"https:\/\/andersadlercreutz.fi\/blog\/?s={search_term_string}\"},\"query-input\":\"required name=search_term_string\"}],\"inLanguage\":\"sv-SE\"},{\"@type\":\"Person\",\"@id\":\"https:\/\/andersadlercreutz.fi\/blog\/#\/schema\/person\/47d4b72eded862b484f74bb4b3a2354f\",\"name\":\"Anders\",\"image\":{\"@type\":\"ImageObject\",\"inLanguage\":\"sv-SE\",\"@id\":\"https:\/\/andersadlercreutz.fi\/blog\/#\/schema\/person\/image\/\",\"url\":\"https:\/\/secure.gravatar.com\/avatar\/a144c9bda7a581ff6fabba169027e620?s=96&d=mm&r=g\",\"contentUrl\":\"https:\/\/secure.gravatar.com\/avatar\/a144c9bda7a581ff6fabba169027e620?s=96&d=mm&r=g\",\"caption\":\"Anders\"},\"url\":\"https:\/\/andersadlercreutz.fi\/blog\/author\/admin\/\"}]}<\/script>\n<!-- \/ Yoast SEO plugin. -->","yoast_head_json":{"title":"Adlercreutz och Rehn-Kivi: Estbyv\u00e4gen f\u00e5r ny bel\u00e4ggning - Anders Adlercreutz","robots":{"index":"index","follow":"follow","max-snippet":"max-snippet:-1","max-image-preview":"max-image-preview:large","max-video-preview":"max-video-preview:-1"},"canonical":"https:\/\/andersadlercreutz.fi\/blog\/budget\/adlercreutz-och-rehn-kivi-estbyvagen-far-ny-belaggning\/","og_locale":"sv_SE","og_type":"article","og_title":"Adlercreutz och Rehn-Kivi: Estbyv\u00e4gen f\u00e5r ny bel\u00e4ggning - Anders Adlercreutz","og_description":"Estbyv\u00e4gen i Kyrksl\u00e4tt kommer att f\u00e5 ny bel\u00e4ggning. Detta f\u00f6resl\u00e5r riksdagens finansutskott i sitt bet\u00e4nkande om statsbudgeten f\u00f6r n\u00e4sta \u00e5r. Estbyv\u00e4gens trafikm\u00e4ngd har under senare tid \u00f6kat markant, vilket resulterat i allvarligt slitage. Riksdagsledam\u00f6terna Anders Adlercreutz (SFP) och Veronica Rehn-Kivi (SFP) som deltagit i finansutskottets arbete gl\u00e4ds \u00e5t beslutet. &#8211; B\u00e5de kommunens v\u00e4lbes\u00f6kta friluftsomr\u00e5de, en [&hellip;]","og_url":"https:\/\/andersadlercreutz.fi\/blog\/budget\/adlercreutz-och-rehn-kivi-estbyvagen-far-ny-belaggning\/","og_site_name":"Anders Adlercreutz","article_published_time":"2019-12-12T10:17:29+00:00","article_modified_time":"2019-12-13T08:23:51+00:00","og_image":[{"width":1200,"height":702,"url":"https:\/\/i0.wp.com\/andersadlercreutz.fi\/blog\/wp-content\/uploads\/2015\/11\/Anders_Adlercreutz_02_credit_Anna_Heikinheimo_crup.jpg?fit=1200%2C702&ssl=1","type":"image\/jpeg"}],"author":"Anders","twitter_card":"summary_large_image","twitter_misc":{"Skriven av":"Anders","Ber\u00e4knad l\u00e4stid":"1 minut"},"schema":{"@context":"https:\/\/schema.org","@graph":[{"@type":"WebPage","@id":"https:\/\/andersadlercreutz.fi\/blog\/budget\/adlercreutz-och-rehn-kivi-estbyvagen-far-ny-belaggning\/","url":"https:\/\/andersadlercreutz.fi\/blog\/budget\/adlercreutz-och-rehn-kivi-estbyvagen-far-ny-belaggning\/","name":"Adlercreutz och Rehn-Kivi: Estbyv\u00e4gen f\u00e5r ny bel\u00e4ggning - Anders Adlercreutz","isPartOf":{"@id":"https:\/\/andersadlercreutz.fi\/blog\/#website"},"datePublished":"2019-12-12T10:17:29+00:00","dateModified":"2019-12-13T08:23:51+00:00","author":{"@id":"https:\/\/andersadlercreutz.fi\/blog\/#\/schema\/person\/47d4b72eded862b484f74bb4b3a2354f"},"breadcrumb":{"@id":"https:\/\/andersadlercreutz.fi\/blog\/budget\/adlercreutz-och-rehn-kivi-estbyvagen-far-ny-belaggning\/#breadcrumb"},"inLanguage":"sv-SE","potentialAction":[{"@type":"ReadAction","target":["https:\/\/andersadlercreutz.fi\/blog\/budget\/adlercreutz-och-rehn-kivi-estbyvagen-far-ny-belaggning\/"]}]},{"@type":"BreadcrumbList","@id":"https:\/\/andersadlercreutz.fi\/blog\/budget\/adlercreutz-och-rehn-kivi-estbyvagen-far-ny-belaggning\/#breadcrumb","itemListElement":[{"@type":"ListItem","position":1,"name":"Home","item":"https:\/\/andersadlercreutz.fi\/blog\/blogg\/?lang=sv"},{"@type":"ListItem","position":2,"name":"Adlercreutz och Rehn-Kivi: Estbyv\u00e4gen f\u00e5r ny bel\u00e4ggning"}]},{"@type":"WebSite","@id":"https:\/\/andersadlercreutz.fi\/blog\/#website","url":"https:\/\/andersadlercreutz.fi\/blog\/","name":"Anders Adlercreutz","description":"Du. Jag. Vi. Kest&auml;v&auml;sti optimisti","potentialAction":[{"@type":"SearchAction","target":{"@type":"EntryPoint","urlTemplate":"https:\/\/andersadlercreutz.fi\/blog\/?s={search_term_string}"},"query-input":"required name=search_term_string"}],"inLanguage":"sv-SE"},{"@type":"Person","@id":"https:\/\/andersadlercreutz.fi\/blog\/#\/schema\/person\/47d4b72eded862b484f74bb4b3a2354f","name":"Anders","image":{"@type":"ImageObject","inLanguage":"sv-SE","@id":"https:\/\/andersadlercreutz.fi\/blog\/#\/schema\/person\/image\/","url":"https:\/\/secure.gravatar.com\/avatar\/a144c9bda7a581ff6fabba169027e620?s=96&d=mm&r=g","contentUrl":"https:\/\/secure.gravatar.com\/avatar\/a144c9bda7a581ff6fabba169027e620?s=96&d=mm&r=g","caption":"Anders"},"url":"https:\/\/andersadlercreutz.fi\/blog\/author\/admin\/"}]}},"jetpack_featured_media_url":"https:\/\/i0.wp.com\/andersadlercreutz.fi\/blog\/wp-content\/uploads\/2015\/11\/Anders_Adlercreutz_02_credit_Anna_Heikinheimo_crup.jpg?fit=1200%2C702&ssl=1","jetpack_shortlink":"https:\/\/wp.me\/p4T6Dh-1y0","jetpack_sharing_enabled":true,"_links":{"self":[{"href":"https:\/\/andersadlercreutz.fi\/blog\/wp-json\/wp\/v2\/posts\/5952"}],"collection":[{"href":"https:\/\/andersadlercreutz.fi\/blog\/wp-json\/wp\/v2\/posts"}],"about":[{"href":"https:\/\/andersadlercreutz.fi\/blog\/wp-json\/wp\/v2\/types\/post"}],"author":[{"embeddable":true,"href":"https:\/\/andersadlercreutz.fi\/blog\/wp-json\/wp\/v2\/users\/1"}],"replies":[{"embeddable":true,"href":"https:\/\/andersadlercreutz.fi\/blog\/wp-json\/wp\/v2\/comments?post=5952"}],"version-history":[{"count":1,"href":"https:\/\/andersadlercreutz.fi\/blog\/wp-json\/wp\/v2\/posts\/5952\/revisions"}],"predecessor-version":[{"id":5953,"href":"https:\/\/andersadlercreutz.fi\/blog\/wp-json\/wp\/v2\/posts\/5952\/revisions\/5953"}],"wp:featuredmedia":[{"embeddable":true,"href":"https:\/\/andersadlercreutz.fi\/blog\/wp-json\/wp\/v2\/media\/5083"}],"wp:attachment":[{"href":"https:\/\/andersadlercreutz.fi\/blog\/wp-json\/wp\/v2\/media?parent=5952"}],"wp:term":[{"taxonomy":"category","embeddable":true,"href":"https:\/\/andersadlercreutz.fi\/blog\/wp-json\/wp\/v2\/categories?post=5952"},{"taxonomy":"post_tag","embeddable":true,"href":"https:\/\/andersadlercreutz.fi\/blog\/wp-json\/wp\/v2\/tags?post=5952"}],"curies":[{"name":"wp","href":"https:\/\/api.w.org\/{rel}","templated":true}]}}