{"id":5955,"date":"2019-12-12T12:24:17","date_gmt":"2019-12-12T10:24:17","guid":{"rendered":"http:\/\/andersadlercreutz.fi\/blog\/?p=5955"},"modified":"2019-12-13T10:25:43","modified_gmt":"2019-12-13T08:25:43","slug":"adlercreutz-ja-rehn-kivi-eestinkylatie-saa-uuden-paallysteen","status":"publish","type":"post","link":"https:\/\/andersadlercreutz.fi\/blog\/kirkkonummi\/adlercreutz-ja-rehn-kivi-eestinkylatie-saa-uuden-paallysteen\/?lang=fi","title":{"rendered":"Adlercreutz ja Rehn-Kivi: Eestinkyl\u00e4tie saa uuden p\u00e4\u00e4llysteen"},"content":{"rendered":"<p>Eduskunnan valtiovarainvaliokunta ehdottaa mietinn\u00f6ss\u00e4\u00e4n ensi vuoden talousarviosta, ett\u00e4 Eestinkyl\u00e4tie Kirkkonummella saa uuden p\u00e4\u00e4llysteen. Eestinkyl\u00e4tien liikennem\u00e4\u00e4r\u00e4t ovat viime vuosina lis\u00e4\u00e4ntyneet huomattavasti, mik\u00e4 on johtanut tien vakavaan kulumiseen. Valtiovarainvaliokunnan ty\u00f6h\u00f6n osallistuneet kansanedustajat Anders Adlercreutz (RKP) ja Veronica Rehn-Kivi (RKP) iloitsevat p\u00e4\u00e4t\u00f6ksest\u00e4.<\/p>\n<p>&#8211; Tien varrella sijaitsevat muun muassa kunnan suosittu ulkoilualue, maatilakauppa ja kotiel\u00e4inpuisto. Tie on kovassa k\u00e4yt\u00f6ss\u00e4, mik\u00e4 on johtanut sen murentumiseen ja aiheuttaa nyt ison turvallisuusriskin autoilijoille, py\u00f6r\u00e4ilij\u00f6ille ja jalankulkijoille. Olen nostanut ongelman esiin jo aikaisempina vuosina ja on ilahduttavaa, ett\u00e4 tie vihdoin korjataan ruotsalaisen eduskuntaryhm\u00e4n aloitteesta, Rehn-Kivi sanoo.<\/p>\n<p>Uudenmaan ELY-keskuksen kartoituksen mukaan Eestinkyl\u00e4tie Kirkkonummella kuuluu kaikkein huonoimmassa kunnossa oleviin teihin.<\/p>\n<p>&#8211; Aikaisemmin t\u00e4n\u00e4 vuonna hoidettiin iso osa Porkkalantiest\u00e4. Nyt t\u00f6it\u00e4 jatketaan Eestinkyl\u00e4tiell\u00e4, mik\u00e4 ei ole p\u00e4iv\u00e4\u00e4k\u00e4\u00e4n liian aikaisin. Rikkin\u00e4inen p\u00e4\u00e4llystys ja lukuisat kuopat tekev\u00e4t nyt tiest\u00e4 suorastaan vaarallisen, ruotsalaisen eduskuntaryhm\u00e4n puheenjohtaja Adlercreutz sanoo.<\/p>\n<p>Eduskunta \u00e4\u00e4nest\u00e4\u00e4 talousarvioaloitteista ja hyv\u00e4ksyy hallituksen esitykset talousarviosta ensi viikolla.<\/p>\n","protected":false},"excerpt":{"rendered":"<p>Eduskunnan valtiovarainvaliokunta ehdottaa mietinn\u00f6ss\u00e4\u00e4n ensi vuoden talousarviosta, ett\u00e4 Eestinkyl\u00e4tie Kirkkonummella saa uuden p\u00e4\u00e4llysteen. Eestinkyl\u00e4tien liikennem\u00e4\u00e4r\u00e4t ovat viime vuosina lis\u00e4\u00e4ntyneet huomattavasti, mik\u00e4 on johtanut tien vakavaan kulumiseen. Valtiovarainvaliokunnan ty\u00f6h\u00f6n osallistuneet kansanedustajat Anders Adlercreutz (RKP) ja Veronica Rehn-Kivi (RKP) iloitsevat p\u00e4\u00e4t\u00f6ksest\u00e4. &#8211; Tien varrella sijaitsevat muun muassa kunnan suosittu ulkoilualue, maatilakauppa ja kotiel\u00e4inpuisto. Tie on kovassa k\u00e4yt\u00f6ss\u00e4, [&hellip;]<\/p>\n","protected":false},"author":1,"featured_media":2550,"comment_status":"open","ping_status":"open","sticky":false,"template":"","format":"standard","meta":{"jetpack_post_was_ever_published":false,"_jetpack_newsletter_access":"","jetpack_publicize_message":"","jetpack_is_tweetstorm":false,"jetpack_publicize_feature_enabled":true,"jetpack_social_post_already_shared":true,"jetpack_social_options":{"image_generator_settings":{"template":"highway","enabled":false}}},"categories":[14,3,71,87],"tags":[],"jetpack_publicize_connections":[],"yoast_head":"<!-- This site is optimized with the Yoast SEO plugin v20.12 - https:\/\/yoast.com\/wordpress\/plugins\/seo\/ -->\n<title>Adlercreutz ja Rehn-Kivi: Eestinkyl\u00e4tie saa uuden p\u00e4\u00e4llysteen - Anders Adlercreutz<\/title>\n<meta name=\"robots\" content=\"index, follow, max-snippet:-1, max-image-preview:large, max-video-preview:-1\" \/>\n<link rel=\"canonical\" href=\"https:\/\/andersadlercreutz.fi\/blog\/kirkkonummi\/adlercreutz-ja-rehn-kivi-eestinkylatie-saa-uuden-paallysteen\/\" \/>\n<meta property=\"og:locale\" content=\"sv_SE\" \/>\n<meta property=\"og:type\" content=\"article\" \/>\n<meta property=\"og:title\" content=\"Adlercreutz ja Rehn-Kivi: Eestinkyl\u00e4tie saa uuden p\u00e4\u00e4llysteen - Anders Adlercreutz\" \/>\n<meta property=\"og:description\" content=\"Eduskunnan valtiovarainvaliokunta ehdottaa mietinn\u00f6ss\u00e4\u00e4n ensi vuoden talousarviosta, ett\u00e4 Eestinkyl\u00e4tie Kirkkonummella saa uuden p\u00e4\u00e4llysteen. Eestinkyl\u00e4tien liikennem\u00e4\u00e4r\u00e4t ovat viime vuosina lis\u00e4\u00e4ntyneet huomattavasti, mik\u00e4 on johtanut tien vakavaan kulumiseen. Valtiovarainvaliokunnan ty\u00f6h\u00f6n osallistuneet kansanedustajat Anders Adlercreutz (RKP) ja Veronica Rehn-Kivi (RKP) iloitsevat p\u00e4\u00e4t\u00f6ksest\u00e4. &#8211; Tien varrella sijaitsevat muun muassa kunnan suosittu ulkoilualue, maatilakauppa ja kotiel\u00e4inpuisto. Tie on kovassa k\u00e4yt\u00f6ss\u00e4, [&hellip;]\" \/>\n<meta property=\"og:url\" content=\"https:\/\/andersadlercreutz.fi\/blog\/kirkkonummi\/adlercreutz-ja-rehn-kivi-eestinkylatie-saa-uuden-paallysteen\/?lang=fi\" \/>\n<meta property=\"og:site_name\" content=\"Anders Adlercreutz\" \/>\n<meta property=\"article:published_time\" content=\"2019-12-12T10:24:17+00:00\" \/>\n<meta property=\"article:modified_time\" content=\"2019-12-13T08:25:43+00:00\" \/>\n<meta property=\"og:image\" content=\"https:\/\/i0.wp.com\/andersadlercreutz.fi\/blog\/wp-content\/uploads\/2015\/11\/Anders_Adlercreutz_02_credit_Anna_Heikinheimo_crup.jpg?fit=1200%2C702&ssl=1\" \/>\n\t<meta property=\"og:image:width\" content=\"1200\" \/>\n\t<meta property=\"og:image:height\" content=\"702\" \/>\n\t<meta property=\"og:image:type\" content=\"image\/jpeg\" \/>\n<meta name=\"author\" content=\"Anders\" \/>\n<meta name=\"twitter:card\" content=\"summary_large_image\" \/>\n<meta name=\"twitter:label1\" content=\"Skriven av\" \/>\n\t<meta name=\"twitter:data1\" content=\"Anders\" \/>\n\t<meta name=\"twitter:label2\" content=\"Ber\u00e4knad l\u00e4stid\" \/>\n\t<meta name=\"twitter:data2\" content=\"1 minut\" \/>\n<script type=\"application\/ld+json\" class=\"yoast-schema-graph\">{\"@context\":\"https:\/\/schema.org\",\"@graph\":[{\"@type\":\"WebPage\",\"@id\":\"https:\/\/andersadlercreutz.fi\/blog\/kirkkonummi\/adlercreutz-ja-rehn-kivi-eestinkylatie-saa-uuden-paallysteen\/?lang=fi\",\"url\":\"https:\/\/andersadlercreutz.fi\/blog\/kirkkonummi\/adlercreutz-ja-rehn-kivi-eestinkylatie-saa-uuden-paallysteen\/?lang=fi\",\"name\":\"Adlercreutz ja Rehn-Kivi: Eestinkyl\u00e4tie saa uuden p\u00e4\u00e4llysteen - Anders Adlercreutz\",\"isPartOf\":{\"@id\":\"https:\/\/andersadlercreutz.fi\/blog\/#website\"},\"datePublished\":\"2019-12-12T10:24:17+00:00\",\"dateModified\":\"2019-12-13T08:25:43+00:00\",\"author\":{\"@id\":\"https:\/\/andersadlercreutz.fi\/blog\/#\/schema\/person\/47d4b72eded862b484f74bb4b3a2354f\"},\"breadcrumb\":{\"@id\":\"https:\/\/andersadlercreutz.fi\/blog\/kirkkonummi\/adlercreutz-ja-rehn-kivi-eestinkylatie-saa-uuden-paallysteen\/?lang=fi#breadcrumb\"},\"inLanguage\":\"sv-SE\",\"potentialAction\":[{\"@type\":\"ReadAction\",\"target\":[\"https:\/\/andersadlercreutz.fi\/blog\/kirkkonummi\/adlercreutz-ja-rehn-kivi-eestinkylatie-saa-uuden-paallysteen\/?lang=fi\"]}]},{\"@type\":\"BreadcrumbList\",\"@id\":\"https:\/\/andersadlercreutz.fi\/blog\/kirkkonummi\/adlercreutz-ja-rehn-kivi-eestinkylatie-saa-uuden-paallysteen\/?lang=fi#breadcrumb\",\"itemListElement\":[{\"@type\":\"ListItem\",\"position\":1,\"name\":\"Home\",\"item\":\"https:\/\/andersadlercreutz.fi\/blog\/blogg\/?lang=sv\"},{\"@type\":\"ListItem\",\"position\":2,\"name\":\"Adlercreutz ja Rehn-Kivi: Eestinkyl\u00e4tie saa uuden p\u00e4\u00e4llysteen\"}]},{\"@type\":\"WebSite\",\"@id\":\"https:\/\/andersadlercreutz.fi\/blog\/#website\",\"url\":\"https:\/\/andersadlercreutz.fi\/blog\/\",\"name\":\"Anders Adlercreutz\",\"description\":\"Du. Jag. Vi. Kest&auml;v&auml;sti optimisti\",\"potentialAction\":[{\"@type\":\"SearchAction\",\"target\":{\"@type\":\"EntryPoint\",\"urlTemplate\":\"https:\/\/andersadlercreutz.fi\/blog\/?s={search_term_string}\"},\"query-input\":\"required name=search_term_string\"}],\"inLanguage\":\"sv-SE\"},{\"@type\":\"Person\",\"@id\":\"https:\/\/andersadlercreutz.fi\/blog\/#\/schema\/person\/47d4b72eded862b484f74bb4b3a2354f\",\"name\":\"Anders\",\"image\":{\"@type\":\"ImageObject\",\"inLanguage\":\"sv-SE\",\"@id\":\"https:\/\/andersadlercreutz.fi\/blog\/#\/schema\/person\/image\/\",\"url\":\"https:\/\/secure.gravatar.com\/avatar\/a144c9bda7a581ff6fabba169027e620?s=96&d=mm&r=g\",\"contentUrl\":\"https:\/\/secure.gravatar.com\/avatar\/a144c9bda7a581ff6fabba169027e620?s=96&d=mm&r=g\",\"caption\":\"Anders\"},\"url\":\"https:\/\/andersadlercreutz.fi\/blog\/author\/admin\/\"}]}<\/script>\n<!-- \/ Yoast SEO plugin. -->","yoast_head_json":{"title":"Adlercreutz ja Rehn-Kivi: Eestinkyl\u00e4tie saa uuden p\u00e4\u00e4llysteen - Anders Adlercreutz","robots":{"index":"index","follow":"follow","max-snippet":"max-snippet:-1","max-image-preview":"max-image-preview:large","max-video-preview":"max-video-preview:-1"},"canonical":"https:\/\/andersadlercreutz.fi\/blog\/kirkkonummi\/adlercreutz-ja-rehn-kivi-eestinkylatie-saa-uuden-paallysteen\/","og_locale":"sv_SE","og_type":"article","og_title":"Adlercreutz ja Rehn-Kivi: Eestinkyl\u00e4tie saa uuden p\u00e4\u00e4llysteen - Anders Adlercreutz","og_description":"Eduskunnan valtiovarainvaliokunta ehdottaa mietinn\u00f6ss\u00e4\u00e4n ensi vuoden talousarviosta, ett\u00e4 Eestinkyl\u00e4tie Kirkkonummella saa uuden p\u00e4\u00e4llysteen. Eestinkyl\u00e4tien liikennem\u00e4\u00e4r\u00e4t ovat viime vuosina lis\u00e4\u00e4ntyneet huomattavasti, mik\u00e4 on johtanut tien vakavaan kulumiseen. Valtiovarainvaliokunnan ty\u00f6h\u00f6n osallistuneet kansanedustajat Anders Adlercreutz (RKP) ja Veronica Rehn-Kivi (RKP) iloitsevat p\u00e4\u00e4t\u00f6ksest\u00e4. &#8211; Tien varrella sijaitsevat muun muassa kunnan suosittu ulkoilualue, maatilakauppa ja kotiel\u00e4inpuisto. Tie on kovassa k\u00e4yt\u00f6ss\u00e4, [&hellip;]","og_url":"https:\/\/andersadlercreutz.fi\/blog\/kirkkonummi\/adlercreutz-ja-rehn-kivi-eestinkylatie-saa-uuden-paallysteen\/?lang=fi","og_site_name":"Anders Adlercreutz","article_published_time":"2019-12-12T10:24:17+00:00","article_modified_time":"2019-12-13T08:25:43+00:00","og_image":[{"width":1200,"height":702,"url":"https:\/\/i0.wp.com\/andersadlercreutz.fi\/blog\/wp-content\/uploads\/2015\/11\/Anders_Adlercreutz_02_credit_Anna_Heikinheimo_crup.jpg?fit=1200%2C702&ssl=1","type":"image\/jpeg"}],"author":"Anders","twitter_card":"summary_large_image","twitter_misc":{"Skriven av":"Anders","Ber\u00e4knad l\u00e4stid":"1 minut"},"schema":{"@context":"https:\/\/schema.org","@graph":[{"@type":"WebPage","@id":"https:\/\/andersadlercreutz.fi\/blog\/kirkkonummi\/adlercreutz-ja-rehn-kivi-eestinkylatie-saa-uuden-paallysteen\/?lang=fi","url":"https:\/\/andersadlercreutz.fi\/blog\/kirkkonummi\/adlercreutz-ja-rehn-kivi-eestinkylatie-saa-uuden-paallysteen\/?lang=fi","name":"Adlercreutz ja Rehn-Kivi: Eestinkyl\u00e4tie saa uuden p\u00e4\u00e4llysteen - Anders Adlercreutz","isPartOf":{"@id":"https:\/\/andersadlercreutz.fi\/blog\/#website"},"datePublished":"2019-12-12T10:24:17+00:00","dateModified":"2019-12-13T08:25:43+00:00","author":{"@id":"https:\/\/andersadlercreutz.fi\/blog\/#\/schema\/person\/47d4b72eded862b484f74bb4b3a2354f"},"breadcrumb":{"@id":"https:\/\/andersadlercreutz.fi\/blog\/kirkkonummi\/adlercreutz-ja-rehn-kivi-eestinkylatie-saa-uuden-paallysteen\/?lang=fi#breadcrumb"},"inLanguage":"sv-SE","potentialAction":[{"@type":"ReadAction","target":["https:\/\/andersadlercreutz.fi\/blog\/kirkkonummi\/adlercreutz-ja-rehn-kivi-eestinkylatie-saa-uuden-paallysteen\/?lang=fi"]}]},{"@type":"BreadcrumbList","@id":"https:\/\/andersadlercreutz.fi\/blog\/kirkkonummi\/adlercreutz-ja-rehn-kivi-eestinkylatie-saa-uuden-paallysteen\/?lang=fi#breadcrumb","itemListElement":[{"@type":"ListItem","position":1,"name":"Home","item":"https:\/\/andersadlercreutz.fi\/blog\/blogg\/?lang=sv"},{"@type":"ListItem","position":2,"name":"Adlercreutz ja Rehn-Kivi: Eestinkyl\u00e4tie saa uuden p\u00e4\u00e4llysteen"}]},{"@type":"WebSite","@id":"https:\/\/andersadlercreutz.fi\/blog\/#website","url":"https:\/\/andersadlercreutz.fi\/blog\/","name":"Anders Adlercreutz","description":"Du. Jag. Vi. Kest&auml;v&auml;sti optimisti","potentialAction":[{"@type":"SearchAction","target":{"@type":"EntryPoint","urlTemplate":"https:\/\/andersadlercreutz.fi\/blog\/?s={search_term_string}"},"query-input":"required name=search_term_string"}],"inLanguage":"sv-SE"},{"@type":"Person","@id":"https:\/\/andersadlercreutz.fi\/blog\/#\/schema\/person\/47d4b72eded862b484f74bb4b3a2354f","name":"Anders","image":{"@type":"ImageObject","inLanguage":"sv-SE","@id":"https:\/\/andersadlercreutz.fi\/blog\/#\/schema\/person\/image\/","url":"https:\/\/secure.gravatar.com\/avatar\/a144c9bda7a581ff6fabba169027e620?s=96&d=mm&r=g","contentUrl":"https:\/\/secure.gravatar.com\/avatar\/a144c9bda7a581ff6fabba169027e620?s=96&d=mm&r=g","caption":"Anders"},"url":"https:\/\/andersadlercreutz.fi\/blog\/author\/admin\/"}]}},"jetpack_featured_media_url":"https:\/\/i0.wp.com\/andersadlercreutz.fi\/blog\/wp-content\/uploads\/2015\/11\/Anders_Adlercreutz_02_credit_Anna_Heikinheimo_crup.jpg?fit=1200%2C702&ssl=1","jetpack_shortlink":"https:\/\/wp.me\/p4T6Dh-1y3","jetpack_sharing_enabled":true,"_links":{"self":[{"href":"https:\/\/andersadlercreutz.fi\/blog\/wp-json\/wp\/v2\/posts\/5955"}],"collection":[{"href":"https:\/\/andersadlercreutz.fi\/blog\/wp-json\/wp\/v2\/posts"}],"about":[{"href":"https:\/\/andersadlercreutz.fi\/blog\/wp-json\/wp\/v2\/types\/post"}],"author":[{"embeddable":true,"href":"https:\/\/andersadlercreutz.fi\/blog\/wp-json\/wp\/v2\/users\/1"}],"replies":[{"embeddable":true,"href":"https:\/\/andersadlercreutz.fi\/blog\/wp-json\/wp\/v2\/comments?post=5955"}],"version-history":[{"count":1,"href":"https:\/\/andersadlercreutz.fi\/blog\/wp-json\/wp\/v2\/posts\/5955\/revisions"}],"predecessor-version":[{"id":5956,"href":"https:\/\/andersadlercreutz.fi\/blog\/wp-json\/wp\/v2\/posts\/5955\/revisions\/5956"}],"wp:featuredmedia":[{"embeddable":true,"href":"https:\/\/andersadlercreutz.fi\/blog\/wp-json\/wp\/v2\/media\/2550"}],"wp:attachment":[{"href":"https:\/\/andersadlercreutz.fi\/blog\/wp-json\/wp\/v2\/media?parent=5955"}],"wp:term":[{"taxonomy":"category","embeddable":true,"href":"https:\/\/andersadlercreutz.fi\/blog\/wp-json\/wp\/v2\/categories?post=5955"},{"taxonomy":"post_tag","embeddable":true,"href":"https:\/\/andersadlercreutz.fi\/blog\/wp-json\/wp\/v2\/tags?post=5955"}],"curies":[{"name":"wp","href":"https:\/\/api.w.org\/{rel}","templated":true}]}}