{"id":5979,"date":"2019-12-16T15:48:35","date_gmt":"2019-12-16T13:48:35","guid":{"rendered":"http:\/\/andersadlercreutz.fi\/blog\/?p=5979"},"modified":"2019-12-16T15:48:35","modified_gmt":"2019-12-16T13:48:35","slug":"adlercreutz-tarkeaa-hyodyntaa-tilaisuutta-ja-kokeilla-eri-tyollisyystoimia","status":"publish","type":"post","link":"https:\/\/andersadlercreutz.fi\/blog\/lehdistotiedote\/adlercreutz-tarkeaa-hyodyntaa-tilaisuutta-ja-kokeilla-eri-tyollisyystoimia\/?lang=fi","title":{"rendered":"Adlercreutz: T\u00e4rke\u00e4\u00e4 hy\u00f6dynt\u00e4\u00e4 tilaisuutta ja kokeilla eri ty\u00f6llisyystoimia"},"content":{"rendered":"<p>Hallitusohjelma oli keski\u00f6ss\u00e4 maanantain t\u00e4ysistunnossa. Ruotsalaisen eduskuntaryhm\u00e4n puheenjohtaja Anders Adlercreutz piti ryhm\u00e4n puheenvuoron, joka keskittyi vahvasti hallituksen ty\u00f6llisyystoimien toteuttamiseen. Ruotsalainen eduskuntaryhm\u00e4 katsoo, ett\u00e4 juuri nyt olisi hyv\u00e4 tilaisuus eri ty\u00f6llisyyskokeiluille, joissa voidaan ennakkoluulottomasti kokeilla eri ideoita ty\u00f6llisyysasteen nostamiseksi.<\/p>\n<p>&#8211; Kuten hallitusohjelmassa todetaan, emme tule sulkemaan pois mit\u00e4\u00e4n toimenpiteit\u00e4, joiden voisi ajatella parantavan ty\u00f6llisyytt\u00e4. Ty\u00f6llisyysasteen nostaminen 75 prosenttiin, mik\u00e4 on edellytyksen\u00e4 sille, ett\u00e4 julkinen talous olisi tasapainossa vuonna 2023, edellytt\u00e4\u00e4 lujaa luottamusta puolueiden v\u00e4lill\u00e4, Adlercreutz sanoo ryhm\u00e4puheenvuorossa.<\/p>\n<p>Ty\u00f6llisyysasteen nostaminen on t\u00e4rke\u00e4ss\u00e4 yhteydess\u00e4 investointien houkuttelemisessa Suomeen.<\/p>\n<p>&#8211; T\u00e4\u00e4ll\u00e4 investointitaso on edelleen liian alhainen. Mahdollistamalla yrityksille kaksinkertaiset poistot voimme houkutella t\u00e4nne t\u00e4rkeit\u00e4 investointeja, sanoo Adlercreutz.<\/p>\n<p>Ryhm\u00e4puheenvuorossa nostettiin my\u00f6s esille tarve parantaa maan yritysilmapiiri\u00e4, mit\u00e4 Adlercreutz on jo pidemp\u00e4\u00e4n esitt\u00e4nyt.<\/p>\n<p>&#8211; Se tarkoittaa sek\u00e4 lis\u00e4\u00e4 paikallista sopimista ett\u00e4 paljon nykyist\u00e4 nopeampia lupaprosesseja ulkomaista ty\u00f6voimaa palkattaessa. Ilman ty\u00f6voimaa yritykset eiv\u00e4t voi laajentaa, ilman ty\u00f6voimaa emme pysty tarjoamaan ihmisille palveluita, sanoo Adlercreutz.<\/p>\n<p>Energiaverotusta tullaan tarkastelemaan kest\u00e4v\u00e4n kehityksen verouudistuksen yhteydess\u00e4.<\/p>\n<p>&#8211; Yhdess\u00e4 p\u00e4\u00e4st\u00f6kaupan kanssa uudistus tukee johdonmukaisesti etenemist\u00e4 kohti hiilineutraalia kiertotaloutta. Se my\u00f6s parantaa suomalaisten yritysten kilpailukyky\u00e4, vaikka konservatiivinen oppositio muuta v\u00e4itt\u00e4isikin, Adlercreutz sanoo.<br \/>\nEduskunta \u00e4\u00e4nest\u00e4\u00e4 valtioneuvoston tiedonannosta hallituksen ohjelmasta tiistaina (17.12.).<\/p>\n","protected":false},"excerpt":{"rendered":"<p>Hallitusohjelma oli keski\u00f6ss\u00e4 maanantain t\u00e4ysistunnossa. Ruotsalaisen eduskuntaryhm\u00e4n puheenjohtaja Anders Adlercreutz piti ryhm\u00e4n puheenvuoron, joka keskittyi vahvasti hallituksen ty\u00f6llisyystoimien toteuttamiseen. Ruotsalainen eduskuntaryhm\u00e4 katsoo, ett\u00e4 juuri nyt olisi hyv\u00e4 tilaisuus eri ty\u00f6llisyyskokeiluille, joissa voidaan ennakkoluulottomasti kokeilla eri ideoita ty\u00f6llisyysasteen nostamiseksi. &#8211; Kuten hallitusohjelmassa todetaan, emme tule sulkemaan pois mit\u00e4\u00e4n toimenpiteit\u00e4, joiden voisi ajatella parantavan ty\u00f6llisyytt\u00e4. Ty\u00f6llisyysasteen nostaminen [&hellip;]<\/p>\n","protected":false},"author":1,"featured_media":4304,"comment_status":"open","ping_status":"open","sticky":false,"template":"","format":"standard","meta":{"jetpack_post_was_ever_published":false,"_jetpack_newsletter_access":"","jetpack_publicize_message":"","jetpack_is_tweetstorm":false,"jetpack_publicize_feature_enabled":true,"jetpack_social_post_already_shared":true,"jetpack_social_options":{"image_generator_settings":{"template":"highway","enabled":false}}},"categories":[113,71,116,87],"tags":[],"jetpack_publicize_connections":[],"yoast_head":"<!-- This site is optimized with the Yoast SEO plugin v20.12 - https:\/\/yoast.com\/wordpress\/plugins\/seo\/ -->\n<title>Adlercreutz: T\u00e4rke\u00e4\u00e4 hy\u00f6dynt\u00e4\u00e4 tilaisuutta ja kokeilla eri ty\u00f6llisyystoimia - Anders Adlercreutz<\/title>\n<meta name=\"robots\" content=\"index, follow, max-snippet:-1, max-image-preview:large, max-video-preview:-1\" \/>\n<link rel=\"canonical\" href=\"https:\/\/andersadlercreutz.fi\/blog\/lehdistotiedote\/adlercreutz-tarkeaa-hyodyntaa-tilaisuutta-ja-kokeilla-eri-tyollisyystoimia\/\" \/>\n<meta property=\"og:locale\" content=\"sv_SE\" \/>\n<meta property=\"og:type\" content=\"article\" \/>\n<meta property=\"og:title\" content=\"Adlercreutz: T\u00e4rke\u00e4\u00e4 hy\u00f6dynt\u00e4\u00e4 tilaisuutta ja kokeilla eri ty\u00f6llisyystoimia - Anders Adlercreutz\" \/>\n<meta property=\"og:description\" content=\"Hallitusohjelma oli keski\u00f6ss\u00e4 maanantain t\u00e4ysistunnossa. Ruotsalaisen eduskuntaryhm\u00e4n puheenjohtaja Anders Adlercreutz piti ryhm\u00e4n puheenvuoron, joka keskittyi vahvasti hallituksen ty\u00f6llisyystoimien toteuttamiseen. Ruotsalainen eduskuntaryhm\u00e4 katsoo, ett\u00e4 juuri nyt olisi hyv\u00e4 tilaisuus eri ty\u00f6llisyyskokeiluille, joissa voidaan ennakkoluulottomasti kokeilla eri ideoita ty\u00f6llisyysasteen nostamiseksi. &#8211; Kuten hallitusohjelmassa todetaan, emme tule sulkemaan pois mit\u00e4\u00e4n toimenpiteit\u00e4, joiden voisi ajatella parantavan ty\u00f6llisyytt\u00e4. Ty\u00f6llisyysasteen nostaminen [&hellip;]\" \/>\n<meta property=\"og:url\" content=\"https:\/\/andersadlercreutz.fi\/blog\/lehdistotiedote\/adlercreutz-tarkeaa-hyodyntaa-tilaisuutta-ja-kokeilla-eri-tyollisyystoimia\/?lang=fi\" \/>\n<meta property=\"og:site_name\" content=\"Anders Adlercreutz\" \/>\n<meta property=\"article:published_time\" content=\"2019-12-16T13:48:35+00:00\" \/>\n<meta property=\"og:image\" content=\"https:\/\/i0.wp.com\/andersadlercreutz.fi\/blog\/wp-content\/uploads\/2018\/10\/Anders-h\u00e4sten-2018-1.jpg?fit=1214%2C809&ssl=1\" \/>\n\t<meta property=\"og:image:width\" content=\"1214\" \/>\n\t<meta property=\"og:image:height\" content=\"809\" \/>\n\t<meta property=\"og:image:type\" content=\"image\/jpeg\" \/>\n<meta name=\"author\" content=\"Anders\" \/>\n<meta name=\"twitter:card\" content=\"summary_large_image\" \/>\n<meta name=\"twitter:label1\" content=\"Skriven av\" \/>\n\t<meta name=\"twitter:data1\" content=\"Anders\" \/>\n\t<meta name=\"twitter:label2\" content=\"Ber\u00e4knad l\u00e4stid\" \/>\n\t<meta name=\"twitter:data2\" content=\"1 minut\" \/>\n<script type=\"application\/ld+json\" class=\"yoast-schema-graph\">{\"@context\":\"https:\/\/schema.org\",\"@graph\":[{\"@type\":\"WebPage\",\"@id\":\"https:\/\/andersadlercreutz.fi\/blog\/lehdistotiedote\/adlercreutz-tarkeaa-hyodyntaa-tilaisuutta-ja-kokeilla-eri-tyollisyystoimia\/?lang=fi\",\"url\":\"https:\/\/andersadlercreutz.fi\/blog\/lehdistotiedote\/adlercreutz-tarkeaa-hyodyntaa-tilaisuutta-ja-kokeilla-eri-tyollisyystoimia\/?lang=fi\",\"name\":\"Adlercreutz: T\u00e4rke\u00e4\u00e4 hy\u00f6dynt\u00e4\u00e4 tilaisuutta ja kokeilla eri ty\u00f6llisyystoimia - Anders Adlercreutz\",\"isPartOf\":{\"@id\":\"https:\/\/andersadlercreutz.fi\/blog\/#website\"},\"datePublished\":\"2019-12-16T13:48:35+00:00\",\"dateModified\":\"2019-12-16T13:48:35+00:00\",\"author\":{\"@id\":\"https:\/\/andersadlercreutz.fi\/blog\/#\/schema\/person\/47d4b72eded862b484f74bb4b3a2354f\"},\"breadcrumb\":{\"@id\":\"https:\/\/andersadlercreutz.fi\/blog\/lehdistotiedote\/adlercreutz-tarkeaa-hyodyntaa-tilaisuutta-ja-kokeilla-eri-tyollisyystoimia\/?lang=fi#breadcrumb\"},\"inLanguage\":\"sv-SE\",\"potentialAction\":[{\"@type\":\"ReadAction\",\"target\":[\"https:\/\/andersadlercreutz.fi\/blog\/lehdistotiedote\/adlercreutz-tarkeaa-hyodyntaa-tilaisuutta-ja-kokeilla-eri-tyollisyystoimia\/?lang=fi\"]}]},{\"@type\":\"BreadcrumbList\",\"@id\":\"https:\/\/andersadlercreutz.fi\/blog\/lehdistotiedote\/adlercreutz-tarkeaa-hyodyntaa-tilaisuutta-ja-kokeilla-eri-tyollisyystoimia\/?lang=fi#breadcrumb\",\"itemListElement\":[{\"@type\":\"ListItem\",\"position\":1,\"name\":\"Home\",\"item\":\"https:\/\/andersadlercreutz.fi\/blog\/blogg\/?lang=sv\"},{\"@type\":\"ListItem\",\"position\":2,\"name\":\"Adlercreutz: T\u00e4rke\u00e4\u00e4 hy\u00f6dynt\u00e4\u00e4 tilaisuutta ja kokeilla eri ty\u00f6llisyystoimia\"}]},{\"@type\":\"WebSite\",\"@id\":\"https:\/\/andersadlercreutz.fi\/blog\/#website\",\"url\":\"https:\/\/andersadlercreutz.fi\/blog\/\",\"name\":\"Anders Adlercreutz\",\"description\":\"Du. Jag. Vi. Kest&auml;v&auml;sti optimisti\",\"potentialAction\":[{\"@type\":\"SearchAction\",\"target\":{\"@type\":\"EntryPoint\",\"urlTemplate\":\"https:\/\/andersadlercreutz.fi\/blog\/?s={search_term_string}\"},\"query-input\":\"required name=search_term_string\"}],\"inLanguage\":\"sv-SE\"},{\"@type\":\"Person\",\"@id\":\"https:\/\/andersadlercreutz.fi\/blog\/#\/schema\/person\/47d4b72eded862b484f74bb4b3a2354f\",\"name\":\"Anders\",\"image\":{\"@type\":\"ImageObject\",\"inLanguage\":\"sv-SE\",\"@id\":\"https:\/\/andersadlercreutz.fi\/blog\/#\/schema\/person\/image\/\",\"url\":\"https:\/\/secure.gravatar.com\/avatar\/a144c9bda7a581ff6fabba169027e620?s=96&d=mm&r=g\",\"contentUrl\":\"https:\/\/secure.gravatar.com\/avatar\/a144c9bda7a581ff6fabba169027e620?s=96&d=mm&r=g\",\"caption\":\"Anders\"},\"url\":\"https:\/\/andersadlercreutz.fi\/blog\/author\/admin\/\"}]}<\/script>\n<!-- \/ Yoast SEO plugin. -->","yoast_head_json":{"title":"Adlercreutz: T\u00e4rke\u00e4\u00e4 hy\u00f6dynt\u00e4\u00e4 tilaisuutta ja kokeilla eri ty\u00f6llisyystoimia - Anders Adlercreutz","robots":{"index":"index","follow":"follow","max-snippet":"max-snippet:-1","max-image-preview":"max-image-preview:large","max-video-preview":"max-video-preview:-1"},"canonical":"https:\/\/andersadlercreutz.fi\/blog\/lehdistotiedote\/adlercreutz-tarkeaa-hyodyntaa-tilaisuutta-ja-kokeilla-eri-tyollisyystoimia\/","og_locale":"sv_SE","og_type":"article","og_title":"Adlercreutz: T\u00e4rke\u00e4\u00e4 hy\u00f6dynt\u00e4\u00e4 tilaisuutta ja kokeilla eri ty\u00f6llisyystoimia - Anders Adlercreutz","og_description":"Hallitusohjelma oli keski\u00f6ss\u00e4 maanantain t\u00e4ysistunnossa. Ruotsalaisen eduskuntaryhm\u00e4n puheenjohtaja Anders Adlercreutz piti ryhm\u00e4n puheenvuoron, joka keskittyi vahvasti hallituksen ty\u00f6llisyystoimien toteuttamiseen. Ruotsalainen eduskuntaryhm\u00e4 katsoo, ett\u00e4 juuri nyt olisi hyv\u00e4 tilaisuus eri ty\u00f6llisyyskokeiluille, joissa voidaan ennakkoluulottomasti kokeilla eri ideoita ty\u00f6llisyysasteen nostamiseksi. &#8211; Kuten hallitusohjelmassa todetaan, emme tule sulkemaan pois mit\u00e4\u00e4n toimenpiteit\u00e4, joiden voisi ajatella parantavan ty\u00f6llisyytt\u00e4. Ty\u00f6llisyysasteen nostaminen [&hellip;]","og_url":"https:\/\/andersadlercreutz.fi\/blog\/lehdistotiedote\/adlercreutz-tarkeaa-hyodyntaa-tilaisuutta-ja-kokeilla-eri-tyollisyystoimia\/?lang=fi","og_site_name":"Anders Adlercreutz","article_published_time":"2019-12-16T13:48:35+00:00","og_image":[{"width":1214,"height":809,"url":"https:\/\/i0.wp.com\/andersadlercreutz.fi\/blog\/wp-content\/uploads\/2018\/10\/Anders-h\u00e4sten-2018-1.jpg?fit=1214%2C809&ssl=1","type":"image\/jpeg"}],"author":"Anders","twitter_card":"summary_large_image","twitter_misc":{"Skriven av":"Anders","Ber\u00e4knad l\u00e4stid":"1 minut"},"schema":{"@context":"https:\/\/schema.org","@graph":[{"@type":"WebPage","@id":"https:\/\/andersadlercreutz.fi\/blog\/lehdistotiedote\/adlercreutz-tarkeaa-hyodyntaa-tilaisuutta-ja-kokeilla-eri-tyollisyystoimia\/?lang=fi","url":"https:\/\/andersadlercreutz.fi\/blog\/lehdistotiedote\/adlercreutz-tarkeaa-hyodyntaa-tilaisuutta-ja-kokeilla-eri-tyollisyystoimia\/?lang=fi","name":"Adlercreutz: T\u00e4rke\u00e4\u00e4 hy\u00f6dynt\u00e4\u00e4 tilaisuutta ja kokeilla eri ty\u00f6llisyystoimia - Anders Adlercreutz","isPartOf":{"@id":"https:\/\/andersadlercreutz.fi\/blog\/#website"},"datePublished":"2019-12-16T13:48:35+00:00","dateModified":"2019-12-16T13:48:35+00:00","author":{"@id":"https:\/\/andersadlercreutz.fi\/blog\/#\/schema\/person\/47d4b72eded862b484f74bb4b3a2354f"},"breadcrumb":{"@id":"https:\/\/andersadlercreutz.fi\/blog\/lehdistotiedote\/adlercreutz-tarkeaa-hyodyntaa-tilaisuutta-ja-kokeilla-eri-tyollisyystoimia\/?lang=fi#breadcrumb"},"inLanguage":"sv-SE","potentialAction":[{"@type":"ReadAction","target":["https:\/\/andersadlercreutz.fi\/blog\/lehdistotiedote\/adlercreutz-tarkeaa-hyodyntaa-tilaisuutta-ja-kokeilla-eri-tyollisyystoimia\/?lang=fi"]}]},{"@type":"BreadcrumbList","@id":"https:\/\/andersadlercreutz.fi\/blog\/lehdistotiedote\/adlercreutz-tarkeaa-hyodyntaa-tilaisuutta-ja-kokeilla-eri-tyollisyystoimia\/?lang=fi#breadcrumb","itemListElement":[{"@type":"ListItem","position":1,"name":"Home","item":"https:\/\/andersadlercreutz.fi\/blog\/blogg\/?lang=sv"},{"@type":"ListItem","position":2,"name":"Adlercreutz: T\u00e4rke\u00e4\u00e4 hy\u00f6dynt\u00e4\u00e4 tilaisuutta ja kokeilla eri ty\u00f6llisyystoimia"}]},{"@type":"WebSite","@id":"https:\/\/andersadlercreutz.fi\/blog\/#website","url":"https:\/\/andersadlercreutz.fi\/blog\/","name":"Anders Adlercreutz","description":"Du. Jag. Vi. Kest&auml;v&auml;sti optimisti","potentialAction":[{"@type":"SearchAction","target":{"@type":"EntryPoint","urlTemplate":"https:\/\/andersadlercreutz.fi\/blog\/?s={search_term_string}"},"query-input":"required name=search_term_string"}],"inLanguage":"sv-SE"},{"@type":"Person","@id":"https:\/\/andersadlercreutz.fi\/blog\/#\/schema\/person\/47d4b72eded862b484f74bb4b3a2354f","name":"Anders","image":{"@type":"ImageObject","inLanguage":"sv-SE","@id":"https:\/\/andersadlercreutz.fi\/blog\/#\/schema\/person\/image\/","url":"https:\/\/secure.gravatar.com\/avatar\/a144c9bda7a581ff6fabba169027e620?s=96&d=mm&r=g","contentUrl":"https:\/\/secure.gravatar.com\/avatar\/a144c9bda7a581ff6fabba169027e620?s=96&d=mm&r=g","caption":"Anders"},"url":"https:\/\/andersadlercreutz.fi\/blog\/author\/admin\/"}]}},"jetpack_featured_media_url":"https:\/\/i0.wp.com\/andersadlercreutz.fi\/blog\/wp-content\/uploads\/2018\/10\/Anders-h\u00e4sten-2018-1.jpg?fit=1214%2C809&ssl=1","jetpack_shortlink":"https:\/\/wp.me\/p4T6Dh-1yr","jetpack_sharing_enabled":true,"_links":{"self":[{"href":"https:\/\/andersadlercreutz.fi\/blog\/wp-json\/wp\/v2\/posts\/5979"}],"collection":[{"href":"https:\/\/andersadlercreutz.fi\/blog\/wp-json\/wp\/v2\/posts"}],"about":[{"href":"https:\/\/andersadlercreutz.fi\/blog\/wp-json\/wp\/v2\/types\/post"}],"author":[{"embeddable":true,"href":"https:\/\/andersadlercreutz.fi\/blog\/wp-json\/wp\/v2\/users\/1"}],"replies":[{"embeddable":true,"href":"https:\/\/andersadlercreutz.fi\/blog\/wp-json\/wp\/v2\/comments?post=5979"}],"version-history":[{"count":1,"href":"https:\/\/andersadlercreutz.fi\/blog\/wp-json\/wp\/v2\/posts\/5979\/revisions"}],"predecessor-version":[{"id":5980,"href":"https:\/\/andersadlercreutz.fi\/blog\/wp-json\/wp\/v2\/posts\/5979\/revisions\/5980"}],"wp:featuredmedia":[{"embeddable":true,"href":"https:\/\/andersadlercreutz.fi\/blog\/wp-json\/wp\/v2\/media\/4304"}],"wp:attachment":[{"href":"https:\/\/andersadlercreutz.fi\/blog\/wp-json\/wp\/v2\/media?parent=5979"}],"wp:term":[{"taxonomy":"category","embeddable":true,"href":"https:\/\/andersadlercreutz.fi\/blog\/wp-json\/wp\/v2\/categories?post=5979"},{"taxonomy":"post_tag","embeddable":true,"href":"https:\/\/andersadlercreutz.fi\/blog\/wp-json\/wp\/v2\/tags?post=5979"}],"curies":[{"name":"wp","href":"https:\/\/api.w.org\/{rel}","templated":true}]}}