{"id":5982,"date":"2019-12-16T15:50:16","date_gmt":"2019-12-16T13:50:16","guid":{"rendered":"http:\/\/andersadlercreutz.fi\/blog\/?p=5982"},"modified":"2019-12-16T15:50:16","modified_gmt":"2019-12-16T13:50:16","slug":"adlercreutz-viktigt-att-ta-tillfallet-i-akt-och-prova-pa-olika-sysselsattningsforsok","status":"publish","type":"post","link":"https:\/\/andersadlercreutz.fi\/blog\/pressmeddelande\/adlercreutz-viktigt-att-ta-tillfallet-i-akt-och-prova-pa-olika-sysselsattningsforsok\/","title":{"rendered":"Adlercreutz: Viktigt att ta tillf\u00e4llet i akt och pr\u00f6va p\u00e5 olika syssels\u00e4ttningsf\u00f6rs\u00f6k"},"content":{"rendered":"<p>Regeringsprogrammet stod i fokus p\u00e5 m\u00e5ndag i riksdagens plenum. Svenska riksdagsgruppens ordf\u00f6rande Anders Adlercreutz h\u00f6ll gruppens gruppanf\u00f6rande, som fokuserade starkt p\u00e5 verkst\u00e4llandet av regeringens syssels\u00e4ttnings\u00e5tg\u00e4rder. Svenska riksdagsgruppen ser att det just nu \u00e4r ett bra l\u00e4ge f\u00f6r olika syssels\u00e4ttningsf\u00f6rs\u00f6k, d\u00e4r man f\u00f6rdomsfritt kan pr\u00f6va p\u00e5 nya id\u00e9er f\u00f6r att f\u00e5 syssels\u00e4ttningsniv\u00e5n h\u00f6jd.<\/p>\n<p>&#8211; Som det st\u00e5r i regeringsprogrammet utesluts ingen metod som kunde t\u00e4nkas f\u00f6rb\u00e4ttra syssels\u00e4ttningen. F\u00f6r att n\u00e5 en syssels\u00e4ttningsgrad p\u00e5 75 procent, som \u00e4r en f\u00f6ruts\u00e4ttning f\u00f6r att den offentliga ekonomin ska vara i balans \u00e5r 2023, beh\u00f6vs ett grundmurat f\u00f6rtroende mellan partierna i regeringen, s\u00e4ger Adlercreutz i anf\u00f6randet.<\/p>\n<p>Att h\u00f6ja syssels\u00e4ttningsniv\u00e5n har ett viktigt samband med att locka investeringar till Finland.<\/p>\n<p>&#8211; Investeringsniv\u00e5n h\u00e4r \u00e4r forts\u00e4ttningsvis f\u00f6r l\u00e5g. Genom att f\u00f6retagen ges m\u00f6jlighet att f\u00f6rdubbla avskrivningarna kan vi locka fram viktiga investeringar, s\u00e4ger Adlercreutz.<\/p>\n<p>I anf\u00f6randet lyftes \u00e4ven fram behovet att f\u00f6rb\u00e4ttra landets f\u00f6retagarmilj\u00f6, vilket Adlercreutz sj\u00e4lv sedan l\u00e4nge har f\u00f6respr\u00e5kat.<\/p>\n<p>&#8211; Det inneb\u00e4r b\u00e5de utvidgade m\u00f6jligheter till lokala avtal och mycket snabbare lovprocesser n\u00e4r det g\u00e4ller rekrytering av utl\u00e4ndsk arbetskraft. Utan arbetskraft kan inte f\u00f6retagen expandera, utan arbetskraft kan vi inte erbjuda service \u00e5t inv\u00e5narna, s\u00e4ger Adlercreutz.<\/p>\n<p>Energibeskattningen kommer att ses \u00f6ver i samband med skattereformen f\u00f6r h\u00e5llbar utveckling.<\/p>\n<p>&#8211; Den h\u00e4r \u00f6versynen kommer, i kombination med utsl\u00e4ppshandeln, att konsekvent st\u00f6dja utvecklingen mot en klimatneutral cirkul\u00e4r ekonomi. Och den kommer ocks\u00e5 att \u00f6ka den finl\u00e4ndska f\u00f6retagens konkurrenskraft, vad \u00e4n den konservativa oppositionen p\u00e5st\u00e5r, s\u00e4ger Adlercreutz.<\/p>\n<p>Riksdagen r\u00f6star om statsr\u00e5dets meddelande om regeringsprogrammet p\u00e5 tisdag (17.12.).<\/p>\n","protected":false},"excerpt":{"rendered":"<p>Regeringsprogrammet stod i fokus p\u00e5 m\u00e5ndag i riksdagens plenum. Svenska riksdagsgruppens ordf\u00f6rande Anders Adlercreutz h\u00f6ll gruppens gruppanf\u00f6rande, som fokuserade starkt p\u00e5 verkst\u00e4llandet av regeringens syssels\u00e4ttnings\u00e5tg\u00e4rder. Svenska riksdagsgruppen ser att det just nu \u00e4r ett bra l\u00e4ge f\u00f6r olika syssels\u00e4ttningsf\u00f6rs\u00f6k, d\u00e4r man f\u00f6rdomsfritt kan pr\u00f6va p\u00e5 nya id\u00e9er f\u00f6r att f\u00e5 syssels\u00e4ttningsniv\u00e5n h\u00f6jd. &#8211; Som det [&hellip;]<\/p>\n","protected":false},"author":1,"featured_media":5259,"comment_status":"open","ping_status":"open","sticky":false,"template":"","format":"standard","meta":{"jetpack_post_was_ever_published":false,"_jetpack_newsletter_access":"","jetpack_publicize_message":"","jetpack_is_tweetstorm":false,"jetpack_publicize_feature_enabled":true,"jetpack_social_post_already_shared":true,"jetpack_social_options":{"image_generator_settings":{"template":"highway","enabled":false}}},"categories":[115,72,114,88],"tags":[],"jetpack_publicize_connections":[],"yoast_head":"<!-- This site is optimized with the Yoast SEO plugin v20.12 - https:\/\/yoast.com\/wordpress\/plugins\/seo\/ -->\n<title>Adlercreutz: Viktigt att ta tillf\u00e4llet i akt och pr\u00f6va p\u00e5 olika syssels\u00e4ttningsf\u00f6rs\u00f6k - Anders Adlercreutz<\/title>\n<meta name=\"robots\" content=\"index, follow, max-snippet:-1, max-image-preview:large, max-video-preview:-1\" \/>\n<link rel=\"canonical\" href=\"https:\/\/andersadlercreutz.fi\/blog\/pressmeddelande\/adlercreutz-viktigt-att-ta-tillfallet-i-akt-och-prova-pa-olika-sysselsattningsforsok\/\" \/>\n<meta property=\"og:locale\" content=\"sv_SE\" \/>\n<meta property=\"og:type\" content=\"article\" \/>\n<meta property=\"og:title\" content=\"Adlercreutz: Viktigt att ta tillf\u00e4llet i akt och pr\u00f6va p\u00e5 olika syssels\u00e4ttningsf\u00f6rs\u00f6k - Anders Adlercreutz\" \/>\n<meta property=\"og:description\" content=\"Regeringsprogrammet stod i fokus p\u00e5 m\u00e5ndag i riksdagens plenum. Svenska riksdagsgruppens ordf\u00f6rande Anders Adlercreutz h\u00f6ll gruppens gruppanf\u00f6rande, som fokuserade starkt p\u00e5 verkst\u00e4llandet av regeringens syssels\u00e4ttnings\u00e5tg\u00e4rder. Svenska riksdagsgruppen ser att det just nu \u00e4r ett bra l\u00e4ge f\u00f6r olika syssels\u00e4ttningsf\u00f6rs\u00f6k, d\u00e4r man f\u00f6rdomsfritt kan pr\u00f6va p\u00e5 nya id\u00e9er f\u00f6r att f\u00e5 syssels\u00e4ttningsniv\u00e5n h\u00f6jd. &#8211; Som det [&hellip;]\" \/>\n<meta property=\"og:url\" content=\"https:\/\/andersadlercreutz.fi\/blog\/pressmeddelande\/adlercreutz-viktigt-att-ta-tillfallet-i-akt-och-prova-pa-olika-sysselsattningsforsok\/\" \/>\n<meta property=\"og:site_name\" content=\"Anders Adlercreutz\" \/>\n<meta property=\"article:published_time\" content=\"2019-12-16T13:50:16+00:00\" \/>\n<meta property=\"og:image\" content=\"https:\/\/i0.wp.com\/andersadlercreutz.fi\/blog\/wp-content\/uploads\/2018\/10\/Anders-h\u00e4sten-2018-1.jpg?fit=1214%2C809&ssl=1\" \/>\n\t<meta property=\"og:image:width\" content=\"1214\" \/>\n\t<meta property=\"og:image:height\" content=\"809\" \/>\n\t<meta property=\"og:image:type\" content=\"image\/jpeg\" \/>\n<meta name=\"author\" content=\"Anders\" \/>\n<meta name=\"twitter:card\" content=\"summary_large_image\" \/>\n<meta name=\"twitter:label1\" content=\"Skriven av\" \/>\n\t<meta name=\"twitter:data1\" content=\"Anders\" \/>\n\t<meta name=\"twitter:label2\" content=\"Ber\u00e4knad l\u00e4stid\" \/>\n\t<meta name=\"twitter:data2\" content=\"2 minuter\" \/>\n<script type=\"application\/ld+json\" class=\"yoast-schema-graph\">{\"@context\":\"https:\/\/schema.org\",\"@graph\":[{\"@type\":\"WebPage\",\"@id\":\"https:\/\/andersadlercreutz.fi\/blog\/pressmeddelande\/adlercreutz-viktigt-att-ta-tillfallet-i-akt-och-prova-pa-olika-sysselsattningsforsok\/\",\"url\":\"https:\/\/andersadlercreutz.fi\/blog\/pressmeddelande\/adlercreutz-viktigt-att-ta-tillfallet-i-akt-och-prova-pa-olika-sysselsattningsforsok\/\",\"name\":\"Adlercreutz: Viktigt att ta tillf\u00e4llet i akt och pr\u00f6va p\u00e5 olika syssels\u00e4ttningsf\u00f6rs\u00f6k - Anders Adlercreutz\",\"isPartOf\":{\"@id\":\"https:\/\/andersadlercreutz.fi\/blog\/#website\"},\"datePublished\":\"2019-12-16T13:50:16+00:00\",\"dateModified\":\"2019-12-16T13:50:16+00:00\",\"author\":{\"@id\":\"https:\/\/andersadlercreutz.fi\/blog\/#\/schema\/person\/47d4b72eded862b484f74bb4b3a2354f\"},\"breadcrumb\":{\"@id\":\"https:\/\/andersadlercreutz.fi\/blog\/pressmeddelande\/adlercreutz-viktigt-att-ta-tillfallet-i-akt-och-prova-pa-olika-sysselsattningsforsok\/#breadcrumb\"},\"inLanguage\":\"sv-SE\",\"potentialAction\":[{\"@type\":\"ReadAction\",\"target\":[\"https:\/\/andersadlercreutz.fi\/blog\/pressmeddelande\/adlercreutz-viktigt-att-ta-tillfallet-i-akt-och-prova-pa-olika-sysselsattningsforsok\/\"]}]},{\"@type\":\"BreadcrumbList\",\"@id\":\"https:\/\/andersadlercreutz.fi\/blog\/pressmeddelande\/adlercreutz-viktigt-att-ta-tillfallet-i-akt-och-prova-pa-olika-sysselsattningsforsok\/#breadcrumb\",\"itemListElement\":[{\"@type\":\"ListItem\",\"position\":1,\"name\":\"Home\",\"item\":\"https:\/\/andersadlercreutz.fi\/blog\/blogg\/?lang=sv\"},{\"@type\":\"ListItem\",\"position\":2,\"name\":\"Adlercreutz: Viktigt att ta tillf\u00e4llet i akt och pr\u00f6va p\u00e5 olika syssels\u00e4ttningsf\u00f6rs\u00f6k\"}]},{\"@type\":\"WebSite\",\"@id\":\"https:\/\/andersadlercreutz.fi\/blog\/#website\",\"url\":\"https:\/\/andersadlercreutz.fi\/blog\/\",\"name\":\"Anders Adlercreutz\",\"description\":\"Du. Jag. Vi. Kest&auml;v&auml;sti optimisti\",\"potentialAction\":[{\"@type\":\"SearchAction\",\"target\":{\"@type\":\"EntryPoint\",\"urlTemplate\":\"https:\/\/andersadlercreutz.fi\/blog\/?s={search_term_string}\"},\"query-input\":\"required name=search_term_string\"}],\"inLanguage\":\"sv-SE\"},{\"@type\":\"Person\",\"@id\":\"https:\/\/andersadlercreutz.fi\/blog\/#\/schema\/person\/47d4b72eded862b484f74bb4b3a2354f\",\"name\":\"Anders\",\"image\":{\"@type\":\"ImageObject\",\"inLanguage\":\"sv-SE\",\"@id\":\"https:\/\/andersadlercreutz.fi\/blog\/#\/schema\/person\/image\/\",\"url\":\"https:\/\/secure.gravatar.com\/avatar\/a144c9bda7a581ff6fabba169027e620?s=96&d=mm&r=g\",\"contentUrl\":\"https:\/\/secure.gravatar.com\/avatar\/a144c9bda7a581ff6fabba169027e620?s=96&d=mm&r=g\",\"caption\":\"Anders\"},\"url\":\"https:\/\/andersadlercreutz.fi\/blog\/author\/admin\/\"}]}<\/script>\n<!-- \/ Yoast SEO plugin. -->","yoast_head_json":{"title":"Adlercreutz: Viktigt att ta tillf\u00e4llet i akt och pr\u00f6va p\u00e5 olika syssels\u00e4ttningsf\u00f6rs\u00f6k - Anders Adlercreutz","robots":{"index":"index","follow":"follow","max-snippet":"max-snippet:-1","max-image-preview":"max-image-preview:large","max-video-preview":"max-video-preview:-1"},"canonical":"https:\/\/andersadlercreutz.fi\/blog\/pressmeddelande\/adlercreutz-viktigt-att-ta-tillfallet-i-akt-och-prova-pa-olika-sysselsattningsforsok\/","og_locale":"sv_SE","og_type":"article","og_title":"Adlercreutz: Viktigt att ta tillf\u00e4llet i akt och pr\u00f6va p\u00e5 olika syssels\u00e4ttningsf\u00f6rs\u00f6k - Anders Adlercreutz","og_description":"Regeringsprogrammet stod i fokus p\u00e5 m\u00e5ndag i riksdagens plenum. Svenska riksdagsgruppens ordf\u00f6rande Anders Adlercreutz h\u00f6ll gruppens gruppanf\u00f6rande, som fokuserade starkt p\u00e5 verkst\u00e4llandet av regeringens syssels\u00e4ttnings\u00e5tg\u00e4rder. Svenska riksdagsgruppen ser att det just nu \u00e4r ett bra l\u00e4ge f\u00f6r olika syssels\u00e4ttningsf\u00f6rs\u00f6k, d\u00e4r man f\u00f6rdomsfritt kan pr\u00f6va p\u00e5 nya id\u00e9er f\u00f6r att f\u00e5 syssels\u00e4ttningsniv\u00e5n h\u00f6jd. &#8211; Som det [&hellip;]","og_url":"https:\/\/andersadlercreutz.fi\/blog\/pressmeddelande\/adlercreutz-viktigt-att-ta-tillfallet-i-akt-och-prova-pa-olika-sysselsattningsforsok\/","og_site_name":"Anders Adlercreutz","article_published_time":"2019-12-16T13:50:16+00:00","og_image":[{"width":1214,"height":809,"url":"https:\/\/i0.wp.com\/andersadlercreutz.fi\/blog\/wp-content\/uploads\/2018\/10\/Anders-h\u00e4sten-2018-1.jpg?fit=1214%2C809&ssl=1","type":"image\/jpeg"}],"author":"Anders","twitter_card":"summary_large_image","twitter_misc":{"Skriven av":"Anders","Ber\u00e4knad l\u00e4stid":"2 minuter"},"schema":{"@context":"https:\/\/schema.org","@graph":[{"@type":"WebPage","@id":"https:\/\/andersadlercreutz.fi\/blog\/pressmeddelande\/adlercreutz-viktigt-att-ta-tillfallet-i-akt-och-prova-pa-olika-sysselsattningsforsok\/","url":"https:\/\/andersadlercreutz.fi\/blog\/pressmeddelande\/adlercreutz-viktigt-att-ta-tillfallet-i-akt-och-prova-pa-olika-sysselsattningsforsok\/","name":"Adlercreutz: Viktigt att ta tillf\u00e4llet i akt och pr\u00f6va p\u00e5 olika syssels\u00e4ttningsf\u00f6rs\u00f6k - Anders Adlercreutz","isPartOf":{"@id":"https:\/\/andersadlercreutz.fi\/blog\/#website"},"datePublished":"2019-12-16T13:50:16+00:00","dateModified":"2019-12-16T13:50:16+00:00","author":{"@id":"https:\/\/andersadlercreutz.fi\/blog\/#\/schema\/person\/47d4b72eded862b484f74bb4b3a2354f"},"breadcrumb":{"@id":"https:\/\/andersadlercreutz.fi\/blog\/pressmeddelande\/adlercreutz-viktigt-att-ta-tillfallet-i-akt-och-prova-pa-olika-sysselsattningsforsok\/#breadcrumb"},"inLanguage":"sv-SE","potentialAction":[{"@type":"ReadAction","target":["https:\/\/andersadlercreutz.fi\/blog\/pressmeddelande\/adlercreutz-viktigt-att-ta-tillfallet-i-akt-och-prova-pa-olika-sysselsattningsforsok\/"]}]},{"@type":"BreadcrumbList","@id":"https:\/\/andersadlercreutz.fi\/blog\/pressmeddelande\/adlercreutz-viktigt-att-ta-tillfallet-i-akt-och-prova-pa-olika-sysselsattningsforsok\/#breadcrumb","itemListElement":[{"@type":"ListItem","position":1,"name":"Home","item":"https:\/\/andersadlercreutz.fi\/blog\/blogg\/?lang=sv"},{"@type":"ListItem","position":2,"name":"Adlercreutz: Viktigt att ta tillf\u00e4llet i akt och pr\u00f6va p\u00e5 olika syssels\u00e4ttningsf\u00f6rs\u00f6k"}]},{"@type":"WebSite","@id":"https:\/\/andersadlercreutz.fi\/blog\/#website","url":"https:\/\/andersadlercreutz.fi\/blog\/","name":"Anders Adlercreutz","description":"Du. Jag. Vi. Kest&auml;v&auml;sti optimisti","potentialAction":[{"@type":"SearchAction","target":{"@type":"EntryPoint","urlTemplate":"https:\/\/andersadlercreutz.fi\/blog\/?s={search_term_string}"},"query-input":"required name=search_term_string"}],"inLanguage":"sv-SE"},{"@type":"Person","@id":"https:\/\/andersadlercreutz.fi\/blog\/#\/schema\/person\/47d4b72eded862b484f74bb4b3a2354f","name":"Anders","image":{"@type":"ImageObject","inLanguage":"sv-SE","@id":"https:\/\/andersadlercreutz.fi\/blog\/#\/schema\/person\/image\/","url":"https:\/\/secure.gravatar.com\/avatar\/a144c9bda7a581ff6fabba169027e620?s=96&d=mm&r=g","contentUrl":"https:\/\/secure.gravatar.com\/avatar\/a144c9bda7a581ff6fabba169027e620?s=96&d=mm&r=g","caption":"Anders"},"url":"https:\/\/andersadlercreutz.fi\/blog\/author\/admin\/"}]}},"jetpack_featured_media_url":"https:\/\/i0.wp.com\/andersadlercreutz.fi\/blog\/wp-content\/uploads\/2018\/10\/Anders-h\u00e4sten-2018-1.jpg?fit=1214%2C809&ssl=1","jetpack_shortlink":"https:\/\/wp.me\/p4T6Dh-1yu","jetpack_sharing_enabled":true,"_links":{"self":[{"href":"https:\/\/andersadlercreutz.fi\/blog\/wp-json\/wp\/v2\/posts\/5982"}],"collection":[{"href":"https:\/\/andersadlercreutz.fi\/blog\/wp-json\/wp\/v2\/posts"}],"about":[{"href":"https:\/\/andersadlercreutz.fi\/blog\/wp-json\/wp\/v2\/types\/post"}],"author":[{"embeddable":true,"href":"https:\/\/andersadlercreutz.fi\/blog\/wp-json\/wp\/v2\/users\/1"}],"replies":[{"embeddable":true,"href":"https:\/\/andersadlercreutz.fi\/blog\/wp-json\/wp\/v2\/comments?post=5982"}],"version-history":[{"count":1,"href":"https:\/\/andersadlercreutz.fi\/blog\/wp-json\/wp\/v2\/posts\/5982\/revisions"}],"predecessor-version":[{"id":5983,"href":"https:\/\/andersadlercreutz.fi\/blog\/wp-json\/wp\/v2\/posts\/5982\/revisions\/5983"}],"wp:featuredmedia":[{"embeddable":true,"href":"https:\/\/andersadlercreutz.fi\/blog\/wp-json\/wp\/v2\/media\/5259"}],"wp:attachment":[{"href":"https:\/\/andersadlercreutz.fi\/blog\/wp-json\/wp\/v2\/media?parent=5982"}],"wp:term":[{"taxonomy":"category","embeddable":true,"href":"https:\/\/andersadlercreutz.fi\/blog\/wp-json\/wp\/v2\/categories?post=5982"},{"taxonomy":"post_tag","embeddable":true,"href":"https:\/\/andersadlercreutz.fi\/blog\/wp-json\/wp\/v2\/tags?post=5982"}],"curies":[{"name":"wp","href":"https:\/\/api.w.org\/{rel}","templated":true}]}}