{"id":6006,"date":"2019-12-17T15:56:34","date_gmt":"2019-12-17T13:56:34","guid":{"rendered":"http:\/\/andersadlercreutz.fi\/blog\/?p=6006"},"modified":"2019-12-17T15:56:34","modified_gmt":"2019-12-17T13:56:34","slug":"adlercreutz-hanko-hyvinkaa-radan-sahkoistystyo-kaynnistyy-vihdoin","status":"publish","type":"post","link":"https:\/\/andersadlercreutz.fi\/blog\/budjetti\/adlercreutz-hanko-hyvinkaa-radan-sahkoistystyo-kaynnistyy-vihdoin\/?lang=fi","title":{"rendered":"Adlercreutz: Hanko-Hyvink\u00e4\u00e4 -radan s\u00e4hk\u00f6istysty\u00f6 k\u00e4ynnistyy vihdoin"},"content":{"rendered":"<p>\u2013 Kun t\u00e4m\u00e4 budjetti on toteutettu ja t\u00e4m\u00e4 hallitusohjelma viety l\u00e4pi, Suomi on joka tapauksessa nykyist\u00e4 tasa-arvoisempi, oikeudenmukaisempi, ilmastofiksumpi, yritysyst\u00e4v\u00e4llisempi ja parempi paikka el\u00e4\u00e4.<\/p>\n<p>N\u00e4in totesi Ruotsalaisen eduskuntaryhm\u00e4n puheenjohtaja Anders Adlercreutz ryhm\u00e4puheenvuorossaan tiistaina eduskunnan palautekeskustelussa valtion ensi vuoden talousarviosta.<\/p>\n<p>\u2013 Laitamme vientiv\u00e4yl\u00e4mme kuntoon teihin ja rautateihin panostamalla. Hanko-Hyvink\u00e4\u00e4 -radan s\u00e4hk\u00f6istysty\u00f6 k\u00e4ynnistyy vihdoin, ja rata auttaa my\u00f6s kotimaisen teollisuuden hiilijalanj\u00e4ljen pienent\u00e4misess\u00e4.<\/p>\n<p>Adlercreutz korosti ty\u00f6llist\u00e4mistoimia ja viennille t\u00e4rkeit\u00e4 kansainv\u00e4listymispalveluja.<\/p>\n<p>\u2013 Vienti vaatii tutkimuksen, innovaatioiden ja teiden lis\u00e4ksi muutakin. Merkitt\u00e4vien tutkimus- ja kehityspanostusten lis\u00e4ksi on t\u00e4rke\u00e4\u00e4 panostaa my\u00f6s kansainv\u00e4listymispalveluihin. Siksi Suomalais-ruotsalaisen kauppakamarin ja vienninedist\u00e4misosuuskunta Viexpon m\u00e4\u00e4r\u00e4rahoja korotetaan tuntuvasti.<\/p>\n<p>Lis\u00e4ksi h\u00e4n alleviivasi tasa-arvon parantamisen merkityst\u00e4 kilpailukyvylle.<\/p>\n<p>\u2013 Maa, joka ei ole tasa-arvoinen, ei ole kilpailukykyinen. Maa, joka ei ole tasa-arvoinen, ei k\u00e4yt\u00e4 resurssejaan tehokkaasti. T\u00e4ll\u00e4 hallituskaudella tasa-arvoty\u00f6t\u00e4 edistet\u00e4\u00e4n monin tavoin, ja ministeri Blomqvistin johdolla on jo ryhdytty moniin toimenpiteisiin, Adlercreutz sanoi.<\/p>\n","protected":false},"excerpt":{"rendered":"<p>\u2013 Kun t\u00e4m\u00e4 budjetti on toteutettu ja t\u00e4m\u00e4 hallitusohjelma viety l\u00e4pi, Suomi on joka tapauksessa nykyist\u00e4 tasa-arvoisempi, oikeudenmukaisempi, ilmastofiksumpi, yritysyst\u00e4v\u00e4llisempi ja parempi paikka el\u00e4\u00e4. N\u00e4in totesi Ruotsalaisen eduskuntaryhm\u00e4n puheenjohtaja Anders Adlercreutz ryhm\u00e4puheenvuorossaan tiistaina eduskunnan palautekeskustelussa valtion ensi vuoden talousarviosta. \u2013 Laitamme vientiv\u00e4yl\u00e4mme kuntoon teihin ja rautateihin panostamalla. Hanko-Hyvink\u00e4\u00e4 -radan s\u00e4hk\u00f6istysty\u00f6 k\u00e4ynnistyy vihdoin, ja rata auttaa [&hellip;]<\/p>\n","protected":false},"author":1,"featured_media":4304,"comment_status":"open","ping_status":"open","sticky":false,"template":"","format":"standard","meta":{"jetpack_post_was_ever_published":false,"_jetpack_newsletter_access":"","jetpack_publicize_message":"","jetpack_is_tweetstorm":false,"jetpack_publicize_feature_enabled":true,"jetpack_social_post_already_shared":true,"jetpack_social_options":{"image_generator_settings":{"template":"highway","enabled":false}}},"categories":[14,60,113,71,116,87],"tags":[],"jetpack_publicize_connections":[],"yoast_head":"<!-- This site is optimized with the Yoast SEO plugin v20.12 - https:\/\/yoast.com\/wordpress\/plugins\/seo\/ -->\n<title>Adlercreutz: Hanko-Hyvink\u00e4\u00e4 -radan s\u00e4hk\u00f6istysty\u00f6 k\u00e4ynnistyy vihdoin - Anders Adlercreutz<\/title>\n<meta name=\"robots\" content=\"index, follow, max-snippet:-1, max-image-preview:large, max-video-preview:-1\" \/>\n<link rel=\"canonical\" href=\"https:\/\/andersadlercreutz.fi\/blog\/budjetti\/adlercreutz-hanko-hyvinkaa-radan-sahkoistystyo-kaynnistyy-vihdoin\/\" \/>\n<meta property=\"og:locale\" content=\"sv_SE\" \/>\n<meta property=\"og:type\" content=\"article\" \/>\n<meta property=\"og:title\" content=\"Adlercreutz: Hanko-Hyvink\u00e4\u00e4 -radan s\u00e4hk\u00f6istysty\u00f6 k\u00e4ynnistyy vihdoin - Anders Adlercreutz\" \/>\n<meta property=\"og:description\" content=\"\u2013 Kun t\u00e4m\u00e4 budjetti on toteutettu ja t\u00e4m\u00e4 hallitusohjelma viety l\u00e4pi, Suomi on joka tapauksessa nykyist\u00e4 tasa-arvoisempi, oikeudenmukaisempi, ilmastofiksumpi, yritysyst\u00e4v\u00e4llisempi ja parempi paikka el\u00e4\u00e4. N\u00e4in totesi Ruotsalaisen eduskuntaryhm\u00e4n puheenjohtaja Anders Adlercreutz ryhm\u00e4puheenvuorossaan tiistaina eduskunnan palautekeskustelussa valtion ensi vuoden talousarviosta. \u2013 Laitamme vientiv\u00e4yl\u00e4mme kuntoon teihin ja rautateihin panostamalla. Hanko-Hyvink\u00e4\u00e4 -radan s\u00e4hk\u00f6istysty\u00f6 k\u00e4ynnistyy vihdoin, ja rata auttaa [&hellip;]\" \/>\n<meta property=\"og:url\" content=\"https:\/\/andersadlercreutz.fi\/blog\/budjetti\/adlercreutz-hanko-hyvinkaa-radan-sahkoistystyo-kaynnistyy-vihdoin\/?lang=fi\" \/>\n<meta property=\"og:site_name\" content=\"Anders Adlercreutz\" \/>\n<meta property=\"article:published_time\" content=\"2019-12-17T13:56:34+00:00\" \/>\n<meta property=\"og:image\" content=\"https:\/\/i0.wp.com\/andersadlercreutz.fi\/blog\/wp-content\/uploads\/2018\/10\/Anders-h\u00e4sten-2018-1.jpg?fit=1214%2C809&ssl=1\" \/>\n\t<meta property=\"og:image:width\" content=\"1214\" \/>\n\t<meta property=\"og:image:height\" content=\"809\" \/>\n\t<meta property=\"og:image:type\" content=\"image\/jpeg\" \/>\n<meta name=\"author\" content=\"Anders\" \/>\n<meta name=\"twitter:card\" content=\"summary_large_image\" \/>\n<meta name=\"twitter:label1\" content=\"Skriven av\" \/>\n\t<meta name=\"twitter:data1\" content=\"Anders\" \/>\n\t<meta name=\"twitter:label2\" content=\"Ber\u00e4knad l\u00e4stid\" \/>\n\t<meta name=\"twitter:data2\" content=\"1 minut\" \/>\n<script type=\"application\/ld+json\" class=\"yoast-schema-graph\">{\"@context\":\"https:\/\/schema.org\",\"@graph\":[{\"@type\":\"WebPage\",\"@id\":\"https:\/\/andersadlercreutz.fi\/blog\/budjetti\/adlercreutz-hanko-hyvinkaa-radan-sahkoistystyo-kaynnistyy-vihdoin\/?lang=fi\",\"url\":\"https:\/\/andersadlercreutz.fi\/blog\/budjetti\/adlercreutz-hanko-hyvinkaa-radan-sahkoistystyo-kaynnistyy-vihdoin\/?lang=fi\",\"name\":\"Adlercreutz: Hanko-Hyvink\u00e4\u00e4 -radan s\u00e4hk\u00f6istysty\u00f6 k\u00e4ynnistyy vihdoin - Anders Adlercreutz\",\"isPartOf\":{\"@id\":\"https:\/\/andersadlercreutz.fi\/blog\/#website\"},\"datePublished\":\"2019-12-17T13:56:34+00:00\",\"dateModified\":\"2019-12-17T13:56:34+00:00\",\"author\":{\"@id\":\"https:\/\/andersadlercreutz.fi\/blog\/#\/schema\/person\/47d4b72eded862b484f74bb4b3a2354f\"},\"breadcrumb\":{\"@id\":\"https:\/\/andersadlercreutz.fi\/blog\/budjetti\/adlercreutz-hanko-hyvinkaa-radan-sahkoistystyo-kaynnistyy-vihdoin\/?lang=fi#breadcrumb\"},\"inLanguage\":\"sv-SE\",\"potentialAction\":[{\"@type\":\"ReadAction\",\"target\":[\"https:\/\/andersadlercreutz.fi\/blog\/budjetti\/adlercreutz-hanko-hyvinkaa-radan-sahkoistystyo-kaynnistyy-vihdoin\/?lang=fi\"]}]},{\"@type\":\"BreadcrumbList\",\"@id\":\"https:\/\/andersadlercreutz.fi\/blog\/budjetti\/adlercreutz-hanko-hyvinkaa-radan-sahkoistystyo-kaynnistyy-vihdoin\/?lang=fi#breadcrumb\",\"itemListElement\":[{\"@type\":\"ListItem\",\"position\":1,\"name\":\"Home\",\"item\":\"https:\/\/andersadlercreutz.fi\/blog\/blogg\/?lang=sv\"},{\"@type\":\"ListItem\",\"position\":2,\"name\":\"Adlercreutz: Hanko-Hyvink\u00e4\u00e4 -radan s\u00e4hk\u00f6istysty\u00f6 k\u00e4ynnistyy vihdoin\"}]},{\"@type\":\"WebSite\",\"@id\":\"https:\/\/andersadlercreutz.fi\/blog\/#website\",\"url\":\"https:\/\/andersadlercreutz.fi\/blog\/\",\"name\":\"Anders Adlercreutz\",\"description\":\"Du. Jag. Vi. Kest&auml;v&auml;sti optimisti\",\"potentialAction\":[{\"@type\":\"SearchAction\",\"target\":{\"@type\":\"EntryPoint\",\"urlTemplate\":\"https:\/\/andersadlercreutz.fi\/blog\/?s={search_term_string}\"},\"query-input\":\"required name=search_term_string\"}],\"inLanguage\":\"sv-SE\"},{\"@type\":\"Person\",\"@id\":\"https:\/\/andersadlercreutz.fi\/blog\/#\/schema\/person\/47d4b72eded862b484f74bb4b3a2354f\",\"name\":\"Anders\",\"image\":{\"@type\":\"ImageObject\",\"inLanguage\":\"sv-SE\",\"@id\":\"https:\/\/andersadlercreutz.fi\/blog\/#\/schema\/person\/image\/\",\"url\":\"https:\/\/secure.gravatar.com\/avatar\/a144c9bda7a581ff6fabba169027e620?s=96&d=mm&r=g\",\"contentUrl\":\"https:\/\/secure.gravatar.com\/avatar\/a144c9bda7a581ff6fabba169027e620?s=96&d=mm&r=g\",\"caption\":\"Anders\"},\"url\":\"https:\/\/andersadlercreutz.fi\/blog\/author\/admin\/\"}]}<\/script>\n<!-- \/ Yoast SEO plugin. -->","yoast_head_json":{"title":"Adlercreutz: Hanko-Hyvink\u00e4\u00e4 -radan s\u00e4hk\u00f6istysty\u00f6 k\u00e4ynnistyy vihdoin - Anders Adlercreutz","robots":{"index":"index","follow":"follow","max-snippet":"max-snippet:-1","max-image-preview":"max-image-preview:large","max-video-preview":"max-video-preview:-1"},"canonical":"https:\/\/andersadlercreutz.fi\/blog\/budjetti\/adlercreutz-hanko-hyvinkaa-radan-sahkoistystyo-kaynnistyy-vihdoin\/","og_locale":"sv_SE","og_type":"article","og_title":"Adlercreutz: Hanko-Hyvink\u00e4\u00e4 -radan s\u00e4hk\u00f6istysty\u00f6 k\u00e4ynnistyy vihdoin - Anders Adlercreutz","og_description":"\u2013 Kun t\u00e4m\u00e4 budjetti on toteutettu ja t\u00e4m\u00e4 hallitusohjelma viety l\u00e4pi, Suomi on joka tapauksessa nykyist\u00e4 tasa-arvoisempi, oikeudenmukaisempi, ilmastofiksumpi, yritysyst\u00e4v\u00e4llisempi ja parempi paikka el\u00e4\u00e4. N\u00e4in totesi Ruotsalaisen eduskuntaryhm\u00e4n puheenjohtaja Anders Adlercreutz ryhm\u00e4puheenvuorossaan tiistaina eduskunnan palautekeskustelussa valtion ensi vuoden talousarviosta. \u2013 Laitamme vientiv\u00e4yl\u00e4mme kuntoon teihin ja rautateihin panostamalla. Hanko-Hyvink\u00e4\u00e4 -radan s\u00e4hk\u00f6istysty\u00f6 k\u00e4ynnistyy vihdoin, ja rata auttaa [&hellip;]","og_url":"https:\/\/andersadlercreutz.fi\/blog\/budjetti\/adlercreutz-hanko-hyvinkaa-radan-sahkoistystyo-kaynnistyy-vihdoin\/?lang=fi","og_site_name":"Anders Adlercreutz","article_published_time":"2019-12-17T13:56:34+00:00","og_image":[{"width":1214,"height":809,"url":"https:\/\/i0.wp.com\/andersadlercreutz.fi\/blog\/wp-content\/uploads\/2018\/10\/Anders-h\u00e4sten-2018-1.jpg?fit=1214%2C809&ssl=1","type":"image\/jpeg"}],"author":"Anders","twitter_card":"summary_large_image","twitter_misc":{"Skriven av":"Anders","Ber\u00e4knad l\u00e4stid":"1 minut"},"schema":{"@context":"https:\/\/schema.org","@graph":[{"@type":"WebPage","@id":"https:\/\/andersadlercreutz.fi\/blog\/budjetti\/adlercreutz-hanko-hyvinkaa-radan-sahkoistystyo-kaynnistyy-vihdoin\/?lang=fi","url":"https:\/\/andersadlercreutz.fi\/blog\/budjetti\/adlercreutz-hanko-hyvinkaa-radan-sahkoistystyo-kaynnistyy-vihdoin\/?lang=fi","name":"Adlercreutz: Hanko-Hyvink\u00e4\u00e4 -radan s\u00e4hk\u00f6istysty\u00f6 k\u00e4ynnistyy vihdoin - Anders Adlercreutz","isPartOf":{"@id":"https:\/\/andersadlercreutz.fi\/blog\/#website"},"datePublished":"2019-12-17T13:56:34+00:00","dateModified":"2019-12-17T13:56:34+00:00","author":{"@id":"https:\/\/andersadlercreutz.fi\/blog\/#\/schema\/person\/47d4b72eded862b484f74bb4b3a2354f"},"breadcrumb":{"@id":"https:\/\/andersadlercreutz.fi\/blog\/budjetti\/adlercreutz-hanko-hyvinkaa-radan-sahkoistystyo-kaynnistyy-vihdoin\/?lang=fi#breadcrumb"},"inLanguage":"sv-SE","potentialAction":[{"@type":"ReadAction","target":["https:\/\/andersadlercreutz.fi\/blog\/budjetti\/adlercreutz-hanko-hyvinkaa-radan-sahkoistystyo-kaynnistyy-vihdoin\/?lang=fi"]}]},{"@type":"BreadcrumbList","@id":"https:\/\/andersadlercreutz.fi\/blog\/budjetti\/adlercreutz-hanko-hyvinkaa-radan-sahkoistystyo-kaynnistyy-vihdoin\/?lang=fi#breadcrumb","itemListElement":[{"@type":"ListItem","position":1,"name":"Home","item":"https:\/\/andersadlercreutz.fi\/blog\/blogg\/?lang=sv"},{"@type":"ListItem","position":2,"name":"Adlercreutz: Hanko-Hyvink\u00e4\u00e4 -radan s\u00e4hk\u00f6istysty\u00f6 k\u00e4ynnistyy vihdoin"}]},{"@type":"WebSite","@id":"https:\/\/andersadlercreutz.fi\/blog\/#website","url":"https:\/\/andersadlercreutz.fi\/blog\/","name":"Anders Adlercreutz","description":"Du. Jag. Vi. Kest&auml;v&auml;sti optimisti","potentialAction":[{"@type":"SearchAction","target":{"@type":"EntryPoint","urlTemplate":"https:\/\/andersadlercreutz.fi\/blog\/?s={search_term_string}"},"query-input":"required name=search_term_string"}],"inLanguage":"sv-SE"},{"@type":"Person","@id":"https:\/\/andersadlercreutz.fi\/blog\/#\/schema\/person\/47d4b72eded862b484f74bb4b3a2354f","name":"Anders","image":{"@type":"ImageObject","inLanguage":"sv-SE","@id":"https:\/\/andersadlercreutz.fi\/blog\/#\/schema\/person\/image\/","url":"https:\/\/secure.gravatar.com\/avatar\/a144c9bda7a581ff6fabba169027e620?s=96&d=mm&r=g","contentUrl":"https:\/\/secure.gravatar.com\/avatar\/a144c9bda7a581ff6fabba169027e620?s=96&d=mm&r=g","caption":"Anders"},"url":"https:\/\/andersadlercreutz.fi\/blog\/author\/admin\/"}]}},"jetpack_featured_media_url":"https:\/\/i0.wp.com\/andersadlercreutz.fi\/blog\/wp-content\/uploads\/2018\/10\/Anders-h\u00e4sten-2018-1.jpg?fit=1214%2C809&ssl=1","jetpack_shortlink":"https:\/\/wp.me\/p4T6Dh-1yS","jetpack_sharing_enabled":true,"_links":{"self":[{"href":"https:\/\/andersadlercreutz.fi\/blog\/wp-json\/wp\/v2\/posts\/6006"}],"collection":[{"href":"https:\/\/andersadlercreutz.fi\/blog\/wp-json\/wp\/v2\/posts"}],"about":[{"href":"https:\/\/andersadlercreutz.fi\/blog\/wp-json\/wp\/v2\/types\/post"}],"author":[{"embeddable":true,"href":"https:\/\/andersadlercreutz.fi\/blog\/wp-json\/wp\/v2\/users\/1"}],"replies":[{"embeddable":true,"href":"https:\/\/andersadlercreutz.fi\/blog\/wp-json\/wp\/v2\/comments?post=6006"}],"version-history":[{"count":1,"href":"https:\/\/andersadlercreutz.fi\/blog\/wp-json\/wp\/v2\/posts\/6006\/revisions"}],"predecessor-version":[{"id":6007,"href":"https:\/\/andersadlercreutz.fi\/blog\/wp-json\/wp\/v2\/posts\/6006\/revisions\/6007"}],"wp:featuredmedia":[{"embeddable":true,"href":"https:\/\/andersadlercreutz.fi\/blog\/wp-json\/wp\/v2\/media\/4304"}],"wp:attachment":[{"href":"https:\/\/andersadlercreutz.fi\/blog\/wp-json\/wp\/v2\/media?parent=6006"}],"wp:term":[{"taxonomy":"category","embeddable":true,"href":"https:\/\/andersadlercreutz.fi\/blog\/wp-json\/wp\/v2\/categories?post=6006"},{"taxonomy":"post_tag","embeddable":true,"href":"https:\/\/andersadlercreutz.fi\/blog\/wp-json\/wp\/v2\/tags?post=6006"}],"curies":[{"name":"wp","href":"https:\/\/api.w.org\/{rel}","templated":true}]}}