{"id":6231,"date":"2020-01-01T11:32:08","date_gmt":"2020-01-01T09:32:08","guid":{"rendered":"http:\/\/andersadlercreutz.fi\/blog\/?p=6231"},"modified":"2020-01-01T11:32:08","modified_gmt":"2020-01-01T09:32:08","slug":"gott-nytt-ar-2","status":"publish","type":"post","link":"https:\/\/andersadlercreutz.fi\/blog\/blog-sv\/gott-nytt-ar-2\/","title":{"rendered":"Gott Nytt \u00c5r!"},"content":{"rendered":"<p>Efter julpausen tar det nya \u00e5ret vid. Varje \u00e5r k\u00e4nns det lika underligt att ta ett nytt \u00e5r i munnen, varje \u00e5r k\u00e4nns det lika ovant. S\u00e5 \u00e4ven nu: 2020 &#8211; ett helt nytt \u00e5r som \u00e5tminstone jag kommer att skriva fel flera g\u00e5nger under de kommande veckorna. Ett \u00e5r som n\u00e5gong\u00e5ng l\u00e5g l\u00e5ngt inte i framtiden men som nu \u00e4r h\u00e4r.<span class=\"Apple-converted-space\">\u00a0<\/span><\/p>\n<p>N\u00e4r jag som ton\u00e5ring bl\u00e4ddrade igenom hyllan med serietidningar i Bruno Vinbergs butik i Jorvas fastnade \u00f6gonen ofta p\u00e5 en tidning som hette 1999. 52 sidor fulla med rymd\u00e4ventyr och flygande apparater. 1999 &#8211; l\u00e5ngt inne. framtiden.<span class=\"Apple-converted-space\">\u00a0<\/span><\/p>\n<p>Och nu l\u00e5ngt bak i det f\u00f6rg\u00e5ngna &#8211; idag, 2020.<span class=\"Apple-converted-space\">\u00a0<\/span><\/p>\n<p>M\u00e5nga saker f\u00f6r\u00e4ndras l\u00e5ngsammare \u00e4n vi t\u00e4nkt oss, medan m\u00e5nga saker kan f\u00f6r\u00e4ndras till synes \u00f6ver en natt. \u00c5r 2020 k\u00f6r vi fortfarande omkring med r\u00e4tt vanliga bilar i Kyrksl\u00e4tt, och f\u00f6r bara n\u00e5gra \u00e5r sedan kunde man fortfarande \u00e5ka t\u00e5g till Helsingfors med samma r\u00f6d-gula t\u00e5g som man anv\u00e4nde i min barndom. N\u00e4r vi flyttade till Kyrksl\u00e4tt \u00e5r 1972 visst mina f\u00f6r\u00e4ldrar ber\u00e4tta f\u00f6r min storasyster att vi snart f\u00e5r en simhall. Den kom knappt 30 \u00e5r senare.<span class=\"Apple-converted-space\">\u00a0<\/span><\/p>\n<p>Idag \u00e5r 2020 f\u00f6r\u00e4ndras Kyrksl\u00e4tt pl\u00f6tsligt snabbare. Till en del av sk\u00e4l som vi inte kan p\u00e5verka. Vi har m\u00e5nga nya skolprojekt p\u00e5 g\u00e5ng, n\u00e5nting som b\u00e5de \u00e4r en positiv och en negativ sak. Till en stor del beror det p\u00e5 de inomhusluftsproblem vi har tampats med. Samtidigt kommer de nya skolorna att g\u00f6ra oss mer konkurrenskraftiga. N\u00e4r man flyttar till Kyrksl\u00e4tt i framtiden kan man vara s\u00e4ker p\u00e5 att barnen f\u00e5r g\u00e5 i bra, moderna skolbyggnader.<span class=\"Apple-converted-space\">\u00a0<\/span><\/p>\n<p>Efter m\u00e5nga \u00e5r av v\u00e4ntan i ett os\u00e4kert SOTE-landskap har arbetet med den nya v\u00e4lf\u00e4rdscentralen ocks\u00e5 satt ig\u00e5ng.<span class=\"Apple-converted-space\">\u00a0 <\/span>Hur det \u00e4n g\u00e5r med social- och h\u00e4lsov\u00e5rdsreformen kommer vi att beh\u00f6va service i Kyrksl\u00e4tt. Och de nya faciliteterna garanterar att s\u00e5 kommer att ske.<span class=\"Apple-converted-space\">\u00a0<\/span><\/p>\n<p>Kring kyrkan f\u00e4rdigst\u00e4lls det f\u00f6rnyade biblioteket som b\u00e4st. Samtidigt fortskrider arbetet med planeringen av centrum. N\u00e4r skolan i centrum flyttar bort \u00f6ppnar det f\u00f6r nya m\u00f6jligheter. Torget, kyrkan, bibliotek och i sinom tid ett nytt gymnasium skapar m\u00f6jligheter f\u00f6r ett fint nytt centrum som har alla chanser att locka till sig nya kommuninv\u00e5nare &#8211; b\u00e5de gamla och unga.<span class=\"Apple-converted-space\">\u00a0<\/span><\/p>\n<p>I intensiv f\u00f6rnyelse g\u00e4ller det att h\u00e5lla tungan r\u00e4tt i mun. Vad \u00e4r f\u00f6rnuftiga \u00e5tg\u00e4rder, vad inte? Det \u00e4r ocks\u00e5 alltid en ekonomisk fr\u00e5ga. \u00c4r det h\u00e4r en satsning som betalar igen sig? I dagens v\u00e4rld handlar det ocks\u00e5 om h\u00e5llbarhet i ett st\u00f6rre perspektiv.<span class=\"Apple-converted-space\">\u00a0<\/span><\/p>\n<p>Som kommun har vi f\u00f6rbundit oss till Hinku-projektet. Det st\u00e4ller<span class=\"Apple-converted-space\">\u00a0 <\/span>krav p\u00e5 hur vi utvecklar v\u00e5r kommun som helhet och kr\u00e4ver att vi bl.a. kraftigt sk\u00e4r ner p\u00e5 v\u00e5ra koldioxidutsl\u00e4pp f\u00f6re \u00e5r 2030. Det h\u00e4r \u00e4r saker som vi m\u00e5ste ha i \u00e5tanke n\u00e4r vi utvecklar kommunen och v\u00e5rt n\u00e4ringsliv. Kyrksl\u00e4tt har n\u00e4mligen<span class=\"Apple-converted-space\">\u00a0 <\/span>en hel del unika egenskaper. Vi ligger n\u00e4ra Helsingfors vilket g\u00f6r oss till en attraktiv ort f\u00f6r f\u00f6retagare. Vi har ocks\u00e5 en stor jordbrukssektor som p\u00e5 m\u00e5nga s\u00e4tt sitter p\u00e5 nycklarna till ett h\u00e5llbart samh\u00e4lle.<span class=\"Apple-converted-space\">\u00a0<\/span><\/p>\n<p>Jag hoppas att varje Kyrksl\u00e4ttbo detta \u00e5r bekantar sig med de produkter och tj\u00e4nster som tillverkas h\u00e4r, med de m\u00e4nniskor som arbetar med den mark vi st\u00e5r p\u00e5 och den skog vi kan vandra omkring i. Smaka p\u00e5 den mat som produceras bakom h\u00f6rnet. Tryck ner f\u00f6tterna i den stadiga jorden och ta avstamp in i det \u00e5r som v\u00e4ntar p\u00e5 oss.<span class=\"Apple-converted-space\">\u00a0<\/span><\/p>\n<p>Sist men inte minst: Jag har en dr\u00f6m som jag delade med er alla redan f\u00f6r ett drygt \u00e5r sedan. Jag skulle vilja se Kyrksl\u00e4tt som den artigaste kommunen i hela Finland. Jag vill se oss alla h\u00e4lsa p\u00e5 varandra d\u00e5 vi tr\u00e4ffas p\u00e5 g\u00e5ngv\u00e4garna, p\u00e5 parkeringsplatsen eller vid fotbollsplanen. Att s\u00e4ga hej \u00e4r ett billigt s\u00e4tt att skapa gemenskapsk\u00e4nsla och bygga en gemensam framtid.<span class=\"Apple-converted-space\">\u00a0<\/span><\/p>\n<p>Jag \u00e4r enormt glad f\u00f6r att jag f\u00e5r leda arbetet i kommunfullm\u00e4ktige. Jag \u00e4r ocks\u00e5 tacksam f\u00f6r alla de kommentarer och tips jag f\u00e5tt under detta \u00e5r. L\u00e5t oss h\u00e5lla flaggan i topp ocks\u00e5 n\u00e4sta \u00e5r. Tillsammans bygger vi v\u00e5r kommun.<span class=\"Apple-converted-space\">\u00a0<\/span><\/p>\n<p>Joulutauon j\u00e4lkeen alkaa uusi vuosi. Se on kuin puhdas kirjoittamaton sivu. Ja joka kerta uuden vuosiluvun kirjoittaminen tuntuu aluksi vieraalta ja oudolta. Vuosi 2020. Min\u00e4kin tulen takuuvarmasti kirjoittamaan luvun v\u00e4\u00e4rin monta kertaa seuraavien viikkojen aikana. Vuosi, joka joskus odotti kaukaisessa tulevaisuudessa, on nyt t\u00e4\u00e4ll\u00e4.<span class=\"Apple-converted-space\">\u00a0<\/span><\/p>\n<p>Kun aikoinaan teinipoikana selailin sarjakuvahylly\u00e4 Bruno Vinbergin kaupassa Jorvaksessa, silm\u00e4ni pys\u00e4htyiv\u00e4t usein kiehtovaan avaruusaiheiseen lehteen nimelt\u00e4 \u201d1999\u201d. Se kertoi siit\u00e4 kaukaisesta tulevaisuudesta, jossa lent\u00e4isimme ymp\u00e4ri mit\u00e4 mielikuvituksellisimmissa vempaimissa. Vuosi 1999 siinsi tuolloin jossain kaukana tulevaisuudessa.<span class=\"Apple-converted-space\">\u00a0<\/span><\/p>\n<p>Ja nyt vuonna 2020 vuosi 1999 on jo menneisyytt\u00e4.<span class=\"Apple-converted-space\">\u00a0<\/span><\/p>\n<p>Moni asia muuttuu hitaammin kuin mit\u00e4 kuvittelemme. Jotkut asiat taas muuttuvat yhdess\u00e4 y\u00f6ss\u00e4. Vuonna 2020 k\u00e4yt\u00e4mme viel\u00e4 aika normaalin oloisia autoja. Muutama vuosi sitten rantarataa pitkin kulkivat viel\u00e4 ne samat punakeltaiset junat, joita k\u00e4ytettiin 70-luvulla. Kun me muutimme Kirkkonummelle vuonna 1972 vanhempani kertoivat siskolleni, ett\u00e4 kuntaan kohta tulee uimahalli. Ja tulihan se &#8211; liki 30 vuotta my\u00f6hemmin.<span class=\"Apple-converted-space\">\u00a0<\/span><\/p>\n<p>T\u00e4n\u00e4\u00e4n Kirkkonummi muuttuu varsin nopeasti. Osittain syist\u00e4, joita emme itse voi ohjata. Meill\u00e4 on monta kouluprojektia k\u00e4ynniss\u00e4, mik\u00e4 on sek\u00e4 positiivinen ett\u00e4 negatiivinen asia. Negatiivinen siksi, ett\u00e4 se kertoo vanhoissa kouluissa ilmenneist\u00e4 sis\u00e4ilmaongelmista. Positiivinen siksi, ett\u00e4 sen my\u00f6t\u00e4 saame luotua kunnasta entist\u00e4 vetovoimaisemman. Kun tulevaisuudessa jokin lapsiperhe pohti Kirkkonummelle muuttoa, vanhemmat voivat olla varmoja siit\u00e4, ett\u00e4 lasten kouluymp\u00e4rist\u00f6 on paitsi nykyaikainen, my\u00f6s terveellinen.<span class=\"Apple-converted-space\">\u00a0<\/span><\/p>\n<p>Monen vuoden SOTE-ep\u00e4varmuuden aiheuttaman odotuksen j\u00e4lkeen ty\u00f6 hyvinvontikeskuksen rakentamiseksi on alkanut. Riippumatta siit\u00e4, miten SOTEn kanssa k\u00e4y, tulemme tarvitsemaan SOTE-palveluja Kirkkonummella. Uusien tilojen my\u00f6t\u00e4 varmistamme sen, ett\u00e4 palveluja l\u00f6ytyy.<span class=\"Apple-converted-space\">\u00a0<\/span><\/p>\n<p>Kirkon kupeeseen nousevaa uusittua kirjastoa viimeistell\u00e4\u00e4n parhaillaan. Samaan aikaan ty\u00f6 koko keskustan kehitt\u00e4miseksi jatkuu. Kirkkoharjun koulun muutto avaa uusia mahdollisuuksia. Tori, kirkko, kirjasto ja aikanaan kirjaston taakse nouseva lukiokampus luovat pohjaa uudelle vetovoimaiselle kuntakeskukselle, joka palvelee sek\u00e4 nuoria ett\u00e4 vanhempia kuntalaisia.<span class=\"Apple-converted-space\">\u00a0<\/span><\/p>\n<p>Kun uudistusvauhti on kovimmillaan tulee investointitarpeisiin suhtautua my\u00f6s kriittisesti. Mit\u00e4 kannattaa tehd\u00e4 ja mit\u00e4 ei? Kyse on aina my\u00f6s taloudellisesta p\u00e4rj\u00e4\u00e4misest\u00e4. Onko k\u00e4sill\u00e4 oleva panostus sellainen, joka maksaa itsens\u00e4 takaisin? Kest\u00e4v\u00e4n kehityksen kysymykset ovat nekin \u00e4\u00e4rimm\u00e4isen t\u00e4rkeit\u00e4 kun mietimme Kirkkonummen kehitt\u00e4mist\u00e4.<span class=\"Apple-converted-space\">\u00a0<\/span><\/p>\n<p>Kuntana olemme sitoutuneet Hinku-ohjelmaan. Se ohjaa kunnan kehityst\u00e4 ja edellytt\u00e4\u00e4, ett\u00e4 leikkaamme ilmastop\u00e4\u00e4st\u00f6j\u00e4mme voimakkaasti vuoteen 2030 menness\u00e4. T\u00e4m\u00e4n tavoitteen tulee ohjata my\u00f6s elinkeinoel\u00e4m\u00e4mme kehityst\u00e4. Kuntana meill\u00e4 on monta vahvuutta. Me sijaitsemme l\u00e4hell\u00e4 Helsinki\u00e4, mik\u00e4 tekee meist\u00e4 kiinnostavan kotikunnan erikokoisille yrityksille. My\u00f6s maatilatalous on t\u00e4rke\u00e4 kuntataloutemme pilari.<\/p>\n<p>Toivon, ett\u00e4 jokainen meist\u00e4 kirkkonummelaisista innostuisi kokeilemaan mahdollisimman usein paikallisesti tuotettuja palveluja ja tuotteita. T\u00e4ll\u00e4 tavalla tuemme aidosti paikallista yritt\u00e4jyytt\u00e4. Mit\u00e4 parempi ja innostavampi paikka Kirkkonummi on yritt\u00e4\u00e4, sit\u00e4 paremmin voimme kaikki.<\/p>\n<p>Ja lopuksi: Minulla on unelma, jonka jaoin teid\u00e4n kaikkien kanssa jo vuosi sitten. Unelmoin, ett\u00e4 Kirkkonummesta tulisi koko Suomen kohteliain kunta. Toivon, ett\u00e4 me kaikki tervehtisimme toisiamme<span class=\"Apple-converted-space\">\u00a0 <\/span>kun tapaamme lenkill\u00e4, parkkipaikalla tai jalkapallokent\u00e4n laidalla. Iloinen \u201dhei\u201d on halpa tapa luoda hyvinvointia ja viihtyisyytt\u00e4 meid\u00e4n kuntalaisten kesken. Ihan pokkana vaan siis tervehtim\u00e4\u00e4n ja luomaan uutta tulevaisuutta kanssani.<span class=\"Apple-converted-space\">\u00a0<\/span><\/p>\n<p>Olen \u00e4\u00e4rimm\u00e4isen iloinen, ett\u00e4 saan luotsata kunnanvaltuustoa. Olen my\u00f6s kiitollinen kaikista niist\u00e4 kommenteista ja vinkeist\u00e4, joita olen kuluneen vuoden aikana teilt\u00e4 saanut. Pidet\u00e4\u00e4n lippu korkealla my\u00f6s vuonna 2020. Kuntamme on yht\u00e4 kuin me kaikki yhdess\u00e4.<span class=\"Apple-converted-space\">\u00a0<\/span><\/p>\n","protected":false},"excerpt":{"rendered":"<p>Efter julpausen tar det nya \u00e5ret vid. Varje \u00e5r k\u00e4nns det lika underligt att ta ett nytt \u00e5r i munnen, varje \u00e5r k\u00e4nns det lika ovant. S\u00e5 \u00e4ven nu: 2020 &#8211; ett helt nytt \u00e5r som \u00e5tminstone jag kommer att skriva fel flera g\u00e5nger under de kommande veckorna. Ett \u00e5r som n\u00e5gong\u00e5ng l\u00e5g l\u00e5ngt inte [&hellip;]<\/p>\n","protected":false},"author":1,"featured_media":5083,"comment_status":"open","ping_status":"open","sticky":false,"template":"","format":"standard","meta":{"jetpack_post_was_ever_published":false,"_jetpack_newsletter_access":"","jetpack_publicize_message":"","jetpack_is_tweetstorm":false,"jetpack_publicize_feature_enabled":true,"jetpack_social_post_already_shared":true,"jetpack_social_options":{"image_generator_settings":{"template":"highway","enabled":false}}},"categories":[46,45,34,73,35,79,47,82],"tags":[],"jetpack_publicize_connections":[],"yoast_head":"<!-- This site is optimized with the Yoast SEO plugin v20.12 - https:\/\/yoast.com\/wordpress\/plugins\/seo\/ -->\n<title>Gott Nytt \u00c5r! - Anders Adlercreutz<\/title>\n<meta name=\"robots\" content=\"index, follow, max-snippet:-1, max-image-preview:large, max-video-preview:-1\" \/>\n<link rel=\"canonical\" href=\"https:\/\/andersadlercreutz.fi\/blog\/blog-sv\/gott-nytt-ar-2\/\" \/>\n<meta property=\"og:locale\" content=\"sv_SE\" \/>\n<meta property=\"og:type\" content=\"article\" \/>\n<meta property=\"og:title\" content=\"Gott Nytt \u00c5r! - Anders Adlercreutz\" \/>\n<meta property=\"og:description\" content=\"Efter julpausen tar det nya \u00e5ret vid. Varje \u00e5r k\u00e4nns det lika underligt att ta ett nytt \u00e5r i munnen, varje \u00e5r k\u00e4nns det lika ovant. S\u00e5 \u00e4ven nu: 2020 &#8211; ett helt nytt \u00e5r som \u00e5tminstone jag kommer att skriva fel flera g\u00e5nger under de kommande veckorna. Ett \u00e5r som n\u00e5gong\u00e5ng l\u00e5g l\u00e5ngt inte [&hellip;]\" \/>\n<meta property=\"og:url\" content=\"https:\/\/andersadlercreutz.fi\/blog\/blog-sv\/gott-nytt-ar-2\/\" \/>\n<meta property=\"og:site_name\" content=\"Anders Adlercreutz\" \/>\n<meta property=\"article:published_time\" content=\"2020-01-01T09:32:08+00:00\" \/>\n<meta property=\"og:image\" content=\"https:\/\/i0.wp.com\/andersadlercreutz.fi\/blog\/wp-content\/uploads\/2015\/11\/Anders_Adlercreutz_02_credit_Anna_Heikinheimo_crup.jpg?fit=1200%2C702&ssl=1\" \/>\n\t<meta property=\"og:image:width\" content=\"1200\" \/>\n\t<meta property=\"og:image:height\" content=\"702\" \/>\n\t<meta property=\"og:image:type\" content=\"image\/jpeg\" \/>\n<meta name=\"author\" content=\"Anders\" \/>\n<meta name=\"twitter:card\" content=\"summary_large_image\" \/>\n<meta name=\"twitter:label1\" content=\"Skriven av\" \/>\n\t<meta name=\"twitter:data1\" content=\"Anders\" \/>\n\t<meta name=\"twitter:label2\" content=\"Ber\u00e4knad l\u00e4stid\" \/>\n\t<meta name=\"twitter:data2\" content=\"7 minuter\" \/>\n<script type=\"application\/ld+json\" class=\"yoast-schema-graph\">{\"@context\":\"https:\/\/schema.org\",\"@graph\":[{\"@type\":\"WebPage\",\"@id\":\"https:\/\/andersadlercreutz.fi\/blog\/blog-sv\/gott-nytt-ar-2\/\",\"url\":\"https:\/\/andersadlercreutz.fi\/blog\/blog-sv\/gott-nytt-ar-2\/\",\"name\":\"Gott Nytt \u00c5r! - Anders Adlercreutz\",\"isPartOf\":{\"@id\":\"https:\/\/andersadlercreutz.fi\/blog\/#website\"},\"datePublished\":\"2020-01-01T09:32:08+00:00\",\"dateModified\":\"2020-01-01T09:32:08+00:00\",\"author\":{\"@id\":\"https:\/\/andersadlercreutz.fi\/blog\/#\/schema\/person\/47d4b72eded862b484f74bb4b3a2354f\"},\"breadcrumb\":{\"@id\":\"https:\/\/andersadlercreutz.fi\/blog\/blog-sv\/gott-nytt-ar-2\/#breadcrumb\"},\"inLanguage\":\"sv-SE\",\"potentialAction\":[{\"@type\":\"ReadAction\",\"target\":[\"https:\/\/andersadlercreutz.fi\/blog\/blog-sv\/gott-nytt-ar-2\/\"]}]},{\"@type\":\"BreadcrumbList\",\"@id\":\"https:\/\/andersadlercreutz.fi\/blog\/blog-sv\/gott-nytt-ar-2\/#breadcrumb\",\"itemListElement\":[{\"@type\":\"ListItem\",\"position\":1,\"name\":\"Home\",\"item\":\"https:\/\/andersadlercreutz.fi\/blog\/blogg\/?lang=sv\"},{\"@type\":\"ListItem\",\"position\":2,\"name\":\"Gott Nytt \u00c5r!\"}]},{\"@type\":\"WebSite\",\"@id\":\"https:\/\/andersadlercreutz.fi\/blog\/#website\",\"url\":\"https:\/\/andersadlercreutz.fi\/blog\/\",\"name\":\"Anders Adlercreutz\",\"description\":\"Du. Jag. Vi. Kest&auml;v&auml;sti optimisti\",\"potentialAction\":[{\"@type\":\"SearchAction\",\"target\":{\"@type\":\"EntryPoint\",\"urlTemplate\":\"https:\/\/andersadlercreutz.fi\/blog\/?s={search_term_string}\"},\"query-input\":\"required name=search_term_string\"}],\"inLanguage\":\"sv-SE\"},{\"@type\":\"Person\",\"@id\":\"https:\/\/andersadlercreutz.fi\/blog\/#\/schema\/person\/47d4b72eded862b484f74bb4b3a2354f\",\"name\":\"Anders\",\"image\":{\"@type\":\"ImageObject\",\"inLanguage\":\"sv-SE\",\"@id\":\"https:\/\/andersadlercreutz.fi\/blog\/#\/schema\/person\/image\/\",\"url\":\"https:\/\/secure.gravatar.com\/avatar\/a144c9bda7a581ff6fabba169027e620?s=96&d=mm&r=g\",\"contentUrl\":\"https:\/\/secure.gravatar.com\/avatar\/a144c9bda7a581ff6fabba169027e620?s=96&d=mm&r=g\",\"caption\":\"Anders\"},\"url\":\"https:\/\/andersadlercreutz.fi\/blog\/author\/admin\/\"}]}<\/script>\n<!-- \/ Yoast SEO plugin. -->","yoast_head_json":{"title":"Gott Nytt \u00c5r! - Anders Adlercreutz","robots":{"index":"index","follow":"follow","max-snippet":"max-snippet:-1","max-image-preview":"max-image-preview:large","max-video-preview":"max-video-preview:-1"},"canonical":"https:\/\/andersadlercreutz.fi\/blog\/blog-sv\/gott-nytt-ar-2\/","og_locale":"sv_SE","og_type":"article","og_title":"Gott Nytt \u00c5r! - Anders Adlercreutz","og_description":"Efter julpausen tar det nya \u00e5ret vid. Varje \u00e5r k\u00e4nns det lika underligt att ta ett nytt \u00e5r i munnen, varje \u00e5r k\u00e4nns det lika ovant. S\u00e5 \u00e4ven nu: 2020 &#8211; ett helt nytt \u00e5r som \u00e5tminstone jag kommer att skriva fel flera g\u00e5nger under de kommande veckorna. Ett \u00e5r som n\u00e5gong\u00e5ng l\u00e5g l\u00e5ngt inte [&hellip;]","og_url":"https:\/\/andersadlercreutz.fi\/blog\/blog-sv\/gott-nytt-ar-2\/","og_site_name":"Anders Adlercreutz","article_published_time":"2020-01-01T09:32:08+00:00","og_image":[{"width":1200,"height":702,"url":"https:\/\/i0.wp.com\/andersadlercreutz.fi\/blog\/wp-content\/uploads\/2015\/11\/Anders_Adlercreutz_02_credit_Anna_Heikinheimo_crup.jpg?fit=1200%2C702&ssl=1","type":"image\/jpeg"}],"author":"Anders","twitter_card":"summary_large_image","twitter_misc":{"Skriven av":"Anders","Ber\u00e4knad l\u00e4stid":"7 minuter"},"schema":{"@context":"https:\/\/schema.org","@graph":[{"@type":"WebPage","@id":"https:\/\/andersadlercreutz.fi\/blog\/blog-sv\/gott-nytt-ar-2\/","url":"https:\/\/andersadlercreutz.fi\/blog\/blog-sv\/gott-nytt-ar-2\/","name":"Gott Nytt \u00c5r! - Anders Adlercreutz","isPartOf":{"@id":"https:\/\/andersadlercreutz.fi\/blog\/#website"},"datePublished":"2020-01-01T09:32:08+00:00","dateModified":"2020-01-01T09:32:08+00:00","author":{"@id":"https:\/\/andersadlercreutz.fi\/blog\/#\/schema\/person\/47d4b72eded862b484f74bb4b3a2354f"},"breadcrumb":{"@id":"https:\/\/andersadlercreutz.fi\/blog\/blog-sv\/gott-nytt-ar-2\/#breadcrumb"},"inLanguage":"sv-SE","potentialAction":[{"@type":"ReadAction","target":["https:\/\/andersadlercreutz.fi\/blog\/blog-sv\/gott-nytt-ar-2\/"]}]},{"@type":"BreadcrumbList","@id":"https:\/\/andersadlercreutz.fi\/blog\/blog-sv\/gott-nytt-ar-2\/#breadcrumb","itemListElement":[{"@type":"ListItem","position":1,"name":"Home","item":"https:\/\/andersadlercreutz.fi\/blog\/blogg\/?lang=sv"},{"@type":"ListItem","position":2,"name":"Gott Nytt \u00c5r!"}]},{"@type":"WebSite","@id":"https:\/\/andersadlercreutz.fi\/blog\/#website","url":"https:\/\/andersadlercreutz.fi\/blog\/","name":"Anders Adlercreutz","description":"Du. Jag. Vi. Kest&auml;v&auml;sti optimisti","potentialAction":[{"@type":"SearchAction","target":{"@type":"EntryPoint","urlTemplate":"https:\/\/andersadlercreutz.fi\/blog\/?s={search_term_string}"},"query-input":"required name=search_term_string"}],"inLanguage":"sv-SE"},{"@type":"Person","@id":"https:\/\/andersadlercreutz.fi\/blog\/#\/schema\/person\/47d4b72eded862b484f74bb4b3a2354f","name":"Anders","image":{"@type":"ImageObject","inLanguage":"sv-SE","@id":"https:\/\/andersadlercreutz.fi\/blog\/#\/schema\/person\/image\/","url":"https:\/\/secure.gravatar.com\/avatar\/a144c9bda7a581ff6fabba169027e620?s=96&d=mm&r=g","contentUrl":"https:\/\/secure.gravatar.com\/avatar\/a144c9bda7a581ff6fabba169027e620?s=96&d=mm&r=g","caption":"Anders"},"url":"https:\/\/andersadlercreutz.fi\/blog\/author\/admin\/"}]}},"jetpack_featured_media_url":"https:\/\/i0.wp.com\/andersadlercreutz.fi\/blog\/wp-content\/uploads\/2015\/11\/Anders_Adlercreutz_02_credit_Anna_Heikinheimo_crup.jpg?fit=1200%2C702&ssl=1","jetpack_shortlink":"https:\/\/wp.me\/p4T6Dh-1Cv","jetpack_sharing_enabled":true,"_links":{"self":[{"href":"https:\/\/andersadlercreutz.fi\/blog\/wp-json\/wp\/v2\/posts\/6231"}],"collection":[{"href":"https:\/\/andersadlercreutz.fi\/blog\/wp-json\/wp\/v2\/posts"}],"about":[{"href":"https:\/\/andersadlercreutz.fi\/blog\/wp-json\/wp\/v2\/types\/post"}],"author":[{"embeddable":true,"href":"https:\/\/andersadlercreutz.fi\/blog\/wp-json\/wp\/v2\/users\/1"}],"replies":[{"embeddable":true,"href":"https:\/\/andersadlercreutz.fi\/blog\/wp-json\/wp\/v2\/comments?post=6231"}],"version-history":[{"count":2,"href":"https:\/\/andersadlercreutz.fi\/blog\/wp-json\/wp\/v2\/posts\/6231\/revisions"}],"predecessor-version":[{"id":6233,"href":"https:\/\/andersadlercreutz.fi\/blog\/wp-json\/wp\/v2\/posts\/6231\/revisions\/6233"}],"wp:featuredmedia":[{"embeddable":true,"href":"https:\/\/andersadlercreutz.fi\/blog\/wp-json\/wp\/v2\/media\/5083"}],"wp:attachment":[{"href":"https:\/\/andersadlercreutz.fi\/blog\/wp-json\/wp\/v2\/media?parent=6231"}],"wp:term":[{"taxonomy":"category","embeddable":true,"href":"https:\/\/andersadlercreutz.fi\/blog\/wp-json\/wp\/v2\/categories?post=6231"},{"taxonomy":"post_tag","embeddable":true,"href":"https:\/\/andersadlercreutz.fi\/blog\/wp-json\/wp\/v2\/tags?post=6231"}],"curies":[{"name":"wp","href":"https:\/\/api.w.org\/{rel}","templated":true}]}}