{"id":6334,"date":"2020-03-17T18:48:56","date_gmt":"2020-03-17T16:48:56","guid":{"rendered":"http:\/\/andersadlercreutz.fi\/blog\/?p=6334"},"modified":"2020-03-17T18:48:56","modified_gmt":"2020-03-17T16:48:56","slug":"ryhmapuheenvuoro-eduskunnan-keskustelussa-valmiuslain-kayttoonotosta-17-3-2020","status":"publish","type":"post","link":"https:\/\/andersadlercreutz.fi\/blog\/blog\/ryhmapuheenvuoro-eduskunnan-keskustelussa-valmiuslain-kayttoonotosta-17-3-2020\/?lang=fi","title":{"rendered":"Ryhm\u00e4puheenvuoro eduskunnan keskustelussa valmiuslain k\u00e4ytt\u00f6\u00f6notosta 17.3.2020."},"content":{"rendered":"<p>\u00c4rade talman,<\/p>\n<p>Regeringen har i g\u00e5r fattat beslut om kraftiga \u00e5tg\u00e4rder &#8211; om exceptionella \u00e5tg\u00e4rder &#8211; f\u00f6r att bek\u00e4mpa coronaviruset i Finland. Det \u00e4r f\u00f6rsta g\u00e5ngen i fredstid som beredskapslagen f\u00f6resl\u00e5s tr\u00e4da i kraft.<\/p>\n<p>Det handlar om 19 punkter. 19 \u00e5tg\u00e4rder f\u00f6r att skydda befolkningen, v\u00e5ra medm\u00e4nniskor, och trygga samh\u00e4llets och n\u00e4ringslivets funktion.<\/p>\n<p>Eftersom vi nu i Finland befinner oss i undantagsf\u00f6rh\u00e5llanden, kommer vi att ta i bruk en del verktyg som\u00a0delvis begr\u00e4nsar det vardagsliv vi \u00e4r vana vid.<\/p>\n<p>Svenska riksdagsgruppen vill understryka att vi g\u00f6r det h\u00e4r f\u00f6r att skydda v\u00e5ra \u00e4ldre och andra som tillh\u00f6r riskgrupperna. Vi g\u00f6r det som \u00e4r n\u00f6dv\u00e4ndigt f\u00f6r att skydda v\u00e5ra medm\u00e4nniskor p\u00e5 b\u00e4sta m\u00f6jliga s\u00e4tt.<\/p>\n<p>Arvoisa puhemies,<\/p>\n<p>Valmiuslain k\u00e4ytt\u00f6\u00f6notto ja esimerkiksi koulujen sulkeminen ovat dramaattisia ja vaikeita p\u00e4\u00e4t\u00f6ksi\u00e4. Ne vaativat tarkkaa harkintaa ja perusteltuja rajauksia. Joka ikinen p\u00e4\u00e4t\u00f6s joka rajaa eduskunnan p\u00e4\u00e4t\u00f6svaltaa tai ihmisten oikeuksia vaatii \u00e4\u00e4rimm\u00e4isen painavia perusteluja. Ja on syyt\u00e4 muistaa, ett\u00e4 valmiuslain k\u00e4ytt\u00f6\u00f6notto ei tarkoita rajattomia valtuuksia. Joka ikinen toimi, joka ikinen askel, tulee voida perustella.<\/p>\n<p>\u00c4rade talman,<\/p>\n<p>Att st\u00e4nga skolor handlar naturligtvis inte bara om eleverna, utan ber\u00f6r familjerna, n\u00e4rmilj\u00f6n och arbetsplatserna. Det beh\u00f6vs m\u00e5nga exceptionella \u00e5tg\u00e4rder, men ocks\u00e5 sund flexibilitet f\u00f6r att f\u00e5 vardagen att l\u00f6pa. Vi kommer ocks\u00e5 att st\u00e4llas inf\u00f6r besv\u00e4rliga sociala problem, s\u00e4rskilt om detta undantagstillst\u00e5nd forts\u00e4tter l\u00e4nge.<\/p>\n<p>Nu n\u00e4r skolbeslutet tr\u00e4der i kraft m\u00e5ste vi komma ih\u00e5g att elevernas hemf\u00f6rh\u00e5llanden varierar mycket. De elever som beh\u00f6ver mest st\u00f6d i skolan, kanske f\u00e5r det minst hemma.<\/p>\n<p>Situationen \u00e4r allvarlig, men vi klarar det, tillsammans. Vi har flera g\u00e5nger under v\u00e5r sj\u00e4lvst\u00e4ndighet tagit oss ur sv\u00e5ra situationer och det kommer vi att g\u00f6ra ocks\u00e5 nu. Nu beh\u00f6ver vi se varandra, ta hand om varandra, hj\u00e4lpa varandra &#8211; visst, fysisk distans &#8211; men psykisk n\u00e4rhet.<\/p>\n<p>Fyysist\u00e4 et\u00e4isyytt\u00e4 mutta henkist\u00e4 l\u00e4heisyytt\u00e4.<\/p>\n<p>Arvoisa puhemies,<\/p>\n<p>Yrityksill\u00e4 on nyt hyvin tukalat oltavat. Viimeisen viikon aikana on k\u00e4ynyt selv\u00e4ksi, ett\u00e4 jokaisella yrityksell\u00e4 on sen toimialasta, kokoluokasta tai alueesta riippumatta haastavat ajat edess\u00e4\u00e4n.<\/p>\n<p>Nyt meid\u00e4n kaikkien on pohdittava yhdess\u00e4, miten estet\u00e4\u00e4n mahdollinen konkurssiaalto ja siit\u00e4 seuraava ty\u00f6tt\u00f6myys? Miten voimme auttaa yrityksi\u00e4, yhteiskuntamme vetojuhtia, jotta he vuorollaan pystyv\u00e4t pit\u00e4m\u00e4\u00e4n kiinni ty\u00f6ntekij\u00f6ist\u00e4\u00e4n? T\u00e4h\u00e4n kysymykseen meill\u00e4 on oltava vastaus.<\/p>\n<p>Hallituksen lupaama ensivaiheen viiden miljardin euron tukipaketti on osoitus siit\u00e4, ett\u00e4 emme j\u00e4t\u00e4 yrityksi\u00e4 yksin t\u00e4ss\u00e4 tilanteessa.<\/p>\n<p>Tuemme taloutemme kulmakivi\u00e4 ennenn\u00e4kem\u00e4tt\u00f6m\u00e4ll\u00e4 tukipaketilla ja olemme valmiita my\u00f6s lis\u00e4toimiin.<\/p>\n<p>Jokainen yritys on merkityksellinen t\u00e4ss\u00e4 maassa, ja nyt ei pid\u00e4 antaa sen kovan ty\u00f6n valua hukkaan, jonka jokainen yritys on tehnyt liiketoimintansa kehitt\u00e4miseksi.<\/p>\n<p>Nyt hallituksen ja opposition, ty\u00f6markkinaosapuolten ja koko Suomen on puhallettava yhteen hiileen tilanteen tasapainottamiseksi. Kyse on poikkeuksellisesta tilanteesta ja tarvitsemme yhteist\u00e4 tahtotilaa.<\/p>\n<p>D\u00e5 det r\u00e5der exceptionella f\u00f6rh\u00e5llanden \u00e4r det extra viktigt att informationsfl\u00f6det mellan myndigheter och medborgare fungerar klanderfritt, och att det sker p\u00e5 b\u00e5da inhemska spr\u00e5ken.<\/p>\n<p>Trots undantagsf\u00f6rh\u00e5llandena ska vi \u00e4nd\u00e5 f\u00f6rs\u00f6ka undvika att \u00f6verreagera. Det handlar om m\u00e5nga drastiska \u00e5tg\u00e4rder, men vi klarar det tillsammans. Vi skall ocks\u00e5 fundera p\u00e5 tiden efter dessa begr\u00e4nsningar. Hur skall v\u00e4rlden se ut om en m\u00e5nad f\u00f6r att de inte skall beh\u00f6va f\u00f6rl\u00e4ngas? Den diskussionen m\u00e5ste f\u00f6ras h\u00e4r och nu.<\/p>\n<p>\u00c4rade talman,<\/p>\n<p>V\u00e5rt samh\u00e4lle fungerar idag och g\u00f6r det ocks\u00e5 i morgon. Vi finl\u00e4ndare har ett starkt f\u00f6rtroende f\u00f6r varandra och f\u00f6r v\u00e5ra myndigheter. VI har en f\u00f6rm\u00e5ga att jobba tillsammans.<\/p>\n<p>Det att vi nu st\u00e5r h\u00e4r och diskuterar en s\u00e5 h\u00e4r allvarlig fr\u00e5ga \u2013 att vi kan komma \u00f6verens \u00f6ver partigr\u00e4nser, \u00f6ver regerings- och oppositionsgr\u00e4nser &#8211; det \u00e4r ett tecken p\u00e5 det.<\/p>\n<p>Arvoisa puhemies &#8211; pelk\u00e4st\u00e4\u00e4n se tosiasia, ett\u00e4 me t\u00e4ss\u00e4 salissa pystymme yhdess\u00e4 keskustelemaan ratkaisuja hakien, yhteinen tavoite mieless\u00e4, ett\u00e4 pystymme p\u00e4\u00e4sem\u00e4\u00e4n sopuun n\u00e4in isosta asiasta, se on todistus yhteiskuntamme, maailman onnellisimman maan, toimintakyvyst\u00e4.<\/p>\n","protected":false},"excerpt":{"rendered":"<p>\u00c4rade talman, Regeringen har i g\u00e5r fattat beslut om kraftiga \u00e5tg\u00e4rder &#8211; om exceptionella \u00e5tg\u00e4rder &#8211; f\u00f6r att bek\u00e4mpa coronaviruset i Finland. Det \u00e4r f\u00f6rsta g\u00e5ngen i fredstid som beredskapslagen f\u00f6resl\u00e5s tr\u00e4da i kraft. Det handlar om 19 punkter. 19 \u00e5tg\u00e4rder f\u00f6r att skydda befolkningen, v\u00e5ra medm\u00e4nniskor, och trygga samh\u00e4llets och n\u00e4ringslivets funktion. Eftersom vi [&hellip;]<\/p>\n","protected":false},"author":1,"featured_media":3861,"comment_status":"open","ping_status":"open","sticky":false,"template":"","format":"standard","meta":{"jetpack_post_was_ever_published":false,"_jetpack_newsletter_access":"","jetpack_publicize_message":"","jetpack_is_tweetstorm":false,"jetpack_publicize_feature_enabled":true,"jetpack_social_post_already_shared":true,"jetpack_social_options":{"image_generator_settings":{"template":"highway","enabled":false}}},"categories":[18,60,116],"tags":[],"jetpack_publicize_connections":[],"yoast_head":"<!-- This site is optimized with the Yoast SEO plugin v20.12 - https:\/\/yoast.com\/wordpress\/plugins\/seo\/ -->\n<title>Ryhm\u00e4puheenvuoro eduskunnan keskustelussa valmiuslain k\u00e4ytt\u00f6\u00f6notosta 17.3.2020. - Anders Adlercreutz<\/title>\n<meta name=\"robots\" content=\"index, follow, max-snippet:-1, max-image-preview:large, max-video-preview:-1\" \/>\n<link rel=\"canonical\" href=\"https:\/\/andersadlercreutz.fi\/blog\/blog\/ryhmapuheenvuoro-eduskunnan-keskustelussa-valmiuslain-kayttoonotosta-17-3-2020\/\" \/>\n<meta property=\"og:locale\" content=\"sv_SE\" \/>\n<meta property=\"og:type\" content=\"article\" \/>\n<meta property=\"og:title\" content=\"Ryhm\u00e4puheenvuoro eduskunnan keskustelussa valmiuslain k\u00e4ytt\u00f6\u00f6notosta 17.3.2020. - Anders Adlercreutz\" \/>\n<meta property=\"og:description\" content=\"\u00c4rade talman, Regeringen har i g\u00e5r fattat beslut om kraftiga \u00e5tg\u00e4rder &#8211; om exceptionella \u00e5tg\u00e4rder &#8211; f\u00f6r att bek\u00e4mpa coronaviruset i Finland. Det \u00e4r f\u00f6rsta g\u00e5ngen i fredstid som beredskapslagen f\u00f6resl\u00e5s tr\u00e4da i kraft. Det handlar om 19 punkter. 19 \u00e5tg\u00e4rder f\u00f6r att skydda befolkningen, v\u00e5ra medm\u00e4nniskor, och trygga samh\u00e4llets och n\u00e4ringslivets funktion. Eftersom vi [&hellip;]\" \/>\n<meta property=\"og:url\" content=\"https:\/\/andersadlercreutz.fi\/blog\/blog\/ryhmapuheenvuoro-eduskunnan-keskustelussa-valmiuslain-kayttoonotosta-17-3-2020\/?lang=fi\" \/>\n<meta property=\"og:site_name\" content=\"Anders Adlercreutz\" \/>\n<meta property=\"article:published_time\" content=\"2020-03-17T16:48:56+00:00\" \/>\n<meta property=\"og:image\" content=\"https:\/\/i0.wp.com\/andersadlercreutz.fi\/blog\/wp-content\/uploads\/2018\/01\/Anders-RD012018-4.jpg?fit=1800%2C1274&ssl=1\" \/>\n\t<meta property=\"og:image:width\" content=\"1800\" \/>\n\t<meta property=\"og:image:height\" content=\"1274\" \/>\n\t<meta property=\"og:image:type\" content=\"image\/jpeg\" \/>\n<meta name=\"author\" content=\"Anders\" \/>\n<meta name=\"twitter:card\" content=\"summary_large_image\" \/>\n<meta name=\"twitter:label1\" content=\"Skriven av\" \/>\n\t<meta name=\"twitter:data1\" content=\"Anders\" \/>\n\t<meta name=\"twitter:label2\" content=\"Ber\u00e4knad l\u00e4stid\" \/>\n\t<meta name=\"twitter:data2\" content=\"4 minuter\" \/>\n<script type=\"application\/ld+json\" class=\"yoast-schema-graph\">{\"@context\":\"https:\/\/schema.org\",\"@graph\":[{\"@type\":\"WebPage\",\"@id\":\"https:\/\/andersadlercreutz.fi\/blog\/blog\/ryhmapuheenvuoro-eduskunnan-keskustelussa-valmiuslain-kayttoonotosta-17-3-2020\/?lang=fi\",\"url\":\"https:\/\/andersadlercreutz.fi\/blog\/blog\/ryhmapuheenvuoro-eduskunnan-keskustelussa-valmiuslain-kayttoonotosta-17-3-2020\/?lang=fi\",\"name\":\"Ryhm\u00e4puheenvuoro eduskunnan keskustelussa valmiuslain k\u00e4ytt\u00f6\u00f6notosta 17.3.2020. - Anders Adlercreutz\",\"isPartOf\":{\"@id\":\"https:\/\/andersadlercreutz.fi\/blog\/#website\"},\"datePublished\":\"2020-03-17T16:48:56+00:00\",\"dateModified\":\"2020-03-17T16:48:56+00:00\",\"author\":{\"@id\":\"https:\/\/andersadlercreutz.fi\/blog\/#\/schema\/person\/47d4b72eded862b484f74bb4b3a2354f\"},\"breadcrumb\":{\"@id\":\"https:\/\/andersadlercreutz.fi\/blog\/blog\/ryhmapuheenvuoro-eduskunnan-keskustelussa-valmiuslain-kayttoonotosta-17-3-2020\/?lang=fi#breadcrumb\"},\"inLanguage\":\"sv-SE\",\"potentialAction\":[{\"@type\":\"ReadAction\",\"target\":[\"https:\/\/andersadlercreutz.fi\/blog\/blog\/ryhmapuheenvuoro-eduskunnan-keskustelussa-valmiuslain-kayttoonotosta-17-3-2020\/?lang=fi\"]}]},{\"@type\":\"BreadcrumbList\",\"@id\":\"https:\/\/andersadlercreutz.fi\/blog\/blog\/ryhmapuheenvuoro-eduskunnan-keskustelussa-valmiuslain-kayttoonotosta-17-3-2020\/?lang=fi#breadcrumb\",\"itemListElement\":[{\"@type\":\"ListItem\",\"position\":1,\"name\":\"Home\",\"item\":\"https:\/\/andersadlercreutz.fi\/blog\/blogg\/?lang=sv\"},{\"@type\":\"ListItem\",\"position\":2,\"name\":\"Ryhm\u00e4puheenvuoro eduskunnan keskustelussa valmiuslain k\u00e4ytt\u00f6\u00f6notosta 17.3.2020.\"}]},{\"@type\":\"WebSite\",\"@id\":\"https:\/\/andersadlercreutz.fi\/blog\/#website\",\"url\":\"https:\/\/andersadlercreutz.fi\/blog\/\",\"name\":\"Anders Adlercreutz\",\"description\":\"Du. Jag. Vi. Kest&auml;v&auml;sti optimisti\",\"potentialAction\":[{\"@type\":\"SearchAction\",\"target\":{\"@type\":\"EntryPoint\",\"urlTemplate\":\"https:\/\/andersadlercreutz.fi\/blog\/?s={search_term_string}\"},\"query-input\":\"required name=search_term_string\"}],\"inLanguage\":\"sv-SE\"},{\"@type\":\"Person\",\"@id\":\"https:\/\/andersadlercreutz.fi\/blog\/#\/schema\/person\/47d4b72eded862b484f74bb4b3a2354f\",\"name\":\"Anders\",\"image\":{\"@type\":\"ImageObject\",\"inLanguage\":\"sv-SE\",\"@id\":\"https:\/\/andersadlercreutz.fi\/blog\/#\/schema\/person\/image\/\",\"url\":\"https:\/\/secure.gravatar.com\/avatar\/a144c9bda7a581ff6fabba169027e620?s=96&d=mm&r=g\",\"contentUrl\":\"https:\/\/secure.gravatar.com\/avatar\/a144c9bda7a581ff6fabba169027e620?s=96&d=mm&r=g\",\"caption\":\"Anders\"},\"url\":\"https:\/\/andersadlercreutz.fi\/blog\/author\/admin\/\"}]}<\/script>\n<!-- \/ Yoast SEO plugin. -->","yoast_head_json":{"title":"Ryhm\u00e4puheenvuoro eduskunnan keskustelussa valmiuslain k\u00e4ytt\u00f6\u00f6notosta 17.3.2020. - Anders Adlercreutz","robots":{"index":"index","follow":"follow","max-snippet":"max-snippet:-1","max-image-preview":"max-image-preview:large","max-video-preview":"max-video-preview:-1"},"canonical":"https:\/\/andersadlercreutz.fi\/blog\/blog\/ryhmapuheenvuoro-eduskunnan-keskustelussa-valmiuslain-kayttoonotosta-17-3-2020\/","og_locale":"sv_SE","og_type":"article","og_title":"Ryhm\u00e4puheenvuoro eduskunnan keskustelussa valmiuslain k\u00e4ytt\u00f6\u00f6notosta 17.3.2020. - Anders Adlercreutz","og_description":"\u00c4rade talman, Regeringen har i g\u00e5r fattat beslut om kraftiga \u00e5tg\u00e4rder &#8211; om exceptionella \u00e5tg\u00e4rder &#8211; f\u00f6r att bek\u00e4mpa coronaviruset i Finland. Det \u00e4r f\u00f6rsta g\u00e5ngen i fredstid som beredskapslagen f\u00f6resl\u00e5s tr\u00e4da i kraft. Det handlar om 19 punkter. 19 \u00e5tg\u00e4rder f\u00f6r att skydda befolkningen, v\u00e5ra medm\u00e4nniskor, och trygga samh\u00e4llets och n\u00e4ringslivets funktion. Eftersom vi [&hellip;]","og_url":"https:\/\/andersadlercreutz.fi\/blog\/blog\/ryhmapuheenvuoro-eduskunnan-keskustelussa-valmiuslain-kayttoonotosta-17-3-2020\/?lang=fi","og_site_name":"Anders Adlercreutz","article_published_time":"2020-03-17T16:48:56+00:00","og_image":[{"width":1800,"height":1274,"url":"https:\/\/i0.wp.com\/andersadlercreutz.fi\/blog\/wp-content\/uploads\/2018\/01\/Anders-RD012018-4.jpg?fit=1800%2C1274&ssl=1","type":"image\/jpeg"}],"author":"Anders","twitter_card":"summary_large_image","twitter_misc":{"Skriven av":"Anders","Ber\u00e4knad l\u00e4stid":"4 minuter"},"schema":{"@context":"https:\/\/schema.org","@graph":[{"@type":"WebPage","@id":"https:\/\/andersadlercreutz.fi\/blog\/blog\/ryhmapuheenvuoro-eduskunnan-keskustelussa-valmiuslain-kayttoonotosta-17-3-2020\/?lang=fi","url":"https:\/\/andersadlercreutz.fi\/blog\/blog\/ryhmapuheenvuoro-eduskunnan-keskustelussa-valmiuslain-kayttoonotosta-17-3-2020\/?lang=fi","name":"Ryhm\u00e4puheenvuoro eduskunnan keskustelussa valmiuslain k\u00e4ytt\u00f6\u00f6notosta 17.3.2020. - Anders Adlercreutz","isPartOf":{"@id":"https:\/\/andersadlercreutz.fi\/blog\/#website"},"datePublished":"2020-03-17T16:48:56+00:00","dateModified":"2020-03-17T16:48:56+00:00","author":{"@id":"https:\/\/andersadlercreutz.fi\/blog\/#\/schema\/person\/47d4b72eded862b484f74bb4b3a2354f"},"breadcrumb":{"@id":"https:\/\/andersadlercreutz.fi\/blog\/blog\/ryhmapuheenvuoro-eduskunnan-keskustelussa-valmiuslain-kayttoonotosta-17-3-2020\/?lang=fi#breadcrumb"},"inLanguage":"sv-SE","potentialAction":[{"@type":"ReadAction","target":["https:\/\/andersadlercreutz.fi\/blog\/blog\/ryhmapuheenvuoro-eduskunnan-keskustelussa-valmiuslain-kayttoonotosta-17-3-2020\/?lang=fi"]}]},{"@type":"BreadcrumbList","@id":"https:\/\/andersadlercreutz.fi\/blog\/blog\/ryhmapuheenvuoro-eduskunnan-keskustelussa-valmiuslain-kayttoonotosta-17-3-2020\/?lang=fi#breadcrumb","itemListElement":[{"@type":"ListItem","position":1,"name":"Home","item":"https:\/\/andersadlercreutz.fi\/blog\/blogg\/?lang=sv"},{"@type":"ListItem","position":2,"name":"Ryhm\u00e4puheenvuoro eduskunnan keskustelussa valmiuslain k\u00e4ytt\u00f6\u00f6notosta 17.3.2020."}]},{"@type":"WebSite","@id":"https:\/\/andersadlercreutz.fi\/blog\/#website","url":"https:\/\/andersadlercreutz.fi\/blog\/","name":"Anders Adlercreutz","description":"Du. Jag. Vi. Kest&auml;v&auml;sti optimisti","potentialAction":[{"@type":"SearchAction","target":{"@type":"EntryPoint","urlTemplate":"https:\/\/andersadlercreutz.fi\/blog\/?s={search_term_string}"},"query-input":"required name=search_term_string"}],"inLanguage":"sv-SE"},{"@type":"Person","@id":"https:\/\/andersadlercreutz.fi\/blog\/#\/schema\/person\/47d4b72eded862b484f74bb4b3a2354f","name":"Anders","image":{"@type":"ImageObject","inLanguage":"sv-SE","@id":"https:\/\/andersadlercreutz.fi\/blog\/#\/schema\/person\/image\/","url":"https:\/\/secure.gravatar.com\/avatar\/a144c9bda7a581ff6fabba169027e620?s=96&d=mm&r=g","contentUrl":"https:\/\/secure.gravatar.com\/avatar\/a144c9bda7a581ff6fabba169027e620?s=96&d=mm&r=g","caption":"Anders"},"url":"https:\/\/andersadlercreutz.fi\/blog\/author\/admin\/"}]}},"jetpack_featured_media_url":"https:\/\/i0.wp.com\/andersadlercreutz.fi\/blog\/wp-content\/uploads\/2018\/01\/Anders-RD012018-4.jpg?fit=1800%2C1274&ssl=1","jetpack_shortlink":"https:\/\/wp.me\/p4T6Dh-1Ea","jetpack_sharing_enabled":true,"_links":{"self":[{"href":"https:\/\/andersadlercreutz.fi\/blog\/wp-json\/wp\/v2\/posts\/6334"}],"collection":[{"href":"https:\/\/andersadlercreutz.fi\/blog\/wp-json\/wp\/v2\/posts"}],"about":[{"href":"https:\/\/andersadlercreutz.fi\/blog\/wp-json\/wp\/v2\/types\/post"}],"author":[{"embeddable":true,"href":"https:\/\/andersadlercreutz.fi\/blog\/wp-json\/wp\/v2\/users\/1"}],"replies":[{"embeddable":true,"href":"https:\/\/andersadlercreutz.fi\/blog\/wp-json\/wp\/v2\/comments?post=6334"}],"version-history":[{"count":1,"href":"https:\/\/andersadlercreutz.fi\/blog\/wp-json\/wp\/v2\/posts\/6334\/revisions"}],"predecessor-version":[{"id":6335,"href":"https:\/\/andersadlercreutz.fi\/blog\/wp-json\/wp\/v2\/posts\/6334\/revisions\/6335"}],"wp:featuredmedia":[{"embeddable":true,"href":"https:\/\/andersadlercreutz.fi\/blog\/wp-json\/wp\/v2\/media\/3861"}],"wp:attachment":[{"href":"https:\/\/andersadlercreutz.fi\/blog\/wp-json\/wp\/v2\/media?parent=6334"}],"wp:term":[{"taxonomy":"category","embeddable":true,"href":"https:\/\/andersadlercreutz.fi\/blog\/wp-json\/wp\/v2\/categories?post=6334"},{"taxonomy":"post_tag","embeddable":true,"href":"https:\/\/andersadlercreutz.fi\/blog\/wp-json\/wp\/v2\/tags?post=6334"}],"curies":[{"name":"wp","href":"https:\/\/api.w.org\/{rel}","templated":true}]}}