{"id":6341,"date":"2020-03-20T13:45:14","date_gmt":"2020-03-20T11:45:14","guid":{"rendered":"http:\/\/andersadlercreutz.fi\/blog\/?p=6341"},"modified":"2020-03-20T13:44:36","modified_gmt":"2020-03-20T11:44:36","slug":"adlercreutz-hallituksen-tukipaketista-rakennamme-sillan-notkahduksen-yli","status":"publish","type":"post","link":"https:\/\/andersadlercreutz.fi\/blog\/lehdistotiedote\/adlercreutz-hallituksen-tukipaketista-rakennamme-sillan-notkahduksen-yli\/?lang=fi","title":{"rendered":"Adlercreutz hallituksen tukipaketista: Rakennamme sillan notkahduksen yli"},"content":{"rendered":"<p>\u2013Tarvitsemme yrityksi\u00e4mme t\u00e4n\u00e4\u00e4n, mutta ennen kaikkea tarvitsemme niit\u00e4 siin\u00e4 vaiheessa, kun akuutti kriisi on ohi. T\u00e4m\u00e4n takia on \u00e4\u00e4rimm\u00e4isen t\u00e4rke\u00e4\u00e4, ett\u00e4 rakennamme sillan t\u00e4m\u00e4n taloudellisen notkahduksen yli, Ruotsalaisen eduskuntaryhm\u00e4n puheenjohtaja Anders Adlercreutz sanoo.<\/p>\n<p>Hallitus esitteli t\u00e4n\u00e4\u00e4n uusia toimenpiteit\u00e4, joiden tarkoituksena on tukea yrityksi\u00e4 ja niiden kautta talouttamme t\u00e4ss\u00e4 taloudellisessa kriisiss\u00e4, jonka koronavirusepidemia on aiheuttanut. Adlercreutz on tyytyv\u00e4inen j\u00e4reisiin toimenpiteisiin, jotka nyt otetaan k\u00e4ytt\u00f6\u00f6n.<\/p>\n<p>\u2013 Likviditeettikriisi on monella akuutti. Varsinkin yksityisyritt\u00e4jill\u00e4 on suunnattoman haastava tilanne. On tervetullutta, ett\u00e4 ty\u00f6tt\u00f6myystukea voi nyt saada ilman, ett\u00e4 yritystoiminta on pakko lopettaa. V\u00e4litt\u00f6m\u00e4n kriisin\u00a0j\u00e4lkeen tulemme tarvitsemaan kaikkia yritt\u00e4ji\u00e4 ja kaikenlaista yrittelij\u00e4isyytt\u00e4.<\/p>\n<p>Hallitus on jo aiemmin ilmoittanut yritysten saavan veromaksuihinsa pidennetyn maksuajan ja matalamman viiv\u00e4styskoron.<\/p>\n<p>\u2013 T\u00e4m\u00e4 auttaa yrityksi\u00e4 hyvin konkreettisella tavalla. Emme kuitenkaan tule v\u00e4lttym\u00e4\u00e4n\u00a0irtisanomisilta ja lomautuksilta. T\u00e4ll\u00f6in on luonnollisesti suosittava lomautuksia. Ty\u00f6markkinaosapuolten ehdotukset lomautusprosessin tuntuvasta nopeutuksesta on nopeasti tultava voimaan, jotta mahdollisimman monella s\u00e4ilyy ty\u00f6paikka, johon voi palata.<\/p>\n","protected":false},"excerpt":{"rendered":"<p>\u2013Tarvitsemme yrityksi\u00e4mme t\u00e4n\u00e4\u00e4n, mutta ennen kaikkea tarvitsemme niit\u00e4 siin\u00e4 vaiheessa, kun akuutti kriisi on ohi. T\u00e4m\u00e4n takia on \u00e4\u00e4rimm\u00e4isen t\u00e4rke\u00e4\u00e4, ett\u00e4 rakennamme sillan t\u00e4m\u00e4n taloudellisen notkahduksen yli, Ruotsalaisen eduskuntaryhm\u00e4n puheenjohtaja Anders Adlercreutz sanoo. Hallitus esitteli t\u00e4n\u00e4\u00e4n uusia toimenpiteit\u00e4, joiden tarkoituksena on tukea yrityksi\u00e4 ja niiden kautta talouttamme t\u00e4ss\u00e4 taloudellisessa kriisiss\u00e4, jonka koronavirusepidemia on aiheuttanut. Adlercreutz [&hellip;]<\/p>\n","protected":false},"author":1,"featured_media":4484,"comment_status":"open","ping_status":"open","sticky":false,"template":"","format":"standard","meta":{"jetpack_post_was_ever_published":false,"_jetpack_newsletter_access":"","jetpack_publicize_message":"","jetpack_is_tweetstorm":false,"jetpack_publicize_feature_enabled":true,"jetpack_social_post_already_shared":true,"jetpack_social_options":{"image_generator_settings":{"template":"highway","enabled":false}}},"categories":[71,61,89],"tags":[],"jetpack_publicize_connections":[],"yoast_head":"<!-- This site is optimized with the Yoast SEO plugin v20.12 - https:\/\/yoast.com\/wordpress\/plugins\/seo\/ -->\n<title>Adlercreutz hallituksen tukipaketista: Rakennamme sillan notkahduksen yli - Anders Adlercreutz<\/title>\n<meta name=\"robots\" content=\"index, follow, max-snippet:-1, max-image-preview:large, max-video-preview:-1\" \/>\n<link rel=\"canonical\" href=\"https:\/\/andersadlercreutz.fi\/blog\/lehdistotiedote\/adlercreutz-hallituksen-tukipaketista-rakennamme-sillan-notkahduksen-yli\/\" \/>\n<meta property=\"og:locale\" content=\"sv_SE\" \/>\n<meta property=\"og:type\" content=\"article\" \/>\n<meta property=\"og:title\" content=\"Adlercreutz hallituksen tukipaketista: Rakennamme sillan notkahduksen yli - Anders Adlercreutz\" \/>\n<meta property=\"og:description\" content=\"\u2013Tarvitsemme yrityksi\u00e4mme t\u00e4n\u00e4\u00e4n, mutta ennen kaikkea tarvitsemme niit\u00e4 siin\u00e4 vaiheessa, kun akuutti kriisi on ohi. T\u00e4m\u00e4n takia on \u00e4\u00e4rimm\u00e4isen t\u00e4rke\u00e4\u00e4, ett\u00e4 rakennamme sillan t\u00e4m\u00e4n taloudellisen notkahduksen yli, Ruotsalaisen eduskuntaryhm\u00e4n puheenjohtaja Anders Adlercreutz sanoo. Hallitus esitteli t\u00e4n\u00e4\u00e4n uusia toimenpiteit\u00e4, joiden tarkoituksena on tukea yrityksi\u00e4 ja niiden kautta talouttamme t\u00e4ss\u00e4 taloudellisessa kriisiss\u00e4, jonka koronavirusepidemia on aiheuttanut. Adlercreutz [&hellip;]\" \/>\n<meta property=\"og:url\" content=\"https:\/\/andersadlercreutz.fi\/blog\/lehdistotiedote\/adlercreutz-hallituksen-tukipaketista-rakennamme-sillan-notkahduksen-yli\/?lang=fi\" \/>\n<meta property=\"og:site_name\" content=\"Anders Adlercreutz\" \/>\n<meta property=\"article:published_time\" content=\"2020-03-20T11:45:14+00:00\" \/>\n<meta property=\"article:modified_time\" content=\"2020-03-20T11:44:36+00:00\" \/>\n<meta property=\"og:image\" content=\"https:\/\/i0.wp.com\/andersadlercreutz.fi\/blog\/wp-content\/uploads\/2019\/02\/7_Anders_1200.jpg?fit=1200%2C600&ssl=1\" \/>\n\t<meta property=\"og:image:width\" content=\"1200\" \/>\n\t<meta property=\"og:image:height\" content=\"600\" \/>\n\t<meta property=\"og:image:type\" content=\"image\/jpeg\" \/>\n<meta name=\"author\" content=\"Anders\" \/>\n<meta name=\"twitter:card\" content=\"summary_large_image\" \/>\n<meta name=\"twitter:label1\" content=\"Skriven av\" \/>\n\t<meta name=\"twitter:data1\" content=\"Anders\" \/>\n\t<meta name=\"twitter:label2\" content=\"Ber\u00e4knad l\u00e4stid\" \/>\n\t<meta name=\"twitter:data2\" content=\"1 minut\" \/>\n<script type=\"application\/ld+json\" class=\"yoast-schema-graph\">{\"@context\":\"https:\/\/schema.org\",\"@graph\":[{\"@type\":\"WebPage\",\"@id\":\"https:\/\/andersadlercreutz.fi\/blog\/lehdistotiedote\/adlercreutz-hallituksen-tukipaketista-rakennamme-sillan-notkahduksen-yli\/?lang=fi\",\"url\":\"https:\/\/andersadlercreutz.fi\/blog\/lehdistotiedote\/adlercreutz-hallituksen-tukipaketista-rakennamme-sillan-notkahduksen-yli\/?lang=fi\",\"name\":\"Adlercreutz hallituksen tukipaketista: Rakennamme sillan notkahduksen yli - Anders Adlercreutz\",\"isPartOf\":{\"@id\":\"https:\/\/andersadlercreutz.fi\/blog\/#website\"},\"datePublished\":\"2020-03-20T11:45:14+00:00\",\"dateModified\":\"2020-03-20T11:44:36+00:00\",\"author\":{\"@id\":\"https:\/\/andersadlercreutz.fi\/blog\/#\/schema\/person\/47d4b72eded862b484f74bb4b3a2354f\"},\"breadcrumb\":{\"@id\":\"https:\/\/andersadlercreutz.fi\/blog\/lehdistotiedote\/adlercreutz-hallituksen-tukipaketista-rakennamme-sillan-notkahduksen-yli\/?lang=fi#breadcrumb\"},\"inLanguage\":\"sv-SE\",\"potentialAction\":[{\"@type\":\"ReadAction\",\"target\":[\"https:\/\/andersadlercreutz.fi\/blog\/lehdistotiedote\/adlercreutz-hallituksen-tukipaketista-rakennamme-sillan-notkahduksen-yli\/?lang=fi\"]}]},{\"@type\":\"BreadcrumbList\",\"@id\":\"https:\/\/andersadlercreutz.fi\/blog\/lehdistotiedote\/adlercreutz-hallituksen-tukipaketista-rakennamme-sillan-notkahduksen-yli\/?lang=fi#breadcrumb\",\"itemListElement\":[{\"@type\":\"ListItem\",\"position\":1,\"name\":\"Home\",\"item\":\"https:\/\/andersadlercreutz.fi\/blog\/blogg\/?lang=sv\"},{\"@type\":\"ListItem\",\"position\":2,\"name\":\"Adlercreutz hallituksen tukipaketista: Rakennamme sillan notkahduksen yli\"}]},{\"@type\":\"WebSite\",\"@id\":\"https:\/\/andersadlercreutz.fi\/blog\/#website\",\"url\":\"https:\/\/andersadlercreutz.fi\/blog\/\",\"name\":\"Anders Adlercreutz\",\"description\":\"Du. Jag. Vi. Kest&auml;v&auml;sti optimisti\",\"potentialAction\":[{\"@type\":\"SearchAction\",\"target\":{\"@type\":\"EntryPoint\",\"urlTemplate\":\"https:\/\/andersadlercreutz.fi\/blog\/?s={search_term_string}\"},\"query-input\":\"required name=search_term_string\"}],\"inLanguage\":\"sv-SE\"},{\"@type\":\"Person\",\"@id\":\"https:\/\/andersadlercreutz.fi\/blog\/#\/schema\/person\/47d4b72eded862b484f74bb4b3a2354f\",\"name\":\"Anders\",\"image\":{\"@type\":\"ImageObject\",\"inLanguage\":\"sv-SE\",\"@id\":\"https:\/\/andersadlercreutz.fi\/blog\/#\/schema\/person\/image\/\",\"url\":\"https:\/\/secure.gravatar.com\/avatar\/a144c9bda7a581ff6fabba169027e620?s=96&d=mm&r=g\",\"contentUrl\":\"https:\/\/secure.gravatar.com\/avatar\/a144c9bda7a581ff6fabba169027e620?s=96&d=mm&r=g\",\"caption\":\"Anders\"},\"url\":\"https:\/\/andersadlercreutz.fi\/blog\/author\/admin\/\"}]}<\/script>\n<!-- \/ Yoast SEO plugin. -->","yoast_head_json":{"title":"Adlercreutz hallituksen tukipaketista: Rakennamme sillan notkahduksen yli - Anders Adlercreutz","robots":{"index":"index","follow":"follow","max-snippet":"max-snippet:-1","max-image-preview":"max-image-preview:large","max-video-preview":"max-video-preview:-1"},"canonical":"https:\/\/andersadlercreutz.fi\/blog\/lehdistotiedote\/adlercreutz-hallituksen-tukipaketista-rakennamme-sillan-notkahduksen-yli\/","og_locale":"sv_SE","og_type":"article","og_title":"Adlercreutz hallituksen tukipaketista: Rakennamme sillan notkahduksen yli - Anders Adlercreutz","og_description":"\u2013Tarvitsemme yrityksi\u00e4mme t\u00e4n\u00e4\u00e4n, mutta ennen kaikkea tarvitsemme niit\u00e4 siin\u00e4 vaiheessa, kun akuutti kriisi on ohi. T\u00e4m\u00e4n takia on \u00e4\u00e4rimm\u00e4isen t\u00e4rke\u00e4\u00e4, ett\u00e4 rakennamme sillan t\u00e4m\u00e4n taloudellisen notkahduksen yli, Ruotsalaisen eduskuntaryhm\u00e4n puheenjohtaja Anders Adlercreutz sanoo. Hallitus esitteli t\u00e4n\u00e4\u00e4n uusia toimenpiteit\u00e4, joiden tarkoituksena on tukea yrityksi\u00e4 ja niiden kautta talouttamme t\u00e4ss\u00e4 taloudellisessa kriisiss\u00e4, jonka koronavirusepidemia on aiheuttanut. Adlercreutz [&hellip;]","og_url":"https:\/\/andersadlercreutz.fi\/blog\/lehdistotiedote\/adlercreutz-hallituksen-tukipaketista-rakennamme-sillan-notkahduksen-yli\/?lang=fi","og_site_name":"Anders Adlercreutz","article_published_time":"2020-03-20T11:45:14+00:00","article_modified_time":"2020-03-20T11:44:36+00:00","og_image":[{"width":1200,"height":600,"url":"https:\/\/i0.wp.com\/andersadlercreutz.fi\/blog\/wp-content\/uploads\/2019\/02\/7_Anders_1200.jpg?fit=1200%2C600&ssl=1","type":"image\/jpeg"}],"author":"Anders","twitter_card":"summary_large_image","twitter_misc":{"Skriven av":"Anders","Ber\u00e4knad l\u00e4stid":"1 minut"},"schema":{"@context":"https:\/\/schema.org","@graph":[{"@type":"WebPage","@id":"https:\/\/andersadlercreutz.fi\/blog\/lehdistotiedote\/adlercreutz-hallituksen-tukipaketista-rakennamme-sillan-notkahduksen-yli\/?lang=fi","url":"https:\/\/andersadlercreutz.fi\/blog\/lehdistotiedote\/adlercreutz-hallituksen-tukipaketista-rakennamme-sillan-notkahduksen-yli\/?lang=fi","name":"Adlercreutz hallituksen tukipaketista: Rakennamme sillan notkahduksen yli - Anders Adlercreutz","isPartOf":{"@id":"https:\/\/andersadlercreutz.fi\/blog\/#website"},"datePublished":"2020-03-20T11:45:14+00:00","dateModified":"2020-03-20T11:44:36+00:00","author":{"@id":"https:\/\/andersadlercreutz.fi\/blog\/#\/schema\/person\/47d4b72eded862b484f74bb4b3a2354f"},"breadcrumb":{"@id":"https:\/\/andersadlercreutz.fi\/blog\/lehdistotiedote\/adlercreutz-hallituksen-tukipaketista-rakennamme-sillan-notkahduksen-yli\/?lang=fi#breadcrumb"},"inLanguage":"sv-SE","potentialAction":[{"@type":"ReadAction","target":["https:\/\/andersadlercreutz.fi\/blog\/lehdistotiedote\/adlercreutz-hallituksen-tukipaketista-rakennamme-sillan-notkahduksen-yli\/?lang=fi"]}]},{"@type":"BreadcrumbList","@id":"https:\/\/andersadlercreutz.fi\/blog\/lehdistotiedote\/adlercreutz-hallituksen-tukipaketista-rakennamme-sillan-notkahduksen-yli\/?lang=fi#breadcrumb","itemListElement":[{"@type":"ListItem","position":1,"name":"Home","item":"https:\/\/andersadlercreutz.fi\/blog\/blogg\/?lang=sv"},{"@type":"ListItem","position":2,"name":"Adlercreutz hallituksen tukipaketista: Rakennamme sillan notkahduksen yli"}]},{"@type":"WebSite","@id":"https:\/\/andersadlercreutz.fi\/blog\/#website","url":"https:\/\/andersadlercreutz.fi\/blog\/","name":"Anders Adlercreutz","description":"Du. Jag. Vi. Kest&auml;v&auml;sti optimisti","potentialAction":[{"@type":"SearchAction","target":{"@type":"EntryPoint","urlTemplate":"https:\/\/andersadlercreutz.fi\/blog\/?s={search_term_string}"},"query-input":"required name=search_term_string"}],"inLanguage":"sv-SE"},{"@type":"Person","@id":"https:\/\/andersadlercreutz.fi\/blog\/#\/schema\/person\/47d4b72eded862b484f74bb4b3a2354f","name":"Anders","image":{"@type":"ImageObject","inLanguage":"sv-SE","@id":"https:\/\/andersadlercreutz.fi\/blog\/#\/schema\/person\/image\/","url":"https:\/\/secure.gravatar.com\/avatar\/a144c9bda7a581ff6fabba169027e620?s=96&d=mm&r=g","contentUrl":"https:\/\/secure.gravatar.com\/avatar\/a144c9bda7a581ff6fabba169027e620?s=96&d=mm&r=g","caption":"Anders"},"url":"https:\/\/andersadlercreutz.fi\/blog\/author\/admin\/"}]}},"jetpack_featured_media_url":"https:\/\/i0.wp.com\/andersadlercreutz.fi\/blog\/wp-content\/uploads\/2019\/02\/7_Anders_1200.jpg?fit=1200%2C600&ssl=1","jetpack_shortlink":"https:\/\/wp.me\/p4T6Dh-1Eh","jetpack_sharing_enabled":true,"_links":{"self":[{"href":"https:\/\/andersadlercreutz.fi\/blog\/wp-json\/wp\/v2\/posts\/6341"}],"collection":[{"href":"https:\/\/andersadlercreutz.fi\/blog\/wp-json\/wp\/v2\/posts"}],"about":[{"href":"https:\/\/andersadlercreutz.fi\/blog\/wp-json\/wp\/v2\/types\/post"}],"author":[{"embeddable":true,"href":"https:\/\/andersadlercreutz.fi\/blog\/wp-json\/wp\/v2\/users\/1"}],"replies":[{"embeddable":true,"href":"https:\/\/andersadlercreutz.fi\/blog\/wp-json\/wp\/v2\/comments?post=6341"}],"version-history":[{"count":1,"href":"https:\/\/andersadlercreutz.fi\/blog\/wp-json\/wp\/v2\/posts\/6341\/revisions"}],"predecessor-version":[{"id":6342,"href":"https:\/\/andersadlercreutz.fi\/blog\/wp-json\/wp\/v2\/posts\/6341\/revisions\/6342"}],"wp:featuredmedia":[{"embeddable":true,"href":"https:\/\/andersadlercreutz.fi\/blog\/wp-json\/wp\/v2\/media\/4484"}],"wp:attachment":[{"href":"https:\/\/andersadlercreutz.fi\/blog\/wp-json\/wp\/v2\/media?parent=6341"}],"wp:term":[{"taxonomy":"category","embeddable":true,"href":"https:\/\/andersadlercreutz.fi\/blog\/wp-json\/wp\/v2\/categories?post=6341"},{"taxonomy":"post_tag","embeddable":true,"href":"https:\/\/andersadlercreutz.fi\/blog\/wp-json\/wp\/v2\/tags?post=6341"}],"curies":[{"name":"wp","href":"https:\/\/api.w.org\/{rel}","templated":true}]}}