{"id":6351,"date":"2020-03-27T19:15:27","date_gmt":"2020-03-27T17:15:27","guid":{"rendered":"http:\/\/andersadlercreutz.fi\/blog\/?p=6351"},"modified":"2020-03-27T19:16:34","modified_gmt":"2020-03-27T17:16:34","slug":"adlercreutz-nyt-tarvitaan-kayttopaaomaa-ei-projektirahoitusta-2","status":"publish","type":"post","link":"https:\/\/andersadlercreutz.fi\/blog\/blog\/adlercreutz-nyt-tarvitaan-kayttopaaomaa-ei-projektirahoitusta-2\/?lang=fi","title":{"rendered":"Adlercreutz: Nyt tarvitaan k\u00e4ytt\u00f6p\u00e4\u00e4omaa, ei projektirahoitusta"},"content":{"rendered":"<p>Eduskunnan valtiovarainvaliokunta hyv\u00e4ksyi eilen lis\u00e4talousarvion. Talousarvio pit\u00e4\u00e4 sis\u00e4ll\u00e4\u00e4n laajan taloudellisen avustuspaketin suomalaisille yrityksille. Ruotsalaisen eduskuntaryhm\u00e4n puheenjohtaja\u00a0<strong>Anders Adlercreutzin<\/strong>\u00a0mielest\u00e4 kyseess\u00e4 on hyv\u00e4 alku. On kuitenkin todella t\u00e4rke\u00e4 hahmottaa yritysten akuutin kriisin eri ulottuvuudet: suurin osa yrityksist\u00e4 tarvitsee projektirahoituksen tai lainantakausten sijaan nopeaa apua k\u00e4ytt\u00f6p\u00e4\u00e4omakriisiin, Adlercreutz jatkaa.<\/p>\n<p>Moni teollisuusyritys on tilanteessa, jossa varastot ovat pullollaan, kysynt\u00e4 minimaalista ja ostovelat maksettavana. Monet n\u00e4ist\u00e4 yrityksist\u00e4 ovat vientivetureitamme. Meid\u00e4n on taattava n\u00e4iden yritysten jatkuvuus, jos mielimme pit\u00e4\u00e4 hyvinvointiyhteiskunnastamme kiinni. K\u00e4ytt\u00f6p\u00e4\u00e4oma on varmistettava ja se on varmistettava nopeasti.<\/p>\n<p>Kun tiistaina saimme lis\u00e4talousarvion valiokuntaan puhuimme huomattavasti pienemm\u00e4st\u00e4 summasta kuin mihin p\u00e4\u00e4dyimme. Valiokuntak\u00e4sittelyn aikana tuli selv\u00e4ksi, ett\u00e4 akuutti tarve on merkitt\u00e4v\u00e4sti suurempi. T\u00e4m\u00e4 n\u00e4kyy nyt valiokunnan lis\u00e4\u00e4miss\u00e4 m\u00e4\u00e4r\u00e4rahoissa: suorat yritystuet nostettiin miljardiin euroon.<\/p>\n<p>On hienoa, ett\u00e4 yritt\u00e4j\u00e4t voivat saada ty\u00f6tt\u00f6myyskorvausta. On my\u00f6s hyv\u00e4, ett\u00e4 lomautuksia nyt voidaan tehd\u00e4 nopeammin yritysten pelastamiseksi. N\u00e4m\u00e4 toimenpiteet eiv\u00e4t kuitenkaan riit\u00e4 pelastamaan yrityksi\u00e4. Monessa yrityksess\u00e4 kassavarat eiv\u00e4t riit\u00e4 kuin muutaman viikon t\u00e4st\u00e4 eteenp\u00e4in.<\/p>\n<p>Sen sijaan ett\u00e4 yritykset saavat takauksia lainoihin &#8211; \u00a0joita pankit eiv\u00e4t v\u00e4ltt\u00e4m\u00e4tt\u00e4 edes my\u00f6nn\u00e4 &#8211; \u00a0iso osa yrityksist\u00e4 tarvitsee siis lis\u00e4\u00e4 k\u00e4ytt\u00f6p\u00e4\u00e4omaa. Ne eiv\u00e4t tarvitse projektirahoitusta, vaan nopeita toimenpiteit\u00e4 likviditeetin parantamiseksi. Hallituksen on kiinnitett\u00e4v\u00e4 asiaan v\u00e4lit\u00f6nt\u00e4 huomiota ja Business Finland on valjastettava vastaamaan tarpeeseen.<\/p>\n","protected":false},"excerpt":{"rendered":"<p>Eduskunnan valtiovarainvaliokunta hyv\u00e4ksyi eilen lis\u00e4talousarvion. Talousarvio pit\u00e4\u00e4 sis\u00e4ll\u00e4\u00e4n laajan taloudellisen avustuspaketin suomalaisille yrityksille. Ruotsalaisen eduskuntaryhm\u00e4n puheenjohtaja\u00a0Anders Adlercreutzin\u00a0mielest\u00e4 kyseess\u00e4 on hyv\u00e4 alku. On kuitenkin todella t\u00e4rke\u00e4 hahmottaa yritysten akuutin kriisin eri ulottuvuudet: suurin osa yrityksist\u00e4 tarvitsee projektirahoituksen tai lainantakausten sijaan nopeaa apua k\u00e4ytt\u00f6p\u00e4\u00e4omakriisiin, Adlercreutz jatkaa. Moni teollisuusyritys on tilanteessa, jossa varastot ovat pullollaan, kysynt\u00e4 minimaalista ja [&hellip;]<\/p>\n","protected":false},"author":1,"featured_media":4309,"comment_status":"open","ping_status":"open","sticky":false,"template":"","format":"standard","meta":{"jetpack_post_was_ever_published":false,"_jetpack_newsletter_access":"","jetpack_publicize_message":"","jetpack_is_tweetstorm":false,"jetpack_publicize_feature_enabled":true,"jetpack_social_post_already_shared":true,"jetpack_social_options":{"image_generator_settings":{"template":"highway","enabled":false}}},"categories":[18,14,60,113,61,89],"tags":[],"jetpack_publicize_connections":[],"yoast_head":"<!-- This site is optimized with the Yoast SEO plugin v20.12 - https:\/\/yoast.com\/wordpress\/plugins\/seo\/ -->\n<title>Adlercreutz: Nyt tarvitaan k\u00e4ytt\u00f6p\u00e4\u00e4omaa, ei projektirahoitusta - Anders Adlercreutz<\/title>\n<meta name=\"robots\" content=\"index, follow, max-snippet:-1, max-image-preview:large, max-video-preview:-1\" \/>\n<link rel=\"canonical\" href=\"https:\/\/andersadlercreutz.fi\/blog\/blog\/adlercreutz-nyt-tarvitaan-kayttopaaomaa-ei-projektirahoitusta-2\/\" \/>\n<meta property=\"og:locale\" content=\"sv_SE\" \/>\n<meta property=\"og:type\" content=\"article\" \/>\n<meta property=\"og:title\" content=\"Adlercreutz: Nyt tarvitaan k\u00e4ytt\u00f6p\u00e4\u00e4omaa, ei projektirahoitusta - Anders Adlercreutz\" \/>\n<meta property=\"og:description\" content=\"Eduskunnan valtiovarainvaliokunta hyv\u00e4ksyi eilen lis\u00e4talousarvion. Talousarvio pit\u00e4\u00e4 sis\u00e4ll\u00e4\u00e4n laajan taloudellisen avustuspaketin suomalaisille yrityksille. Ruotsalaisen eduskuntaryhm\u00e4n puheenjohtaja\u00a0Anders Adlercreutzin\u00a0mielest\u00e4 kyseess\u00e4 on hyv\u00e4 alku. On kuitenkin todella t\u00e4rke\u00e4 hahmottaa yritysten akuutin kriisin eri ulottuvuudet: suurin osa yrityksist\u00e4 tarvitsee projektirahoituksen tai lainantakausten sijaan nopeaa apua k\u00e4ytt\u00f6p\u00e4\u00e4omakriisiin, Adlercreutz jatkaa. Moni teollisuusyritys on tilanteessa, jossa varastot ovat pullollaan, kysynt\u00e4 minimaalista ja [&hellip;]\" \/>\n<meta property=\"og:url\" content=\"https:\/\/andersadlercreutz.fi\/blog\/blog\/adlercreutz-nyt-tarvitaan-kayttopaaomaa-ei-projektirahoitusta-2\/?lang=fi\" \/>\n<meta property=\"og:site_name\" content=\"Anders Adlercreutz\" \/>\n<meta property=\"article:published_time\" content=\"2020-03-27T17:15:27+00:00\" \/>\n<meta property=\"article:modified_time\" content=\"2020-03-27T17:16:34+00:00\" \/>\n<meta property=\"og:image\" content=\"https:\/\/i0.wp.com\/andersadlercreutz.fi\/blog\/wp-content\/uploads\/2018\/10\/Anders-h\u00e4sten-2018-9.jpg?fit=1214%2C809&ssl=1\" \/>\n\t<meta property=\"og:image:width\" content=\"1214\" \/>\n\t<meta property=\"og:image:height\" content=\"809\" \/>\n\t<meta property=\"og:image:type\" content=\"image\/jpeg\" \/>\n<meta name=\"author\" content=\"Anders\" \/>\n<meta name=\"twitter:card\" content=\"summary_large_image\" \/>\n<meta name=\"twitter:label1\" content=\"Skriven av\" \/>\n\t<meta name=\"twitter:data1\" content=\"Anders\" \/>\n\t<meta name=\"twitter:label2\" content=\"Ber\u00e4knad l\u00e4stid\" \/>\n\t<meta name=\"twitter:data2\" content=\"1 minut\" \/>\n<script type=\"application\/ld+json\" class=\"yoast-schema-graph\">{\"@context\":\"https:\/\/schema.org\",\"@graph\":[{\"@type\":\"WebPage\",\"@id\":\"https:\/\/andersadlercreutz.fi\/blog\/blog\/adlercreutz-nyt-tarvitaan-kayttopaaomaa-ei-projektirahoitusta-2\/?lang=fi\",\"url\":\"https:\/\/andersadlercreutz.fi\/blog\/blog\/adlercreutz-nyt-tarvitaan-kayttopaaomaa-ei-projektirahoitusta-2\/?lang=fi\",\"name\":\"Adlercreutz: Nyt tarvitaan k\u00e4ytt\u00f6p\u00e4\u00e4omaa, ei projektirahoitusta - Anders Adlercreutz\",\"isPartOf\":{\"@id\":\"https:\/\/andersadlercreutz.fi\/blog\/#website\"},\"datePublished\":\"2020-03-27T17:15:27+00:00\",\"dateModified\":\"2020-03-27T17:16:34+00:00\",\"author\":{\"@id\":\"https:\/\/andersadlercreutz.fi\/blog\/#\/schema\/person\/47d4b72eded862b484f74bb4b3a2354f\"},\"breadcrumb\":{\"@id\":\"https:\/\/andersadlercreutz.fi\/blog\/blog\/adlercreutz-nyt-tarvitaan-kayttopaaomaa-ei-projektirahoitusta-2\/?lang=fi#breadcrumb\"},\"inLanguage\":\"sv-SE\",\"potentialAction\":[{\"@type\":\"ReadAction\",\"target\":[\"https:\/\/andersadlercreutz.fi\/blog\/blog\/adlercreutz-nyt-tarvitaan-kayttopaaomaa-ei-projektirahoitusta-2\/?lang=fi\"]}]},{\"@type\":\"BreadcrumbList\",\"@id\":\"https:\/\/andersadlercreutz.fi\/blog\/blog\/adlercreutz-nyt-tarvitaan-kayttopaaomaa-ei-projektirahoitusta-2\/?lang=fi#breadcrumb\",\"itemListElement\":[{\"@type\":\"ListItem\",\"position\":1,\"name\":\"Home\",\"item\":\"https:\/\/andersadlercreutz.fi\/blog\/blogg\/?lang=sv\"},{\"@type\":\"ListItem\",\"position\":2,\"name\":\"Adlercreutz: Nyt tarvitaan k\u00e4ytt\u00f6p\u00e4\u00e4omaa, ei projektirahoitusta\"}]},{\"@type\":\"WebSite\",\"@id\":\"https:\/\/andersadlercreutz.fi\/blog\/#website\",\"url\":\"https:\/\/andersadlercreutz.fi\/blog\/\",\"name\":\"Anders Adlercreutz\",\"description\":\"Du. Jag. Vi. Kest&auml;v&auml;sti optimisti\",\"potentialAction\":[{\"@type\":\"SearchAction\",\"target\":{\"@type\":\"EntryPoint\",\"urlTemplate\":\"https:\/\/andersadlercreutz.fi\/blog\/?s={search_term_string}\"},\"query-input\":\"required name=search_term_string\"}],\"inLanguage\":\"sv-SE\"},{\"@type\":\"Person\",\"@id\":\"https:\/\/andersadlercreutz.fi\/blog\/#\/schema\/person\/47d4b72eded862b484f74bb4b3a2354f\",\"name\":\"Anders\",\"image\":{\"@type\":\"ImageObject\",\"inLanguage\":\"sv-SE\",\"@id\":\"https:\/\/andersadlercreutz.fi\/blog\/#\/schema\/person\/image\/\",\"url\":\"https:\/\/secure.gravatar.com\/avatar\/a144c9bda7a581ff6fabba169027e620?s=96&d=mm&r=g\",\"contentUrl\":\"https:\/\/secure.gravatar.com\/avatar\/a144c9bda7a581ff6fabba169027e620?s=96&d=mm&r=g\",\"caption\":\"Anders\"},\"url\":\"https:\/\/andersadlercreutz.fi\/blog\/author\/admin\/\"}]}<\/script>\n<!-- \/ Yoast SEO plugin. -->","yoast_head_json":{"title":"Adlercreutz: Nyt tarvitaan k\u00e4ytt\u00f6p\u00e4\u00e4omaa, ei projektirahoitusta - Anders Adlercreutz","robots":{"index":"index","follow":"follow","max-snippet":"max-snippet:-1","max-image-preview":"max-image-preview:large","max-video-preview":"max-video-preview:-1"},"canonical":"https:\/\/andersadlercreutz.fi\/blog\/blog\/adlercreutz-nyt-tarvitaan-kayttopaaomaa-ei-projektirahoitusta-2\/","og_locale":"sv_SE","og_type":"article","og_title":"Adlercreutz: Nyt tarvitaan k\u00e4ytt\u00f6p\u00e4\u00e4omaa, ei projektirahoitusta - Anders Adlercreutz","og_description":"Eduskunnan valtiovarainvaliokunta hyv\u00e4ksyi eilen lis\u00e4talousarvion. Talousarvio pit\u00e4\u00e4 sis\u00e4ll\u00e4\u00e4n laajan taloudellisen avustuspaketin suomalaisille yrityksille. Ruotsalaisen eduskuntaryhm\u00e4n puheenjohtaja\u00a0Anders Adlercreutzin\u00a0mielest\u00e4 kyseess\u00e4 on hyv\u00e4 alku. On kuitenkin todella t\u00e4rke\u00e4 hahmottaa yritysten akuutin kriisin eri ulottuvuudet: suurin osa yrityksist\u00e4 tarvitsee projektirahoituksen tai lainantakausten sijaan nopeaa apua k\u00e4ytt\u00f6p\u00e4\u00e4omakriisiin, Adlercreutz jatkaa. Moni teollisuusyritys on tilanteessa, jossa varastot ovat pullollaan, kysynt\u00e4 minimaalista ja [&hellip;]","og_url":"https:\/\/andersadlercreutz.fi\/blog\/blog\/adlercreutz-nyt-tarvitaan-kayttopaaomaa-ei-projektirahoitusta-2\/?lang=fi","og_site_name":"Anders Adlercreutz","article_published_time":"2020-03-27T17:15:27+00:00","article_modified_time":"2020-03-27T17:16:34+00:00","og_image":[{"width":1214,"height":809,"url":"https:\/\/i0.wp.com\/andersadlercreutz.fi\/blog\/wp-content\/uploads\/2018\/10\/Anders-h\u00e4sten-2018-9.jpg?fit=1214%2C809&ssl=1","type":"image\/jpeg"}],"author":"Anders","twitter_card":"summary_large_image","twitter_misc":{"Skriven av":"Anders","Ber\u00e4knad l\u00e4stid":"1 minut"},"schema":{"@context":"https:\/\/schema.org","@graph":[{"@type":"WebPage","@id":"https:\/\/andersadlercreutz.fi\/blog\/blog\/adlercreutz-nyt-tarvitaan-kayttopaaomaa-ei-projektirahoitusta-2\/?lang=fi","url":"https:\/\/andersadlercreutz.fi\/blog\/blog\/adlercreutz-nyt-tarvitaan-kayttopaaomaa-ei-projektirahoitusta-2\/?lang=fi","name":"Adlercreutz: Nyt tarvitaan k\u00e4ytt\u00f6p\u00e4\u00e4omaa, ei projektirahoitusta - Anders Adlercreutz","isPartOf":{"@id":"https:\/\/andersadlercreutz.fi\/blog\/#website"},"datePublished":"2020-03-27T17:15:27+00:00","dateModified":"2020-03-27T17:16:34+00:00","author":{"@id":"https:\/\/andersadlercreutz.fi\/blog\/#\/schema\/person\/47d4b72eded862b484f74bb4b3a2354f"},"breadcrumb":{"@id":"https:\/\/andersadlercreutz.fi\/blog\/blog\/adlercreutz-nyt-tarvitaan-kayttopaaomaa-ei-projektirahoitusta-2\/?lang=fi#breadcrumb"},"inLanguage":"sv-SE","potentialAction":[{"@type":"ReadAction","target":["https:\/\/andersadlercreutz.fi\/blog\/blog\/adlercreutz-nyt-tarvitaan-kayttopaaomaa-ei-projektirahoitusta-2\/?lang=fi"]}]},{"@type":"BreadcrumbList","@id":"https:\/\/andersadlercreutz.fi\/blog\/blog\/adlercreutz-nyt-tarvitaan-kayttopaaomaa-ei-projektirahoitusta-2\/?lang=fi#breadcrumb","itemListElement":[{"@type":"ListItem","position":1,"name":"Home","item":"https:\/\/andersadlercreutz.fi\/blog\/blogg\/?lang=sv"},{"@type":"ListItem","position":2,"name":"Adlercreutz: Nyt tarvitaan k\u00e4ytt\u00f6p\u00e4\u00e4omaa, ei projektirahoitusta"}]},{"@type":"WebSite","@id":"https:\/\/andersadlercreutz.fi\/blog\/#website","url":"https:\/\/andersadlercreutz.fi\/blog\/","name":"Anders Adlercreutz","description":"Du. Jag. Vi. Kest&auml;v&auml;sti optimisti","potentialAction":[{"@type":"SearchAction","target":{"@type":"EntryPoint","urlTemplate":"https:\/\/andersadlercreutz.fi\/blog\/?s={search_term_string}"},"query-input":"required name=search_term_string"}],"inLanguage":"sv-SE"},{"@type":"Person","@id":"https:\/\/andersadlercreutz.fi\/blog\/#\/schema\/person\/47d4b72eded862b484f74bb4b3a2354f","name":"Anders","image":{"@type":"ImageObject","inLanguage":"sv-SE","@id":"https:\/\/andersadlercreutz.fi\/blog\/#\/schema\/person\/image\/","url":"https:\/\/secure.gravatar.com\/avatar\/a144c9bda7a581ff6fabba169027e620?s=96&d=mm&r=g","contentUrl":"https:\/\/secure.gravatar.com\/avatar\/a144c9bda7a581ff6fabba169027e620?s=96&d=mm&r=g","caption":"Anders"},"url":"https:\/\/andersadlercreutz.fi\/blog\/author\/admin\/"}]}},"jetpack_featured_media_url":"https:\/\/i0.wp.com\/andersadlercreutz.fi\/blog\/wp-content\/uploads\/2018\/10\/Anders-h\u00e4sten-2018-9.jpg?fit=1214%2C809&ssl=1","jetpack_shortlink":"https:\/\/wp.me\/p4T6Dh-1Er","jetpack_sharing_enabled":true,"_links":{"self":[{"href":"https:\/\/andersadlercreutz.fi\/blog\/wp-json\/wp\/v2\/posts\/6351"}],"collection":[{"href":"https:\/\/andersadlercreutz.fi\/blog\/wp-json\/wp\/v2\/posts"}],"about":[{"href":"https:\/\/andersadlercreutz.fi\/blog\/wp-json\/wp\/v2\/types\/post"}],"author":[{"embeddable":true,"href":"https:\/\/andersadlercreutz.fi\/blog\/wp-json\/wp\/v2\/users\/1"}],"replies":[{"embeddable":true,"href":"https:\/\/andersadlercreutz.fi\/blog\/wp-json\/wp\/v2\/comments?post=6351"}],"version-history":[{"count":3,"href":"https:\/\/andersadlercreutz.fi\/blog\/wp-json\/wp\/v2\/posts\/6351\/revisions"}],"predecessor-version":[{"id":6354,"href":"https:\/\/andersadlercreutz.fi\/blog\/wp-json\/wp\/v2\/posts\/6351\/revisions\/6354"}],"wp:featuredmedia":[{"embeddable":true,"href":"https:\/\/andersadlercreutz.fi\/blog\/wp-json\/wp\/v2\/media\/4309"}],"wp:attachment":[{"href":"https:\/\/andersadlercreutz.fi\/blog\/wp-json\/wp\/v2\/media?parent=6351"}],"wp:term":[{"taxonomy":"category","embeddable":true,"href":"https:\/\/andersadlercreutz.fi\/blog\/wp-json\/wp\/v2\/categories?post=6351"},{"taxonomy":"post_tag","embeddable":true,"href":"https:\/\/andersadlercreutz.fi\/blog\/wp-json\/wp\/v2\/tags?post=6351"}],"curies":[{"name":"wp","href":"https:\/\/api.w.org\/{rel}","templated":true}]}}