{"id":6365,"date":"2020-04-02T21:01:44","date_gmt":"2020-04-02T18:01:44","guid":{"rendered":"http:\/\/andersadlercreutz.fi\/blog\/?p=6365"},"modified":"2020-04-02T21:01:44","modified_gmt":"2020-04-02T18:01:44","slug":"adlercreutz-jarki-kateen-hus","status":"publish","type":"post","link":"https:\/\/andersadlercreutz.fi\/blog\/lehdistotiedote\/adlercreutz-jarki-kateen-hus\/?lang=fi","title":{"rendered":"Adlercreutz: J\u00e4rki k\u00e4teen, HUS!"},"content":{"rendered":"<p>Raaseporin sairaalan yhteisp\u00e4ivystys on vaakalaudalla tulevana maanantaina, kun Helsingin ja Uudenmaan sairaanhoitopiirin (HUS) hallitus kokoontuu k\u00e4sittelem\u00e4\u00e4n asiaa. Kokouksessa tullaan esitt\u00e4m\u00e4\u00e4n, ett\u00e4 yhteisp\u00e4ivystys lakkautetaan. Ruotsalaisen eduskuntaryhm\u00e4n puheenjohtaja Anders Adlercreutz on j\u00e4rkyttynyt p\u00e4\u00e4t\u00f6sehdotuksen lyhytn\u00e4k\u00f6isyydest\u00e4 ja vetoaa hallitukseen, jotta se ei hyv\u00e4ksyisi<strong>\u00a0<\/strong>ehdotusta.<\/p>\n<p>\u2013\u00a0Kehotan HUS:n hallitusta tekem\u00e4\u00e4n sen ainoan j\u00e4rkev\u00e4n ratkaisun: s\u00e4ilytt\u00e4m\u00e4\u00e4n Raaseporin sairaalan yhteisp\u00e4ivystys. Olemme t\u00e4ll\u00e4 hetkell\u00e4 keskell\u00e4 epidemiaa, sek\u00e4 sosiaali- ja terveydenhuoltouudistuksen valmisteluvaiheessa. Nyt ei todellakaan ole oikea aika lakkauttaa palveluita maakunnassa, jossa koronavirus on levinnyt eniten. My\u00f6s sote-uudistuksen n\u00e4k\u00f6kulmasta ajankohta on absurdi. Toivon, ett\u00e4 hallitus p\u00e4\u00e4tyy toiseen ratkaisuun, Adlercreutz sanoo.<\/p>\n<p>L\u00e4nsiuusimaalaisten yht\u00e4l\u00e4inen oikeus terveydenhuoltoon on uhattuna, jos yhteisp\u00e4ivystys ajetaan alas. Ilman yhteisp\u00e4ivystyst\u00e4 nukutusta vaativia toimenpiteit\u00e4 ei voi en\u00e4\u00e4 suorittaa Raaseporissa.<\/p>\n<p>\u2013\u00a0Yhteisp\u00e4ivystyksen lakkauttaminen on kova isku koko L\u00e4nsi-Uudellemaalle niin kilpailukyvyn kuin kansalaisten turvallisuudentunteen n\u00e4k\u00f6kulmasta. N\u00e4in\u00e4 epidemia-aikoina tarve saada hyv\u00e4\u00e4 hoitoa omalla \u00e4idinkielell\u00e4 korostuu. Nyt ei ole aika ajaa alas palveluita, sen sijaan meid\u00e4n tulisi vahvistaa alueellista ja sosiaalista yhdenvertaisuutta. Raaseporin sairaala ja sen yhteisp\u00e4ivystys on perustavanlaatuinen osa koko alueen elinvoimaisuutta.<\/p>\n","protected":false},"excerpt":{"rendered":"<p>Raaseporin sairaalan yhteisp\u00e4ivystys on vaakalaudalla tulevana maanantaina, kun Helsingin ja Uudenmaan sairaanhoitopiirin (HUS) hallitus kokoontuu k\u00e4sittelem\u00e4\u00e4n asiaa. Kokouksessa tullaan esitt\u00e4m\u00e4\u00e4n, ett\u00e4 yhteisp\u00e4ivystys lakkautetaan. Ruotsalaisen eduskuntaryhm\u00e4n puheenjohtaja Anders Adlercreutz on j\u00e4rkyttynyt p\u00e4\u00e4t\u00f6sehdotuksen lyhytn\u00e4k\u00f6isyydest\u00e4 ja vetoaa hallitukseen, jotta se ei hyv\u00e4ksyisi\u00a0ehdotusta. \u2013\u00a0Kehotan HUS:n hallitusta tekem\u00e4\u00e4n sen ainoan j\u00e4rkev\u00e4n ratkaisun: s\u00e4ilytt\u00e4m\u00e4\u00e4n Raaseporin sairaalan yhteisp\u00e4ivystys. Olemme t\u00e4ll\u00e4 hetkell\u00e4 keskell\u00e4 [&hellip;]<\/p>\n","protected":false},"author":1,"featured_media":4424,"comment_status":"open","ping_status":"open","sticky":false,"template":"","format":"standard","meta":{"jetpack_post_was_ever_published":false,"_jetpack_newsletter_access":"","jetpack_publicize_message":"","jetpack_is_tweetstorm":false,"jetpack_publicize_feature_enabled":true,"jetpack_social_post_already_shared":true,"jetpack_social_options":{"image_generator_settings":{"template":"highway","enabled":false}}},"categories":[71],"tags":[],"jetpack_publicize_connections":[],"yoast_head":"<!-- This site is optimized with the Yoast SEO plugin v20.12 - https:\/\/yoast.com\/wordpress\/plugins\/seo\/ -->\n<title>Adlercreutz: J\u00e4rki k\u00e4teen, HUS! - Anders Adlercreutz<\/title>\n<meta name=\"robots\" content=\"index, follow, max-snippet:-1, max-image-preview:large, max-video-preview:-1\" \/>\n<link rel=\"canonical\" href=\"https:\/\/andersadlercreutz.fi\/blog\/lehdistotiedote\/adlercreutz-jarki-kateen-hus\/\" \/>\n<meta property=\"og:locale\" content=\"sv_SE\" \/>\n<meta property=\"og:type\" content=\"article\" \/>\n<meta property=\"og:title\" content=\"Adlercreutz: J\u00e4rki k\u00e4teen, HUS! - Anders Adlercreutz\" \/>\n<meta property=\"og:description\" content=\"Raaseporin sairaalan yhteisp\u00e4ivystys on vaakalaudalla tulevana maanantaina, kun Helsingin ja Uudenmaan sairaanhoitopiirin (HUS) hallitus kokoontuu k\u00e4sittelem\u00e4\u00e4n asiaa. Kokouksessa tullaan esitt\u00e4m\u00e4\u00e4n, ett\u00e4 yhteisp\u00e4ivystys lakkautetaan. Ruotsalaisen eduskuntaryhm\u00e4n puheenjohtaja Anders Adlercreutz on j\u00e4rkyttynyt p\u00e4\u00e4t\u00f6sehdotuksen lyhytn\u00e4k\u00f6isyydest\u00e4 ja vetoaa hallitukseen, jotta se ei hyv\u00e4ksyisi\u00a0ehdotusta. \u2013\u00a0Kehotan HUS:n hallitusta tekem\u00e4\u00e4n sen ainoan j\u00e4rkev\u00e4n ratkaisun: s\u00e4ilytt\u00e4m\u00e4\u00e4n Raaseporin sairaalan yhteisp\u00e4ivystys. Olemme t\u00e4ll\u00e4 hetkell\u00e4 keskell\u00e4 [&hellip;]\" \/>\n<meta property=\"og:url\" content=\"https:\/\/andersadlercreutz.fi\/blog\/lehdistotiedote\/adlercreutz-jarki-kateen-hus\/?lang=fi\" \/>\n<meta property=\"og:site_name\" content=\"Anders Adlercreutz\" \/>\n<meta property=\"article:published_time\" content=\"2020-04-02T18:01:44+00:00\" \/>\n<meta property=\"og:image\" content=\"https:\/\/i0.wp.com\/andersadlercreutz.fi\/blog\/wp-content\/uploads\/2019\/01\/Anders-h\u00e4sten-2018-1400.jpg?fit=1040%2C401&ssl=1\" \/>\n\t<meta property=\"og:image:width\" content=\"1040\" \/>\n\t<meta property=\"og:image:height\" content=\"401\" \/>\n\t<meta property=\"og:image:type\" content=\"image\/jpeg\" \/>\n<meta name=\"author\" content=\"Anders\" \/>\n<meta name=\"twitter:card\" content=\"summary_large_image\" \/>\n<meta name=\"twitter:label1\" content=\"Skriven av\" \/>\n\t<meta name=\"twitter:data1\" content=\"Anders\" \/>\n\t<meta name=\"twitter:label2\" content=\"Ber\u00e4knad l\u00e4stid\" \/>\n\t<meta name=\"twitter:data2\" content=\"1 minut\" \/>\n<script type=\"application\/ld+json\" class=\"yoast-schema-graph\">{\"@context\":\"https:\/\/schema.org\",\"@graph\":[{\"@type\":\"WebPage\",\"@id\":\"https:\/\/andersadlercreutz.fi\/blog\/lehdistotiedote\/adlercreutz-jarki-kateen-hus\/?lang=fi\",\"url\":\"https:\/\/andersadlercreutz.fi\/blog\/lehdistotiedote\/adlercreutz-jarki-kateen-hus\/?lang=fi\",\"name\":\"Adlercreutz: J\u00e4rki k\u00e4teen, HUS! - Anders Adlercreutz\",\"isPartOf\":{\"@id\":\"https:\/\/andersadlercreutz.fi\/blog\/#website\"},\"datePublished\":\"2020-04-02T18:01:44+00:00\",\"dateModified\":\"2020-04-02T18:01:44+00:00\",\"author\":{\"@id\":\"https:\/\/andersadlercreutz.fi\/blog\/#\/schema\/person\/47d4b72eded862b484f74bb4b3a2354f\"},\"breadcrumb\":{\"@id\":\"https:\/\/andersadlercreutz.fi\/blog\/lehdistotiedote\/adlercreutz-jarki-kateen-hus\/?lang=fi#breadcrumb\"},\"inLanguage\":\"sv-SE\",\"potentialAction\":[{\"@type\":\"ReadAction\",\"target\":[\"https:\/\/andersadlercreutz.fi\/blog\/lehdistotiedote\/adlercreutz-jarki-kateen-hus\/?lang=fi\"]}]},{\"@type\":\"BreadcrumbList\",\"@id\":\"https:\/\/andersadlercreutz.fi\/blog\/lehdistotiedote\/adlercreutz-jarki-kateen-hus\/?lang=fi#breadcrumb\",\"itemListElement\":[{\"@type\":\"ListItem\",\"position\":1,\"name\":\"Home\",\"item\":\"https:\/\/andersadlercreutz.fi\/blog\/blogg\/?lang=sv\"},{\"@type\":\"ListItem\",\"position\":2,\"name\":\"Adlercreutz: J\u00e4rki k\u00e4teen, HUS!\"}]},{\"@type\":\"WebSite\",\"@id\":\"https:\/\/andersadlercreutz.fi\/blog\/#website\",\"url\":\"https:\/\/andersadlercreutz.fi\/blog\/\",\"name\":\"Anders Adlercreutz\",\"description\":\"Du. Jag. Vi. Kest&auml;v&auml;sti optimisti\",\"potentialAction\":[{\"@type\":\"SearchAction\",\"target\":{\"@type\":\"EntryPoint\",\"urlTemplate\":\"https:\/\/andersadlercreutz.fi\/blog\/?s={search_term_string}\"},\"query-input\":\"required name=search_term_string\"}],\"inLanguage\":\"sv-SE\"},{\"@type\":\"Person\",\"@id\":\"https:\/\/andersadlercreutz.fi\/blog\/#\/schema\/person\/47d4b72eded862b484f74bb4b3a2354f\",\"name\":\"Anders\",\"image\":{\"@type\":\"ImageObject\",\"inLanguage\":\"sv-SE\",\"@id\":\"https:\/\/andersadlercreutz.fi\/blog\/#\/schema\/person\/image\/\",\"url\":\"https:\/\/secure.gravatar.com\/avatar\/a144c9bda7a581ff6fabba169027e620?s=96&d=mm&r=g\",\"contentUrl\":\"https:\/\/secure.gravatar.com\/avatar\/a144c9bda7a581ff6fabba169027e620?s=96&d=mm&r=g\",\"caption\":\"Anders\"},\"url\":\"https:\/\/andersadlercreutz.fi\/blog\/author\/admin\/\"}]}<\/script>\n<!-- \/ Yoast SEO plugin. -->","yoast_head_json":{"title":"Adlercreutz: J\u00e4rki k\u00e4teen, HUS! - Anders Adlercreutz","robots":{"index":"index","follow":"follow","max-snippet":"max-snippet:-1","max-image-preview":"max-image-preview:large","max-video-preview":"max-video-preview:-1"},"canonical":"https:\/\/andersadlercreutz.fi\/blog\/lehdistotiedote\/adlercreutz-jarki-kateen-hus\/","og_locale":"sv_SE","og_type":"article","og_title":"Adlercreutz: J\u00e4rki k\u00e4teen, HUS! - Anders Adlercreutz","og_description":"Raaseporin sairaalan yhteisp\u00e4ivystys on vaakalaudalla tulevana maanantaina, kun Helsingin ja Uudenmaan sairaanhoitopiirin (HUS) hallitus kokoontuu k\u00e4sittelem\u00e4\u00e4n asiaa. Kokouksessa tullaan esitt\u00e4m\u00e4\u00e4n, ett\u00e4 yhteisp\u00e4ivystys lakkautetaan. Ruotsalaisen eduskuntaryhm\u00e4n puheenjohtaja Anders Adlercreutz on j\u00e4rkyttynyt p\u00e4\u00e4t\u00f6sehdotuksen lyhytn\u00e4k\u00f6isyydest\u00e4 ja vetoaa hallitukseen, jotta se ei hyv\u00e4ksyisi\u00a0ehdotusta. \u2013\u00a0Kehotan HUS:n hallitusta tekem\u00e4\u00e4n sen ainoan j\u00e4rkev\u00e4n ratkaisun: s\u00e4ilytt\u00e4m\u00e4\u00e4n Raaseporin sairaalan yhteisp\u00e4ivystys. Olemme t\u00e4ll\u00e4 hetkell\u00e4 keskell\u00e4 [&hellip;]","og_url":"https:\/\/andersadlercreutz.fi\/blog\/lehdistotiedote\/adlercreutz-jarki-kateen-hus\/?lang=fi","og_site_name":"Anders Adlercreutz","article_published_time":"2020-04-02T18:01:44+00:00","og_image":[{"width":1040,"height":401,"url":"https:\/\/i0.wp.com\/andersadlercreutz.fi\/blog\/wp-content\/uploads\/2019\/01\/Anders-h\u00e4sten-2018-1400.jpg?fit=1040%2C401&ssl=1","type":"image\/jpeg"}],"author":"Anders","twitter_card":"summary_large_image","twitter_misc":{"Skriven av":"Anders","Ber\u00e4knad l\u00e4stid":"1 minut"},"schema":{"@context":"https:\/\/schema.org","@graph":[{"@type":"WebPage","@id":"https:\/\/andersadlercreutz.fi\/blog\/lehdistotiedote\/adlercreutz-jarki-kateen-hus\/?lang=fi","url":"https:\/\/andersadlercreutz.fi\/blog\/lehdistotiedote\/adlercreutz-jarki-kateen-hus\/?lang=fi","name":"Adlercreutz: J\u00e4rki k\u00e4teen, HUS! - Anders Adlercreutz","isPartOf":{"@id":"https:\/\/andersadlercreutz.fi\/blog\/#website"},"datePublished":"2020-04-02T18:01:44+00:00","dateModified":"2020-04-02T18:01:44+00:00","author":{"@id":"https:\/\/andersadlercreutz.fi\/blog\/#\/schema\/person\/47d4b72eded862b484f74bb4b3a2354f"},"breadcrumb":{"@id":"https:\/\/andersadlercreutz.fi\/blog\/lehdistotiedote\/adlercreutz-jarki-kateen-hus\/?lang=fi#breadcrumb"},"inLanguage":"sv-SE","potentialAction":[{"@type":"ReadAction","target":["https:\/\/andersadlercreutz.fi\/blog\/lehdistotiedote\/adlercreutz-jarki-kateen-hus\/?lang=fi"]}]},{"@type":"BreadcrumbList","@id":"https:\/\/andersadlercreutz.fi\/blog\/lehdistotiedote\/adlercreutz-jarki-kateen-hus\/?lang=fi#breadcrumb","itemListElement":[{"@type":"ListItem","position":1,"name":"Home","item":"https:\/\/andersadlercreutz.fi\/blog\/blogg\/?lang=sv"},{"@type":"ListItem","position":2,"name":"Adlercreutz: J\u00e4rki k\u00e4teen, HUS!"}]},{"@type":"WebSite","@id":"https:\/\/andersadlercreutz.fi\/blog\/#website","url":"https:\/\/andersadlercreutz.fi\/blog\/","name":"Anders Adlercreutz","description":"Du. Jag. Vi. Kest&auml;v&auml;sti optimisti","potentialAction":[{"@type":"SearchAction","target":{"@type":"EntryPoint","urlTemplate":"https:\/\/andersadlercreutz.fi\/blog\/?s={search_term_string}"},"query-input":"required name=search_term_string"}],"inLanguage":"sv-SE"},{"@type":"Person","@id":"https:\/\/andersadlercreutz.fi\/blog\/#\/schema\/person\/47d4b72eded862b484f74bb4b3a2354f","name":"Anders","image":{"@type":"ImageObject","inLanguage":"sv-SE","@id":"https:\/\/andersadlercreutz.fi\/blog\/#\/schema\/person\/image\/","url":"https:\/\/secure.gravatar.com\/avatar\/a144c9bda7a581ff6fabba169027e620?s=96&d=mm&r=g","contentUrl":"https:\/\/secure.gravatar.com\/avatar\/a144c9bda7a581ff6fabba169027e620?s=96&d=mm&r=g","caption":"Anders"},"url":"https:\/\/andersadlercreutz.fi\/blog\/author\/admin\/"}]}},"jetpack_featured_media_url":"https:\/\/i0.wp.com\/andersadlercreutz.fi\/blog\/wp-content\/uploads\/2019\/01\/Anders-h\u00e4sten-2018-1400.jpg?fit=1040%2C401&ssl=1","jetpack_shortlink":"https:\/\/wp.me\/p4T6Dh-1EF","jetpack_sharing_enabled":true,"_links":{"self":[{"href":"https:\/\/andersadlercreutz.fi\/blog\/wp-json\/wp\/v2\/posts\/6365"}],"collection":[{"href":"https:\/\/andersadlercreutz.fi\/blog\/wp-json\/wp\/v2\/posts"}],"about":[{"href":"https:\/\/andersadlercreutz.fi\/blog\/wp-json\/wp\/v2\/types\/post"}],"author":[{"embeddable":true,"href":"https:\/\/andersadlercreutz.fi\/blog\/wp-json\/wp\/v2\/users\/1"}],"replies":[{"embeddable":true,"href":"https:\/\/andersadlercreutz.fi\/blog\/wp-json\/wp\/v2\/comments?post=6365"}],"version-history":[{"count":1,"href":"https:\/\/andersadlercreutz.fi\/blog\/wp-json\/wp\/v2\/posts\/6365\/revisions"}],"predecessor-version":[{"id":6366,"href":"https:\/\/andersadlercreutz.fi\/blog\/wp-json\/wp\/v2\/posts\/6365\/revisions\/6366"}],"wp:featuredmedia":[{"embeddable":true,"href":"https:\/\/andersadlercreutz.fi\/blog\/wp-json\/wp\/v2\/media\/4424"}],"wp:attachment":[{"href":"https:\/\/andersadlercreutz.fi\/blog\/wp-json\/wp\/v2\/media?parent=6365"}],"wp:term":[{"taxonomy":"category","embeddable":true,"href":"https:\/\/andersadlercreutz.fi\/blog\/wp-json\/wp\/v2\/categories?post=6365"},{"taxonomy":"post_tag","embeddable":true,"href":"https:\/\/andersadlercreutz.fi\/blog\/wp-json\/wp\/v2\/tags?post=6365"}],"curies":[{"name":"wp","href":"https:\/\/api.w.org\/{rel}","templated":true}]}}