{"id":6373,"date":"2020-04-05T13:11:38","date_gmt":"2020-04-05T10:11:38","guid":{"rendered":"http:\/\/andersadlercreutz.fi\/blog\/?p=6373"},"modified":"2020-04-05T13:13:37","modified_gmt":"2020-04-05T10:13:37","slug":"adlercreutz-poistakaa-tulorajat-jotka-estavat-opiskelijoiden-tyonteon-terveydenhuollossa-ja-maataloudessa","status":"publish","type":"post","link":"https:\/\/andersadlercreutz.fi\/blog\/lehdistotiedote\/adlercreutz-poistakaa-tulorajat-jotka-estavat-opiskelijoiden-tyonteon-terveydenhuollossa-ja-maataloudessa\/?lang=fi","title":{"rendered":"Adlercreutz: Poistakaa tulorajat, jotka est\u00e4v\u00e4t opiskelijoiden ty\u00f6nteon terveydenhuollossa ja maataloudessa"},"content":{"rendered":"<p>Yhteiskunnan ollessa poikkeustilassa moni ala tarvitsee ty\u00f6ntekij\u00f6it\u00e4 ja auttavia k\u00e4si\u00e4. Samanaikaisesti opiskelijat ovat kohdanneet karun todellisuuden koronas\u00e4\u00e4nn\u00f6sten my\u00f6t\u00e4: oppilaitokset sulkevat ovensa, p\u00e4\u00e4tt\u00e4j\u00e4isjuhlia lyk\u00e4t\u00e4\u00e4n, opiskeluajat pitenev\u00e4t, opiskelijavaihdot peruuntuvat, opintotuen enimm\u00e4isaika t\u00e4yttyy ja opiskelijaa voi uhata joutuminen toimeentulotuen piiriin.<\/p>\n<p>\u2013\u00a0Vuonna 2018 Ruotsalaisen kansanpuolueen puoluekokous vahvisti tavoitteekseen opintotuen tulorajan poistamisen. Nyt maan rajat on suljettu ja koronaepidemian paikalliset seuraukset johtavat ty\u00f6ntekij\u00f6iden puutteeseen monella alalla. Hallituksen on aika mahdollistaa opiskelijoiden ty\u00f6nteko ilman tulorajaa, Ruotsalaisen eduskuntaryhm\u00e4n puheenjohtaja <strong>Anders Adlercreutz <\/strong>sanoo.<\/p>\n<p>Opiskelijoiden vuosituloraja lasketaan siten, ett\u00e4 tukikuukausina opiskelijalla sallitaan 696 euron tulot. Niin\u00e4 kuukausina, jolloin opiskelija puolestaan on ilman opintotukea, h\u00e4nen tulonsa voivat olla 2 078 euroa.<\/p>\n<p>Adlercreutzin ehdotus tarkoittaisi sit\u00e4, ett\u00e4 opiskelijat voitaisiin vapauttaa vuositulorajasta huhti-syyskuun v\u00e4lisen\u00e4 aikana. Esimerkiksi hoitoty\u00f6n opiskelijalla olisi mahdollisuus auttaa yhteiskuntaa ja kantaa kortensa kekoon ilman huolta siit\u00e4, ett\u00e4 ty\u00f6nteolla voisi olla kielteinen taloudellinen vaikutus opintotukijaksoon.<\/p>\n<p>\u2013\u00a0Olen vakuuttunut siit\u00e4, ett\u00e4 l\u00f6ytyy opiskelijoita, jotka ovat valmiita ty\u00f6ntekoon. Heid\u00e4n ty\u00f6panoksensa olisi t\u00e4ss\u00e4 tilanteessa eritt\u00e4in tarpeellinen, sill\u00e4 olemme kuulleet huudon ty\u00f6voiman tarpeesta niin hoitoalalta, mansikanviljelij\u00f6ilt\u00e4 kuin maanviljelij\u00f6ilt\u00e4, Adlercreutz toteaa. T\u00e4h\u00e4n olisi nyt selke\u00e4, helppo ja k\u00e4yt\u00e4nn\u00f6llinen ratkaisu, jos opiskelijat voitaisiin vapauttaa vuositulorajasta t\u00e4m\u00e4n ajanjakson aikana saatujen tulojen osalta.<\/p>\n","protected":false},"excerpt":{"rendered":"<p>Yhteiskunnan ollessa poikkeustilassa moni ala tarvitsee ty\u00f6ntekij\u00f6it\u00e4 ja auttavia k\u00e4si\u00e4. Samanaikaisesti opiskelijat ovat kohdanneet karun todellisuuden koronas\u00e4\u00e4nn\u00f6sten my\u00f6t\u00e4: oppilaitokset sulkevat ovensa, p\u00e4\u00e4tt\u00e4j\u00e4isjuhlia lyk\u00e4t\u00e4\u00e4n, opiskeluajat pitenev\u00e4t, opiskelijavaihdot peruuntuvat, opintotuen enimm\u00e4isaika t\u00e4yttyy ja opiskelijaa voi uhata joutuminen toimeentulotuen piiriin. \u2013\u00a0Vuonna 2018 Ruotsalaisen kansanpuolueen puoluekokous vahvisti tavoitteekseen opintotuen tulorajan poistamisen. Nyt maan rajat on suljettu ja koronaepidemian paikalliset [&hellip;]<\/p>\n","protected":false},"author":1,"featured_media":3864,"comment_status":"open","ping_status":"open","sticky":false,"template":"","format":"standard","meta":{"jetpack_post_was_ever_published":false,"_jetpack_newsletter_access":"","jetpack_publicize_message":"","jetpack_is_tweetstorm":false,"jetpack_publicize_feature_enabled":true,"jetpack_social_post_already_shared":true,"jetpack_social_options":{"image_generator_settings":{"template":"highway","enabled":false}}},"categories":[71],"tags":[],"jetpack_publicize_connections":[],"yoast_head":"<!-- This site is optimized with the Yoast SEO plugin v20.12 - https:\/\/yoast.com\/wordpress\/plugins\/seo\/ -->\n<title>Adlercreutz: Poistakaa tulorajat, jotka est\u00e4v\u00e4t opiskelijoiden ty\u00f6nteon terveydenhuollossa ja maataloudessa - Anders Adlercreutz<\/title>\n<meta name=\"robots\" content=\"index, follow, max-snippet:-1, max-image-preview:large, max-video-preview:-1\" \/>\n<link rel=\"canonical\" href=\"https:\/\/andersadlercreutz.fi\/blog\/lehdistotiedote\/adlercreutz-poistakaa-tulorajat-jotka-estavat-opiskelijoiden-tyonteon-terveydenhuollossa-ja-maataloudessa\/\" \/>\n<meta property=\"og:locale\" content=\"sv_SE\" \/>\n<meta property=\"og:type\" content=\"article\" \/>\n<meta property=\"og:title\" content=\"Adlercreutz: Poistakaa tulorajat, jotka est\u00e4v\u00e4t opiskelijoiden ty\u00f6nteon terveydenhuollossa ja maataloudessa - Anders Adlercreutz\" \/>\n<meta property=\"og:description\" content=\"Yhteiskunnan ollessa poikkeustilassa moni ala tarvitsee ty\u00f6ntekij\u00f6it\u00e4 ja auttavia k\u00e4si\u00e4. Samanaikaisesti opiskelijat ovat kohdanneet karun todellisuuden koronas\u00e4\u00e4nn\u00f6sten my\u00f6t\u00e4: oppilaitokset sulkevat ovensa, p\u00e4\u00e4tt\u00e4j\u00e4isjuhlia lyk\u00e4t\u00e4\u00e4n, opiskeluajat pitenev\u00e4t, opiskelijavaihdot peruuntuvat, opintotuen enimm\u00e4isaika t\u00e4yttyy ja opiskelijaa voi uhata joutuminen toimeentulotuen piiriin. \u2013\u00a0Vuonna 2018 Ruotsalaisen kansanpuolueen puoluekokous vahvisti tavoitteekseen opintotuen tulorajan poistamisen. Nyt maan rajat on suljettu ja koronaepidemian paikalliset [&hellip;]\" \/>\n<meta property=\"og:url\" content=\"https:\/\/andersadlercreutz.fi\/blog\/lehdistotiedote\/adlercreutz-poistakaa-tulorajat-jotka-estavat-opiskelijoiden-tyonteon-terveydenhuollossa-ja-maataloudessa\/?lang=fi\" \/>\n<meta property=\"og:site_name\" content=\"Anders Adlercreutz\" \/>\n<meta property=\"article:published_time\" content=\"2020-04-05T10:11:38+00:00\" \/>\n<meta property=\"article:modified_time\" content=\"2020-04-05T10:13:37+00:00\" \/>\n<meta property=\"og:image\" content=\"https:\/\/i0.wp.com\/andersadlercreutz.fi\/blog\/wp-content\/uploads\/2018\/01\/Anders-RD012018-5.jpg?fit=1800%2C1227&ssl=1\" \/>\n\t<meta property=\"og:image:width\" content=\"1800\" \/>\n\t<meta property=\"og:image:height\" content=\"1227\" \/>\n\t<meta property=\"og:image:type\" content=\"image\/jpeg\" \/>\n<meta name=\"author\" content=\"Anders\" \/>\n<meta name=\"twitter:card\" content=\"summary_large_image\" \/>\n<meta name=\"twitter:label1\" content=\"Skriven av\" \/>\n\t<meta name=\"twitter:data1\" content=\"Anders\" \/>\n\t<meta name=\"twitter:label2\" content=\"Ber\u00e4knad l\u00e4stid\" \/>\n\t<meta name=\"twitter:data2\" content=\"1 minut\" \/>\n<script type=\"application\/ld+json\" class=\"yoast-schema-graph\">{\"@context\":\"https:\/\/schema.org\",\"@graph\":[{\"@type\":\"WebPage\",\"@id\":\"https:\/\/andersadlercreutz.fi\/blog\/lehdistotiedote\/adlercreutz-poistakaa-tulorajat-jotka-estavat-opiskelijoiden-tyonteon-terveydenhuollossa-ja-maataloudessa\/?lang=fi\",\"url\":\"https:\/\/andersadlercreutz.fi\/blog\/lehdistotiedote\/adlercreutz-poistakaa-tulorajat-jotka-estavat-opiskelijoiden-tyonteon-terveydenhuollossa-ja-maataloudessa\/?lang=fi\",\"name\":\"Adlercreutz: Poistakaa tulorajat, jotka est\u00e4v\u00e4t opiskelijoiden ty\u00f6nteon terveydenhuollossa ja maataloudessa - Anders Adlercreutz\",\"isPartOf\":{\"@id\":\"https:\/\/andersadlercreutz.fi\/blog\/#website\"},\"datePublished\":\"2020-04-05T10:11:38+00:00\",\"dateModified\":\"2020-04-05T10:13:37+00:00\",\"author\":{\"@id\":\"https:\/\/andersadlercreutz.fi\/blog\/#\/schema\/person\/47d4b72eded862b484f74bb4b3a2354f\"},\"breadcrumb\":{\"@id\":\"https:\/\/andersadlercreutz.fi\/blog\/lehdistotiedote\/adlercreutz-poistakaa-tulorajat-jotka-estavat-opiskelijoiden-tyonteon-terveydenhuollossa-ja-maataloudessa\/?lang=fi#breadcrumb\"},\"inLanguage\":\"sv-SE\",\"potentialAction\":[{\"@type\":\"ReadAction\",\"target\":[\"https:\/\/andersadlercreutz.fi\/blog\/lehdistotiedote\/adlercreutz-poistakaa-tulorajat-jotka-estavat-opiskelijoiden-tyonteon-terveydenhuollossa-ja-maataloudessa\/?lang=fi\"]}]},{\"@type\":\"BreadcrumbList\",\"@id\":\"https:\/\/andersadlercreutz.fi\/blog\/lehdistotiedote\/adlercreutz-poistakaa-tulorajat-jotka-estavat-opiskelijoiden-tyonteon-terveydenhuollossa-ja-maataloudessa\/?lang=fi#breadcrumb\",\"itemListElement\":[{\"@type\":\"ListItem\",\"position\":1,\"name\":\"Home\",\"item\":\"https:\/\/andersadlercreutz.fi\/blog\/blogg\/?lang=sv\"},{\"@type\":\"ListItem\",\"position\":2,\"name\":\"Adlercreutz: Poistakaa tulorajat, jotka est\u00e4v\u00e4t opiskelijoiden ty\u00f6nteon terveydenhuollossa ja maataloudessa\"}]},{\"@type\":\"WebSite\",\"@id\":\"https:\/\/andersadlercreutz.fi\/blog\/#website\",\"url\":\"https:\/\/andersadlercreutz.fi\/blog\/\",\"name\":\"Anders Adlercreutz\",\"description\":\"Du. Jag. Vi. Kest&auml;v&auml;sti optimisti\",\"potentialAction\":[{\"@type\":\"SearchAction\",\"target\":{\"@type\":\"EntryPoint\",\"urlTemplate\":\"https:\/\/andersadlercreutz.fi\/blog\/?s={search_term_string}\"},\"query-input\":\"required name=search_term_string\"}],\"inLanguage\":\"sv-SE\"},{\"@type\":\"Person\",\"@id\":\"https:\/\/andersadlercreutz.fi\/blog\/#\/schema\/person\/47d4b72eded862b484f74bb4b3a2354f\",\"name\":\"Anders\",\"image\":{\"@type\":\"ImageObject\",\"inLanguage\":\"sv-SE\",\"@id\":\"https:\/\/andersadlercreutz.fi\/blog\/#\/schema\/person\/image\/\",\"url\":\"https:\/\/secure.gravatar.com\/avatar\/a144c9bda7a581ff6fabba169027e620?s=96&d=mm&r=g\",\"contentUrl\":\"https:\/\/secure.gravatar.com\/avatar\/a144c9bda7a581ff6fabba169027e620?s=96&d=mm&r=g\",\"caption\":\"Anders\"},\"url\":\"https:\/\/andersadlercreutz.fi\/blog\/author\/admin\/\"}]}<\/script>\n<!-- \/ Yoast SEO plugin. -->","yoast_head_json":{"title":"Adlercreutz: Poistakaa tulorajat, jotka est\u00e4v\u00e4t opiskelijoiden ty\u00f6nteon terveydenhuollossa ja maataloudessa - Anders Adlercreutz","robots":{"index":"index","follow":"follow","max-snippet":"max-snippet:-1","max-image-preview":"max-image-preview:large","max-video-preview":"max-video-preview:-1"},"canonical":"https:\/\/andersadlercreutz.fi\/blog\/lehdistotiedote\/adlercreutz-poistakaa-tulorajat-jotka-estavat-opiskelijoiden-tyonteon-terveydenhuollossa-ja-maataloudessa\/","og_locale":"sv_SE","og_type":"article","og_title":"Adlercreutz: Poistakaa tulorajat, jotka est\u00e4v\u00e4t opiskelijoiden ty\u00f6nteon terveydenhuollossa ja maataloudessa - Anders Adlercreutz","og_description":"Yhteiskunnan ollessa poikkeustilassa moni ala tarvitsee ty\u00f6ntekij\u00f6it\u00e4 ja auttavia k\u00e4si\u00e4. Samanaikaisesti opiskelijat ovat kohdanneet karun todellisuuden koronas\u00e4\u00e4nn\u00f6sten my\u00f6t\u00e4: oppilaitokset sulkevat ovensa, p\u00e4\u00e4tt\u00e4j\u00e4isjuhlia lyk\u00e4t\u00e4\u00e4n, opiskeluajat pitenev\u00e4t, opiskelijavaihdot peruuntuvat, opintotuen enimm\u00e4isaika t\u00e4yttyy ja opiskelijaa voi uhata joutuminen toimeentulotuen piiriin. \u2013\u00a0Vuonna 2018 Ruotsalaisen kansanpuolueen puoluekokous vahvisti tavoitteekseen opintotuen tulorajan poistamisen. Nyt maan rajat on suljettu ja koronaepidemian paikalliset [&hellip;]","og_url":"https:\/\/andersadlercreutz.fi\/blog\/lehdistotiedote\/adlercreutz-poistakaa-tulorajat-jotka-estavat-opiskelijoiden-tyonteon-terveydenhuollossa-ja-maataloudessa\/?lang=fi","og_site_name":"Anders Adlercreutz","article_published_time":"2020-04-05T10:11:38+00:00","article_modified_time":"2020-04-05T10:13:37+00:00","og_image":[{"width":1800,"height":1227,"url":"https:\/\/i0.wp.com\/andersadlercreutz.fi\/blog\/wp-content\/uploads\/2018\/01\/Anders-RD012018-5.jpg?fit=1800%2C1227&ssl=1","type":"image\/jpeg"}],"author":"Anders","twitter_card":"summary_large_image","twitter_misc":{"Skriven av":"Anders","Ber\u00e4knad l\u00e4stid":"1 minut"},"schema":{"@context":"https:\/\/schema.org","@graph":[{"@type":"WebPage","@id":"https:\/\/andersadlercreutz.fi\/blog\/lehdistotiedote\/adlercreutz-poistakaa-tulorajat-jotka-estavat-opiskelijoiden-tyonteon-terveydenhuollossa-ja-maataloudessa\/?lang=fi","url":"https:\/\/andersadlercreutz.fi\/blog\/lehdistotiedote\/adlercreutz-poistakaa-tulorajat-jotka-estavat-opiskelijoiden-tyonteon-terveydenhuollossa-ja-maataloudessa\/?lang=fi","name":"Adlercreutz: Poistakaa tulorajat, jotka est\u00e4v\u00e4t opiskelijoiden ty\u00f6nteon terveydenhuollossa ja maataloudessa - Anders Adlercreutz","isPartOf":{"@id":"https:\/\/andersadlercreutz.fi\/blog\/#website"},"datePublished":"2020-04-05T10:11:38+00:00","dateModified":"2020-04-05T10:13:37+00:00","author":{"@id":"https:\/\/andersadlercreutz.fi\/blog\/#\/schema\/person\/47d4b72eded862b484f74bb4b3a2354f"},"breadcrumb":{"@id":"https:\/\/andersadlercreutz.fi\/blog\/lehdistotiedote\/adlercreutz-poistakaa-tulorajat-jotka-estavat-opiskelijoiden-tyonteon-terveydenhuollossa-ja-maataloudessa\/?lang=fi#breadcrumb"},"inLanguage":"sv-SE","potentialAction":[{"@type":"ReadAction","target":["https:\/\/andersadlercreutz.fi\/blog\/lehdistotiedote\/adlercreutz-poistakaa-tulorajat-jotka-estavat-opiskelijoiden-tyonteon-terveydenhuollossa-ja-maataloudessa\/?lang=fi"]}]},{"@type":"BreadcrumbList","@id":"https:\/\/andersadlercreutz.fi\/blog\/lehdistotiedote\/adlercreutz-poistakaa-tulorajat-jotka-estavat-opiskelijoiden-tyonteon-terveydenhuollossa-ja-maataloudessa\/?lang=fi#breadcrumb","itemListElement":[{"@type":"ListItem","position":1,"name":"Home","item":"https:\/\/andersadlercreutz.fi\/blog\/blogg\/?lang=sv"},{"@type":"ListItem","position":2,"name":"Adlercreutz: Poistakaa tulorajat, jotka est\u00e4v\u00e4t opiskelijoiden ty\u00f6nteon terveydenhuollossa ja maataloudessa"}]},{"@type":"WebSite","@id":"https:\/\/andersadlercreutz.fi\/blog\/#website","url":"https:\/\/andersadlercreutz.fi\/blog\/","name":"Anders Adlercreutz","description":"Du. Jag. Vi. Kest&auml;v&auml;sti optimisti","potentialAction":[{"@type":"SearchAction","target":{"@type":"EntryPoint","urlTemplate":"https:\/\/andersadlercreutz.fi\/blog\/?s={search_term_string}"},"query-input":"required name=search_term_string"}],"inLanguage":"sv-SE"},{"@type":"Person","@id":"https:\/\/andersadlercreutz.fi\/blog\/#\/schema\/person\/47d4b72eded862b484f74bb4b3a2354f","name":"Anders","image":{"@type":"ImageObject","inLanguage":"sv-SE","@id":"https:\/\/andersadlercreutz.fi\/blog\/#\/schema\/person\/image\/","url":"https:\/\/secure.gravatar.com\/avatar\/a144c9bda7a581ff6fabba169027e620?s=96&d=mm&r=g","contentUrl":"https:\/\/secure.gravatar.com\/avatar\/a144c9bda7a581ff6fabba169027e620?s=96&d=mm&r=g","caption":"Anders"},"url":"https:\/\/andersadlercreutz.fi\/blog\/author\/admin\/"}]}},"jetpack_featured_media_url":"https:\/\/i0.wp.com\/andersadlercreutz.fi\/blog\/wp-content\/uploads\/2018\/01\/Anders-RD012018-5.jpg?fit=1800%2C1227&ssl=1","jetpack_shortlink":"https:\/\/wp.me\/p4T6Dh-1EN","jetpack_sharing_enabled":true,"_links":{"self":[{"href":"https:\/\/andersadlercreutz.fi\/blog\/wp-json\/wp\/v2\/posts\/6373"}],"collection":[{"href":"https:\/\/andersadlercreutz.fi\/blog\/wp-json\/wp\/v2\/posts"}],"about":[{"href":"https:\/\/andersadlercreutz.fi\/blog\/wp-json\/wp\/v2\/types\/post"}],"author":[{"embeddable":true,"href":"https:\/\/andersadlercreutz.fi\/blog\/wp-json\/wp\/v2\/users\/1"}],"replies":[{"embeddable":true,"href":"https:\/\/andersadlercreutz.fi\/blog\/wp-json\/wp\/v2\/comments?post=6373"}],"version-history":[{"count":2,"href":"https:\/\/andersadlercreutz.fi\/blog\/wp-json\/wp\/v2\/posts\/6373\/revisions"}],"predecessor-version":[{"id":6377,"href":"https:\/\/andersadlercreutz.fi\/blog\/wp-json\/wp\/v2\/posts\/6373\/revisions\/6377"}],"wp:featuredmedia":[{"embeddable":true,"href":"https:\/\/andersadlercreutz.fi\/blog\/wp-json\/wp\/v2\/media\/3864"}],"wp:attachment":[{"href":"https:\/\/andersadlercreutz.fi\/blog\/wp-json\/wp\/v2\/media?parent=6373"}],"wp:term":[{"taxonomy":"category","embeddable":true,"href":"https:\/\/andersadlercreutz.fi\/blog\/wp-json\/wp\/v2\/categories?post=6373"},{"taxonomy":"post_tag","embeddable":true,"href":"https:\/\/andersadlercreutz.fi\/blog\/wp-json\/wp\/v2\/tags?post=6373"}],"curies":[{"name":"wp","href":"https:\/\/api.w.org\/{rel}","templated":true}]}}