{"id":6378,"date":"2020-04-06T12:23:23","date_gmt":"2020-04-06T09:23:23","guid":{"rendered":"http:\/\/andersadlercreutz.fi\/blog\/?p=6378"},"modified":"2020-04-06T12:23:23","modified_gmt":"2020-04-06T09:23:23","slug":"adlercreutz-ett-kortsiktigt-forhastat-beslut","status":"publish","type":"post","link":"https:\/\/andersadlercreutz.fi\/blog\/pressmeddelande\/adlercreutz-ett-kortsiktigt-forhastat-beslut\/","title":{"rendered":"Adlercreutz: Ett kortsiktigt, f\u00f6rhastat beslut"},"content":{"rendered":"<p>Styrelsen f\u00f6r Helsingfors och Nylands sjukv\u00e5rdsdistrikt (HUS) har idag fattat beslut om att l\u00e4gga ner samjouren vid Raseborgs sjukhus. Svenska riksdagsgruppens ordf\u00f6rande <strong>Anders Adlercreutz<\/strong> \u00e4r best\u00f6rt \u00f6ver beslutet och anser att nedl\u00e4ggningen av samjouren \u00e4r f\u00f6rnuftsvidrig.<\/p>\n<p>\u2013 Med det h\u00e4r beslutet tar samjouren i Raseborg nu slut. Majoriteten av HUS styrelse valde att ignorera V\u00e4stnylands protestrop \u2013 b\u00e5de kommunernas och de \u00f6ver 10 000 medborgares som skrivit under uppropet f\u00f6r att bevara samjouren. Samjourens betydelse f\u00f6r hela regionen kan inte m\u00e4tas i kostnadskalkyler \u2013 nu f\u00f6rsvinner en grundl\u00e4ggande del av n\u00e4rservicen.<\/p>\n<p>Adlercreutz anser att beslutet \u00e4r f\u00f6rhastat ocks\u00e5 med tanke p\u00e5 den kommande social- och h\u00e4lsov\u00e5rdsreformen.<\/p>\n<p>\u2013 HUS styrelse valde att knyta det kommande landskapets ena hand bakom ryggen. Beslutet \u00e4r mycket beklagligt f\u00f6r hela regionen. Nu g\u00e4ller det f\u00f6r HUS att visa att man f\u00f6rst\u00e5r behoven i V\u00e4stnyland. Trots detta beslut m\u00e5ste Raseborgs sjukhus m\u00e5lmedvetet utvecklas utg\u00e5ende fr\u00e5n sina styrkor och befolkningens behov. Kunde det finnas m\u00f6jlighet att genom att betona vissa spetskompetenser st\u00e4rka sjukhuset som helhet?<\/p>\n<p>\u2013 Nu f\u00e5r det under inga omst\u00e4ndigheter bli diskussion om att jouren i \u00f6vrigt ifr\u00e5gas\u00e4tts. Raseborgs sjukhus \u00e4r och ska f\u00f6rbli ett sjukhus. F\u00f6r sjukhuset beh\u00f6vs.<\/p>\n","protected":false},"excerpt":{"rendered":"<p>Styrelsen f\u00f6r Helsingfors och Nylands sjukv\u00e5rdsdistrikt (HUS) har idag fattat beslut om att l\u00e4gga ner samjouren vid Raseborgs sjukhus. Svenska riksdagsgruppens ordf\u00f6rande Anders Adlercreutz \u00e4r best\u00f6rt \u00f6ver beslutet och anser att nedl\u00e4ggningen av samjouren \u00e4r f\u00f6rnuftsvidrig. \u2013 Med det h\u00e4r beslutet tar samjouren i Raseborg nu slut. Majoriteten av HUS styrelse valde att ignorera V\u00e4stnylands [&hellip;]<\/p>\n","protected":false},"author":1,"featured_media":5291,"comment_status":"open","ping_status":"open","sticky":false,"template":"","format":"standard","meta":{"jetpack_post_was_ever_published":false,"_jetpack_newsletter_access":"","jetpack_publicize_message":"","jetpack_is_tweetstorm":false,"jetpack_publicize_feature_enabled":true,"jetpack_social_post_already_shared":true,"jetpack_social_options":{"image_generator_settings":{"template":"highway","enabled":false}}},"categories":[72,74],"tags":[],"jetpack_publicize_connections":[],"yoast_head":"<!-- This site is optimized with the Yoast SEO plugin v20.12 - https:\/\/yoast.com\/wordpress\/plugins\/seo\/ -->\n<title>Adlercreutz: Ett kortsiktigt, f\u00f6rhastat beslut - Anders Adlercreutz<\/title>\n<meta name=\"robots\" content=\"index, follow, max-snippet:-1, max-image-preview:large, max-video-preview:-1\" \/>\n<link rel=\"canonical\" href=\"https:\/\/andersadlercreutz.fi\/blog\/pressmeddelande\/adlercreutz-ett-kortsiktigt-forhastat-beslut\/\" \/>\n<meta property=\"og:locale\" content=\"sv_SE\" \/>\n<meta property=\"og:type\" content=\"article\" \/>\n<meta property=\"og:title\" content=\"Adlercreutz: Ett kortsiktigt, f\u00f6rhastat beslut - Anders Adlercreutz\" \/>\n<meta property=\"og:description\" content=\"Styrelsen f\u00f6r Helsingfors och Nylands sjukv\u00e5rdsdistrikt (HUS) har idag fattat beslut om att l\u00e4gga ner samjouren vid Raseborgs sjukhus. Svenska riksdagsgruppens ordf\u00f6rande Anders Adlercreutz \u00e4r best\u00f6rt \u00f6ver beslutet och anser att nedl\u00e4ggningen av samjouren \u00e4r f\u00f6rnuftsvidrig. \u2013 Med det h\u00e4r beslutet tar samjouren i Raseborg nu slut. Majoriteten av HUS styrelse valde att ignorera V\u00e4stnylands [&hellip;]\" \/>\n<meta property=\"og:url\" content=\"https:\/\/andersadlercreutz.fi\/blog\/pressmeddelande\/adlercreutz-ett-kortsiktigt-forhastat-beslut\/\" \/>\n<meta property=\"og:site_name\" content=\"Anders Adlercreutz\" \/>\n<meta property=\"article:published_time\" content=\"2020-04-06T09:23:23+00:00\" \/>\n<meta property=\"og:image\" content=\"https:\/\/i0.wp.com\/andersadlercreutz.fi\/blog\/wp-content\/uploads\/2019\/01\/Anders-h\u00e4sten-2018-1400.jpg?fit=1040%2C401&ssl=1\" \/>\n\t<meta property=\"og:image:width\" content=\"1040\" \/>\n\t<meta property=\"og:image:height\" content=\"401\" \/>\n\t<meta property=\"og:image:type\" content=\"image\/jpeg\" \/>\n<meta name=\"author\" content=\"Anders\" \/>\n<meta name=\"twitter:card\" content=\"summary_large_image\" \/>\n<meta name=\"twitter:label1\" content=\"Skriven av\" \/>\n\t<meta name=\"twitter:data1\" content=\"Anders\" \/>\n\t<meta name=\"twitter:label2\" content=\"Ber\u00e4knad l\u00e4stid\" \/>\n\t<meta name=\"twitter:data2\" content=\"1 minut\" \/>\n<script type=\"application\/ld+json\" class=\"yoast-schema-graph\">{\"@context\":\"https:\/\/schema.org\",\"@graph\":[{\"@type\":\"WebPage\",\"@id\":\"https:\/\/andersadlercreutz.fi\/blog\/pressmeddelande\/adlercreutz-ett-kortsiktigt-forhastat-beslut\/\",\"url\":\"https:\/\/andersadlercreutz.fi\/blog\/pressmeddelande\/adlercreutz-ett-kortsiktigt-forhastat-beslut\/\",\"name\":\"Adlercreutz: Ett kortsiktigt, f\u00f6rhastat beslut - Anders Adlercreutz\",\"isPartOf\":{\"@id\":\"https:\/\/andersadlercreutz.fi\/blog\/#website\"},\"datePublished\":\"2020-04-06T09:23:23+00:00\",\"dateModified\":\"2020-04-06T09:23:23+00:00\",\"author\":{\"@id\":\"https:\/\/andersadlercreutz.fi\/blog\/#\/schema\/person\/47d4b72eded862b484f74bb4b3a2354f\"},\"breadcrumb\":{\"@id\":\"https:\/\/andersadlercreutz.fi\/blog\/pressmeddelande\/adlercreutz-ett-kortsiktigt-forhastat-beslut\/#breadcrumb\"},\"inLanguage\":\"sv-SE\",\"potentialAction\":[{\"@type\":\"ReadAction\",\"target\":[\"https:\/\/andersadlercreutz.fi\/blog\/pressmeddelande\/adlercreutz-ett-kortsiktigt-forhastat-beslut\/\"]}]},{\"@type\":\"BreadcrumbList\",\"@id\":\"https:\/\/andersadlercreutz.fi\/blog\/pressmeddelande\/adlercreutz-ett-kortsiktigt-forhastat-beslut\/#breadcrumb\",\"itemListElement\":[{\"@type\":\"ListItem\",\"position\":1,\"name\":\"Home\",\"item\":\"https:\/\/andersadlercreutz.fi\/blog\/blogg\/?lang=sv\"},{\"@type\":\"ListItem\",\"position\":2,\"name\":\"Adlercreutz: Ett kortsiktigt, f\u00f6rhastat beslut\"}]},{\"@type\":\"WebSite\",\"@id\":\"https:\/\/andersadlercreutz.fi\/blog\/#website\",\"url\":\"https:\/\/andersadlercreutz.fi\/blog\/\",\"name\":\"Anders Adlercreutz\",\"description\":\"Du. Jag. Vi. Kest&auml;v&auml;sti optimisti\",\"potentialAction\":[{\"@type\":\"SearchAction\",\"target\":{\"@type\":\"EntryPoint\",\"urlTemplate\":\"https:\/\/andersadlercreutz.fi\/blog\/?s={search_term_string}\"},\"query-input\":\"required name=search_term_string\"}],\"inLanguage\":\"sv-SE\"},{\"@type\":\"Person\",\"@id\":\"https:\/\/andersadlercreutz.fi\/blog\/#\/schema\/person\/47d4b72eded862b484f74bb4b3a2354f\",\"name\":\"Anders\",\"image\":{\"@type\":\"ImageObject\",\"inLanguage\":\"sv-SE\",\"@id\":\"https:\/\/andersadlercreutz.fi\/blog\/#\/schema\/person\/image\/\",\"url\":\"https:\/\/secure.gravatar.com\/avatar\/a144c9bda7a581ff6fabba169027e620?s=96&d=mm&r=g\",\"contentUrl\":\"https:\/\/secure.gravatar.com\/avatar\/a144c9bda7a581ff6fabba169027e620?s=96&d=mm&r=g\",\"caption\":\"Anders\"},\"url\":\"https:\/\/andersadlercreutz.fi\/blog\/author\/admin\/\"}]}<\/script>\n<!-- \/ Yoast SEO plugin. -->","yoast_head_json":{"title":"Adlercreutz: Ett kortsiktigt, f\u00f6rhastat beslut - Anders Adlercreutz","robots":{"index":"index","follow":"follow","max-snippet":"max-snippet:-1","max-image-preview":"max-image-preview:large","max-video-preview":"max-video-preview:-1"},"canonical":"https:\/\/andersadlercreutz.fi\/blog\/pressmeddelande\/adlercreutz-ett-kortsiktigt-forhastat-beslut\/","og_locale":"sv_SE","og_type":"article","og_title":"Adlercreutz: Ett kortsiktigt, f\u00f6rhastat beslut - Anders Adlercreutz","og_description":"Styrelsen f\u00f6r Helsingfors och Nylands sjukv\u00e5rdsdistrikt (HUS) har idag fattat beslut om att l\u00e4gga ner samjouren vid Raseborgs sjukhus. Svenska riksdagsgruppens ordf\u00f6rande Anders Adlercreutz \u00e4r best\u00f6rt \u00f6ver beslutet och anser att nedl\u00e4ggningen av samjouren \u00e4r f\u00f6rnuftsvidrig. \u2013 Med det h\u00e4r beslutet tar samjouren i Raseborg nu slut. Majoriteten av HUS styrelse valde att ignorera V\u00e4stnylands [&hellip;]","og_url":"https:\/\/andersadlercreutz.fi\/blog\/pressmeddelande\/adlercreutz-ett-kortsiktigt-forhastat-beslut\/","og_site_name":"Anders Adlercreutz","article_published_time":"2020-04-06T09:23:23+00:00","og_image":[{"width":1040,"height":401,"url":"https:\/\/i0.wp.com\/andersadlercreutz.fi\/blog\/wp-content\/uploads\/2019\/01\/Anders-h\u00e4sten-2018-1400.jpg?fit=1040%2C401&ssl=1","type":"image\/jpeg"}],"author":"Anders","twitter_card":"summary_large_image","twitter_misc":{"Skriven av":"Anders","Ber\u00e4knad l\u00e4stid":"1 minut"},"schema":{"@context":"https:\/\/schema.org","@graph":[{"@type":"WebPage","@id":"https:\/\/andersadlercreutz.fi\/blog\/pressmeddelande\/adlercreutz-ett-kortsiktigt-forhastat-beslut\/","url":"https:\/\/andersadlercreutz.fi\/blog\/pressmeddelande\/adlercreutz-ett-kortsiktigt-forhastat-beslut\/","name":"Adlercreutz: Ett kortsiktigt, f\u00f6rhastat beslut - Anders Adlercreutz","isPartOf":{"@id":"https:\/\/andersadlercreutz.fi\/blog\/#website"},"datePublished":"2020-04-06T09:23:23+00:00","dateModified":"2020-04-06T09:23:23+00:00","author":{"@id":"https:\/\/andersadlercreutz.fi\/blog\/#\/schema\/person\/47d4b72eded862b484f74bb4b3a2354f"},"breadcrumb":{"@id":"https:\/\/andersadlercreutz.fi\/blog\/pressmeddelande\/adlercreutz-ett-kortsiktigt-forhastat-beslut\/#breadcrumb"},"inLanguage":"sv-SE","potentialAction":[{"@type":"ReadAction","target":["https:\/\/andersadlercreutz.fi\/blog\/pressmeddelande\/adlercreutz-ett-kortsiktigt-forhastat-beslut\/"]}]},{"@type":"BreadcrumbList","@id":"https:\/\/andersadlercreutz.fi\/blog\/pressmeddelande\/adlercreutz-ett-kortsiktigt-forhastat-beslut\/#breadcrumb","itemListElement":[{"@type":"ListItem","position":1,"name":"Home","item":"https:\/\/andersadlercreutz.fi\/blog\/blogg\/?lang=sv"},{"@type":"ListItem","position":2,"name":"Adlercreutz: Ett kortsiktigt, f\u00f6rhastat beslut"}]},{"@type":"WebSite","@id":"https:\/\/andersadlercreutz.fi\/blog\/#website","url":"https:\/\/andersadlercreutz.fi\/blog\/","name":"Anders Adlercreutz","description":"Du. Jag. Vi. Kest&auml;v&auml;sti optimisti","potentialAction":[{"@type":"SearchAction","target":{"@type":"EntryPoint","urlTemplate":"https:\/\/andersadlercreutz.fi\/blog\/?s={search_term_string}"},"query-input":"required name=search_term_string"}],"inLanguage":"sv-SE"},{"@type":"Person","@id":"https:\/\/andersadlercreutz.fi\/blog\/#\/schema\/person\/47d4b72eded862b484f74bb4b3a2354f","name":"Anders","image":{"@type":"ImageObject","inLanguage":"sv-SE","@id":"https:\/\/andersadlercreutz.fi\/blog\/#\/schema\/person\/image\/","url":"https:\/\/secure.gravatar.com\/avatar\/a144c9bda7a581ff6fabba169027e620?s=96&d=mm&r=g","contentUrl":"https:\/\/secure.gravatar.com\/avatar\/a144c9bda7a581ff6fabba169027e620?s=96&d=mm&r=g","caption":"Anders"},"url":"https:\/\/andersadlercreutz.fi\/blog\/author\/admin\/"}]}},"jetpack_featured_media_url":"https:\/\/i0.wp.com\/andersadlercreutz.fi\/blog\/wp-content\/uploads\/2019\/01\/Anders-h\u00e4sten-2018-1400.jpg?fit=1040%2C401&ssl=1","jetpack_shortlink":"https:\/\/wp.me\/p4T6Dh-1ES","jetpack_sharing_enabled":true,"_links":{"self":[{"href":"https:\/\/andersadlercreutz.fi\/blog\/wp-json\/wp\/v2\/posts\/6378"}],"collection":[{"href":"https:\/\/andersadlercreutz.fi\/blog\/wp-json\/wp\/v2\/posts"}],"about":[{"href":"https:\/\/andersadlercreutz.fi\/blog\/wp-json\/wp\/v2\/types\/post"}],"author":[{"embeddable":true,"href":"https:\/\/andersadlercreutz.fi\/blog\/wp-json\/wp\/v2\/users\/1"}],"replies":[{"embeddable":true,"href":"https:\/\/andersadlercreutz.fi\/blog\/wp-json\/wp\/v2\/comments?post=6378"}],"version-history":[{"count":1,"href":"https:\/\/andersadlercreutz.fi\/blog\/wp-json\/wp\/v2\/posts\/6378\/revisions"}],"predecessor-version":[{"id":6379,"href":"https:\/\/andersadlercreutz.fi\/blog\/wp-json\/wp\/v2\/posts\/6378\/revisions\/6379"}],"wp:featuredmedia":[{"embeddable":true,"href":"https:\/\/andersadlercreutz.fi\/blog\/wp-json\/wp\/v2\/media\/5291"}],"wp:attachment":[{"href":"https:\/\/andersadlercreutz.fi\/blog\/wp-json\/wp\/v2\/media?parent=6378"}],"wp:term":[{"taxonomy":"category","embeddable":true,"href":"https:\/\/andersadlercreutz.fi\/blog\/wp-json\/wp\/v2\/categories?post=6378"},{"taxonomy":"post_tag","embeddable":true,"href":"https:\/\/andersadlercreutz.fi\/blog\/wp-json\/wp\/v2\/tags?post=6378"}],"curies":[{"name":"wp","href":"https:\/\/api.w.org\/{rel}","templated":true}]}}